{"id":837,"date":"2010-03-27T10:50:32","date_gmt":"2010-03-27T07:50:32","guid":{"rendered":"http:\/\/icahd.fi\/?p=837"},"modified":"2010-03-27T10:50:32","modified_gmt":"2010-03-27T07:50:32","slug":"netanyahu-vakuuttelee-israelilaisyleisoa-siita-ettei-hanen-oikeistolaisen-hallituskoalitionsa-aarioikeistosiipi-etenkin-yisrael-beitenu-ja-shas-ole-lainkaan-ainoa-taho-joka-ajaa-jo-itsessaan-laitt","status":"publish","type":"post","link":"https:\/\/www.icahd.fi\/en\/netanyahu-vakuuttelee-israelilaisyleisoa-siita-ettei-hanen-oikeistolaisen-hallituskoalitionsa-aarioikeistosiipi-etenkin-yisrael-beitenu-ja-shas-ole-lainkaan-ainoa-taho-joka-ajaa-jo-itsessaan-laitt\/","title":{"rendered":"Netanyahu vakuuttelee israelilaisyleis\u00f6\u00e4 siit\u00e4, ettei h\u00e4nen oikeistolaisen hallituskoalitionsa \u00e4\u00e4rioikeistosiipi (etenkin Yisrael Beitenu ja Shas) ole lainkaan ainoa taho, joka ajaa jo itsess\u00e4\u00e4n laittomien siirtokuntien laitonta laajentamista. &#8221;I do not need coalition partners to pressure me into continuing to build in Jerusalem,&#8221; he said. &#8221;I, myself, plan to continue building in Jerusalem as all previous prime ministers did before me.&#8221;"},"content":{"rendered":"<table border=\"0\" cellspacing=\"0\" cellpadding=\"0\">\n<tbody>\n<tr>\n<td colspan=\"2\" valign=\"top\"><em>Netanyahu: I&#8217;m not  building in Jerusalem for Lieberman and Yishai <\/em>(Haaretz 27-03-2010)<\/p>\n<p><!--more--><\/td>\n<\/tr>\n<tr>\n<td colspan=\"2\" valign=\"top\"><img decoding=\"async\" src=\"http:\/\/www.haaretz.com\/hasen\/images\/0.gif\" border=\"0\" alt=\"\" width=\"10\" height=\"3\" \/><\/td>\n<\/tr>\n<tr>\n<td colspan=\"2\" valign=\"top\">By Yossi Verter, <a href=\"mailto:barakravid80@gmail.com\">Barak Ravid<\/a> and <a href=\"mailto:mozgovaya@gmail.com\">Natasha Mozgovaya<\/a> Haaretz Correspondents, Haaretz  Service and Reuters<\/td>\n<\/tr>\n<tr>\n<td colspan=\"2\" valign=\"top\"><img decoding=\"async\" src=\"http:\/\/www.haaretz.com\/hasen\/images\/0.gif\" border=\"0\" alt=\"\" width=\"10\" height=\"5\" \/><\/td>\n<\/tr>\n<tr>\n<td colspan=\"2\" height=\"1\"><\/td>\n<\/tr>\n<tr>\n<td colspan=\"2\" height=\"15\"><\/td>\n<\/tr>\n<tr>\n<td colspan=\"2\"><\/td>\n<\/tr>\n<tr>\n<td height=\"5\"><\/td>\n<\/tr>\n<tr>\n<td colspan=\"2\" height=\"1\"><\/td>\n<\/tr>\n<tr>\n<td>Prime Minister Benjamin Netanyahu on Friday said that he is  building in Jerusalem on his own accord and not because coalition  partners are pressuring him to do so, senior officials told Haaretz.<br \/>\nIn closed talks, Netanyahu clarified that he has no intention of  breaking up his rightwing coalition to form a more moderate centrist  alliance, despite continuing pressure from the United States for a  compromise over Israeli building in east Jerusalem.<br \/>\n&#8221;I do not need coalition partners to pressure me into continuing to  build in Jerusalem,&#8221; he said. &#8221;I, myself, plan to continue building in  Jerusalem as all previous prime ministers did before me.&#8221;<\/p>\n<table style=\"height: 20px;\" border=\"0\" cellspacing=\"0\" cellpadding=\"0\" width=\"96\" align=\"right\">\n<tbody>\n<tr>\n<td rowspan=\"2\"><img decoding=\"async\" src=\"http:\/\/www.haaretz.com\/hasen\/images\/0.gif\" border=\"0\" alt=\"\" width=\"3\" height=\"10\" \/><\/td>\n<td><\/td>\n<\/tr>\n<tr>\n<td align=\"right\"><\/td>\n<\/tr>\n<\/tbody>\n<\/table>\n<p>Netanyahu added: &#8221;I am not building in Jerusalem just because  [Foreign Minister Avigdor] Lieberman or [Interior Minister Eli] Yishai  are pressuring me to do so.&#8221;<br \/>\nThe prime minister has faced repeated demands from his hardline  partners in government to refuse any compromise on Jewish building in  all parts of the city.<br \/>\nA few hours before meeting the prime minister on Friday afternoon to  hear his plans for a compromise to restore the United States&#8217; trust,  senior cabinet ministers received representations from pro-settlement  politicians who urged them to refuse any further concessions to the  Palestinians.<br \/>\nThe &#8217;Eretz Yisrael Lobby&#8217;, a Knesset faction which supports  continued Jewish construction across the West Bank, petitioned four of  the &#8217;forum of seven&#8217; &#8211; Benny Begin, Moshe Yaalon, Avigdor Lieberman and  Eli Yishai &#8211; pressing the ministers to reject any new Palestinian  conditions for a return to peace talks.<br \/>\n&#8221;In the name of the lobby we call upon [the government] to oppose  any new gesture to the Palestinians as a condition for renewing talks,&#8221;  said the group, which counts on the support of dozens of rightwing  Knesset members, in a letter.<br \/>\n&#8221;We are confident and assured that if you stand by this position,  which you have supported in the past, the forum of seven will arrive at  the correct decisions.&#8221;<br \/>\nNetanyahu&#8217;s seven-member inner cabinet, which he consults on major  policy decisions, met on Friday to discuss &#8221;understandings&#8221; with the  U.S. reached during the prime minister&#8217;s weekend trip to Washington.<br \/>\nA spokesman for Netanyahu, Nir Hefetz, said earlier Friday that the  prime minister had reached a &#8221;series of understandings&#8221; on policy toward  Palestinians in talks with U.S. President Barack Obama.<br \/>\n&#8221;The construction policy will not change, but Israel is prepared to  make additional steps in order to advance peace talks,&#8221; Hefetz said.<br \/>\nSoon after Hefetz made the comments, the government issued a  clarification, however: Any understanding with the U.S. did not mean  American backing for Israeli construction in east Jerusalem.<\/td>\n<\/tr>\n<tr>\n<td colspan=\"3\"><img loading=\"lazy\" decoding=\"async\" src=\"http:\/\/www.haaretz.com\/hasen\/images\/0.gif\" border=\"0\" alt=\"\" width=\"1\" height=\"10\" \/><\/td>\n<\/tr>\n<\/tbody>\n<\/table>\n","protected":false},"excerpt":{"rendered":"<p>Netanyahu: I&#8217;m not building in Jerusalem for Lieberman and Yishai (Haaretz 27-03-2010)<\/p>","protected":false},"author":9,"featured_media":0,"comment_status":"closed","ping_status":"closed","sticky":false,"template":"","format":"standard","meta":{"zakra_page_container_layout":"customizer","zakra_page_sidebar_layout":"customizer","zakra_remove_content_margin":false,"zakra_sidebar":"customizer","zakra_transparent_header":"customizer","zakra_logo":0,"zakra_main_header_style":"default","zakra_menu_item_color":"","zakra_menu_item_hover_color":"","zakra_menu_item_active_color":"","zakra_menu_active_style":"","zakra_page_header":true,"footnotes":""},"categories":[29],"tags":[],"class_list":["post-837","post","type-post","status-publish","format-standard","hentry","category-uutiset"],"yoast_head":"<!-- This site is optimized with the Yoast SEO plugin v27.5 - https:\/\/yoast.com\/product\/yoast-seo-wordpress\/ -->\n<title>Netanyahu vakuuttelee israelilaisyleis\u00f6\u00e4 siit\u00e4, ettei h\u00e4nen oikeistolaisen hallituskoalitionsa \u00e4\u00e4rioikeistosiipi (etenkin Yisrael Beitenu ja Shas) ole lainkaan ainoa taho, joka ajaa jo itsess\u00e4\u00e4n laittomien siirtokuntien laitonta laajentamista. &quot;I do not need coalition partners to pressure me into continuing to build in Jerusalem,&quot; he said. &quot;I, myself, plan to continue building in Jerusalem as all previous prime ministers did before me.&quot; - ICAHD Finland<\/title>\n<meta name=\"robots\" content=\"index, follow, max-snippet:-1, max-image-preview:large, max-video-preview:-1\" \/>\n<link rel=\"canonical\" href=\"https:\/\/www.icahd.fi\/en\/netanyahu-vakuuttelee-israelilaisyleisoa-siita-ettei-hanen-oikeistolaisen-hallituskoalitionsa-aarioikeistosiipi-etenkin-yisrael-beitenu-ja-shas-ole-lainkaan-ainoa-taho-joka-ajaa-jo-itsessaan-laitt\/\" \/>\n<meta property=\"og:locale\" content=\"en_GB\" \/>\n<meta property=\"og:type\" content=\"article\" \/>\n<meta property=\"og:title\" content=\"Netanyahu vakuuttelee israelilaisyleis\u00f6\u00e4 siit\u00e4, ettei h\u00e4nen oikeistolaisen hallituskoalitionsa \u00e4\u00e4rioikeistosiipi (etenkin Yisrael Beitenu ja Shas) ole lainkaan ainoa taho, joka ajaa jo itsess\u00e4\u00e4n laittomien siirtokuntien laitonta laajentamista. &quot;I do not need coalition partners to pressure me into continuing to build in Jerusalem,&quot; he said. &quot;I, myself, plan to continue building in Jerusalem as all previous prime ministers did before me.&quot; - ICAHD Finland\" \/>\n<meta property=\"og:description\" content=\"Netanyahu: I&#8217;m not building in Jerusalem for Lieberman and Yishai (Haaretz 27-03-2010)\" \/>\n<meta property=\"og:url\" content=\"https:\/\/www.icahd.fi\/en\/netanyahu-vakuuttelee-israelilaisyleisoa-siita-ettei-hanen-oikeistolaisen-hallituskoalitionsa-aarioikeistosiipi-etenkin-yisrael-beitenu-ja-shas-ole-lainkaan-ainoa-taho-joka-ajaa-jo-itsessaan-laitt\/\" \/>\n<meta property=\"og:site_name\" content=\"ICAHD Finland\" \/>\n<meta property=\"article:publisher\" content=\"https:\/\/www.facebook.com\/icahdfinland\" \/>\n<meta property=\"article:published_time\" content=\"2010-03-27T07:50:32+00:00\" \/>\n<meta property=\"og:image\" content=\"http:\/\/www.haaretz.com\/hasen\/images\/0.gif\" \/>\n<meta name=\"author\" content=\"Syksy\" \/>\n<meta name=\"twitter:card\" content=\"summary_large_image\" \/>\n<meta name=\"twitter:creator\" content=\"@icahdfinland\" \/>\n<meta name=\"twitter:site\" content=\"@icahdfinland\" \/>\n<meta name=\"twitter:label1\" content=\"Written by\" \/>\n\t<meta name=\"twitter:data1\" content=\"Syksy\" \/>\n\t<meta name=\"twitter:label2\" content=\"Estimated reading time\" \/>\n\t<meta name=\"twitter:data2\" content=\"2 minutes\" \/>\n<script type=\"application\/ld+json\" class=\"yoast-schema-graph\">{\"@context\":\"https:\\\/\\\/schema.org\",\"@graph\":[{\"@type\":\"Article\",\"@id\":\"https:\\\/\\\/www.icahd.fi\\\/en\\\/netanyahu-vakuuttelee-israelilaisyleisoa-siita-ettei-hanen-oikeistolaisen-hallituskoalitionsa-aarioikeistosiipi-etenkin-yisrael-beitenu-ja-shas-ole-lainkaan-ainoa-taho-joka-ajaa-jo-itsessaan-laitt\\\/#article\",\"isPartOf\":{\"@id\":\"https:\\\/\\\/www.icahd.fi\\\/en\\\/netanyahu-vakuuttelee-israelilaisyleisoa-siita-ettei-hanen-oikeistolaisen-hallituskoalitionsa-aarioikeistosiipi-etenkin-yisrael-beitenu-ja-shas-ole-lainkaan-ainoa-taho-joka-ajaa-jo-itsessaan-laitt\\\/\"},\"author\":{\"name\":\"Syksy\",\"@id\":\"https:\\\/\\\/www.icahd.fi\\\/#\\\/schema\\\/person\\\/1c69d30d135114d7a3a5d5454cf901f8\"},\"headline\":\"Netanyahu vakuuttelee israelilaisyleis\u00f6\u00e4 siit\u00e4, ettei h\u00e4nen oikeistolaisen hallituskoalitionsa \u00e4\u00e4rioikeistosiipi (etenkin Yisrael Beitenu ja Shas) ole lainkaan ainoa taho, joka ajaa jo itsess\u00e4\u00e4n laittomien siirtokuntien laitonta laajentamista. &#8221;I do not need coalition partners to pressure me into continuing to build in Jerusalem,&#8221; he said. &#8221;I, myself, plan to continue building in Jerusalem as all previous prime ministers did before me.&#8221;\",\"datePublished\":\"2010-03-27T07:50:32+00:00\",\"mainEntityOfPage\":{\"@id\":\"https:\\\/\\\/www.icahd.fi\\\/en\\\/netanyahu-vakuuttelee-israelilaisyleisoa-siita-ettei-hanen-oikeistolaisen-hallituskoalitionsa-aarioikeistosiipi-etenkin-yisrael-beitenu-ja-shas-ole-lainkaan-ainoa-taho-joka-ajaa-jo-itsessaan-laitt\\\/\"},\"wordCount\":521,\"publisher\":{\"@id\":\"https:\\\/\\\/www.icahd.fi\\\/#organization\"},\"image\":{\"@id\":\"https:\\\/\\\/www.icahd.fi\\\/en\\\/netanyahu-vakuuttelee-israelilaisyleisoa-siita-ettei-hanen-oikeistolaisen-hallituskoalitionsa-aarioikeistosiipi-etenkin-yisrael-beitenu-ja-shas-ole-lainkaan-ainoa-taho-joka-ajaa-jo-itsessaan-laitt\\\/#primaryimage\"},\"thumbnailUrl\":\"http:\\\/\\\/www.haaretz.com\\\/hasen\\\/images\\\/0.gif\",\"articleSection\":[\"Uutiset\"],\"inLanguage\":\"en-GB\"},{\"@type\":\"WebPage\",\"@id\":\"https:\\\/\\\/www.icahd.fi\\\/en\\\/netanyahu-vakuuttelee-israelilaisyleisoa-siita-ettei-hanen-oikeistolaisen-hallituskoalitionsa-aarioikeistosiipi-etenkin-yisrael-beitenu-ja-shas-ole-lainkaan-ainoa-taho-joka-ajaa-jo-itsessaan-laitt\\\/\",\"url\":\"https:\\\/\\\/www.icahd.fi\\\/en\\\/netanyahu-vakuuttelee-israelilaisyleisoa-siita-ettei-hanen-oikeistolaisen-hallituskoalitionsa-aarioikeistosiipi-etenkin-yisrael-beitenu-ja-shas-ole-lainkaan-ainoa-taho-joka-ajaa-jo-itsessaan-laitt\\\/\",\"name\":\"Netanyahu vakuuttelee israelilaisyleis\u00f6\u00e4 siit\u00e4, ettei h\u00e4nen oikeistolaisen hallituskoalitionsa \u00e4\u00e4rioikeistosiipi (etenkin Yisrael Beitenu ja Shas) ole lainkaan ainoa taho, joka ajaa jo itsess\u00e4\u00e4n laittomien siirtokuntien laitonta laajentamista. \\\"I do not need coalition partners to pressure me into continuing to build in Jerusalem,\\\" he said. \\\"I, myself, plan to continue building in Jerusalem as all previous prime ministers did before me.\\\" - ICAHD Finland\",\"isPartOf\":{\"@id\":\"https:\\\/\\\/www.icahd.fi\\\/#website\"},\"primaryImageOfPage\":{\"@id\":\"https:\\\/\\\/www.icahd.fi\\\/en\\\/netanyahu-vakuuttelee-israelilaisyleisoa-siita-ettei-hanen-oikeistolaisen-hallituskoalitionsa-aarioikeistosiipi-etenkin-yisrael-beitenu-ja-shas-ole-lainkaan-ainoa-taho-joka-ajaa-jo-itsessaan-laitt\\\/#primaryimage\"},\"image\":{\"@id\":\"https:\\\/\\\/www.icahd.fi\\\/en\\\/netanyahu-vakuuttelee-israelilaisyleisoa-siita-ettei-hanen-oikeistolaisen-hallituskoalitionsa-aarioikeistosiipi-etenkin-yisrael-beitenu-ja-shas-ole-lainkaan-ainoa-taho-joka-ajaa-jo-itsessaan-laitt\\\/#primaryimage\"},\"thumbnailUrl\":\"http:\\\/\\\/www.haaretz.com\\\/hasen\\\/images\\\/0.gif\",\"datePublished\":\"2010-03-27T07:50:32+00:00\",\"breadcrumb\":{\"@id\":\"https:\\\/\\\/www.icahd.fi\\\/en\\\/netanyahu-vakuuttelee-israelilaisyleisoa-siita-ettei-hanen-oikeistolaisen-hallituskoalitionsa-aarioikeistosiipi-etenkin-yisrael-beitenu-ja-shas-ole-lainkaan-ainoa-taho-joka-ajaa-jo-itsessaan-laitt\\\/#breadcrumb\"},\"inLanguage\":\"en-GB\",\"potentialAction\":[{\"@type\":\"ReadAction\",\"target\":[\"https:\\\/\\\/www.icahd.fi\\\/en\\\/netanyahu-vakuuttelee-israelilaisyleisoa-siita-ettei-hanen-oikeistolaisen-hallituskoalitionsa-aarioikeistosiipi-etenkin-yisrael-beitenu-ja-shas-ole-lainkaan-ainoa-taho-joka-ajaa-jo-itsessaan-laitt\\\/\"]}]},{\"@type\":\"ImageObject\",\"inLanguage\":\"en-GB\",\"@id\":\"https:\\\/\\\/www.icahd.fi\\\/en\\\/netanyahu-vakuuttelee-israelilaisyleisoa-siita-ettei-hanen-oikeistolaisen-hallituskoalitionsa-aarioikeistosiipi-etenkin-yisrael-beitenu-ja-shas-ole-lainkaan-ainoa-taho-joka-ajaa-jo-itsessaan-laitt\\\/#primaryimage\",\"url\":\"http:\\\/\\\/www.haaretz.com\\\/hasen\\\/images\\\/0.gif\",\"contentUrl\":\"http:\\\/\\\/www.haaretz.com\\\/hasen\\\/images\\\/0.gif\"},{\"@type\":\"BreadcrumbList\",\"@id\":\"https:\\\/\\\/www.icahd.fi\\\/en\\\/netanyahu-vakuuttelee-israelilaisyleisoa-siita-ettei-hanen-oikeistolaisen-hallituskoalitionsa-aarioikeistosiipi-etenkin-yisrael-beitenu-ja-shas-ole-lainkaan-ainoa-taho-joka-ajaa-jo-itsessaan-laitt\\\/#breadcrumb\",\"itemListElement\":[{\"@type\":\"ListItem\",\"position\":1,\"name\":\"Home\",\"item\":\"https:\\\/\\\/www.icahd.fi\\\/\"},{\"@type\":\"ListItem\",\"position\":2,\"name\":\"Netanyahu vakuuttelee israelilaisyleis\u00f6\u00e4 siit\u00e4, ettei h\u00e4nen oikeistolaisen hallituskoalitionsa \u00e4\u00e4rioikeistosiipi (etenkin Yisrael Beitenu ja Shas) ole lainkaan ainoa taho, joka ajaa jo itsess\u00e4\u00e4n laittomien siirtokuntien laitonta laajentamista. &#8220;I do not need coalition partners to pressure me into continuing to build in Jerusalem,&#8221; he said. &#8220;I, myself, plan to continue building in Jerusalem as all previous prime ministers did before me.&#8221;\"}]},{\"@type\":\"WebSite\",\"@id\":\"https:\\\/\\\/www.icahd.fi\\\/#website\",\"url\":\"https:\\\/\\\/www.icahd.fi\\\/\",\"name\":\"ICAHD Finland\",\"description\":\"Yht&auml;l&auml;isten oikeuksien puolesta, Israelin apartheidia vastaan\",\"publisher\":{\"@id\":\"https:\\\/\\\/www.icahd.fi\\\/#organization\"},\"potentialAction\":[{\"@type\":\"SearchAction\",\"target\":{\"@type\":\"EntryPoint\",\"urlTemplate\":\"https:\\\/\\\/www.icahd.fi\\\/?s={search_term_string}\"},\"query-input\":{\"@type\":\"PropertyValueSpecification\",\"valueRequired\":true,\"valueName\":\"search_term_string\"}}],\"inLanguage\":\"en-GB\"},{\"@type\":\"Organization\",\"@id\":\"https:\\\/\\\/www.icahd.fi\\\/#organization\",\"name\":\"ICAHD Finland\",\"url\":\"https:\\\/\\\/www.icahd.fi\\\/\",\"logo\":{\"@type\":\"ImageObject\",\"inLanguage\":\"en-GB\",\"@id\":\"https:\\\/\\\/www.icahd.fi\\\/#\\\/schema\\\/logo\\\/image\\\/\",\"url\":\"https:\\\/\\\/www.icahd.fi\\\/wp-content\\\/uploads\\\/2020\\\/01\\\/logo-teksti.png\",\"contentUrl\":\"https:\\\/\\\/www.icahd.fi\\\/wp-content\\\/uploads\\\/2020\\\/01\\\/logo-teksti.png\",\"width\":300,\"height\":109,\"caption\":\"ICAHD Finland\"},\"image\":{\"@id\":\"https:\\\/\\\/www.icahd.fi\\\/#\\\/schema\\\/logo\\\/image\\\/\"},\"sameAs\":[\"https:\\\/\\\/www.facebook.com\\\/icahdfinland\",\"https:\\\/\\\/x.com\\\/icahdfinland\"]},{\"@type\":\"Person\",\"@id\":\"https:\\\/\\\/www.icahd.fi\\\/#\\\/schema\\\/person\\\/1c69d30d135114d7a3a5d5454cf901f8\",\"name\":\"Syksy\",\"image\":{\"@type\":\"ImageObject\",\"inLanguage\":\"en-GB\",\"@id\":\"https:\\\/\\\/secure.gravatar.com\\\/avatar\\\/c8d8a8636968d9ebbc65828564da9c07ccf771e59b4ee6c4c57fde52c70ab3dc?s=96&d=mm&r=g\",\"url\":\"https:\\\/\\\/secure.gravatar.com\\\/avatar\\\/c8d8a8636968d9ebbc65828564da9c07ccf771e59b4ee6c4c57fde52c70ab3dc?s=96&d=mm&r=g\",\"contentUrl\":\"https:\\\/\\\/secure.gravatar.com\\\/avatar\\\/c8d8a8636968d9ebbc65828564da9c07ccf771e59b4ee6c4c57fde52c70ab3dc?s=96&d=mm&r=g\",\"caption\":\"Syksy\"}}]}<\/script>\n<!-- \/ Yoast SEO plugin. -->","yoast_head_json":{"title":"Netanyahu vakuuttelee israelilaisyleis\u00f6\u00e4 siit\u00e4, ettei h\u00e4nen oikeistolaisen hallituskoalitionsa \u00e4\u00e4rioikeistosiipi (etenkin Yisrael Beitenu ja Shas) ole lainkaan ainoa taho, joka ajaa jo itsess\u00e4\u00e4n laittomien siirtokuntien laitonta laajentamista. \"I do not need coalition partners to pressure me into continuing to build in Jerusalem,\" he said. \"I, myself, plan to continue building in Jerusalem as all previous prime ministers did before me.\" - ICAHD Finland","robots":{"index":"index","follow":"follow","max-snippet":"max-snippet:-1","max-image-preview":"max-image-preview:large","max-video-preview":"max-video-preview:-1"},"canonical":"https:\/\/www.icahd.fi\/en\/netanyahu-vakuuttelee-israelilaisyleisoa-siita-ettei-hanen-oikeistolaisen-hallituskoalitionsa-aarioikeistosiipi-etenkin-yisrael-beitenu-ja-shas-ole-lainkaan-ainoa-taho-joka-ajaa-jo-itsessaan-laitt\/","og_locale":"en_GB","og_type":"article","og_title":"Netanyahu vakuuttelee israelilaisyleis\u00f6\u00e4 siit\u00e4, ettei h\u00e4nen oikeistolaisen hallituskoalitionsa \u00e4\u00e4rioikeistosiipi (etenkin Yisrael Beitenu ja Shas) ole lainkaan ainoa taho, joka ajaa jo itsess\u00e4\u00e4n laittomien siirtokuntien laitonta laajentamista. \"I do not need coalition partners to pressure me into continuing to build in Jerusalem,\" he said. \"I, myself, plan to continue building in Jerusalem as all previous prime ministers did before me.\" - ICAHD Finland","og_description":"Netanyahu: I&#8217;m not building in Jerusalem for Lieberman and Yishai (Haaretz 27-03-2010)","og_url":"https:\/\/www.icahd.fi\/en\/netanyahu-vakuuttelee-israelilaisyleisoa-siita-ettei-hanen-oikeistolaisen-hallituskoalitionsa-aarioikeistosiipi-etenkin-yisrael-beitenu-ja-shas-ole-lainkaan-ainoa-taho-joka-ajaa-jo-itsessaan-laitt\/","og_site_name":"ICAHD Finland","article_publisher":"https:\/\/www.facebook.com\/icahdfinland","article_published_time":"2010-03-27T07:50:32+00:00","og_image":[{"url":"http:\/\/www.haaretz.com\/hasen\/images\/0.gif","type":"","width":"","height":""}],"author":"Syksy","twitter_card":"summary_large_image","twitter_creator":"@icahdfinland","twitter_site":"@icahdfinland","twitter_misc":{"Written by":"Syksy","Estimated reading time":"2 minutes"},"schema":{"@context":"https:\/\/schema.org","@graph":[{"@type":"Article","@id":"https:\/\/www.icahd.fi\/en\/netanyahu-vakuuttelee-israelilaisyleisoa-siita-ettei-hanen-oikeistolaisen-hallituskoalitionsa-aarioikeistosiipi-etenkin-yisrael-beitenu-ja-shas-ole-lainkaan-ainoa-taho-joka-ajaa-jo-itsessaan-laitt\/#article","isPartOf":{"@id":"https:\/\/www.icahd.fi\/en\/netanyahu-vakuuttelee-israelilaisyleisoa-siita-ettei-hanen-oikeistolaisen-hallituskoalitionsa-aarioikeistosiipi-etenkin-yisrael-beitenu-ja-shas-ole-lainkaan-ainoa-taho-joka-ajaa-jo-itsessaan-laitt\/"},"author":{"name":"Syksy","@id":"https:\/\/www.icahd.fi\/#\/schema\/person\/1c69d30d135114d7a3a5d5454cf901f8"},"headline":"Netanyahu vakuuttelee israelilaisyleis\u00f6\u00e4 siit\u00e4, ettei h\u00e4nen oikeistolaisen hallituskoalitionsa \u00e4\u00e4rioikeistosiipi (etenkin Yisrael Beitenu ja Shas) ole lainkaan ainoa taho, joka ajaa jo itsess\u00e4\u00e4n laittomien siirtokuntien laitonta laajentamista. &#8221;I do not need coalition partners to pressure me into continuing to build in Jerusalem,&#8221; he said. &#8221;I, myself, plan to continue building in Jerusalem as all previous prime ministers did before me.&#8221;","datePublished":"2010-03-27T07:50:32+00:00","mainEntityOfPage":{"@id":"https:\/\/www.icahd.fi\/en\/netanyahu-vakuuttelee-israelilaisyleisoa-siita-ettei-hanen-oikeistolaisen-hallituskoalitionsa-aarioikeistosiipi-etenkin-yisrael-beitenu-ja-shas-ole-lainkaan-ainoa-taho-joka-ajaa-jo-itsessaan-laitt\/"},"wordCount":521,"publisher":{"@id":"https:\/\/www.icahd.fi\/#organization"},"image":{"@id":"https:\/\/www.icahd.fi\/en\/netanyahu-vakuuttelee-israelilaisyleisoa-siita-ettei-hanen-oikeistolaisen-hallituskoalitionsa-aarioikeistosiipi-etenkin-yisrael-beitenu-ja-shas-ole-lainkaan-ainoa-taho-joka-ajaa-jo-itsessaan-laitt\/#primaryimage"},"thumbnailUrl":"http:\/\/www.haaretz.com\/hasen\/images\/0.gif","articleSection":["Uutiset"],"inLanguage":"en-GB"},{"@type":"WebPage","@id":"https:\/\/www.icahd.fi\/en\/netanyahu-vakuuttelee-israelilaisyleisoa-siita-ettei-hanen-oikeistolaisen-hallituskoalitionsa-aarioikeistosiipi-etenkin-yisrael-beitenu-ja-shas-ole-lainkaan-ainoa-taho-joka-ajaa-jo-itsessaan-laitt\/","url":"https:\/\/www.icahd.fi\/en\/netanyahu-vakuuttelee-israelilaisyleisoa-siita-ettei-hanen-oikeistolaisen-hallituskoalitionsa-aarioikeistosiipi-etenkin-yisrael-beitenu-ja-shas-ole-lainkaan-ainoa-taho-joka-ajaa-jo-itsessaan-laitt\/","name":"Netanyahu vakuuttelee israelilaisyleis\u00f6\u00e4 siit\u00e4, ettei h\u00e4nen oikeistolaisen hallituskoalitionsa \u00e4\u00e4rioikeistosiipi (etenkin Yisrael Beitenu ja Shas) ole lainkaan ainoa taho, joka ajaa jo itsess\u00e4\u00e4n laittomien siirtokuntien laitonta laajentamista. \"I do not need coalition partners to pressure me into continuing to build in Jerusalem,\" he said. \"I, myself, plan to continue building in Jerusalem as all previous prime ministers did before me.\" - ICAHD Finland","isPartOf":{"@id":"https:\/\/www.icahd.fi\/#website"},"primaryImageOfPage":{"@id":"https:\/\/www.icahd.fi\/en\/netanyahu-vakuuttelee-israelilaisyleisoa-siita-ettei-hanen-oikeistolaisen-hallituskoalitionsa-aarioikeistosiipi-etenkin-yisrael-beitenu-ja-shas-ole-lainkaan-ainoa-taho-joka-ajaa-jo-itsessaan-laitt\/#primaryimage"},"image":{"@id":"https:\/\/www.icahd.fi\/en\/netanyahu-vakuuttelee-israelilaisyleisoa-siita-ettei-hanen-oikeistolaisen-hallituskoalitionsa-aarioikeistosiipi-etenkin-yisrael-beitenu-ja-shas-ole-lainkaan-ainoa-taho-joka-ajaa-jo-itsessaan-laitt\/#primaryimage"},"thumbnailUrl":"http:\/\/www.haaretz.com\/hasen\/images\/0.gif","datePublished":"2010-03-27T07:50:32+00:00","breadcrumb":{"@id":"https:\/\/www.icahd.fi\/en\/netanyahu-vakuuttelee-israelilaisyleisoa-siita-ettei-hanen-oikeistolaisen-hallituskoalitionsa-aarioikeistosiipi-etenkin-yisrael-beitenu-ja-shas-ole-lainkaan-ainoa-taho-joka-ajaa-jo-itsessaan-laitt\/#breadcrumb"},"inLanguage":"en-GB","potentialAction":[{"@type":"ReadAction","target":["https:\/\/www.icahd.fi\/en\/netanyahu-vakuuttelee-israelilaisyleisoa-siita-ettei-hanen-oikeistolaisen-hallituskoalitionsa-aarioikeistosiipi-etenkin-yisrael-beitenu-ja-shas-ole-lainkaan-ainoa-taho-joka-ajaa-jo-itsessaan-laitt\/"]}]},{"@type":"ImageObject","inLanguage":"en-GB","@id":"https:\/\/www.icahd.fi\/en\/netanyahu-vakuuttelee-israelilaisyleisoa-siita-ettei-hanen-oikeistolaisen-hallituskoalitionsa-aarioikeistosiipi-etenkin-yisrael-beitenu-ja-shas-ole-lainkaan-ainoa-taho-joka-ajaa-jo-itsessaan-laitt\/#primaryimage","url":"http:\/\/www.haaretz.com\/hasen\/images\/0.gif","contentUrl":"http:\/\/www.haaretz.com\/hasen\/images\/0.gif"},{"@type":"BreadcrumbList","@id":"https:\/\/www.icahd.fi\/en\/netanyahu-vakuuttelee-israelilaisyleisoa-siita-ettei-hanen-oikeistolaisen-hallituskoalitionsa-aarioikeistosiipi-etenkin-yisrael-beitenu-ja-shas-ole-lainkaan-ainoa-taho-joka-ajaa-jo-itsessaan-laitt\/#breadcrumb","itemListElement":[{"@type":"ListItem","position":1,"name":"Home","item":"https:\/\/www.icahd.fi\/"},{"@type":"ListItem","position":2,"name":"Netanyahu vakuuttelee israelilaisyleis\u00f6\u00e4 siit\u00e4, ettei h\u00e4nen oikeistolaisen hallituskoalitionsa \u00e4\u00e4rioikeistosiipi (etenkin Yisrael Beitenu ja Shas) ole lainkaan ainoa taho, joka ajaa jo itsess\u00e4\u00e4n laittomien siirtokuntien laitonta laajentamista. &#8220;I do not need coalition partners to pressure me into continuing to build in Jerusalem,&#8221; he said. &#8220;I, myself, plan to continue building in Jerusalem as all previous prime ministers did before me.&#8221;"}]},{"@type":"WebSite","@id":"https:\/\/www.icahd.fi\/#website","url":"https:\/\/www.icahd.fi\/","name":"In 2012, ICAHD Finland","description":"Yht&auml;l&auml;isten oikeuksien puolesta, Israelin apartheidia vastaan","publisher":{"@id":"https:\/\/www.icahd.fi\/#organization"},"potentialAction":[{"@type":"SearchAction","target":{"@type":"EntryPoint","urlTemplate":"https:\/\/www.icahd.fi\/?s={search_term_string}"},"query-input":{"@type":"PropertyValueSpecification","valueRequired":true,"valueName":"search_term_string"}}],"inLanguage":"en-GB"},{"@type":"Organization","@id":"https:\/\/www.icahd.fi\/#organization","name":"In 2012, ICAHD Finland","url":"https:\/\/www.icahd.fi\/","logo":{"@type":"ImageObject","inLanguage":"en-GB","@id":"https:\/\/www.icahd.fi\/#\/schema\/logo\/image\/","url":"https:\/\/www.icahd.fi\/wp-content\/uploads\/2020\/01\/logo-teksti.png","contentUrl":"https:\/\/www.icahd.fi\/wp-content\/uploads\/2020\/01\/logo-teksti.png","width":300,"height":109,"caption":"ICAHD Finland"},"image":{"@id":"https:\/\/www.icahd.fi\/#\/schema\/logo\/image\/"},"sameAs":["https:\/\/www.facebook.com\/icahdfinland","https:\/\/x.com\/icahdfinland"]},{"@type":"Person","@id":"https:\/\/www.icahd.fi\/#\/schema\/person\/1c69d30d135114d7a3a5d5454cf901f8","name":"Syksy","image":{"@type":"ImageObject","inLanguage":"en-GB","@id":"https:\/\/secure.gravatar.com\/avatar\/c8d8a8636968d9ebbc65828564da9c07ccf771e59b4ee6c4c57fde52c70ab3dc?s=96&d=mm&r=g","url":"https:\/\/secure.gravatar.com\/avatar\/c8d8a8636968d9ebbc65828564da9c07ccf771e59b4ee6c4c57fde52c70ab3dc?s=96&d=mm&r=g","contentUrl":"https:\/\/secure.gravatar.com\/avatar\/c8d8a8636968d9ebbc65828564da9c07ccf771e59b4ee6c4c57fde52c70ab3dc?s=96&d=mm&r=g","caption":"Syksy"}}]}},"acf":[],"_links":{"self":[{"href":"https:\/\/www.icahd.fi\/en\/wp-json\/wp\/v2\/posts\/837","targetHints":{"allow":["GET"]}}],"collection":[{"href":"https:\/\/www.icahd.fi\/en\/wp-json\/wp\/v2\/posts"}],"about":[{"href":"https:\/\/www.icahd.fi\/en\/wp-json\/wp\/v2\/types\/post"}],"author":[{"embeddable":true,"href":"https:\/\/www.icahd.fi\/en\/wp-json\/wp\/v2\/users\/9"}],"replies":[{"embeddable":true,"href":"https:\/\/www.icahd.fi\/en\/wp-json\/wp\/v2\/comments?post=837"}],"version-history":[{"count":0,"href":"https:\/\/www.icahd.fi\/en\/wp-json\/wp\/v2\/posts\/837\/revisions"}],"wp:attachment":[{"href":"https:\/\/www.icahd.fi\/en\/wp-json\/wp\/v2\/media?parent=837"}],"wp:term":[{"taxonomy":"category","embeddable":true,"href":"https:\/\/www.icahd.fi\/en\/wp-json\/wp\/v2\/categories?post=837"},{"taxonomy":"post_tag","embeddable":true,"href":"https:\/\/www.icahd.fi\/en\/wp-json\/wp\/v2\/tags?post=837"}],"curies":[{"name":"wp","href":"https:\/\/api.w.org\/{rel}","templated":true}]}}