{"id":822,"date":"2010-03-26T17:02:41","date_gmt":"2010-03-26T14:02:41","guid":{"rendered":"http:\/\/icahd.fi\/?p=822"},"modified":"2010-03-26T17:02:41","modified_gmt":"2010-03-26T14:02:41","slug":"israel-ottaa-vihdoin-vastuun-gazan-hyokkayksen-rikoksista-mm-1400-palestiinalaisen-kuolemasta-valkoisen-fosforin-ja-ihmiskilpien-kaytosta-gazan-kaistaleen-taloudellisen-kulttuurillisen-ja-pol","status":"publish","type":"post","link":"https:\/\/www.icahd.fi\/en\/israel-ottaa-vihdoin-vastuun-gazan-hyokkayksen-rikoksista-mm-1400-palestiinalaisen-kuolemasta-valkoisen-fosforin-ja-ihmiskilpien-kaytosta-gazan-kaistaleen-taloudellisen-kulttuurillisen-ja-pol\/","title":{"rendered":":: Israel ottaa vihdoin vastuun Gazan hy\u00f6kk\u00e4yksen rikoksista &#8211; mm. 1400 palestiinalaisen kuolemasta, valkoisen fosforin ja ihmiskilpien k\u00e4yt\u00f6st\u00e4, Gazan kaistaleen taloudellisen, kulttuurillisen ja poliittisen  infrastruktuurin tuhoamisesta, iskuista sairaaloihin ja YK:n kouluihin, kotien h\u00e4p\u00e4isemisest\u00e4 ja 50 000 kodittomasta lapsesta &#8211; ja  asettaa kaksi sotilastaan oikeuden eteen huonosta k\u00e4yt\u00f6ksest\u00e4."},"content":{"rendered":"<p><em>Israeli Military Tries Two Soldiers for Conduct During Gaza War<\/em> (The New York Times 24.3.2010)<\/p>\n<p><!--more--><\/p>\n<p><!-- Byline -->By <a title=\"See all posts by ROBERT MACKEY\" href=\"http:\/\/thelede.blogs.nytimes.com\/author\/robert-mackey\/\">ROBERT MACKEY<\/a><\/p>\n<p><!-- The Content --><\/p>\n<div>\n<div>\n<p><img decoding=\"async\" src=\"http:\/\/graphics8.nytimes.com\/images\/2010\/03\/24\/world\/middleeast\/24lede_gaza\/24lede_gaza-articleInline.jpg\" alt=\"A screen shot from the Web site of Ynet News shows the two Israeli reservists in court.\" \/><\/p>\n<p>Roee Idan\/Ynet A screen shot from the Web site of Ynet News shows the two Israeli reservists in court.<\/p>\n<\/div>\n<p><strong>Updated | Thursday | 7:53 a.m. <\/strong>As the Israeli newspaper Yediot Ahronoth\u2019s Web site <a href=\"http:\/\/www.ynetnews.com\/articles\/0,7340,L-3867539,00.html\">Ynet News reports<\/a>, Israel\u2019s military put two of its own soldiers on trial on Wednesday for allegedly forcing a 9-year-old Palestinian boy to open bags they suspected might contain explosives during a raid in Gaza last year.<\/p>\n<p>When the soldiers were charged earlier this month, my colleague <a href=\"http:\/\/www.nytimes.com\/2010\/03\/12\/world\/middleeast\/12israel.html\">Isabel Kershner reported<\/a> that the military said in a statement that, \u201csoldiers were strictly forbidden from making use of civilians for or during operational activity and specifically when it endangered the lives of the civilians.\u201d If they are convicted of all charges, the soldiers could face up to three years in jail.<\/p>\n<p>Ynet News explains that the Israeli military started its investigation of the two soldiers, who are both reservists, after it was contacted by the United Nations and the Israeli branch of <a href=\"http:\/\/www.defenceforchildren.org\/\">Defense for Children International<\/a>, a nongovernmental organization. The Israeli charity took testimony from the boy, identified as Majd R., last June.<\/p>\n<p>Earlier this month, Ynet News published <a href=\"http:\/\/www.ynetnews.com\/articles\/0,7340,L-3861676,00.html\">most of the child\u2019s testimony<\/a> and explained that, according to the indictment, the incident happened on Jan. 15, 2009, as members of the Israel Defense Forces swept into a residential neighborhood in Gaza City, during the Israeli offensive known as Operation Cast Lead. Ynet News reported:<\/p>\n<blockquote><p>The soldiers separated the men from the women and children and ordered the men to strip before leading them one by one outside the building. A soldier approached Majd, who was hiding behind his mother in fear \u2014 and motioned for him to step forward.<\/p><\/blockquote>\n<p>Here is what the boy said happened next:<\/p>\n<blockquote><p>I thought they would kill me. I became very scared and wet my pants. I could not shout or say anything because I was too afraid\u2026 He pushed me towards the small corridor in front of the bathrooms. He began shouting at me and speaking a language I did not understand\u2026 There were two bags in front of me. I grabbed the first one as he stood one and a half meters away. I opened the bag as he pointed his weapon directly at me. I emptied the bag on the floor. It contained money and papers. I looked at him and he was laughing. I grabbed the second bag to open it but I could not. I tried many times but it was useless, so he shouted at me. He grabbed my hair and slapped me very hard across the face.<\/p><\/blockquote>\n<p>The two soldiers were charged with overstepping their authority and \u201cconduct unbecoming.\u201d One of the defendants, identified as staff sergeant A. told Ynet News: \u201cI feel hurt and betrayed; they stabbed me in the back after what I gave to the country. The Army was looking for someone to blame for the whole world to see and chose soldiers who did nothing wrong.\u201d He added: \u201cI guess they don\u2019t understand who is for and who is against the country.\u201d<\/p>\n<p>Ynet reported that \u201cthe charges are considered light and do not carry a criminal record. The maximum penalty for overstepping authority is one year in prison.\u201d<\/p>\n<p>Al Jazeera English interviewed the boy, who is now 11, in Gaza this month. The Arab satellite network\u2019s report, embedded below, suggests that the boy is still suffering trauma as a result of the encounter:<\/p>\n<div class=\"zak-oembed-container\"><iframe title=\"Gaza &#039;human shield&#039; case in court\" width=\"812\" height=\"457\" src=\"https:\/\/www.youtube.com\/embed\/4Ywd60ICS_o?feature=oembed\" frameborder=\"0\" allow=\"accelerometer; autoplay; clipboard-write; encrypted-media; gyroscope; picture-in-picture\" allowfullscreen><\/iframe><\/div>\n<p><object classid=\"clsid:d27cdb6e-ae6d-11cf-96b8-444553540000\" width=\"480\" height=\"295\" codebase=\"http:\/\/download.macromedia.com\/pub\/shockwave\/cabs\/flash\/swflash.cab#version=6,0,40,0\"><param name=\"allowFullScreen\" value=\"true\" \/><param name=\"allowscriptaccess\" value=\"always\" \/><param name=\"src\" value=\"http:\/\/www.youtube.com\/v\/4Ywd60ICS_o&amp;hl=en_US&amp;fs=1&amp;\" \/><param name=\"allowfullscreen\" value=\"true\" \/><embed type=\"application\/x-shockwave-flash\" width=\"480\" height=\"295\" src=\"http:\/\/www.youtube.com\/v\/4Ywd60ICS_o&amp;hl=en_US&amp;fs=1&amp;\" allowscriptaccess=\"always\" allowfullscreen=\"true\"><\/embed><\/object><\/p>\n<\/div>","protected":false},"excerpt":{"rendered":"<p>Israeli Military Tries Two Soldiers for Conduct During Gaza War (The New York Times 24.3.2010)<\/p>","protected":false},"author":9,"featured_media":0,"comment_status":"closed","ping_status":"closed","sticky":false,"template":"","format":"standard","meta":{"zakra_page_container_layout":"customizer","zakra_page_sidebar_layout":"customizer","zakra_remove_content_margin":false,"zakra_sidebar":"customizer","zakra_transparent_header":"customizer","zakra_logo":0,"zakra_main_header_style":"default","zakra_menu_item_color":"","zakra_menu_item_hover_color":"","zakra_menu_item_active_color":"","zakra_menu_active_style":"","zakra_page_header":true,"footnotes":""},"categories":[29],"tags":[],"class_list":["post-822","post","type-post","status-publish","format-standard","hentry","category-uutiset"],"yoast_head":"<!-- This site is optimized with the Yoast SEO plugin v27.5 - https:\/\/yoast.com\/product\/yoast-seo-wordpress\/ -->\n<title>:: Israel ottaa vihdoin vastuun Gazan hy\u00f6kk\u00e4yksen rikoksista - mm. 1400 palestiinalaisen kuolemasta, valkoisen fosforin ja ihmiskilpien k\u00e4yt\u00f6st\u00e4, Gazan kaistaleen taloudellisen, kulttuurillisen ja poliittisen infrastruktuurin tuhoamisesta, iskuista sairaaloihin ja YK:n kouluihin, kotien h\u00e4p\u00e4isemisest\u00e4 ja 50 000 kodittomasta lapsesta - ja asettaa kaksi sotilastaan oikeuden eteen huonosta k\u00e4yt\u00f6ksest\u00e4. - ICAHD Finland<\/title>\n<meta name=\"robots\" content=\"index, follow, max-snippet:-1, max-image-preview:large, max-video-preview:-1\" \/>\n<link rel=\"canonical\" href=\"https:\/\/www.icahd.fi\/en\/israel-ottaa-vihdoin-vastuun-gazan-hyokkayksen-rikoksista-mm-1400-palestiinalaisen-kuolemasta-valkoisen-fosforin-ja-ihmiskilpien-kaytosta-gazan-kaistaleen-taloudellisen-kulttuurillisen-ja-pol\/\" \/>\n<meta property=\"og:locale\" content=\"en_GB\" \/>\n<meta property=\"og:type\" content=\"article\" \/>\n<meta property=\"og:title\" content=\":: Israel ottaa vihdoin vastuun Gazan hy\u00f6kk\u00e4yksen rikoksista - mm. 1400 palestiinalaisen kuolemasta, valkoisen fosforin ja ihmiskilpien k\u00e4yt\u00f6st\u00e4, Gazan kaistaleen taloudellisen, kulttuurillisen ja poliittisen infrastruktuurin tuhoamisesta, iskuista sairaaloihin ja YK:n kouluihin, kotien h\u00e4p\u00e4isemisest\u00e4 ja 50 000 kodittomasta lapsesta - ja asettaa kaksi sotilastaan oikeuden eteen huonosta k\u00e4yt\u00f6ksest\u00e4. - ICAHD Finland\" \/>\n<meta property=\"og:description\" content=\"Israeli Military Tries Two Soldiers for Conduct During Gaza War (The New York Times 24.3.2010)\" \/>\n<meta property=\"og:url\" content=\"https:\/\/www.icahd.fi\/en\/israel-ottaa-vihdoin-vastuun-gazan-hyokkayksen-rikoksista-mm-1400-palestiinalaisen-kuolemasta-valkoisen-fosforin-ja-ihmiskilpien-kaytosta-gazan-kaistaleen-taloudellisen-kulttuurillisen-ja-pol\/\" \/>\n<meta property=\"og:site_name\" content=\"ICAHD Finland\" \/>\n<meta property=\"article:publisher\" content=\"https:\/\/www.facebook.com\/icahdfinland\" \/>\n<meta property=\"article:published_time\" content=\"2010-03-26T14:02:41+00:00\" \/>\n<meta property=\"og:image\" content=\"http:\/\/graphics8.nytimes.com\/images\/2010\/03\/24\/world\/middleeast\/24lede_gaza\/24lede_gaza-articleInline.jpg\" \/>\n<meta name=\"author\" content=\"Syksy\" \/>\n<meta name=\"twitter:card\" content=\"summary_large_image\" \/>\n<meta name=\"twitter:creator\" content=\"@icahdfinland\" \/>\n<meta name=\"twitter:site\" content=\"@icahdfinland\" \/>\n<meta name=\"twitter:label1\" content=\"Written by\" \/>\n\t<meta name=\"twitter:data1\" content=\"Syksy\" \/>\n\t<meta name=\"twitter:label2\" content=\"Estimated reading time\" \/>\n\t<meta name=\"twitter:data2\" content=\"3 minutes\" \/>\n<script type=\"application\/ld+json\" class=\"yoast-schema-graph\">{\"@context\":\"https:\\\/\\\/schema.org\",\"@graph\":[{\"@type\":\"Article\",\"@id\":\"https:\\\/\\\/www.icahd.fi\\\/en\\\/israel-ottaa-vihdoin-vastuun-gazan-hyokkayksen-rikoksista-mm-1400-palestiinalaisen-kuolemasta-valkoisen-fosforin-ja-ihmiskilpien-kaytosta-gazan-kaistaleen-taloudellisen-kulttuurillisen-ja-pol\\\/#article\",\"isPartOf\":{\"@id\":\"https:\\\/\\\/www.icahd.fi\\\/en\\\/israel-ottaa-vihdoin-vastuun-gazan-hyokkayksen-rikoksista-mm-1400-palestiinalaisen-kuolemasta-valkoisen-fosforin-ja-ihmiskilpien-kaytosta-gazan-kaistaleen-taloudellisen-kulttuurillisen-ja-pol\\\/\"},\"author\":{\"name\":\"Syksy\",\"@id\":\"https:\\\/\\\/www.icahd.fi\\\/#\\\/schema\\\/person\\\/1c69d30d135114d7a3a5d5454cf901f8\"},\"headline\":\":: Israel ottaa vihdoin vastuun Gazan hy\u00f6kk\u00e4yksen rikoksista &#8211; mm. 1400 palestiinalaisen kuolemasta, valkoisen fosforin ja ihmiskilpien k\u00e4yt\u00f6st\u00e4, Gazan kaistaleen taloudellisen, kulttuurillisen ja poliittisen infrastruktuurin tuhoamisesta, iskuista sairaaloihin ja YK:n kouluihin, kotien h\u00e4p\u00e4isemisest\u00e4 ja 50 000 kodittomasta lapsesta &#8211; ja asettaa kaksi sotilastaan oikeuden eteen huonosta k\u00e4yt\u00f6ksest\u00e4.\",\"datePublished\":\"2010-03-26T14:02:41+00:00\",\"mainEntityOfPage\":{\"@id\":\"https:\\\/\\\/www.icahd.fi\\\/en\\\/israel-ottaa-vihdoin-vastuun-gazan-hyokkayksen-rikoksista-mm-1400-palestiinalaisen-kuolemasta-valkoisen-fosforin-ja-ihmiskilpien-kaytosta-gazan-kaistaleen-taloudellisen-kulttuurillisen-ja-pol\\\/\"},\"wordCount\":653,\"publisher\":{\"@id\":\"https:\\\/\\\/www.icahd.fi\\\/#organization\"},\"image\":{\"@id\":\"https:\\\/\\\/www.icahd.fi\\\/en\\\/israel-ottaa-vihdoin-vastuun-gazan-hyokkayksen-rikoksista-mm-1400-palestiinalaisen-kuolemasta-valkoisen-fosforin-ja-ihmiskilpien-kaytosta-gazan-kaistaleen-taloudellisen-kulttuurillisen-ja-pol\\\/#primaryimage\"},\"thumbnailUrl\":\"http:\\\/\\\/graphics8.nytimes.com\\\/images\\\/2010\\\/03\\\/24\\\/world\\\/middleeast\\\/24lede_gaza\\\/24lede_gaza-articleInline.jpg\",\"articleSection\":[\"Uutiset\"],\"inLanguage\":\"en-GB\"},{\"@type\":\"WebPage\",\"@id\":\"https:\\\/\\\/www.icahd.fi\\\/en\\\/israel-ottaa-vihdoin-vastuun-gazan-hyokkayksen-rikoksista-mm-1400-palestiinalaisen-kuolemasta-valkoisen-fosforin-ja-ihmiskilpien-kaytosta-gazan-kaistaleen-taloudellisen-kulttuurillisen-ja-pol\\\/\",\"url\":\"https:\\\/\\\/www.icahd.fi\\\/en\\\/israel-ottaa-vihdoin-vastuun-gazan-hyokkayksen-rikoksista-mm-1400-palestiinalaisen-kuolemasta-valkoisen-fosforin-ja-ihmiskilpien-kaytosta-gazan-kaistaleen-taloudellisen-kulttuurillisen-ja-pol\\\/\",\"name\":\":: Israel ottaa vihdoin vastuun Gazan hy\u00f6kk\u00e4yksen rikoksista - mm. 1400 palestiinalaisen kuolemasta, valkoisen fosforin ja ihmiskilpien k\u00e4yt\u00f6st\u00e4, Gazan kaistaleen taloudellisen, kulttuurillisen ja poliittisen infrastruktuurin tuhoamisesta, iskuista sairaaloihin ja YK:n kouluihin, kotien h\u00e4p\u00e4isemisest\u00e4 ja 50 000 kodittomasta lapsesta - ja asettaa kaksi sotilastaan oikeuden eteen huonosta k\u00e4yt\u00f6ksest\u00e4. - ICAHD Finland\",\"isPartOf\":{\"@id\":\"https:\\\/\\\/www.icahd.fi\\\/#website\"},\"primaryImageOfPage\":{\"@id\":\"https:\\\/\\\/www.icahd.fi\\\/en\\\/israel-ottaa-vihdoin-vastuun-gazan-hyokkayksen-rikoksista-mm-1400-palestiinalaisen-kuolemasta-valkoisen-fosforin-ja-ihmiskilpien-kaytosta-gazan-kaistaleen-taloudellisen-kulttuurillisen-ja-pol\\\/#primaryimage\"},\"image\":{\"@id\":\"https:\\\/\\\/www.icahd.fi\\\/en\\\/israel-ottaa-vihdoin-vastuun-gazan-hyokkayksen-rikoksista-mm-1400-palestiinalaisen-kuolemasta-valkoisen-fosforin-ja-ihmiskilpien-kaytosta-gazan-kaistaleen-taloudellisen-kulttuurillisen-ja-pol\\\/#primaryimage\"},\"thumbnailUrl\":\"http:\\\/\\\/graphics8.nytimes.com\\\/images\\\/2010\\\/03\\\/24\\\/world\\\/middleeast\\\/24lede_gaza\\\/24lede_gaza-articleInline.jpg\",\"datePublished\":\"2010-03-26T14:02:41+00:00\",\"breadcrumb\":{\"@id\":\"https:\\\/\\\/www.icahd.fi\\\/en\\\/israel-ottaa-vihdoin-vastuun-gazan-hyokkayksen-rikoksista-mm-1400-palestiinalaisen-kuolemasta-valkoisen-fosforin-ja-ihmiskilpien-kaytosta-gazan-kaistaleen-taloudellisen-kulttuurillisen-ja-pol\\\/#breadcrumb\"},\"inLanguage\":\"en-GB\",\"potentialAction\":[{\"@type\":\"ReadAction\",\"target\":[\"https:\\\/\\\/www.icahd.fi\\\/en\\\/israel-ottaa-vihdoin-vastuun-gazan-hyokkayksen-rikoksista-mm-1400-palestiinalaisen-kuolemasta-valkoisen-fosforin-ja-ihmiskilpien-kaytosta-gazan-kaistaleen-taloudellisen-kulttuurillisen-ja-pol\\\/\"]}]},{\"@type\":\"ImageObject\",\"inLanguage\":\"en-GB\",\"@id\":\"https:\\\/\\\/www.icahd.fi\\\/en\\\/israel-ottaa-vihdoin-vastuun-gazan-hyokkayksen-rikoksista-mm-1400-palestiinalaisen-kuolemasta-valkoisen-fosforin-ja-ihmiskilpien-kaytosta-gazan-kaistaleen-taloudellisen-kulttuurillisen-ja-pol\\\/#primaryimage\",\"url\":\"http:\\\/\\\/graphics8.nytimes.com\\\/images\\\/2010\\\/03\\\/24\\\/world\\\/middleeast\\\/24lede_gaza\\\/24lede_gaza-articleInline.jpg\",\"contentUrl\":\"http:\\\/\\\/graphics8.nytimes.com\\\/images\\\/2010\\\/03\\\/24\\\/world\\\/middleeast\\\/24lede_gaza\\\/24lede_gaza-articleInline.jpg\"},{\"@type\":\"BreadcrumbList\",\"@id\":\"https:\\\/\\\/www.icahd.fi\\\/en\\\/israel-ottaa-vihdoin-vastuun-gazan-hyokkayksen-rikoksista-mm-1400-palestiinalaisen-kuolemasta-valkoisen-fosforin-ja-ihmiskilpien-kaytosta-gazan-kaistaleen-taloudellisen-kulttuurillisen-ja-pol\\\/#breadcrumb\",\"itemListElement\":[{\"@type\":\"ListItem\",\"position\":1,\"name\":\"Home\",\"item\":\"https:\\\/\\\/www.icahd.fi\\\/\"},{\"@type\":\"ListItem\",\"position\":2,\"name\":\":: Israel ottaa vihdoin vastuun Gazan hy\u00f6kk\u00e4yksen rikoksista &#8211; mm. 1400 palestiinalaisen kuolemasta, valkoisen fosforin ja ihmiskilpien k\u00e4yt\u00f6st\u00e4, Gazan kaistaleen taloudellisen, kulttuurillisen ja poliittisen infrastruktuurin tuhoamisesta, iskuista sairaaloihin ja YK:n kouluihin, kotien h\u00e4p\u00e4isemisest\u00e4 ja 50 000 kodittomasta lapsesta &#8211; ja asettaa kaksi sotilastaan oikeuden eteen huonosta k\u00e4yt\u00f6ksest\u00e4.\"}]},{\"@type\":\"WebSite\",\"@id\":\"https:\\\/\\\/www.icahd.fi\\\/#website\",\"url\":\"https:\\\/\\\/www.icahd.fi\\\/\",\"name\":\"ICAHD Finland\",\"description\":\"Yht&auml;l&auml;isten oikeuksien puolesta, Israelin apartheidia vastaan\",\"publisher\":{\"@id\":\"https:\\\/\\\/www.icahd.fi\\\/#organization\"},\"potentialAction\":[{\"@type\":\"SearchAction\",\"target\":{\"@type\":\"EntryPoint\",\"urlTemplate\":\"https:\\\/\\\/www.icahd.fi\\\/?s={search_term_string}\"},\"query-input\":{\"@type\":\"PropertyValueSpecification\",\"valueRequired\":true,\"valueName\":\"search_term_string\"}}],\"inLanguage\":\"en-GB\"},{\"@type\":\"Organization\",\"@id\":\"https:\\\/\\\/www.icahd.fi\\\/#organization\",\"name\":\"ICAHD Finland\",\"url\":\"https:\\\/\\\/www.icahd.fi\\\/\",\"logo\":{\"@type\":\"ImageObject\",\"inLanguage\":\"en-GB\",\"@id\":\"https:\\\/\\\/www.icahd.fi\\\/#\\\/schema\\\/logo\\\/image\\\/\",\"url\":\"https:\\\/\\\/www.icahd.fi\\\/wp-content\\\/uploads\\\/2020\\\/01\\\/logo-teksti.png\",\"contentUrl\":\"https:\\\/\\\/www.icahd.fi\\\/wp-content\\\/uploads\\\/2020\\\/01\\\/logo-teksti.png\",\"width\":300,\"height\":109,\"caption\":\"ICAHD Finland\"},\"image\":{\"@id\":\"https:\\\/\\\/www.icahd.fi\\\/#\\\/schema\\\/logo\\\/image\\\/\"},\"sameAs\":[\"https:\\\/\\\/www.facebook.com\\\/icahdfinland\",\"https:\\\/\\\/x.com\\\/icahdfinland\"]},{\"@type\":\"Person\",\"@id\":\"https:\\\/\\\/www.icahd.fi\\\/#\\\/schema\\\/person\\\/1c69d30d135114d7a3a5d5454cf901f8\",\"name\":\"Syksy\",\"image\":{\"@type\":\"ImageObject\",\"inLanguage\":\"en-GB\",\"@id\":\"https:\\\/\\\/secure.gravatar.com\\\/avatar\\\/c8d8a8636968d9ebbc65828564da9c07ccf771e59b4ee6c4c57fde52c70ab3dc?s=96&d=mm&r=g\",\"url\":\"https:\\\/\\\/secure.gravatar.com\\\/avatar\\\/c8d8a8636968d9ebbc65828564da9c07ccf771e59b4ee6c4c57fde52c70ab3dc?s=96&d=mm&r=g\",\"contentUrl\":\"https:\\\/\\\/secure.gravatar.com\\\/avatar\\\/c8d8a8636968d9ebbc65828564da9c07ccf771e59b4ee6c4c57fde52c70ab3dc?s=96&d=mm&r=g\",\"caption\":\"Syksy\"}}]}<\/script>\n<!-- \/ Yoast SEO plugin. -->","yoast_head_json":{"title":":: Israel ottaa vihdoin vastuun Gazan hy\u00f6kk\u00e4yksen rikoksista - mm. 1400 palestiinalaisen kuolemasta, valkoisen fosforin ja ihmiskilpien k\u00e4yt\u00f6st\u00e4, Gazan kaistaleen taloudellisen, kulttuurillisen ja poliittisen infrastruktuurin tuhoamisesta, iskuista sairaaloihin ja YK:n kouluihin, kotien h\u00e4p\u00e4isemisest\u00e4 ja 50 000 kodittomasta lapsesta - ja asettaa kaksi sotilastaan oikeuden eteen huonosta k\u00e4yt\u00f6ksest\u00e4. - ICAHD Finland","robots":{"index":"index","follow":"follow","max-snippet":"max-snippet:-1","max-image-preview":"max-image-preview:large","max-video-preview":"max-video-preview:-1"},"canonical":"https:\/\/www.icahd.fi\/en\/israel-ottaa-vihdoin-vastuun-gazan-hyokkayksen-rikoksista-mm-1400-palestiinalaisen-kuolemasta-valkoisen-fosforin-ja-ihmiskilpien-kaytosta-gazan-kaistaleen-taloudellisen-kulttuurillisen-ja-pol\/","og_locale":"en_GB","og_type":"article","og_title":":: Israel ottaa vihdoin vastuun Gazan hy\u00f6kk\u00e4yksen rikoksista - mm. 1400 palestiinalaisen kuolemasta, valkoisen fosforin ja ihmiskilpien k\u00e4yt\u00f6st\u00e4, Gazan kaistaleen taloudellisen, kulttuurillisen ja poliittisen infrastruktuurin tuhoamisesta, iskuista sairaaloihin ja YK:n kouluihin, kotien h\u00e4p\u00e4isemisest\u00e4 ja 50 000 kodittomasta lapsesta - ja asettaa kaksi sotilastaan oikeuden eteen huonosta k\u00e4yt\u00f6ksest\u00e4. - ICAHD Finland","og_description":"Israeli Military Tries Two Soldiers for Conduct During Gaza War (The New York Times 24.3.2010)","og_url":"https:\/\/www.icahd.fi\/en\/israel-ottaa-vihdoin-vastuun-gazan-hyokkayksen-rikoksista-mm-1400-palestiinalaisen-kuolemasta-valkoisen-fosforin-ja-ihmiskilpien-kaytosta-gazan-kaistaleen-taloudellisen-kulttuurillisen-ja-pol\/","og_site_name":"ICAHD Finland","article_publisher":"https:\/\/www.facebook.com\/icahdfinland","article_published_time":"2010-03-26T14:02:41+00:00","og_image":[{"url":"http:\/\/graphics8.nytimes.com\/images\/2010\/03\/24\/world\/middleeast\/24lede_gaza\/24lede_gaza-articleInline.jpg","type":"","width":"","height":""}],"author":"Syksy","twitter_card":"summary_large_image","twitter_creator":"@icahdfinland","twitter_site":"@icahdfinland","twitter_misc":{"Written by":"Syksy","Estimated reading time":"3 minutes"},"schema":{"@context":"https:\/\/schema.org","@graph":[{"@type":"Article","@id":"https:\/\/www.icahd.fi\/en\/israel-ottaa-vihdoin-vastuun-gazan-hyokkayksen-rikoksista-mm-1400-palestiinalaisen-kuolemasta-valkoisen-fosforin-ja-ihmiskilpien-kaytosta-gazan-kaistaleen-taloudellisen-kulttuurillisen-ja-pol\/#article","isPartOf":{"@id":"https:\/\/www.icahd.fi\/en\/israel-ottaa-vihdoin-vastuun-gazan-hyokkayksen-rikoksista-mm-1400-palestiinalaisen-kuolemasta-valkoisen-fosforin-ja-ihmiskilpien-kaytosta-gazan-kaistaleen-taloudellisen-kulttuurillisen-ja-pol\/"},"author":{"name":"Syksy","@id":"https:\/\/www.icahd.fi\/#\/schema\/person\/1c69d30d135114d7a3a5d5454cf901f8"},"headline":":: Israel ottaa vihdoin vastuun Gazan hy\u00f6kk\u00e4yksen rikoksista &#8211; mm. 1400 palestiinalaisen kuolemasta, valkoisen fosforin ja ihmiskilpien k\u00e4yt\u00f6st\u00e4, Gazan kaistaleen taloudellisen, kulttuurillisen ja poliittisen infrastruktuurin tuhoamisesta, iskuista sairaaloihin ja YK:n kouluihin, kotien h\u00e4p\u00e4isemisest\u00e4 ja 50 000 kodittomasta lapsesta &#8211; ja asettaa kaksi sotilastaan oikeuden eteen huonosta k\u00e4yt\u00f6ksest\u00e4.","datePublished":"2010-03-26T14:02:41+00:00","mainEntityOfPage":{"@id":"https:\/\/www.icahd.fi\/en\/israel-ottaa-vihdoin-vastuun-gazan-hyokkayksen-rikoksista-mm-1400-palestiinalaisen-kuolemasta-valkoisen-fosforin-ja-ihmiskilpien-kaytosta-gazan-kaistaleen-taloudellisen-kulttuurillisen-ja-pol\/"},"wordCount":653,"publisher":{"@id":"https:\/\/www.icahd.fi\/#organization"},"image":{"@id":"https:\/\/www.icahd.fi\/en\/israel-ottaa-vihdoin-vastuun-gazan-hyokkayksen-rikoksista-mm-1400-palestiinalaisen-kuolemasta-valkoisen-fosforin-ja-ihmiskilpien-kaytosta-gazan-kaistaleen-taloudellisen-kulttuurillisen-ja-pol\/#primaryimage"},"thumbnailUrl":"http:\/\/graphics8.nytimes.com\/images\/2010\/03\/24\/world\/middleeast\/24lede_gaza\/24lede_gaza-articleInline.jpg","articleSection":["Uutiset"],"inLanguage":"en-GB"},{"@type":"WebPage","@id":"https:\/\/www.icahd.fi\/en\/israel-ottaa-vihdoin-vastuun-gazan-hyokkayksen-rikoksista-mm-1400-palestiinalaisen-kuolemasta-valkoisen-fosforin-ja-ihmiskilpien-kaytosta-gazan-kaistaleen-taloudellisen-kulttuurillisen-ja-pol\/","url":"https:\/\/www.icahd.fi\/en\/israel-ottaa-vihdoin-vastuun-gazan-hyokkayksen-rikoksista-mm-1400-palestiinalaisen-kuolemasta-valkoisen-fosforin-ja-ihmiskilpien-kaytosta-gazan-kaistaleen-taloudellisen-kulttuurillisen-ja-pol\/","name":":: Israel ottaa vihdoin vastuun Gazan hy\u00f6kk\u00e4yksen rikoksista - mm. 1400 palestiinalaisen kuolemasta, valkoisen fosforin ja ihmiskilpien k\u00e4yt\u00f6st\u00e4, Gazan kaistaleen taloudellisen, kulttuurillisen ja poliittisen infrastruktuurin tuhoamisesta, iskuista sairaaloihin ja YK:n kouluihin, kotien h\u00e4p\u00e4isemisest\u00e4 ja 50 000 kodittomasta lapsesta - ja asettaa kaksi sotilastaan oikeuden eteen huonosta k\u00e4yt\u00f6ksest\u00e4. - ICAHD Finland","isPartOf":{"@id":"https:\/\/www.icahd.fi\/#website"},"primaryImageOfPage":{"@id":"https:\/\/www.icahd.fi\/en\/israel-ottaa-vihdoin-vastuun-gazan-hyokkayksen-rikoksista-mm-1400-palestiinalaisen-kuolemasta-valkoisen-fosforin-ja-ihmiskilpien-kaytosta-gazan-kaistaleen-taloudellisen-kulttuurillisen-ja-pol\/#primaryimage"},"image":{"@id":"https:\/\/www.icahd.fi\/en\/israel-ottaa-vihdoin-vastuun-gazan-hyokkayksen-rikoksista-mm-1400-palestiinalaisen-kuolemasta-valkoisen-fosforin-ja-ihmiskilpien-kaytosta-gazan-kaistaleen-taloudellisen-kulttuurillisen-ja-pol\/#primaryimage"},"thumbnailUrl":"http:\/\/graphics8.nytimes.com\/images\/2010\/03\/24\/world\/middleeast\/24lede_gaza\/24lede_gaza-articleInline.jpg","datePublished":"2010-03-26T14:02:41+00:00","breadcrumb":{"@id":"https:\/\/www.icahd.fi\/en\/israel-ottaa-vihdoin-vastuun-gazan-hyokkayksen-rikoksista-mm-1400-palestiinalaisen-kuolemasta-valkoisen-fosforin-ja-ihmiskilpien-kaytosta-gazan-kaistaleen-taloudellisen-kulttuurillisen-ja-pol\/#breadcrumb"},"inLanguage":"en-GB","potentialAction":[{"@type":"ReadAction","target":["https:\/\/www.icahd.fi\/en\/israel-ottaa-vihdoin-vastuun-gazan-hyokkayksen-rikoksista-mm-1400-palestiinalaisen-kuolemasta-valkoisen-fosforin-ja-ihmiskilpien-kaytosta-gazan-kaistaleen-taloudellisen-kulttuurillisen-ja-pol\/"]}]},{"@type":"ImageObject","inLanguage":"en-GB","@id":"https:\/\/www.icahd.fi\/en\/israel-ottaa-vihdoin-vastuun-gazan-hyokkayksen-rikoksista-mm-1400-palestiinalaisen-kuolemasta-valkoisen-fosforin-ja-ihmiskilpien-kaytosta-gazan-kaistaleen-taloudellisen-kulttuurillisen-ja-pol\/#primaryimage","url":"http:\/\/graphics8.nytimes.com\/images\/2010\/03\/24\/world\/middleeast\/24lede_gaza\/24lede_gaza-articleInline.jpg","contentUrl":"http:\/\/graphics8.nytimes.com\/images\/2010\/03\/24\/world\/middleeast\/24lede_gaza\/24lede_gaza-articleInline.jpg"},{"@type":"BreadcrumbList","@id":"https:\/\/www.icahd.fi\/en\/israel-ottaa-vihdoin-vastuun-gazan-hyokkayksen-rikoksista-mm-1400-palestiinalaisen-kuolemasta-valkoisen-fosforin-ja-ihmiskilpien-kaytosta-gazan-kaistaleen-taloudellisen-kulttuurillisen-ja-pol\/#breadcrumb","itemListElement":[{"@type":"ListItem","position":1,"name":"Home","item":"https:\/\/www.icahd.fi\/"},{"@type":"ListItem","position":2,"name":":: Israel ottaa vihdoin vastuun Gazan hy\u00f6kk\u00e4yksen rikoksista &#8211; mm. 1400 palestiinalaisen kuolemasta, valkoisen fosforin ja ihmiskilpien k\u00e4yt\u00f6st\u00e4, Gazan kaistaleen taloudellisen, kulttuurillisen ja poliittisen infrastruktuurin tuhoamisesta, iskuista sairaaloihin ja YK:n kouluihin, kotien h\u00e4p\u00e4isemisest\u00e4 ja 50 000 kodittomasta lapsesta &#8211; ja asettaa kaksi sotilastaan oikeuden eteen huonosta k\u00e4yt\u00f6ksest\u00e4."}]},{"@type":"WebSite","@id":"https:\/\/www.icahd.fi\/#website","url":"https:\/\/www.icahd.fi\/","name":"In 2012, ICAHD Finland","description":"Yht&auml;l&auml;isten oikeuksien puolesta, Israelin apartheidia vastaan","publisher":{"@id":"https:\/\/www.icahd.fi\/#organization"},"potentialAction":[{"@type":"SearchAction","target":{"@type":"EntryPoint","urlTemplate":"https:\/\/www.icahd.fi\/?s={search_term_string}"},"query-input":{"@type":"PropertyValueSpecification","valueRequired":true,"valueName":"search_term_string"}}],"inLanguage":"en-GB"},{"@type":"Organization","@id":"https:\/\/www.icahd.fi\/#organization","name":"In 2012, ICAHD Finland","url":"https:\/\/www.icahd.fi\/","logo":{"@type":"ImageObject","inLanguage":"en-GB","@id":"https:\/\/www.icahd.fi\/#\/schema\/logo\/image\/","url":"https:\/\/www.icahd.fi\/wp-content\/uploads\/2020\/01\/logo-teksti.png","contentUrl":"https:\/\/www.icahd.fi\/wp-content\/uploads\/2020\/01\/logo-teksti.png","width":300,"height":109,"caption":"ICAHD Finland"},"image":{"@id":"https:\/\/www.icahd.fi\/#\/schema\/logo\/image\/"},"sameAs":["https:\/\/www.facebook.com\/icahdfinland","https:\/\/x.com\/icahdfinland"]},{"@type":"Person","@id":"https:\/\/www.icahd.fi\/#\/schema\/person\/1c69d30d135114d7a3a5d5454cf901f8","name":"Syksy","image":{"@type":"ImageObject","inLanguage":"en-GB","@id":"https:\/\/secure.gravatar.com\/avatar\/c8d8a8636968d9ebbc65828564da9c07ccf771e59b4ee6c4c57fde52c70ab3dc?s=96&d=mm&r=g","url":"https:\/\/secure.gravatar.com\/avatar\/c8d8a8636968d9ebbc65828564da9c07ccf771e59b4ee6c4c57fde52c70ab3dc?s=96&d=mm&r=g","contentUrl":"https:\/\/secure.gravatar.com\/avatar\/c8d8a8636968d9ebbc65828564da9c07ccf771e59b4ee6c4c57fde52c70ab3dc?s=96&d=mm&r=g","caption":"Syksy"}}]}},"acf":[],"_links":{"self":[{"href":"https:\/\/www.icahd.fi\/en\/wp-json\/wp\/v2\/posts\/822","targetHints":{"allow":["GET"]}}],"collection":[{"href":"https:\/\/www.icahd.fi\/en\/wp-json\/wp\/v2\/posts"}],"about":[{"href":"https:\/\/www.icahd.fi\/en\/wp-json\/wp\/v2\/types\/post"}],"author":[{"embeddable":true,"href":"https:\/\/www.icahd.fi\/en\/wp-json\/wp\/v2\/users\/9"}],"replies":[{"embeddable":true,"href":"https:\/\/www.icahd.fi\/en\/wp-json\/wp\/v2\/comments?post=822"}],"version-history":[{"count":0,"href":"https:\/\/www.icahd.fi\/en\/wp-json\/wp\/v2\/posts\/822\/revisions"}],"wp:attachment":[{"href":"https:\/\/www.icahd.fi\/en\/wp-json\/wp\/v2\/media?parent=822"}],"wp:term":[{"taxonomy":"category","embeddable":true,"href":"https:\/\/www.icahd.fi\/en\/wp-json\/wp\/v2\/categories?post=822"},{"taxonomy":"post_tag","embeddable":true,"href":"https:\/\/www.icahd.fi\/en\/wp-json\/wp\/v2\/tags?post=822"}],"curies":[{"name":"wp","href":"https:\/\/api.w.org\/{rel}","templated":true}]}}