{"id":798,"date":"2010-03-22T22:28:17","date_gmt":"2010-03-22T19:28:17","guid":{"rendered":"http:\/\/icahd.fi\/?p=798"},"modified":"2010-03-22T22:28:17","modified_gmt":"2010-03-22T19:28:17","slug":"ban-ki-moonilta-kansainvalista-lakia-puoltava-kannanotto-hs-unohtaa-mainita-etta-ita-jerusalem-on-yleisesti-tunnustettu-osaksi-lansirantaa-muidenkin-kuin-palestiinalaisten-mukaan-ja-etta-kaikki","status":"publish","type":"post","link":"https:\/\/www.icahd.fi\/en\/ban-ki-moonilta-kansainvalista-lakia-puoltava-kannanotto-hs-unohtaa-mainita-etta-ita-jerusalem-on-yleisesti-tunnustettu-osaksi-lansirantaa-muidenkin-kuin-palestiinalaisten-mukaan-ja-etta-kaikki\/","title":{"rendered":":: Ban Ki-moonilta kansainv\u00e4list\u00e4 lakia puoltava kannanotto. HS unohtaa mainita, ett\u00e4 It\u00e4-Jerusalem on yleisesti tunnustettu osaksi L\u00e4nsirantaa (muidenkin kuin palestiinalaisten mukaan) ja ett\u00e4 kaikki siirtokunnat alueella ovat kansainv\u00e4lisen lain vastaisia."},"content":{"rendered":"<p><em>YK:n p\u00e4\u00e4sihteeri \u00e4rj\u00e4hti Gazan-vierailullaan Israelille <\/em>(HS 22.3.2010)<\/p>\n<p><!--more--><\/p>\n<p>Ban Ki-moonin mukaan Gazan erist\u00e4minen aiheuttaa siet\u00e4m\u00e4t\u00f6nt\u00e4 k\u00e4rsimyst\u00e4.<\/p>\n<div>\n<p>HS\u2013STT\u2013AFP\u2013Reuters\u2013AP<\/p>\n<\/div>\n<div>\n<div>MAHMUD HAMS AP<\/div>\n<p><img decoding=\"async\" title=\"YK:n p\u00e4\u00e4sihteeri \u00e4rj\u00e4hti Gazan-vierailullaan Israelille\" src=\"http:\/\/www.hs.fi\/kuvat\/iso_webkuva\/1135254870697.jpeg\" alt=\"YK:n p\u00e4\u00e4sihteeri \u00e4rj\u00e4hti Gazan-vierailullaan Israelille\" \/><\/p>\n<p>YK:n p\u00e4\u00e4sihteeri Ban Ki-moon (oik.) vieraili Gazassa YK:n avustusrahoilla rakennetun talon katolla. Paikalla aiemmin ollut talo tuhoutui Israelin hy\u00f6kk\u00e4yksess\u00e4.<\/p>\n<\/div>\n<p>Khan Yunis. YK:n p\u00e4\u00e4sihteeri <a href=\"http:\/\/www.hs.fi\/verkkolehti\/haku\/?haku=Ban+Ki-moon+\">Ban Ki-moon <\/a>tuomitsi sunnuntaina jyrk\u00e4sti Israelin kolme vuotta jatkaman Gazan alueen saarron. Ban toisti Gazan-vierailullaan, ett\u00e4 saarto aiheuttaa ihmisille siet\u00e4m\u00e4tt\u00f6mi\u00e4 k\u00e4rsimyksi\u00e4.<\/p>\n<p>&#8221;Olen useaan otteeseen sanonut Israelin johdolle, ett\u00e4 saartopolitiikka on v\u00e4\u00e4rin eik\u00e4 se ole kest\u00e4v\u00e4\u00e4. Se est\u00e4\u00e4 laillisen kaupan ja yllytt\u00e4\u00e4 salakuljetukseen. Se heikent\u00e4\u00e4 maltillisia voimia ja kannustaa \u00e4\u00e4riliikkeit\u00e4&#8221;, Ban sanoi.<\/p>\n<p>Israel on saartanut Gazaa kes\u00e4st\u00e4 2006 alkaen. My\u00f6s Egypti osallistuu saartoon. Alueelle p\u00e4\u00e4see vain v\u00e4ltt\u00e4m\u00e4t\u00f6n apu. Israelin mukaan toimenpide on v\u00e4ltt\u00e4m\u00e4t\u00f6n, jotta \u00e4\u00e4ri-islamilainen Hamas-liike ei pysty kokoamaan voimiaan.<\/p>\n<p>&#8221;Olen vakuuttunut siit\u00e4, ett\u00e4 saarto voidaan purkaa ottamalla silti huomioon Israelin turvallisuushuolet&#8221;, Ban kommentoi.<\/p>\n<p>Israelin p\u00e4\u00e4ministeri <a href=\"http:\/\/www.hs.fi\/verkkolehti\/haku\/?haku=Benjamin+Netanyahu+\">Benjamin Netanyahu <\/a>ilmoitti sunnuntaina, ett\u00e4 Israel jatkaa siirtokuntien rakentamista It\u00e4-Jerusalemiin kansainv\u00e4lisest\u00e4 painostuksesta huolimatta.<\/p>\n<p>Palestiinalaisten mukaan alue on osa L\u00e4nsirantaa ja toivottua palestiinalaisvaltiota.<\/p>\n<p>Israelin armeija kertoi sunnuntaina ampuneensa L\u00e4nsirannalla kaksi palestiinalaista, jotka yrittiv\u00e4t puukottaa sotilasta. Kolmas palestiinalainen ammuttiin erillisess\u00e4 v\u00e4likohtauksessa.<\/p>","protected":false},"excerpt":{"rendered":"<p>YK:n p\u00e4\u00e4sihteeri \u00e4rj\u00e4hti Gazan-vierailullaan Israelille (HS 22.3.2010)<\/p>","protected":false},"author":9,"featured_media":0,"comment_status":"closed","ping_status":"closed","sticky":false,"template":"","format":"standard","meta":{"zakra_page_container_layout":"customizer","zakra_page_sidebar_layout":"customizer","zakra_remove_content_margin":false,"zakra_sidebar":"customizer","zakra_transparent_header":"customizer","zakra_logo":0,"zakra_main_header_style":"default","zakra_menu_item_color":"","zakra_menu_item_hover_color":"","zakra_menu_item_active_color":"","zakra_menu_active_style":"","zakra_page_header":true,"footnotes":""},"categories":[29],"tags":[],"class_list":["post-798","post","type-post","status-publish","format-standard","hentry","category-uutiset"],"yoast_head":"<!-- This site is optimized with the Yoast SEO plugin v27.5 - https:\/\/yoast.com\/product\/yoast-seo-wordpress\/ -->\n<title>:: Ban Ki-moonilta kansainv\u00e4list\u00e4 lakia puoltava kannanotto. HS unohtaa mainita, ett\u00e4 It\u00e4-Jerusalem on yleisesti tunnustettu osaksi L\u00e4nsirantaa (muidenkin kuin palestiinalaisten mukaan) ja ett\u00e4 kaikki siirtokunnat alueella ovat kansainv\u00e4lisen lain vastaisia. - ICAHD Finland<\/title>\n<meta name=\"robots\" content=\"index, follow, max-snippet:-1, max-image-preview:large, max-video-preview:-1\" \/>\n<link rel=\"canonical\" href=\"https:\/\/www.icahd.fi\/en\/ban-ki-moonilta-kansainvalista-lakia-puoltava-kannanotto-hs-unohtaa-mainita-etta-ita-jerusalem-on-yleisesti-tunnustettu-osaksi-lansirantaa-muidenkin-kuin-palestiinalaisten-mukaan-ja-etta-kaikki\/\" \/>\n<meta property=\"og:locale\" content=\"en_GB\" \/>\n<meta property=\"og:type\" content=\"article\" \/>\n<meta property=\"og:title\" content=\":: Ban Ki-moonilta kansainv\u00e4list\u00e4 lakia puoltava kannanotto. HS unohtaa mainita, ett\u00e4 It\u00e4-Jerusalem on yleisesti tunnustettu osaksi L\u00e4nsirantaa (muidenkin kuin palestiinalaisten mukaan) ja ett\u00e4 kaikki siirtokunnat alueella ovat kansainv\u00e4lisen lain vastaisia. - ICAHD Finland\" \/>\n<meta property=\"og:description\" content=\"YK:n p\u00e4\u00e4sihteeri \u00e4rj\u00e4hti Gazan-vierailullaan Israelille (HS 22.3.2010)\" \/>\n<meta property=\"og:url\" content=\"https:\/\/www.icahd.fi\/en\/ban-ki-moonilta-kansainvalista-lakia-puoltava-kannanotto-hs-unohtaa-mainita-etta-ita-jerusalem-on-yleisesti-tunnustettu-osaksi-lansirantaa-muidenkin-kuin-palestiinalaisten-mukaan-ja-etta-kaikki\/\" \/>\n<meta property=\"og:site_name\" content=\"ICAHD Finland\" \/>\n<meta property=\"article:publisher\" content=\"https:\/\/www.facebook.com\/icahdfinland\" \/>\n<meta property=\"article:published_time\" content=\"2010-03-22T19:28:17+00:00\" \/>\n<meta property=\"og:image\" content=\"http:\/\/www.hs.fi\/kuvat\/iso_webkuva\/1135254870697.jpeg\" \/>\n<meta name=\"author\" content=\"Syksy\" \/>\n<meta name=\"twitter:card\" content=\"summary_large_image\" \/>\n<meta name=\"twitter:creator\" content=\"@icahdfinland\" \/>\n<meta name=\"twitter:site\" content=\"@icahdfinland\" \/>\n<meta name=\"twitter:label1\" content=\"Written by\" \/>\n\t<meta name=\"twitter:data1\" content=\"Syksy\" \/>\n\t<meta name=\"twitter:label2\" content=\"Estimated reading time\" \/>\n\t<meta name=\"twitter:data2\" content=\"1 minute\" \/>\n<script type=\"application\/ld+json\" class=\"yoast-schema-graph\">{\"@context\":\"https:\\\/\\\/schema.org\",\"@graph\":[{\"@type\":\"Article\",\"@id\":\"https:\\\/\\\/www.icahd.fi\\\/en\\\/ban-ki-moonilta-kansainvalista-lakia-puoltava-kannanotto-hs-unohtaa-mainita-etta-ita-jerusalem-on-yleisesti-tunnustettu-osaksi-lansirantaa-muidenkin-kuin-palestiinalaisten-mukaan-ja-etta-kaikki\\\/#article\",\"isPartOf\":{\"@id\":\"https:\\\/\\\/www.icahd.fi\\\/en\\\/ban-ki-moonilta-kansainvalista-lakia-puoltava-kannanotto-hs-unohtaa-mainita-etta-ita-jerusalem-on-yleisesti-tunnustettu-osaksi-lansirantaa-muidenkin-kuin-palestiinalaisten-mukaan-ja-etta-kaikki\\\/\"},\"author\":{\"name\":\"Syksy\",\"@id\":\"https:\\\/\\\/www.icahd.fi\\\/#\\\/schema\\\/person\\\/1c69d30d135114d7a3a5d5454cf901f8\"},\"headline\":\":: Ban Ki-moonilta kansainv\u00e4list\u00e4 lakia puoltava kannanotto. HS unohtaa mainita, ett\u00e4 It\u00e4-Jerusalem on yleisesti tunnustettu osaksi L\u00e4nsirantaa (muidenkin kuin palestiinalaisten mukaan) ja ett\u00e4 kaikki siirtokunnat alueella ovat kansainv\u00e4lisen lain vastaisia.\",\"datePublished\":\"2010-03-22T19:28:17+00:00\",\"mainEntityOfPage\":{\"@id\":\"https:\\\/\\\/www.icahd.fi\\\/en\\\/ban-ki-moonilta-kansainvalista-lakia-puoltava-kannanotto-hs-unohtaa-mainita-etta-ita-jerusalem-on-yleisesti-tunnustettu-osaksi-lansirantaa-muidenkin-kuin-palestiinalaisten-mukaan-ja-etta-kaikki\\\/\"},\"wordCount\":251,\"publisher\":{\"@id\":\"https:\\\/\\\/www.icahd.fi\\\/#organization\"},\"image\":{\"@id\":\"https:\\\/\\\/www.icahd.fi\\\/en\\\/ban-ki-moonilta-kansainvalista-lakia-puoltava-kannanotto-hs-unohtaa-mainita-etta-ita-jerusalem-on-yleisesti-tunnustettu-osaksi-lansirantaa-muidenkin-kuin-palestiinalaisten-mukaan-ja-etta-kaikki\\\/#primaryimage\"},\"thumbnailUrl\":\"http:\\\/\\\/www.hs.fi\\\/kuvat\\\/iso_webkuva\\\/1135254870697.jpeg\",\"articleSection\":[\"Uutiset\"],\"inLanguage\":\"en-GB\"},{\"@type\":\"WebPage\",\"@id\":\"https:\\\/\\\/www.icahd.fi\\\/en\\\/ban-ki-moonilta-kansainvalista-lakia-puoltava-kannanotto-hs-unohtaa-mainita-etta-ita-jerusalem-on-yleisesti-tunnustettu-osaksi-lansirantaa-muidenkin-kuin-palestiinalaisten-mukaan-ja-etta-kaikki\\\/\",\"url\":\"https:\\\/\\\/www.icahd.fi\\\/en\\\/ban-ki-moonilta-kansainvalista-lakia-puoltava-kannanotto-hs-unohtaa-mainita-etta-ita-jerusalem-on-yleisesti-tunnustettu-osaksi-lansirantaa-muidenkin-kuin-palestiinalaisten-mukaan-ja-etta-kaikki\\\/\",\"name\":\":: Ban Ki-moonilta kansainv\u00e4list\u00e4 lakia puoltava kannanotto. HS unohtaa mainita, ett\u00e4 It\u00e4-Jerusalem on yleisesti tunnustettu osaksi L\u00e4nsirantaa (muidenkin kuin palestiinalaisten mukaan) ja ett\u00e4 kaikki siirtokunnat alueella ovat kansainv\u00e4lisen lain vastaisia. - ICAHD Finland\",\"isPartOf\":{\"@id\":\"https:\\\/\\\/www.icahd.fi\\\/#website\"},\"primaryImageOfPage\":{\"@id\":\"https:\\\/\\\/www.icahd.fi\\\/en\\\/ban-ki-moonilta-kansainvalista-lakia-puoltava-kannanotto-hs-unohtaa-mainita-etta-ita-jerusalem-on-yleisesti-tunnustettu-osaksi-lansirantaa-muidenkin-kuin-palestiinalaisten-mukaan-ja-etta-kaikki\\\/#primaryimage\"},\"image\":{\"@id\":\"https:\\\/\\\/www.icahd.fi\\\/en\\\/ban-ki-moonilta-kansainvalista-lakia-puoltava-kannanotto-hs-unohtaa-mainita-etta-ita-jerusalem-on-yleisesti-tunnustettu-osaksi-lansirantaa-muidenkin-kuin-palestiinalaisten-mukaan-ja-etta-kaikki\\\/#primaryimage\"},\"thumbnailUrl\":\"http:\\\/\\\/www.hs.fi\\\/kuvat\\\/iso_webkuva\\\/1135254870697.jpeg\",\"datePublished\":\"2010-03-22T19:28:17+00:00\",\"breadcrumb\":{\"@id\":\"https:\\\/\\\/www.icahd.fi\\\/en\\\/ban-ki-moonilta-kansainvalista-lakia-puoltava-kannanotto-hs-unohtaa-mainita-etta-ita-jerusalem-on-yleisesti-tunnustettu-osaksi-lansirantaa-muidenkin-kuin-palestiinalaisten-mukaan-ja-etta-kaikki\\\/#breadcrumb\"},\"inLanguage\":\"en-GB\",\"potentialAction\":[{\"@type\":\"ReadAction\",\"target\":[\"https:\\\/\\\/www.icahd.fi\\\/en\\\/ban-ki-moonilta-kansainvalista-lakia-puoltava-kannanotto-hs-unohtaa-mainita-etta-ita-jerusalem-on-yleisesti-tunnustettu-osaksi-lansirantaa-muidenkin-kuin-palestiinalaisten-mukaan-ja-etta-kaikki\\\/\"]}]},{\"@type\":\"ImageObject\",\"inLanguage\":\"en-GB\",\"@id\":\"https:\\\/\\\/www.icahd.fi\\\/en\\\/ban-ki-moonilta-kansainvalista-lakia-puoltava-kannanotto-hs-unohtaa-mainita-etta-ita-jerusalem-on-yleisesti-tunnustettu-osaksi-lansirantaa-muidenkin-kuin-palestiinalaisten-mukaan-ja-etta-kaikki\\\/#primaryimage\",\"url\":\"http:\\\/\\\/www.hs.fi\\\/kuvat\\\/iso_webkuva\\\/1135254870697.jpeg\",\"contentUrl\":\"http:\\\/\\\/www.hs.fi\\\/kuvat\\\/iso_webkuva\\\/1135254870697.jpeg\"},{\"@type\":\"BreadcrumbList\",\"@id\":\"https:\\\/\\\/www.icahd.fi\\\/en\\\/ban-ki-moonilta-kansainvalista-lakia-puoltava-kannanotto-hs-unohtaa-mainita-etta-ita-jerusalem-on-yleisesti-tunnustettu-osaksi-lansirantaa-muidenkin-kuin-palestiinalaisten-mukaan-ja-etta-kaikki\\\/#breadcrumb\",\"itemListElement\":[{\"@type\":\"ListItem\",\"position\":1,\"name\":\"Home\",\"item\":\"https:\\\/\\\/www.icahd.fi\\\/\"},{\"@type\":\"ListItem\",\"position\":2,\"name\":\":: Ban Ki-moonilta kansainv\u00e4list\u00e4 lakia puoltava kannanotto. HS unohtaa mainita, ett\u00e4 It\u00e4-Jerusalem on yleisesti tunnustettu osaksi L\u00e4nsirantaa (muidenkin kuin palestiinalaisten mukaan) ja ett\u00e4 kaikki siirtokunnat alueella ovat kansainv\u00e4lisen lain vastaisia.\"}]},{\"@type\":\"WebSite\",\"@id\":\"https:\\\/\\\/www.icahd.fi\\\/#website\",\"url\":\"https:\\\/\\\/www.icahd.fi\\\/\",\"name\":\"ICAHD Finland\",\"description\":\"Yht&auml;l&auml;isten oikeuksien puolesta, Israelin apartheidia vastaan\",\"publisher\":{\"@id\":\"https:\\\/\\\/www.icahd.fi\\\/#organization\"},\"potentialAction\":[{\"@type\":\"SearchAction\",\"target\":{\"@type\":\"EntryPoint\",\"urlTemplate\":\"https:\\\/\\\/www.icahd.fi\\\/?s={search_term_string}\"},\"query-input\":{\"@type\":\"PropertyValueSpecification\",\"valueRequired\":true,\"valueName\":\"search_term_string\"}}],\"inLanguage\":\"en-GB\"},{\"@type\":\"Organization\",\"@id\":\"https:\\\/\\\/www.icahd.fi\\\/#organization\",\"name\":\"ICAHD Finland\",\"url\":\"https:\\\/\\\/www.icahd.fi\\\/\",\"logo\":{\"@type\":\"ImageObject\",\"inLanguage\":\"en-GB\",\"@id\":\"https:\\\/\\\/www.icahd.fi\\\/#\\\/schema\\\/logo\\\/image\\\/\",\"url\":\"https:\\\/\\\/www.icahd.fi\\\/wp-content\\\/uploads\\\/2020\\\/01\\\/logo-teksti.png\",\"contentUrl\":\"https:\\\/\\\/www.icahd.fi\\\/wp-content\\\/uploads\\\/2020\\\/01\\\/logo-teksti.png\",\"width\":300,\"height\":109,\"caption\":\"ICAHD Finland\"},\"image\":{\"@id\":\"https:\\\/\\\/www.icahd.fi\\\/#\\\/schema\\\/logo\\\/image\\\/\"},\"sameAs\":[\"https:\\\/\\\/www.facebook.com\\\/icahdfinland\",\"https:\\\/\\\/x.com\\\/icahdfinland\"]},{\"@type\":\"Person\",\"@id\":\"https:\\\/\\\/www.icahd.fi\\\/#\\\/schema\\\/person\\\/1c69d30d135114d7a3a5d5454cf901f8\",\"name\":\"Syksy\",\"image\":{\"@type\":\"ImageObject\",\"inLanguage\":\"en-GB\",\"@id\":\"https:\\\/\\\/secure.gravatar.com\\\/avatar\\\/c8d8a8636968d9ebbc65828564da9c07ccf771e59b4ee6c4c57fde52c70ab3dc?s=96&d=mm&r=g\",\"url\":\"https:\\\/\\\/secure.gravatar.com\\\/avatar\\\/c8d8a8636968d9ebbc65828564da9c07ccf771e59b4ee6c4c57fde52c70ab3dc?s=96&d=mm&r=g\",\"contentUrl\":\"https:\\\/\\\/secure.gravatar.com\\\/avatar\\\/c8d8a8636968d9ebbc65828564da9c07ccf771e59b4ee6c4c57fde52c70ab3dc?s=96&d=mm&r=g\",\"caption\":\"Syksy\"}}]}<\/script>\n<!-- \/ Yoast SEO plugin. -->","yoast_head_json":{"title":":: Ban Ki-moonilta kansainv\u00e4list\u00e4 lakia puoltava kannanotto. HS unohtaa mainita, ett\u00e4 It\u00e4-Jerusalem on yleisesti tunnustettu osaksi L\u00e4nsirantaa (muidenkin kuin palestiinalaisten mukaan) ja ett\u00e4 kaikki siirtokunnat alueella ovat kansainv\u00e4lisen lain vastaisia. - ICAHD Finland","robots":{"index":"index","follow":"follow","max-snippet":"max-snippet:-1","max-image-preview":"max-image-preview:large","max-video-preview":"max-video-preview:-1"},"canonical":"https:\/\/www.icahd.fi\/en\/ban-ki-moonilta-kansainvalista-lakia-puoltava-kannanotto-hs-unohtaa-mainita-etta-ita-jerusalem-on-yleisesti-tunnustettu-osaksi-lansirantaa-muidenkin-kuin-palestiinalaisten-mukaan-ja-etta-kaikki\/","og_locale":"en_GB","og_type":"article","og_title":":: Ban Ki-moonilta kansainv\u00e4list\u00e4 lakia puoltava kannanotto. HS unohtaa mainita, ett\u00e4 It\u00e4-Jerusalem on yleisesti tunnustettu osaksi L\u00e4nsirantaa (muidenkin kuin palestiinalaisten mukaan) ja ett\u00e4 kaikki siirtokunnat alueella ovat kansainv\u00e4lisen lain vastaisia. - ICAHD Finland","og_description":"YK:n p\u00e4\u00e4sihteeri \u00e4rj\u00e4hti Gazan-vierailullaan Israelille (HS 22.3.2010)","og_url":"https:\/\/www.icahd.fi\/en\/ban-ki-moonilta-kansainvalista-lakia-puoltava-kannanotto-hs-unohtaa-mainita-etta-ita-jerusalem-on-yleisesti-tunnustettu-osaksi-lansirantaa-muidenkin-kuin-palestiinalaisten-mukaan-ja-etta-kaikki\/","og_site_name":"ICAHD Finland","article_publisher":"https:\/\/www.facebook.com\/icahdfinland","article_published_time":"2010-03-22T19:28:17+00:00","og_image":[{"url":"http:\/\/www.hs.fi\/kuvat\/iso_webkuva\/1135254870697.jpeg","type":"","width":"","height":""}],"author":"Syksy","twitter_card":"summary_large_image","twitter_creator":"@icahdfinland","twitter_site":"@icahdfinland","twitter_misc":{"Written by":"Syksy","Estimated reading time":"1 minute"},"schema":{"@context":"https:\/\/schema.org","@graph":[{"@type":"Article","@id":"https:\/\/www.icahd.fi\/en\/ban-ki-moonilta-kansainvalista-lakia-puoltava-kannanotto-hs-unohtaa-mainita-etta-ita-jerusalem-on-yleisesti-tunnustettu-osaksi-lansirantaa-muidenkin-kuin-palestiinalaisten-mukaan-ja-etta-kaikki\/#article","isPartOf":{"@id":"https:\/\/www.icahd.fi\/en\/ban-ki-moonilta-kansainvalista-lakia-puoltava-kannanotto-hs-unohtaa-mainita-etta-ita-jerusalem-on-yleisesti-tunnustettu-osaksi-lansirantaa-muidenkin-kuin-palestiinalaisten-mukaan-ja-etta-kaikki\/"},"author":{"name":"Syksy","@id":"https:\/\/www.icahd.fi\/#\/schema\/person\/1c69d30d135114d7a3a5d5454cf901f8"},"headline":":: Ban Ki-moonilta kansainv\u00e4list\u00e4 lakia puoltava kannanotto. HS unohtaa mainita, ett\u00e4 It\u00e4-Jerusalem on yleisesti tunnustettu osaksi L\u00e4nsirantaa (muidenkin kuin palestiinalaisten mukaan) ja ett\u00e4 kaikki siirtokunnat alueella ovat kansainv\u00e4lisen lain vastaisia.","datePublished":"2010-03-22T19:28:17+00:00","mainEntityOfPage":{"@id":"https:\/\/www.icahd.fi\/en\/ban-ki-moonilta-kansainvalista-lakia-puoltava-kannanotto-hs-unohtaa-mainita-etta-ita-jerusalem-on-yleisesti-tunnustettu-osaksi-lansirantaa-muidenkin-kuin-palestiinalaisten-mukaan-ja-etta-kaikki\/"},"wordCount":251,"publisher":{"@id":"https:\/\/www.icahd.fi\/#organization"},"image":{"@id":"https:\/\/www.icahd.fi\/en\/ban-ki-moonilta-kansainvalista-lakia-puoltava-kannanotto-hs-unohtaa-mainita-etta-ita-jerusalem-on-yleisesti-tunnustettu-osaksi-lansirantaa-muidenkin-kuin-palestiinalaisten-mukaan-ja-etta-kaikki\/#primaryimage"},"thumbnailUrl":"http:\/\/www.hs.fi\/kuvat\/iso_webkuva\/1135254870697.jpeg","articleSection":["Uutiset"],"inLanguage":"en-GB"},{"@type":"WebPage","@id":"https:\/\/www.icahd.fi\/en\/ban-ki-moonilta-kansainvalista-lakia-puoltava-kannanotto-hs-unohtaa-mainita-etta-ita-jerusalem-on-yleisesti-tunnustettu-osaksi-lansirantaa-muidenkin-kuin-palestiinalaisten-mukaan-ja-etta-kaikki\/","url":"https:\/\/www.icahd.fi\/en\/ban-ki-moonilta-kansainvalista-lakia-puoltava-kannanotto-hs-unohtaa-mainita-etta-ita-jerusalem-on-yleisesti-tunnustettu-osaksi-lansirantaa-muidenkin-kuin-palestiinalaisten-mukaan-ja-etta-kaikki\/","name":":: Ban Ki-moonilta kansainv\u00e4list\u00e4 lakia puoltava kannanotto. HS unohtaa mainita, ett\u00e4 It\u00e4-Jerusalem on yleisesti tunnustettu osaksi L\u00e4nsirantaa (muidenkin kuin palestiinalaisten mukaan) ja ett\u00e4 kaikki siirtokunnat alueella ovat kansainv\u00e4lisen lain vastaisia. - ICAHD Finland","isPartOf":{"@id":"https:\/\/www.icahd.fi\/#website"},"primaryImageOfPage":{"@id":"https:\/\/www.icahd.fi\/en\/ban-ki-moonilta-kansainvalista-lakia-puoltava-kannanotto-hs-unohtaa-mainita-etta-ita-jerusalem-on-yleisesti-tunnustettu-osaksi-lansirantaa-muidenkin-kuin-palestiinalaisten-mukaan-ja-etta-kaikki\/#primaryimage"},"image":{"@id":"https:\/\/www.icahd.fi\/en\/ban-ki-moonilta-kansainvalista-lakia-puoltava-kannanotto-hs-unohtaa-mainita-etta-ita-jerusalem-on-yleisesti-tunnustettu-osaksi-lansirantaa-muidenkin-kuin-palestiinalaisten-mukaan-ja-etta-kaikki\/#primaryimage"},"thumbnailUrl":"http:\/\/www.hs.fi\/kuvat\/iso_webkuva\/1135254870697.jpeg","datePublished":"2010-03-22T19:28:17+00:00","breadcrumb":{"@id":"https:\/\/www.icahd.fi\/en\/ban-ki-moonilta-kansainvalista-lakia-puoltava-kannanotto-hs-unohtaa-mainita-etta-ita-jerusalem-on-yleisesti-tunnustettu-osaksi-lansirantaa-muidenkin-kuin-palestiinalaisten-mukaan-ja-etta-kaikki\/#breadcrumb"},"inLanguage":"en-GB","potentialAction":[{"@type":"ReadAction","target":["https:\/\/www.icahd.fi\/en\/ban-ki-moonilta-kansainvalista-lakia-puoltava-kannanotto-hs-unohtaa-mainita-etta-ita-jerusalem-on-yleisesti-tunnustettu-osaksi-lansirantaa-muidenkin-kuin-palestiinalaisten-mukaan-ja-etta-kaikki\/"]}]},{"@type":"ImageObject","inLanguage":"en-GB","@id":"https:\/\/www.icahd.fi\/en\/ban-ki-moonilta-kansainvalista-lakia-puoltava-kannanotto-hs-unohtaa-mainita-etta-ita-jerusalem-on-yleisesti-tunnustettu-osaksi-lansirantaa-muidenkin-kuin-palestiinalaisten-mukaan-ja-etta-kaikki\/#primaryimage","url":"http:\/\/www.hs.fi\/kuvat\/iso_webkuva\/1135254870697.jpeg","contentUrl":"http:\/\/www.hs.fi\/kuvat\/iso_webkuva\/1135254870697.jpeg"},{"@type":"BreadcrumbList","@id":"https:\/\/www.icahd.fi\/en\/ban-ki-moonilta-kansainvalista-lakia-puoltava-kannanotto-hs-unohtaa-mainita-etta-ita-jerusalem-on-yleisesti-tunnustettu-osaksi-lansirantaa-muidenkin-kuin-palestiinalaisten-mukaan-ja-etta-kaikki\/#breadcrumb","itemListElement":[{"@type":"ListItem","position":1,"name":"Home","item":"https:\/\/www.icahd.fi\/"},{"@type":"ListItem","position":2,"name":":: Ban Ki-moonilta kansainv\u00e4list\u00e4 lakia puoltava kannanotto. HS unohtaa mainita, ett\u00e4 It\u00e4-Jerusalem on yleisesti tunnustettu osaksi L\u00e4nsirantaa (muidenkin kuin palestiinalaisten mukaan) ja ett\u00e4 kaikki siirtokunnat alueella ovat kansainv\u00e4lisen lain vastaisia."}]},{"@type":"WebSite","@id":"https:\/\/www.icahd.fi\/#website","url":"https:\/\/www.icahd.fi\/","name":"In 2012, ICAHD Finland","description":"Yht&auml;l&auml;isten oikeuksien puolesta, Israelin apartheidia vastaan","publisher":{"@id":"https:\/\/www.icahd.fi\/#organization"},"potentialAction":[{"@type":"SearchAction","target":{"@type":"EntryPoint","urlTemplate":"https:\/\/www.icahd.fi\/?s={search_term_string}"},"query-input":{"@type":"PropertyValueSpecification","valueRequired":true,"valueName":"search_term_string"}}],"inLanguage":"en-GB"},{"@type":"Organization","@id":"https:\/\/www.icahd.fi\/#organization","name":"In 2012, ICAHD Finland","url":"https:\/\/www.icahd.fi\/","logo":{"@type":"ImageObject","inLanguage":"en-GB","@id":"https:\/\/www.icahd.fi\/#\/schema\/logo\/image\/","url":"https:\/\/www.icahd.fi\/wp-content\/uploads\/2020\/01\/logo-teksti.png","contentUrl":"https:\/\/www.icahd.fi\/wp-content\/uploads\/2020\/01\/logo-teksti.png","width":300,"height":109,"caption":"ICAHD Finland"},"image":{"@id":"https:\/\/www.icahd.fi\/#\/schema\/logo\/image\/"},"sameAs":["https:\/\/www.facebook.com\/icahdfinland","https:\/\/x.com\/icahdfinland"]},{"@type":"Person","@id":"https:\/\/www.icahd.fi\/#\/schema\/person\/1c69d30d135114d7a3a5d5454cf901f8","name":"Syksy","image":{"@type":"ImageObject","inLanguage":"en-GB","@id":"https:\/\/secure.gravatar.com\/avatar\/c8d8a8636968d9ebbc65828564da9c07ccf771e59b4ee6c4c57fde52c70ab3dc?s=96&d=mm&r=g","url":"https:\/\/secure.gravatar.com\/avatar\/c8d8a8636968d9ebbc65828564da9c07ccf771e59b4ee6c4c57fde52c70ab3dc?s=96&d=mm&r=g","contentUrl":"https:\/\/secure.gravatar.com\/avatar\/c8d8a8636968d9ebbc65828564da9c07ccf771e59b4ee6c4c57fde52c70ab3dc?s=96&d=mm&r=g","caption":"Syksy"}}]}},"acf":[],"_links":{"self":[{"href":"https:\/\/www.icahd.fi\/en\/wp-json\/wp\/v2\/posts\/798","targetHints":{"allow":["GET"]}}],"collection":[{"href":"https:\/\/www.icahd.fi\/en\/wp-json\/wp\/v2\/posts"}],"about":[{"href":"https:\/\/www.icahd.fi\/en\/wp-json\/wp\/v2\/types\/post"}],"author":[{"embeddable":true,"href":"https:\/\/www.icahd.fi\/en\/wp-json\/wp\/v2\/users\/9"}],"replies":[{"embeddable":true,"href":"https:\/\/www.icahd.fi\/en\/wp-json\/wp\/v2\/comments?post=798"}],"version-history":[{"count":0,"href":"https:\/\/www.icahd.fi\/en\/wp-json\/wp\/v2\/posts\/798\/revisions"}],"wp:attachment":[{"href":"https:\/\/www.icahd.fi\/en\/wp-json\/wp\/v2\/media?parent=798"}],"wp:term":[{"taxonomy":"category","embeddable":true,"href":"https:\/\/www.icahd.fi\/en\/wp-json\/wp\/v2\/categories?post=798"},{"taxonomy":"post_tag","embeddable":true,"href":"https:\/\/www.icahd.fi\/en\/wp-json\/wp\/v2\/tags?post=798"}],"curies":[{"name":"wp","href":"https:\/\/api.w.org\/{rel}","templated":true}]}}