{"id":782,"date":"2010-03-22T11:47:39","date_gmt":"2010-03-22T08:47:39","guid":{"rendered":"http:\/\/icahd.fi\/?p=782"},"modified":"2010-03-22T11:47:39","modified_gmt":"2010-03-22T08:47:39","slug":"lahi-idan-rauhanvalittajanelikko-valayttaa-taas-ratkaisua-konfliktiin-ja-tehostaa-vaatimuksiaan-jatkamalla-seka-taloudellista-etta-sotilaallista-yhteistyota-israelin-kanssa","status":"publish","type":"post","link":"https:\/\/www.icahd.fi\/en\/lahi-idan-rauhanvalittajanelikko-valayttaa-taas-ratkaisua-konfliktiin-ja-tehostaa-vaatimuksiaan-jatkamalla-seka-taloudellista-etta-sotilaallista-yhteistyota-israelin-kanssa\/","title":{"rendered":":: L\u00e4hi-id\u00e4n &#8217;rauhanv\u00e4litt\u00e4j\u00e4nelikko&#8217; v\u00e4l\u00e4ytt\u00e4\u00e4 taas ratkaisua konfliktiin &#8211; ja tehostaa vaatimuksiaan jatkamalla sek\u00e4 taloudellista ett\u00e4 sotilaallista yhteisty\u00f6t\u00e4 Israelin kanssa"},"content":{"rendered":"<p><em>USA, Ven\u00e4j\u00e4, EU ja YK: Israelin keskeytett\u00e4v\u00e4 siirtokuntien rakentaminen <\/em>(HS 19.3.2010)<em><br \/>\n<\/em><\/p>\n<div>\n<div><a id=\"fontSmall\" href=\"http:\/\/www.hs.fi\/ulkomaat\/artikkeli\/USA+Ven%C3%A4j%C3%A4+EU+ja+YK+Israelin+keskeytett%C3%A4v%C3%A4+siirtokuntien+rakentaminen\/1135254820256#\"> <!--more--><\/a><a id=\"fontBig\" href=\"http:\/\/www.hs.fi\/ulkomaat\/artikkeli\/USA+Ven%C3%A4j%C3%A4+EU+ja+YK+Israelin+keskeytett%C3%A4v%C3%A4+siirtokuntien+rakentaminen\/1135254820256#\"><\/a><\/div>\n<\/div>\n<div>\n<p>STT\u2013AFP<\/p>\n<\/div>\n<p><script type=\"text\/javascript\">\/\/ <![CDATA[\n$(\"div.additionalContent a\").click(function () { \nif (this.href.indexOf(\"kartta\") == -1)\n{\nif(this.href.indexOf(\"grafiikka\") != -1)\n{\n\nvar newWindow = window.open(this.getAttribute('href'), '_blank');\nif (newWindow) \n{\nif (newWindow.focus) \n{\nnewWindow.focus();\n}\n}\n}\nelse\n{\nvar t = this.title || this.name || null;\nvar a = this.href || this.alt;\nvar g = this.rel || false;\nadditional_tb_show(t,a,g);\n}\nreturn false;\n}\n});\n\n$(document).ready(function(){\nadditional_imgLoader = new Image();\nadditional_imgLoader.src = tb_additional_pathToImage;\n});\n\/\/ ]]><\/script>Moskova\/Ramallah. L\u00e4hi-id\u00e4n rauhanv\u00e4litt\u00e4j\u00e4nelikko vaatii Israelia j\u00e4\u00e4dytt\u00e4m\u00e4\u00e4n kaiken siirtokuntarakentamisen. Palestiinalaiset puolestaan ovat ottaneet nelik\u00f6n vaatimuksen tyytyv\u00e4isin\u00e4 vastaan.<\/p>\n<p>Nelikko eli Yhdysvallat, Ven\u00e4j\u00e4, EU ja YK on my\u00f6s sitoutunut k\u00e4ynnist\u00e4m\u00e4\u00e4n Israelin ja palestiinalaisten v\u00e4liset rauhanneuvottelut uudelleen. Neuvottelujen pit\u00e4isi nelik\u00f6n mukaan johtaa rauhanomaiseen ratkaisuun kahdessa vuodessa.<\/p>\n<p>YK:n p\u00e4\u00e4sihteerin <a href=\"http:\/\/www.hs.fi\/haku\/?haku=Ban+Ki+Moonin\">Ban Ki Moonin<\/a> mukaan ratkaisun pit\u00e4isi olla sellainen, ett\u00e4 se p\u00e4\u00e4tt\u00e4\u00e4 vuonna 1967 alkaneen palestiinalaisalueiden miehityksen. Sen tulisi my\u00f6s johtaa itsen\u00e4iseen ja demokraattiseen Palestiinan valtioon, joka el\u00e4isi rinta rinnan Israelin ja muiden naapurimaiden kanssa.<\/p>\n<p>Moskovassa tavannut nelikk\u00f6 on my\u00f6s huolissaan Gazan tilanteen heikentymisest\u00e4.<\/p>\n<p>YK:n p\u00e4\u00e4sihteerin on tarkoitus matkustaa viikonvaihteessa Gazaan tutustumaan tilanteeseen henkil\u00f6kohtaisesti.<\/p>\n","protected":false},"excerpt":{"rendered":"<p>USA, Ven\u00e4j\u00e4, EU ja YK: Israelin keskeytett\u00e4v\u00e4 siirtokuntien rakentaminen (HS 19.3.2010)<\/p>","protected":false},"author":9,"featured_media":0,"comment_status":"closed","ping_status":"closed","sticky":false,"template":"","format":"standard","meta":{"zakra_page_container_layout":"customizer","zakra_page_sidebar_layout":"customizer","zakra_remove_content_margin":false,"zakra_sidebar":"customizer","zakra_transparent_header":"customizer","zakra_logo":0,"zakra_main_header_style":"default","zakra_menu_item_color":"","zakra_menu_item_hover_color":"","zakra_menu_item_active_color":"","zakra_menu_active_style":"","zakra_page_header":true,"footnotes":""},"categories":[29],"tags":[],"class_list":["post-782","post","type-post","status-publish","format-standard","hentry","category-uutiset"],"yoast_head":"<!-- This site is optimized with the Yoast SEO plugin v27.5 - https:\/\/yoast.com\/product\/yoast-seo-wordpress\/ -->\n<title>:: L\u00e4hi-id\u00e4n &#039;rauhanv\u00e4litt\u00e4j\u00e4nelikko&#039; v\u00e4l\u00e4ytt\u00e4\u00e4 taas ratkaisua konfliktiin - ja tehostaa vaatimuksiaan jatkamalla sek\u00e4 taloudellista ett\u00e4 sotilaallista yhteisty\u00f6t\u00e4 Israelin kanssa - ICAHD Finland<\/title>\n<meta name=\"robots\" content=\"index, follow, max-snippet:-1, max-image-preview:large, max-video-preview:-1\" \/>\n<link rel=\"canonical\" href=\"https:\/\/www.icahd.fi\/en\/lahi-idan-rauhanvalittajanelikko-valayttaa-taas-ratkaisua-konfliktiin-ja-tehostaa-vaatimuksiaan-jatkamalla-seka-taloudellista-etta-sotilaallista-yhteistyota-israelin-kanssa\/\" \/>\n<meta property=\"og:locale\" content=\"en_GB\" \/>\n<meta property=\"og:type\" content=\"article\" \/>\n<meta property=\"og:title\" content=\":: L\u00e4hi-id\u00e4n &#039;rauhanv\u00e4litt\u00e4j\u00e4nelikko&#039; v\u00e4l\u00e4ytt\u00e4\u00e4 taas ratkaisua konfliktiin - ja tehostaa vaatimuksiaan jatkamalla sek\u00e4 taloudellista ett\u00e4 sotilaallista yhteisty\u00f6t\u00e4 Israelin kanssa - ICAHD Finland\" \/>\n<meta property=\"og:description\" content=\"USA, Ven\u00e4j\u00e4, EU ja YK: Israelin keskeytett\u00e4v\u00e4 siirtokuntien rakentaminen (HS 19.3.2010)\" \/>\n<meta property=\"og:url\" content=\"https:\/\/www.icahd.fi\/en\/lahi-idan-rauhanvalittajanelikko-valayttaa-taas-ratkaisua-konfliktiin-ja-tehostaa-vaatimuksiaan-jatkamalla-seka-taloudellista-etta-sotilaallista-yhteistyota-israelin-kanssa\/\" \/>\n<meta property=\"og:site_name\" content=\"ICAHD Finland\" \/>\n<meta property=\"article:publisher\" content=\"https:\/\/www.facebook.com\/icahdfinland\" \/>\n<meta property=\"article:published_time\" content=\"2010-03-22T08:47:39+00:00\" \/>\n<meta property=\"og:image\" content=\"https:\/\/www.icahd.fi\/wp-content\/uploads\/2020\/01\/logo-teksti.png\" \/>\n\t<meta property=\"og:image:width\" content=\"300\" \/>\n\t<meta property=\"og:image:height\" content=\"109\" \/>\n\t<meta property=\"og:image:type\" content=\"image\/png\" \/>\n<meta name=\"author\" content=\"Syksy\" \/>\n<meta name=\"twitter:card\" content=\"summary_large_image\" \/>\n<meta name=\"twitter:creator\" content=\"@icahdfinland\" \/>\n<meta name=\"twitter:site\" content=\"@icahdfinland\" \/>\n<meta name=\"twitter:label1\" content=\"Written by\" \/>\n\t<meta name=\"twitter:data1\" content=\"Syksy\" \/>\n\t<meta name=\"twitter:label2\" content=\"Estimated reading time\" \/>\n\t<meta name=\"twitter:data2\" content=\"1 minute\" \/>\n<script type=\"application\/ld+json\" class=\"yoast-schema-graph\">{\"@context\":\"https:\\\/\\\/schema.org\",\"@graph\":[{\"@type\":\"Article\",\"@id\":\"https:\\\/\\\/www.icahd.fi\\\/lahi-idan-rauhanvalittajanelikko-valayttaa-taas-ratkaisua-konfliktiin-ja-tehostaa-vaatimuksiaan-jatkamalla-seka-taloudellista-etta-sotilaallista-yhteistyota-israelin-kanssa\\\/#article\",\"isPartOf\":{\"@id\":\"https:\\\/\\\/www.icahd.fi\\\/lahi-idan-rauhanvalittajanelikko-valayttaa-taas-ratkaisua-konfliktiin-ja-tehostaa-vaatimuksiaan-jatkamalla-seka-taloudellista-etta-sotilaallista-yhteistyota-israelin-kanssa\\\/\"},\"author\":{\"name\":\"Syksy\",\"@id\":\"https:\\\/\\\/www.icahd.fi\\\/#\\\/schema\\\/person\\\/1c69d30d135114d7a3a5d5454cf901f8\"},\"headline\":\":: L\u00e4hi-id\u00e4n &#8217;rauhanv\u00e4litt\u00e4j\u00e4nelikko&#8217; v\u00e4l\u00e4ytt\u00e4\u00e4 taas ratkaisua konfliktiin &#8211; ja tehostaa vaatimuksiaan jatkamalla sek\u00e4 taloudellista ett\u00e4 sotilaallista yhteisty\u00f6t\u00e4 Israelin kanssa\",\"datePublished\":\"2010-03-22T08:47:39+00:00\",\"mainEntityOfPage\":{\"@id\":\"https:\\\/\\\/www.icahd.fi\\\/lahi-idan-rauhanvalittajanelikko-valayttaa-taas-ratkaisua-konfliktiin-ja-tehostaa-vaatimuksiaan-jatkamalla-seka-taloudellista-etta-sotilaallista-yhteistyota-israelin-kanssa\\\/\"},\"wordCount\":166,\"publisher\":{\"@id\":\"https:\\\/\\\/www.icahd.fi\\\/#organization\"},\"articleSection\":[\"Uutiset\"],\"inLanguage\":\"en-GB\"},{\"@type\":\"WebPage\",\"@id\":\"https:\\\/\\\/www.icahd.fi\\\/lahi-idan-rauhanvalittajanelikko-valayttaa-taas-ratkaisua-konfliktiin-ja-tehostaa-vaatimuksiaan-jatkamalla-seka-taloudellista-etta-sotilaallista-yhteistyota-israelin-kanssa\\\/\",\"url\":\"https:\\\/\\\/www.icahd.fi\\\/lahi-idan-rauhanvalittajanelikko-valayttaa-taas-ratkaisua-konfliktiin-ja-tehostaa-vaatimuksiaan-jatkamalla-seka-taloudellista-etta-sotilaallista-yhteistyota-israelin-kanssa\\\/\",\"name\":\":: L\u00e4hi-id\u00e4n 'rauhanv\u00e4litt\u00e4j\u00e4nelikko' v\u00e4l\u00e4ytt\u00e4\u00e4 taas ratkaisua konfliktiin - ja tehostaa vaatimuksiaan jatkamalla sek\u00e4 taloudellista ett\u00e4 sotilaallista yhteisty\u00f6t\u00e4 Israelin kanssa - ICAHD Finland\",\"isPartOf\":{\"@id\":\"https:\\\/\\\/www.icahd.fi\\\/#website\"},\"datePublished\":\"2010-03-22T08:47:39+00:00\",\"breadcrumb\":{\"@id\":\"https:\\\/\\\/www.icahd.fi\\\/lahi-idan-rauhanvalittajanelikko-valayttaa-taas-ratkaisua-konfliktiin-ja-tehostaa-vaatimuksiaan-jatkamalla-seka-taloudellista-etta-sotilaallista-yhteistyota-israelin-kanssa\\\/#breadcrumb\"},\"inLanguage\":\"en-GB\",\"potentialAction\":[{\"@type\":\"ReadAction\",\"target\":[\"https:\\\/\\\/www.icahd.fi\\\/lahi-idan-rauhanvalittajanelikko-valayttaa-taas-ratkaisua-konfliktiin-ja-tehostaa-vaatimuksiaan-jatkamalla-seka-taloudellista-etta-sotilaallista-yhteistyota-israelin-kanssa\\\/\"]}]},{\"@type\":\"BreadcrumbList\",\"@id\":\"https:\\\/\\\/www.icahd.fi\\\/lahi-idan-rauhanvalittajanelikko-valayttaa-taas-ratkaisua-konfliktiin-ja-tehostaa-vaatimuksiaan-jatkamalla-seka-taloudellista-etta-sotilaallista-yhteistyota-israelin-kanssa\\\/#breadcrumb\",\"itemListElement\":[{\"@type\":\"ListItem\",\"position\":1,\"name\":\"Home\",\"item\":\"https:\\\/\\\/www.icahd.fi\\\/\"},{\"@type\":\"ListItem\",\"position\":2,\"name\":\":: L\u00e4hi-id\u00e4n &#8216;rauhanv\u00e4litt\u00e4j\u00e4nelikko&#8217; v\u00e4l\u00e4ytt\u00e4\u00e4 taas ratkaisua konfliktiin &#8211; ja tehostaa vaatimuksiaan jatkamalla sek\u00e4 taloudellista ett\u00e4 sotilaallista yhteisty\u00f6t\u00e4 Israelin kanssa\"}]},{\"@type\":\"WebSite\",\"@id\":\"https:\\\/\\\/www.icahd.fi\\\/#website\",\"url\":\"https:\\\/\\\/www.icahd.fi\\\/\",\"name\":\"ICAHD Finland\",\"description\":\"Yht&auml;l&auml;isten oikeuksien puolesta, Israelin apartheidia vastaan\",\"publisher\":{\"@id\":\"https:\\\/\\\/www.icahd.fi\\\/#organization\"},\"potentialAction\":[{\"@type\":\"SearchAction\",\"target\":{\"@type\":\"EntryPoint\",\"urlTemplate\":\"https:\\\/\\\/www.icahd.fi\\\/?s={search_term_string}\"},\"query-input\":{\"@type\":\"PropertyValueSpecification\",\"valueRequired\":true,\"valueName\":\"search_term_string\"}}],\"inLanguage\":\"en-GB\"},{\"@type\":\"Organization\",\"@id\":\"https:\\\/\\\/www.icahd.fi\\\/#organization\",\"name\":\"ICAHD Finland\",\"url\":\"https:\\\/\\\/www.icahd.fi\\\/\",\"logo\":{\"@type\":\"ImageObject\",\"inLanguage\":\"en-GB\",\"@id\":\"https:\\\/\\\/www.icahd.fi\\\/#\\\/schema\\\/logo\\\/image\\\/\",\"url\":\"https:\\\/\\\/www.icahd.fi\\\/wp-content\\\/uploads\\\/2020\\\/01\\\/logo-teksti.png\",\"contentUrl\":\"https:\\\/\\\/www.icahd.fi\\\/wp-content\\\/uploads\\\/2020\\\/01\\\/logo-teksti.png\",\"width\":300,\"height\":109,\"caption\":\"ICAHD Finland\"},\"image\":{\"@id\":\"https:\\\/\\\/www.icahd.fi\\\/#\\\/schema\\\/logo\\\/image\\\/\"},\"sameAs\":[\"https:\\\/\\\/www.facebook.com\\\/icahdfinland\",\"https:\\\/\\\/x.com\\\/icahdfinland\"]},{\"@type\":\"Person\",\"@id\":\"https:\\\/\\\/www.icahd.fi\\\/#\\\/schema\\\/person\\\/1c69d30d135114d7a3a5d5454cf901f8\",\"name\":\"Syksy\",\"image\":{\"@type\":\"ImageObject\",\"inLanguage\":\"en-GB\",\"@id\":\"https:\\\/\\\/secure.gravatar.com\\\/avatar\\\/c8d8a8636968d9ebbc65828564da9c07ccf771e59b4ee6c4c57fde52c70ab3dc?s=96&d=mm&r=g\",\"url\":\"https:\\\/\\\/secure.gravatar.com\\\/avatar\\\/c8d8a8636968d9ebbc65828564da9c07ccf771e59b4ee6c4c57fde52c70ab3dc?s=96&d=mm&r=g\",\"contentUrl\":\"https:\\\/\\\/secure.gravatar.com\\\/avatar\\\/c8d8a8636968d9ebbc65828564da9c07ccf771e59b4ee6c4c57fde52c70ab3dc?s=96&d=mm&r=g\",\"caption\":\"Syksy\"}}]}<\/script>\n<!-- \/ Yoast SEO plugin. -->","yoast_head_json":{"title":":: L\u00e4hi-id\u00e4n 'rauhanv\u00e4litt\u00e4j\u00e4nelikko' v\u00e4l\u00e4ytt\u00e4\u00e4 taas ratkaisua konfliktiin - ja tehostaa vaatimuksiaan jatkamalla sek\u00e4 taloudellista ett\u00e4 sotilaallista yhteisty\u00f6t\u00e4 Israelin kanssa - ICAHD Finland","robots":{"index":"index","follow":"follow","max-snippet":"max-snippet:-1","max-image-preview":"max-image-preview:large","max-video-preview":"max-video-preview:-1"},"canonical":"https:\/\/www.icahd.fi\/en\/lahi-idan-rauhanvalittajanelikko-valayttaa-taas-ratkaisua-konfliktiin-ja-tehostaa-vaatimuksiaan-jatkamalla-seka-taloudellista-etta-sotilaallista-yhteistyota-israelin-kanssa\/","og_locale":"en_GB","og_type":"article","og_title":":: L\u00e4hi-id\u00e4n 'rauhanv\u00e4litt\u00e4j\u00e4nelikko' v\u00e4l\u00e4ytt\u00e4\u00e4 taas ratkaisua konfliktiin - ja tehostaa vaatimuksiaan jatkamalla sek\u00e4 taloudellista ett\u00e4 sotilaallista yhteisty\u00f6t\u00e4 Israelin kanssa - ICAHD Finland","og_description":"USA, Ven\u00e4j\u00e4, EU ja YK: Israelin keskeytett\u00e4v\u00e4 siirtokuntien rakentaminen (HS 19.3.2010)","og_url":"https:\/\/www.icahd.fi\/en\/lahi-idan-rauhanvalittajanelikko-valayttaa-taas-ratkaisua-konfliktiin-ja-tehostaa-vaatimuksiaan-jatkamalla-seka-taloudellista-etta-sotilaallista-yhteistyota-israelin-kanssa\/","og_site_name":"ICAHD Finland","article_publisher":"https:\/\/www.facebook.com\/icahdfinland","article_published_time":"2010-03-22T08:47:39+00:00","og_image":[{"width":300,"height":109,"url":"https:\/\/www.icahd.fi\/wp-content\/uploads\/2020\/01\/logo-teksti.png","type":"image\/png"}],"author":"Syksy","twitter_card":"summary_large_image","twitter_creator":"@icahdfinland","twitter_site":"@icahdfinland","twitter_misc":{"Written by":"Syksy","Estimated reading time":"1 minute"},"schema":{"@context":"https:\/\/schema.org","@graph":[{"@type":"Article","@id":"https:\/\/www.icahd.fi\/lahi-idan-rauhanvalittajanelikko-valayttaa-taas-ratkaisua-konfliktiin-ja-tehostaa-vaatimuksiaan-jatkamalla-seka-taloudellista-etta-sotilaallista-yhteistyota-israelin-kanssa\/#article","isPartOf":{"@id":"https:\/\/www.icahd.fi\/lahi-idan-rauhanvalittajanelikko-valayttaa-taas-ratkaisua-konfliktiin-ja-tehostaa-vaatimuksiaan-jatkamalla-seka-taloudellista-etta-sotilaallista-yhteistyota-israelin-kanssa\/"},"author":{"name":"Syksy","@id":"https:\/\/www.icahd.fi\/#\/schema\/person\/1c69d30d135114d7a3a5d5454cf901f8"},"headline":":: L\u00e4hi-id\u00e4n &#8217;rauhanv\u00e4litt\u00e4j\u00e4nelikko&#8217; v\u00e4l\u00e4ytt\u00e4\u00e4 taas ratkaisua konfliktiin &#8211; ja tehostaa vaatimuksiaan jatkamalla sek\u00e4 taloudellista ett\u00e4 sotilaallista yhteisty\u00f6t\u00e4 Israelin kanssa","datePublished":"2010-03-22T08:47:39+00:00","mainEntityOfPage":{"@id":"https:\/\/www.icahd.fi\/lahi-idan-rauhanvalittajanelikko-valayttaa-taas-ratkaisua-konfliktiin-ja-tehostaa-vaatimuksiaan-jatkamalla-seka-taloudellista-etta-sotilaallista-yhteistyota-israelin-kanssa\/"},"wordCount":166,"publisher":{"@id":"https:\/\/www.icahd.fi\/#organization"},"articleSection":["Uutiset"],"inLanguage":"en-GB"},{"@type":"WebPage","@id":"https:\/\/www.icahd.fi\/lahi-idan-rauhanvalittajanelikko-valayttaa-taas-ratkaisua-konfliktiin-ja-tehostaa-vaatimuksiaan-jatkamalla-seka-taloudellista-etta-sotilaallista-yhteistyota-israelin-kanssa\/","url":"https:\/\/www.icahd.fi\/lahi-idan-rauhanvalittajanelikko-valayttaa-taas-ratkaisua-konfliktiin-ja-tehostaa-vaatimuksiaan-jatkamalla-seka-taloudellista-etta-sotilaallista-yhteistyota-israelin-kanssa\/","name":":: L\u00e4hi-id\u00e4n 'rauhanv\u00e4litt\u00e4j\u00e4nelikko' v\u00e4l\u00e4ytt\u00e4\u00e4 taas ratkaisua konfliktiin - ja tehostaa vaatimuksiaan jatkamalla sek\u00e4 taloudellista ett\u00e4 sotilaallista yhteisty\u00f6t\u00e4 Israelin kanssa - ICAHD Finland","isPartOf":{"@id":"https:\/\/www.icahd.fi\/#website"},"datePublished":"2010-03-22T08:47:39+00:00","breadcrumb":{"@id":"https:\/\/www.icahd.fi\/lahi-idan-rauhanvalittajanelikko-valayttaa-taas-ratkaisua-konfliktiin-ja-tehostaa-vaatimuksiaan-jatkamalla-seka-taloudellista-etta-sotilaallista-yhteistyota-israelin-kanssa\/#breadcrumb"},"inLanguage":"en-GB","potentialAction":[{"@type":"ReadAction","target":["https:\/\/www.icahd.fi\/lahi-idan-rauhanvalittajanelikko-valayttaa-taas-ratkaisua-konfliktiin-ja-tehostaa-vaatimuksiaan-jatkamalla-seka-taloudellista-etta-sotilaallista-yhteistyota-israelin-kanssa\/"]}]},{"@type":"BreadcrumbList","@id":"https:\/\/www.icahd.fi\/lahi-idan-rauhanvalittajanelikko-valayttaa-taas-ratkaisua-konfliktiin-ja-tehostaa-vaatimuksiaan-jatkamalla-seka-taloudellista-etta-sotilaallista-yhteistyota-israelin-kanssa\/#breadcrumb","itemListElement":[{"@type":"ListItem","position":1,"name":"Home","item":"https:\/\/www.icahd.fi\/"},{"@type":"ListItem","position":2,"name":":: L\u00e4hi-id\u00e4n &#8216;rauhanv\u00e4litt\u00e4j\u00e4nelikko&#8217; v\u00e4l\u00e4ytt\u00e4\u00e4 taas ratkaisua konfliktiin &#8211; ja tehostaa vaatimuksiaan jatkamalla sek\u00e4 taloudellista ett\u00e4 sotilaallista yhteisty\u00f6t\u00e4 Israelin kanssa"}]},{"@type":"WebSite","@id":"https:\/\/www.icahd.fi\/#website","url":"https:\/\/www.icahd.fi\/","name":"In 2012, ICAHD Finland","description":"Yht&auml;l&auml;isten oikeuksien puolesta, Israelin apartheidia vastaan","publisher":{"@id":"https:\/\/www.icahd.fi\/#organization"},"potentialAction":[{"@type":"SearchAction","target":{"@type":"EntryPoint","urlTemplate":"https:\/\/www.icahd.fi\/?s={search_term_string}"},"query-input":{"@type":"PropertyValueSpecification","valueRequired":true,"valueName":"search_term_string"}}],"inLanguage":"en-GB"},{"@type":"Organization","@id":"https:\/\/www.icahd.fi\/#organization","name":"In 2012, ICAHD Finland","url":"https:\/\/www.icahd.fi\/","logo":{"@type":"ImageObject","inLanguage":"en-GB","@id":"https:\/\/www.icahd.fi\/#\/schema\/logo\/image\/","url":"https:\/\/www.icahd.fi\/wp-content\/uploads\/2020\/01\/logo-teksti.png","contentUrl":"https:\/\/www.icahd.fi\/wp-content\/uploads\/2020\/01\/logo-teksti.png","width":300,"height":109,"caption":"ICAHD Finland"},"image":{"@id":"https:\/\/www.icahd.fi\/#\/schema\/logo\/image\/"},"sameAs":["https:\/\/www.facebook.com\/icahdfinland","https:\/\/x.com\/icahdfinland"]},{"@type":"Person","@id":"https:\/\/www.icahd.fi\/#\/schema\/person\/1c69d30d135114d7a3a5d5454cf901f8","name":"Syksy","image":{"@type":"ImageObject","inLanguage":"en-GB","@id":"https:\/\/secure.gravatar.com\/avatar\/c8d8a8636968d9ebbc65828564da9c07ccf771e59b4ee6c4c57fde52c70ab3dc?s=96&d=mm&r=g","url":"https:\/\/secure.gravatar.com\/avatar\/c8d8a8636968d9ebbc65828564da9c07ccf771e59b4ee6c4c57fde52c70ab3dc?s=96&d=mm&r=g","contentUrl":"https:\/\/secure.gravatar.com\/avatar\/c8d8a8636968d9ebbc65828564da9c07ccf771e59b4ee6c4c57fde52c70ab3dc?s=96&d=mm&r=g","caption":"Syksy"}}]}},"acf":[],"_links":{"self":[{"href":"https:\/\/www.icahd.fi\/en\/wp-json\/wp\/v2\/posts\/782","targetHints":{"allow":["GET"]}}],"collection":[{"href":"https:\/\/www.icahd.fi\/en\/wp-json\/wp\/v2\/posts"}],"about":[{"href":"https:\/\/www.icahd.fi\/en\/wp-json\/wp\/v2\/types\/post"}],"author":[{"embeddable":true,"href":"https:\/\/www.icahd.fi\/en\/wp-json\/wp\/v2\/users\/9"}],"replies":[{"embeddable":true,"href":"https:\/\/www.icahd.fi\/en\/wp-json\/wp\/v2\/comments?post=782"}],"version-history":[{"count":0,"href":"https:\/\/www.icahd.fi\/en\/wp-json\/wp\/v2\/posts\/782\/revisions"}],"wp:attachment":[{"href":"https:\/\/www.icahd.fi\/en\/wp-json\/wp\/v2\/media?parent=782"}],"wp:term":[{"taxonomy":"category","embeddable":true,"href":"https:\/\/www.icahd.fi\/en\/wp-json\/wp\/v2\/categories?post=782"},{"taxonomy":"post_tag","embeddable":true,"href":"https:\/\/www.icahd.fi\/en\/wp-json\/wp\/v2\/tags?post=782"}],"curies":[{"name":"wp","href":"https:\/\/api.w.org\/{rel}","templated":true}]}}