{"id":6582,"date":"2018-06-25T17:40:33","date_gmt":"2018-06-25T14:40:33","guid":{"rendered":"http:\/\/www.icahd.fi\/?p=6582"},"modified":"2020-03-31T09:31:53","modified_gmt":"2020-03-31T06:31:53","slug":"seura-suomen-palestiinalaiset-kertovat-mita-sota-heille-merkitsee","status":"publish","type":"post","link":"https:\/\/www.icahd.fi\/en\/seura-suomen-palestiinalaiset-kertovat-mita-sota-heille-merkitsee\/","title":{"rendered":"Seura: &#8221;Suomen palestiinalaiset kertovat, mit\u00e4 sota heille merkitsee&#8221;"},"content":{"rendered":"<p>Toinen on luterilainen pappi, toinen on syntynyt Suomessa. Nyt Ramez Ansara ja Noor Assad puhuvat siit\u00e4, mit\u00e4 he ajattelevat Israelista, Palestiinasta ja Trumpista<\/p>\n<p><!--more--><\/p>\n<blockquote><p>Juttu julkaistu Seurassa 24.6.2018, teksti: Oona Komonen<\/p>\n<p>https:\/\/seura.fi\/asiat\/ajankohtaista\/suomen-palestiinalaiset-kertovat-mita-sota-heille-merkitsee-yhdysvaltojen-pitaisi-auttaa-rauhan-rakentamisessa-eika-lisata-sotkua\/<\/p><\/blockquote>\n<p class=\"dropcap\">Ep\u00e4luulo kansojen v\u00e4lill\u00e4 on jatkunut pitk\u00e4\u00e4n.<\/p>\n<p>Seitsem\u00e4nkymment\u00e4 vuotta.<\/p>\n<p>Toukokuun 15. p\u00e4iv\u00e4, vuonna 1948 Israelin valtio julistettiin perustetuksi. Sadat tuhannet palestiinalaiset pakenivat alueelta: osa L\u00e4nsirannalle ja Gazaan, osa muihin arabimaihin tai viel\u00e4 kauas.<\/p>\n<p>Eik\u00e4 se p\u00e4\u00e4ttynyt siihen.<\/p>\n<p>Israelin ja palestiinalaisten v\u00e4linen sota nousee aika ajoin pinnalle, vuosi vuodelta.<\/p>\n<p>Milt\u00e4 pitk\u00e4 ja loputon sotatilanne tuntuu? Miten sen voi ratkaista?<\/p>\n<p>T\u00e4t\u00e4 juttua varten on haastateltu kahta Suomen palestiinalaista, jotka ovat erilaisista taustoista. He kertovat, millainen side heill\u00e4 on historiallisen Palestiinan alueeseen ja miten he n\u00e4kev\u00e4t konfliktin.<\/p>\n<p>Toisen heist\u00e4 tarina alkaa kuuden p\u00e4iv\u00e4n sodasta.<\/p>\n<div id=\"attachment_1799246\" class=\"wp-caption alignnone\" style=\"width: 428px;\">\n<p><a href=\"https:\/\/seura.fi\/wp-content\/uploads\/2018\/06\/ramez_ansara_.jpg\"><br \/>\n<img fetchpriority=\"high\" decoding=\"async\" class=\"wp-image-1799246\" src=\"https:\/\/seura.fi\/wp-content\/uploads\/2018\/06\/ramez_ansara_.jpg\" sizes=\"(max-width: 1200px) 100vw, 1200px\" alt=\"Ramez Ansara on Helsingin Herttoniemen seurakunnan arabiankielisen seurakuntaty\u00f6n pastori.\" width=\"418\" height=\"500\" \/><\/a><\/p>\n<p class=\"wp-caption-text\">\n<\/div>\n<h2><span style=\"background-attachment: scroll; background-clip: border-box; background-color: transparent; background-image: none; background-origin: padding-box; background-position-x: 0%; background-position-y: 0%; background-repeat: repeat; background-size: auto; color: #444444; display: inline; float: none; font-family: &amp;quot; pt sans&amp;quot;,&amp;quot;droid sans&amp;quot;,arial,helvetica,sans-serif; font-size: 13px; font-style: normal; font-variant: normal; font-weight: 400; letter-spacing: normal; line-height: 16.9px; orphans: 2; text-align: left; text-decoration: none; text-indent: 0px; text-transform: none; -webkit-text-stroke-width: 0px; white-space: normal; word-spacing: 0px;\"><span style=\"font-family: Arial;\">Ramez Ansara on Helsingin Herttoniemen seurakunnan arabiankielisen seurakuntaty\u00f6n pastori. <\/span><\/span><span class=\"typography__copyright\" style=\"background-attachment: scroll; background-clip: border-box; background-color: transparent; background-image: none; background-origin: padding-box; background-position-x: 0%; background-position-y: 0%; background-repeat: repeat; background-size: auto; color: #444444; font-family: &amp;quot; pt sans&amp;quot;,&amp;quot;droid sans&amp;quot;,arial,helvetica,sans-serif; font-size: 13px; font-style: normal; font-variant: normal; font-weight: 400; letter-spacing: normal; line-height: 16.9px; orphans: 2; text-align: left; text-decoration: none; text-indent: 0px; text-transform: none; -webkit-text-stroke-width: 0px; white-space: normal; word-spacing: 0px;\">\u00a9\u00a0Pekka Niemeinen \/ Otavamedia<\/span><\/h2>\n<h2><b style=\"background-attachment: scroll; background-clip: border-box; background-color: transparent; background-image: none; background-origin: padding-box; background-position-x: 0%; background-position-y: 0%; background-repeat: repeat; background-size: auto; color: #000000; font-family: &amp;quot; pt sans&amp;quot;,&amp;quot;droid sans&amp;quot;,arial,helvetica,sans-serif; font-size: 13px; font-style: normal; font-variant: normal; font-weight: bold; letter-spacing: normal; line-height: 16.9px; orphans: 2; text-align: center; text-decoration: none; text-indent: 0px; text-transform: none; -webkit-text-stroke-width: 0px; white-space: normal; word-spacing: 0px;\"><\/b><i style=\"background-attachment: scroll; background-clip: border-box; background-color: transparent; background-image: none; background-origin: padding-box; background-position-x: 0%; background-position-y: 0%; background-repeat: repeat; background-size: auto; border-image-outset: 0; border-image-repeat: stretch; border-image-slice: 100%; border-image-source: none; border-image-width: 1; color: #444444; font-family: &amp;quot; pt sans&amp;quot;,&amp;quot;droid sans&amp;quot;,arial,helvetica,sans-serif; font-size: 13px; font-style: italic; font-variant: normal; font-weight: 400; letter-spacing: normal; line-height: 16.9px; orphans: 2; text-align: center; text-decoration: none; text-indent: 0px; text-transform: none; -webkit-text-stroke-width: 0px; white-space: normal; word-spacing: 0px; border: 0px none #444444;\"><\/i><u style=\"background-attachment: scroll; background-clip: border-box; background-color: transparent; background-image: none; background-origin: padding-box; background-position-x: 0%; background-position-y: 0%; background-repeat: repeat; background-size: auto; color: #444444; font-family: &amp;quot; pt sans&amp;quot;,&amp;quot;droid sans&amp;quot;,arial,helvetica,sans-serif; font-size: 13px; font-style: normal; font-variant: normal; font-weight: 400; letter-spacing: normal; line-height: 16.9px; orphans: 2; text-align: center; text-decoration: underline; text-indent: 0px; text-transform: none; -webkit-text-stroke-width: 0px; white-space: normal; word-spacing: 0px;\"><\/u>Sodan j\u00e4lkeen<\/h2>\n<p><a href=\"https:\/\/www.hs.fi\/ulkomaat\/art-2000005243917.html\" target=\"_blank\" rel=\"noopener noreferrer\">Taustalla oli<\/a> juutalaisten ja arabimaiden erimielisyys: kenelle historiallinen Palestiinan alue kuuluu.<\/p>\n<p>Maanantaiaamuna alkoi sota. Oli kes\u00e4kuun 5. p\u00e4iv\u00e4, vuosi 1967.<\/p>\n<p>Israelin armeija tuhosi Egyptin ilmavoimat nopeasti ja valtasi Siinain niemimaan ja Gazan alueet.<\/p>\n<p>Toisella rintamalla armeija puolustautui Syyriaa vastaan, joka teki iskuja juutalaissiirtokuntiin.<\/p>\n<p>Sota laajeni Jerusalemiin, jota Jordania tulitti.<\/p>\n<p>Kaupungin it\u00e4osassa, hieman vanhan kaupungin ulkopuolella, oli raskaana oleva nainen. Synnytys oli k\u00e4ynnistym\u00e4ss\u00e4.<\/p>\n<p>Nainen pyysi naapureilta apua. Piti p\u00e4\u00e4st\u00e4 sairaalaan sodan keskell\u00e4.<\/p>\n<p>Matka kesti kauan. N\u00e4kyi kuolleita ihmisi\u00e4, pitkin katua.<\/p>\n<blockquote><p>\u201dT\u00e4m\u00e4 on hyv\u00e4 tarina.\u201d<\/p><\/blockquote>\n<p>Sairaalassa oli tyhj\u00e4 k\u00e4yt\u00e4v\u00e4t, tyhj\u00e4t huoneet. Vain yksi l\u00e4\u00e4k\u00e4ri, matkatavaroineen. L\u00e4\u00e4k\u00e4ri oli l\u00e4hd\u00f6ss\u00e4 pakoon sotaa Jordaniaan. H\u00e4n suostui viel\u00e4 j\u00e4\u00e4m\u00e4\u00e4n hetkeksi ja auttamaan naista synnytyksess\u00e4.<\/p>\n<p>Sen j\u00e4lkeen nainen j\u00e4i yksin.<\/p>\n<p>Sairaalasta h\u00e4net l\u00f6ysiv\u00e4t Israelin sotilaat. He toivat naiselle juotavaa, lapselle vaippoja \u2013<span class=\"nbsp\">\u00a0<\/span>ja saattoivat heid\u00e4t kotiin.<\/p>\n<p>\u201dT\u00e4m\u00e4 on hyv\u00e4 tarina\u201d, sanoo <strong>Ramez Ansara<\/strong>.<\/p>\n<p>Kuuden p\u00e4iv\u00e4n sodan keskelle syntyi Ansaran isoveli.<\/p>\n<p>Sodassa Israel voitti sit\u00e4 vastaan hy\u00f6k\u00e4nneet arabivaltion, valloittaen Jordanialta L\u00e4nsirannan ja It\u00e4-Jerusalemin sek\u00e4 Syyrialta Golanin kukkulat.<\/p>\n<p>Ansara itse syntyi kuusi vuotta my\u00f6hemmin, vuonna 1973. Silti kuuden p\u00e4iv\u00e4n sodan vaikutukset ovat n\u00e4kyneet my\u00f6s h\u00e4nen el\u00e4m\u00e4ss\u00e4\u00e4n.<\/p>\n<h2>Vihaa kansojen v\u00e4lille<\/h2>\n<p>Ramez Ansara huokaa ja pudistaa p\u00e4\u00e4t\u00e4\u00e4n.<\/p>\n<p>\u201dYhdysvaltojen pit\u00e4isi auttaa rauhan rakentamisessa eik\u00e4 lis\u00e4t\u00e4 sotkua alueelle. <strong>Trump<\/strong> on ihminen, jota en arvosta lainkaan.\u201d<\/p>\n<p>Joulukuussa 2017 Yhdysvaltain presidentti Donald Trump\u00a0<a href=\"https:\/\/suomenkuvalehti.fi\/jutut\/ulkomaat\/lahi-ita\/trump-avasi-helvetin-portit-presidentin-lupaama-diili-lahi-idan-rauhasta-lipuu-yha-kauemmas\/?shared=998395-83699e44-999\" target=\"_blank\" rel=\"noopener noreferrer\">k\u00e4ski siirt\u00e4\u00e4<\/a>\u00a0maansa suurl\u00e4hetyst\u00f6n Tel Avivista Jerusalemiin ja tunnusti Jerusalemin Israelin p\u00e4\u00e4kaupungiksi.<\/p>\n<p>Suurl\u00e4hetyst\u00f6 avattiin Jerusalemissa 14. toukokuuta 2018.<\/p>\n<p>\u201dKyse oli palestiinalaisten solvaamisesta\u201d, Ansara sanoo.<\/p>\n<blockquote><p>\u201dYhdysvallat halusi n\u00e4ytt\u00e4\u00e4 muskeleitaan.\u201d<\/p><\/blockquote>\n<p>\u201dYhdysvallat tiet\u00e4\u00e4, ett\u00e4 t\u00e4m\u00e4 voi sytytt\u00e4\u00e4 sodan. Ja ihmiset kuolevat t\u00e4m\u00e4n takia. Se halusi n\u00e4ytt\u00e4\u00e4 muskeleitaan muille arabivaltioille. Se haluaa sanoa olevansa maailman vahvin maa.\u201d<\/p>\n<p>Jerusalem on pysynyt ratkaisemattomana kysymyksen\u00e4 Israelin ja palestiinalaisten v\u00e4lill\u00e4. Kansainv\u00e4lisen yhteis\u00f6n mukaan kaupungin kohtalo pit\u00e4\u00e4\u00a0<a href=\"http:\/\/www.independent.co.uk\/news\/world\/middle-east\/jerusalem-live-updates-israel-capital-donald-trump-latest-news-palestine-us-president-recognise-a8094321.html\" target=\"_blank\" rel=\"noopener noreferrer\">ratkaista osapuolten v\u00e4lisiss\u00e4<\/a>\u00a0rauhanneuvotteluissa.<\/p>\n<p>Israel pit\u00e4\u00e4 Jerusalemia sen \u201djakamattomana ja ikuisena p\u00e4\u00e4kaupunkinaan\u201d.<\/p>\n<p>Palestiinalaiset taas vaativat itselleen itsen\u00e4ist\u00e4 valtiota, jonka p\u00e4\u00e4kaupunki olisi It\u00e4-Jerusalem.<\/p>\n<p>Ent\u00e4 miksi Israel hyv\u00e4ksyi Trumpin p\u00e4\u00e4t\u00f6ksen? Sit\u00e4 on vaikea ymm\u00e4rt\u00e4\u00e4, sanoo Ansara.<\/p>\n<p>\u201dLis\u00e4\u00e4 valtaa, kyll\u00e4. Mutta my\u00f6s lis\u00e4\u00e4 vihaa ihmisten v\u00e4liin.\u201d<\/p>\n<p class=\"wp-caption-text\"><span style=\"color: #000000;\"><span class=\"typography__copyright\">\u00a0<\/span><\/span><\/p>\n<div id=\"attachment_1799247\" class=\"wp-caption alignnone\" style=\"width: 459px;\">\n<p><a href=\"https:\/\/seura.fi\/wp-content\/uploads\/2018\/06\/noor_assad_.jpg\"><\/p>\n<p><img decoding=\"async\" class=\"wp-image-1799247\" src=\"https:\/\/seura.fi\/wp-content\/uploads\/2018\/06\/noor_assad_.jpg\" sizes=\"(max-width: 1200px) 100vw, 1200px\" alt=\"Noor Assad on syntyper\u00e4inen suomalainen.\" width=\"449\" height=\"500\" \/><\/a><\/p>\n<\/div>\n<h2><span style=\"background-attachment: scroll; background-clip: border-box; background-color: transparent; background-image: none; background-origin: padding-box; background-position-x: 0%; background-position-y: 0%; background-repeat: repeat; background-size: auto; color: #000000; display: inline; float: none; font-family: &amp;quot; pt sans&amp;quot;,&amp;quot;droid sans&amp;quot;,arial,helvetica,sans-serif; font-size: 13px; font-style: normal; font-variant: normal; font-weight: 400; letter-spacing: normal; line-height: 16.9px; orphans: 2; text-align: left; text-decoration: none; text-indent: 0px; text-transform: none; -webkit-text-stroke-width: 0px; white-space: normal; word-spacing: 0px;\">Noor Assad on syntyper\u00e4inen suomalainen. <\/span><span class=\"typography__copyright\" style=\"background-attachment: scroll; background-clip: border-box; background-color: transparent; background-image: none; background-origin: padding-box; background-position-x: 0%; background-position-y: 0%; background-repeat: repeat; background-size: auto; color: #444444; font-family: &amp;quot; pt sans&amp;quot;,&amp;quot;droid sans&amp;quot;,arial,helvetica,sans-serif; font-size: 13px; font-style: normal; font-variant: normal; font-weight: 400; letter-spacing: normal; line-height: 16.9px; orphans: 2; text-align: left; text-decoration: none; text-indent: 0px; text-transform: none; -webkit-text-stroke-width: 0px; white-space: normal; word-spacing: 0px;\">\u00a9\u00a0Pekka Nieminen \/ Otavamedia<\/span><b><\/b><i><\/i><u><\/u><\/h2>\n<h2>\u201dSe koskee minua\u201d<\/h2>\n<p><strong>Noor Assad<\/strong> ei ole vihainen \u2013<span class=\"nbsp\">\u00a0<\/span>eik\u00e4 katkera.<\/p>\n<p>\u201dSe ei johda mihink\u00e4\u00e4n\u201d, h\u00e4n sanoo. \u201dOikea ratkaisu konfliktiin on diplomaattinen ja ratkaisukeskeinen l\u00e4hestymistapa.\u201d<\/p>\n<p>Assad seuraa Israelin ja palestiinalaisten v\u00e4list\u00e4 sotaa tiiviisti.<\/p>\n<p>H\u00e4n kuuluu <a href=\"http:\/\/www.icahd.fi\/en\/\" target=\"_blank\" rel=\"noopener noreferrer\">In 2012, ICAHD Finland<\/a> -j\u00e4rjest\u00f6\u00f6n (Israeli Committee Against House Demolitions), joka kampanjoi Israelin miehityksen alla olevien palestiinalaisten puolesta.<\/p>\n<p>Assad on syntyper\u00e4inen suomalainen.<\/p>\n<p>H\u00e4nen isovanhempansa pakenivat Palestiinan Nasaretista, nykyisen Israelin valtion alueelta vuonna 1948. Nasaretista he saapuivat tyhj\u00e4lle maa-alueelle Libanoniin. Siell\u00e4 oli vain telttoja ja sotaa paenneita ihmisi\u00e4.<\/p>\n<p>Libanonin alueelle muodostui palestiinalaispakolaisten leiri.<\/p>\n<p>Siell\u00e4 syntyiv\u00e4t my\u00f6s Assadin vanhemmat. Is\u00e4 opiskeli lukiossa, Libanonissa. P\u00e4\u00e4si sen j\u00e4lkeen opiskelemaan insin\u00f6\u00f6riksi Turkkiin.<\/p>\n<blockquote><p>\u00c4iti olisi halunnut l\u00e4\u00e4k\u00e4riksi.<\/p><\/blockquote>\n<p>\u00c4iti opiskeli yliopistossa, \u00e4idinkielt\u00e4 ja kirjallisuutta. H\u00e4n keskeytti opinnot my\u00f6hemmin, ei olisi edes halunnut opiskella siell\u00e4.<\/p>\n<p>Oikeastaan \u00e4iti olisi halunnut l\u00e4\u00e4k\u00e4riksi, mutta Libanonin laki kielsi palestiinalaisia ty\u00f6skentelem\u00e4st\u00e4 l\u00e4\u00e4k\u00e4rin\u00e4.<\/p>\n<p>Vanhemmat halusivat muuttaa muualle. Ensin piti saada ty\u00f6paikka. Se oli haastavaa, sill\u00e4 heilt\u00e4 puuttui kansalaisuus. Libanonin valtio ei my\u00f6nt\u00e4nyt sit\u00e4 palestiinalaispakolaisille.<\/p>\n<p>Lopulta ty\u00f6paikka l\u00f6ytyi Suomesta. He muuttivat yli 20 vuotta sitten.<\/p>\n<p>Palestiinalaisjuurien vuoksi Assad ei voi olla v\u00e4litt\u00e4m\u00e4tt\u00e4 Israelin ja palestiinalaisten v\u00e4lisest\u00e4 konfliktista.<\/p>\n<p>\u201dKoska se koskee my\u00f6s minua.\u201d<\/p>\n<h2>P\u00e4\u00e4sy kielletty<\/h2>\n<p>Assad haluaisi matkustaa Nasaretiin ja n\u00e4hd\u00e4 sukunsa entiset, menetetyt maat.<\/p>\n<p>H\u00e4nen vanhempansa ja isovanhempansa eiv\u00e4t ole yritt\u00e4neet p\u00e4\u00e4st\u00e4 takaisin. Vuoden 1948 j\u00e4lkeen palestiinalaispakolaiset eiv\u00e4t ole saaneet palata takaisin mailleen.<\/p>\n<p>Isovanhempien kodit tuhottiin. Niiden tilalle istutettiin puita.<\/p>\n<p>\u201dSit\u00e4 tapahtuu usein: muun muassa j\u00e4rjest\u00f6 nimelt\u00e4\u00e4n Jewish National Fund (JNF) on mukana mets\u00e4nistutusprojekteissa, joiden tarkoituksena on h\u00e4ivytt\u00e4\u00e4 maan entinen historia ja n\u00e4ytt\u00e4yty\u00e4 puita istuttavana luonnonyst\u00e4v\u00e4n\u00e4 peitt\u00e4en samalla tehtyj\u00e4 v\u00e4\u00e4ryyksi\u00e4. Ilmi\u00f6 tunnetaan my\u00f6s <a href=\"http:\/\/www.israelilaundry.org\/category\/greenwashing\/\" target=\"_blank\" rel=\"noopener noreferrer\">nimell\u00e4 <em>greenwash<\/em><\/a>\u201d, Assad kritisoi.<\/p>\n<p>Matkustaminen Nasaretiin ei onnistu. Edes syntyper\u00e4isen\u00e4 suomalaisena.<\/p>\n<blockquote><p>\u201dIsraelille ei kelpaa se, ett\u00e4 olen Suomesta.\u201d<\/p><\/blockquote>\n<p>\u201dTel Avivin lentokentt\u00e4 on tunnettu sattumanvaraisista kuulusteluista. Ulkon\u00e4k\u00f6ni takia minut valitaan varmasti \u2019sattumalta\u2019. Kuulusteluissa kysyt\u00e4\u00e4n alkuper\u00e4\u00e4, eik\u00e4 Israelille kelpaa se, ett\u00e4 olen Suomesta. Kysymys on \u2019<em>where are you from from<\/em>\u2019. Silloin perhetausta tulee ilmi.\u201d<\/p>\n<p>Toinen syy on BDS-liikkeen (Boycott, Divestment and Sanctions) kannatus. Liike kehottaa boikotoimaan taloudellisesti, kulttuurillisesti ja akateemisesti israelilaisia yrityksi\u00e4.<\/p>\n<p>Liike on vahvistunut viime vuosina, mik\u00e4 <a href=\"https:\/\/yle.fi\/uutiset\/3-9494791\" target=\"_blank\" rel=\"noopener noreferrer\">\u00e4rsytt\u00e4\u00e4 Israelia<\/a>.<\/p>\n<p>Maan parlamentti Knesset hyv\u00e4ksyi maaliskuussa 2017 lain, joka <a href=\"https:\/\/www.independent.co.uk\/news\/world\/middle-east\/israel-travel-ban-boycott-supporters-bds-movement-banned-knesset-vote-settlements-visas-residency-a7616701.html\" target=\"_blank\" rel=\"noopener noreferrer\">est\u00e4\u00e4 boikotti-liikkeen<\/a> edustajien p\u00e4\u00e4syn Israeliin. Lis\u00e4ksi liikett\u00e4 kannattaville ulkomaalaisille ei my\u00f6nnet\u00e4 viisumia tai oleskelulupaa.<\/p>\n<p>Se on Assadin mukaan v\u00e4\u00e4rin.<\/p>\n<p>\u201dMielipidevapauden rajoittamista.\u201d<\/p>\n<h2>\u201dEn ole maassani vapaa\u201d<\/h2>\n<p>Ramallahin kaupunki on rakennettu m\u00e4kien p\u00e4\u00e4lle, L\u00e4nsirannan alueen keskiosaan.<\/p>\n<p>Kes\u00e4isin kaupungissa on viile\u00e4\u00e4, talvisin l\u00e4mmint\u00e4. Kaupungissa on <a href=\"http:\/\/www.ramallah.ps\/page.aspx?id=63XxFHa2209018713a63XxFH\" target=\"_blank\" rel=\"noopener noreferrer\">rikas kulttuuriel\u00e4m\u00e4<\/a>: konsertteja, runoutta, kirjallisuustapahtumia.<\/p>\n<p>Vuoden 1948 sodan aikana Ramallahiin tuli <a href=\"https:\/\/www.wrmea.org\/1994-july-august\/middle-east-history-expulsion-of-the-palestinians\u2014lydda-and-ramleh-in-1948.html\" target=\"_blank\" rel=\"noopener noreferrer\">pakolaisia erityisesti<\/a> Lyddan ja Ramlehin kaupungeista. Ne sijaitsevat nykyisen Israelin alueella.<\/p>\n<p>Nyky\u00e4\u00e4n kaupungissa <a href=\"http:\/\/pcbs.gov.ps\/Portals\/_Rainbow\/Documents\/ramallah.htm\" target=\"_blank\" rel=\"noopener noreferrer\">asuu<\/a> reilut 35<span class=\"nbsp\">\u00a0<\/span>000 ihmist\u00e4.<\/p>\n<p>Ramez Ansaran vanhemmat pakenivat Lyddasta Ramallahiin, sota-aikana. Is\u00e4 halusi lastensa syntyv\u00e4n kuitenkin Jerusalemissa.<\/p>\n<p>Syntyper\u00e4inen jerusalemilainen saa yleens\u00e4 <em>blue cardin<\/em>, <a href=\"https:\/\/www.aljazeera.com\/news\/2017\/11\/colour-coded-israeli-id-system-palestinians-171115164848669.html\" target=\"_blank\" rel=\"noopener noreferrer\">henkil\u00f6kortin<\/a>. Se oikeuttaa liikkumaan Jerusalemissa, L\u00e4nsirannalla ja Israelissa.<\/p>\n<p>Ansara syntyi Jerusalemissa, mutta varttui ja asui Ramallahissa. H\u00e4nesti tuli kaupungin luterilaisen seurakunnan kirkkoherra.<\/p>\n<p>Vuoden 2009 h\u00e4n muutti suomalaisen vaimonsa kanssa Suomeen. Nyky\u00e4\u00e4n Ansara on Helsingin Herttoniemen seurakunnan arabiankielisen seurakuntaty\u00f6n pastori.<\/p>\n<p>\u201dAsuminen Palestiinassa ei ollut minulle vaikeaa, mutta vaimoni tarvitsi aina Israeliin oleskeluluvan. Israel hallitsee rajat, sinne ei p\u00e4\u00e4se ilman lupaa. Luvan saaminen oli vaikeaa, v\u00e4lill\u00e4 se viipyi yli kuusi kuukautta.\u201d<\/p>\n<p>Perheeseen syntyiv\u00e4t kaksostyt\u00f6t, vuonna 2008.<\/p>\n<p>\u201dHalusimme, ett\u00e4 lapset varttuvat rauhallisessa maassa, miss\u00e4 ei ole sotaa.\u201d<\/p>\n<p>L\u00e4hd\u00f6st\u00e4 palestiinalaisalueelta on miltei kymmenen vuotta.<\/p>\n<blockquote><p>\u201dOn surullista, kun omassa maassa ei ole rauhaa.\u201d<\/p><\/blockquote>\n<p>Ansara matkustaa sinne kaksi, kolme kertaa vuodessa. Tapaa vanhempiaan, sukulaisiaan, yst\u00e4vi\u00e4\u00e4n.<\/p>\n<p>K\u00e4y samoissa ravintoloissa sy\u00f6m\u00e4ss\u00e4, miss\u00e4 ennenkin.<\/p>\n<p>Mutta kaupunki on my\u00f6s muuttunut.<\/p>\n<p>Se ei tunnu en\u00e4\u00e4 samalta, kun Ansara asui siell\u00e4. On eri ihmiset, eri kaupat, eri s\u00e4\u00e4nn\u00f6t. Osa ihmisist\u00e4 on kuollut, osa ei en\u00e4\u00e4 asu samassa kaupungissa, edes maassa.<\/p>\n<p>Se ei ole pahinta.<\/p>\n<p>\u201dOn surullista, kun omassa maassa ei ole rauhaa. Enk\u00e4 ole omassa maassani vapaa.\u201d<\/p>\n<h2>Israel ei hyv\u00e4ksy palestiinalaisia<\/h2>\n<p>Kun katkeruus kansojen v\u00e4lill\u00e4 on jatkunut pitk\u00e4\u00e4n, rauhaa on vaikea rakentaa.<\/p>\n<p><a href=\"https:\/\/yle.fi\/uutiset\/3-9461912\" target=\"_blank\" rel=\"noopener noreferrer\">Kansainv\u00e4linen yhteis\u00f6 tukee<\/a> kahden valtion ratkaisua. Toisin sanoen Israelin valtion lis\u00e4ksi pit\u00e4isi olla toinen valtio, palestiinalaisille. N\u00e4in tulehtuneet v\u00e4lit saataisiin korjattua ja rauha palautettua.<\/p>\n<p>Ramez Ansara ei usko ratkaisuun.<\/p>\n<p>\u201dKahden valtion malli on utopiaa. Olen aina ollut sit\u00e4 mielt\u00e4.\u201d<\/p>\n<p>Siksi h\u00e4n kannattaa yhden valtion ratkaisua. Miss\u00e4 ihmiset el\u00e4isiv\u00e4t yhdess\u00e4, samassa maassa. Ei eroteltuna.<\/p>\n<p>Mutta sille on este.<\/p>\n<blockquote><p>\u201dYhden valtion mallin aika on nyt.\u201d<\/p><\/blockquote>\n<p>\u201dIsrael on toki \u2019demokraattinen valtio&#8217;\u201d, sanoo Ansara. \u201dMutta vain juutalaisille. Ei muille. Se ei ole demokratiaa.\u201d<\/p>\n<p>H\u00e4n vertaa tilannetta Suomeen: suomalaiset ovat samaa kansaa, mutta eiv\u00e4t luterilaisuuden vuoksi. Eik\u00e4 Suomi ole vain luterilaisille.<\/p>\n<p>\u201dIsraelissa olet israelilainen tai et. Juutalainen tai et. En edes tied\u00e4, mit\u00e4 olen omassa kotimaassani, minulla ei ole samoja oikeuksia.\u201d<\/p>\n<p>\u201dYhden valtion mallin aika on nyt. Jos mit\u00e4\u00e4n ei tehd\u00e4, se hiipuu pois.\u201d<\/p>\n<h2>Pakolaiset eiv\u00e4t saa palata<\/h2>\n<p>My\u00f6s Noor Assad kannattaa yhden valtion mallia. Se on \u201dainoa mahdollisuus\u201d.<\/p>\n<p>Koska kaksi valtiota ei ratkaisisi konfliktia. My\u00f6s alueen jakaminen on vaikeaa.<\/p>\n<p>Mutta onko yhden valtion malli realistinen?<\/p>\n<p>\u201dT\u00e4ll\u00e4 hetkell\u00e4 ei\u201d, sanoo Assad.<\/p>\n<p>\u201dTilanne on pys\u00e4hdyksiss\u00e4. Rauhanneuvotteluja ei ole aloitettu, eik\u00e4 niit\u00e4 ainakaan t\u00e4m\u00e4n j\u00e4lkeen heti aloiteta. Todenn\u00e4k\u00f6isesti siihen menee viel\u00e4 aikaa.\u201d<\/p>\n<p>Viime aikaiset tapahtumat, kuten\u00a0kuohunta Gazan ja Israelin v\u00e4lill\u00e4 sek\u00e4 Jerusalemin kysymys kirist\u00e4v\u00e4t tilannetta.<\/p>\n<p>\u201dEiv\u00e4tk\u00e4 Gazan ja L\u00e4nsirannan alueille eristetyt palestiinalaiset ole kyenneet j\u00e4rjest\u00e4ytym\u00e4\u00e4n.\u201d<\/p>\n<blockquote><p>Ainoastaan Yhdysvallat vastusti YK:n lauselmaluonnosta.<\/p><\/blockquote>\n<p>Kansainv\u00e4list\u00e4 yhteis\u00f6\u00e4 Assad pit\u00e4\u00e4 voimattomana, heikkona Israelin edess\u00e4.<\/p>\n<p>\u201dPuhutaan kansainv\u00e4lisen lain loukkauksista, Israelin tekemist\u00e4 sotarikoksista. Se on esimerkiksi tulittanut l\u00e4\u00e4kint\u00e4henkil\u00f6it\u00e4, toimittajia, k\u00e4ytt\u00e4nyt laajenevia luoteja.\u201d<\/p>\n<p>Esimerkiksi YK:n ihmisoikeuskomissaari <strong>Zeid Ra\u2019ad al-Hussein<\/strong> kutsui Israelin toimia 14. toukokuuta 2018 <a href=\"https:\/\/twitter.com\/UNHumanRights\/status\/996044858048557058\" target=\"_blank\" rel=\"noopener noreferrer\">ihmisoikeusloukkaukseksi<\/a>.<\/p>\n<p>Palestiinalaisten siviilien suojelemista Gazassa koskeva <a href=\"https:\/\/news.un.org\/en\/story\/2018\/06\/1011231\" target=\"_blank\" rel=\"noopener noreferrer\">p\u00e4\u00e4t\u00f6slauselma kaatui<\/a> YK:n turvallisuusneuvostossa 1. kes\u00e4kuuta 2018. Viidest\u00e4toista j\u00e4senmaasta kymmenen kannatti lauselmaa.<\/p>\n<p>Ainoastaan Yhdysvallat vastusti lauselmaluonnosta. Maan suurl\u00e4hettil\u00e4s <strong>Nikki Haleyn<\/strong> mukaan se\u00a0<a href=\"https:\/\/www.aljazeera.com\/news\/2018\/06\/vetoes-unsc-resolution-protection-palestinians-180601201831238.html\" target=\"_blank\" rel=\"noopener noreferrer\">oli yksipuolinen<\/a>.<\/p>\n<p>Yhdysvallat on <a href=\"https:\/\/seura.fi\/asiat\/ajankohtaista\/skandaalimainen-syytos-yhdysvallat-veto-oikeus-kaataa-rauhantoive-israel-ja-palestiinalaiset\/?shared=1790336-08444b84-999\" target=\"_blank\" rel=\"noopener noreferrer\">aiemminkin k\u00e4ytt\u00e4nyt<\/a> veto-oikeuttaan, suojellakvarttuuseen liittolaistaan Israelia.<\/p>\n<p>Toinen ep\u00e4kohta koskee Assadin mukaan YK:n vuosikokouksen vahvistamaa <a href=\"http:\/\/www.europarl.europa.eu\/sides\/getDoc.do?pubRef=-\/\/EP\/\/TEXT+MOTION+B8-2017-0348+0+DOC+XML+V0\/\/FI\" target=\"_blank\" rel=\"noopener noreferrer\">p\u00e4\u00e4t\u00f6slauselmaa<\/a>. Sen mukaan Israelin pit\u00e4\u00e4 sallia palestiinalaispakolaisten kotiinpaluu.<\/p>\n<p>Niille, jotka eiv\u00e4t halua palata, tulee maksaa korvauksia menetetyist\u00e4 maista sek\u00e4 muista vahingoista.<\/p>\n<p>N\u00e4in ei ole tapahtunut<\/p>\n<p>&nbsp;<\/p>","protected":false},"excerpt":{"rendered":"<p>Toinen on luterilainen pappi, toinen on syntynyt Suomessa. Nyt Ramez Ansara ja Noor Assad puhuvat siit\u00e4, mit\u00e4 he ajattelevat Israelista, Palestiinasta ja Trumpista<\/p>","protected":false},"author":9,"featured_media":4179,"comment_status":"closed","ping_status":"closed","sticky":false,"template":"","format":"standard","meta":{"zakra_page_container_layout":"customizer","zakra_page_sidebar_layout":"customizer","zakra_remove_content_margin":false,"zakra_sidebar":"customizer","zakra_transparent_header":"customizer","zakra_logo":0,"zakra_main_header_style":"default","zakra_menu_item_color":"","zakra_menu_item_hover_color":"","zakra_menu_item_active_color":"","zakra_menu_active_style":"","zakra_page_header":true,"footnotes":""},"categories":[24,25,29,92],"tags":[],"class_list":["post-6582","post","type-post","status-publish","format-standard","has-post-thumbnail","hentry","category-media","category-muut-toimijat","category-uutiset","category-yleinen-fi"],"yoast_head":"<!-- This site is optimized with the Yoast SEO plugin v27.5 - https:\/\/yoast.com\/product\/yoast-seo-wordpress\/ -->\n<title>Seura: &quot;Suomen palestiinalaiset kertovat, mit\u00e4 sota heille merkitsee&quot; - ICAHD Finland<\/title>\n<meta name=\"robots\" content=\"index, follow, max-snippet:-1, max-image-preview:large, max-video-preview:-1\" \/>\n<link rel=\"canonical\" href=\"https:\/\/www.icahd.fi\/en\/seura-suomen-palestiinalaiset-kertovat-mita-sota-heille-merkitsee\/\" \/>\n<meta property=\"og:locale\" content=\"en_GB\" \/>\n<meta property=\"og:type\" content=\"article\" \/>\n<meta property=\"og:title\" content=\"Seura: &quot;Suomen palestiinalaiset kertovat, mit\u00e4 sota heille merkitsee&quot; - ICAHD Finland\" \/>\n<meta property=\"og:description\" content=\"Toinen on luterilainen pappi, toinen on syntynyt Suomessa. Nyt Ramez Ansara ja Noor Assad puhuvat siit\u00e4, mit\u00e4 he ajattelevat Israelista, Palestiinasta ja Trumpista\" \/>\n<meta property=\"og:url\" content=\"https:\/\/www.icahd.fi\/en\/seura-suomen-palestiinalaiset-kertovat-mita-sota-heille-merkitsee\/\" \/>\n<meta property=\"og:site_name\" content=\"ICAHD Finland\" \/>\n<meta property=\"article:publisher\" content=\"https:\/\/www.facebook.com\/icahdfinland\" \/>\n<meta property=\"article:published_time\" content=\"2018-06-25T14:40:33+00:00\" \/>\n<meta property=\"article:modified_time\" content=\"2020-03-31T06:31:53+00:00\" \/>\n<meta property=\"og:image\" content=\"https:\/\/www.icahd.fi\/wp-content\/uploads\/2014\/01\/slide1.jpg\" \/>\n\t<meta property=\"og:image:width\" content=\"1869\" \/>\n\t<meta property=\"og:image:height\" content=\"486\" \/>\n\t<meta property=\"og:image:type\" content=\"image\/jpeg\" \/>\n<meta name=\"author\" content=\"Syksy\" \/>\n<meta name=\"twitter:card\" content=\"summary_large_image\" \/>\n<meta name=\"twitter:creator\" content=\"@icahdfinland\" \/>\n<meta name=\"twitter:site\" content=\"@icahdfinland\" \/>\n<meta name=\"twitter:label1\" content=\"Written by\" \/>\n\t<meta name=\"twitter:data1\" content=\"Syksy\" \/>\n\t<meta name=\"twitter:label2\" content=\"Estimated reading time\" \/>\n\t<meta name=\"twitter:data2\" content=\"8 minutes\" \/>\n<script type=\"application\/ld+json\" class=\"yoast-schema-graph\">{\"@context\":\"https:\\\/\\\/schema.org\",\"@graph\":[{\"@type\":\"Article\",\"@id\":\"https:\\\/\\\/www.icahd.fi\\\/seura-suomen-palestiinalaiset-kertovat-mita-sota-heille-merkitsee\\\/#article\",\"isPartOf\":{\"@id\":\"https:\\\/\\\/www.icahd.fi\\\/seura-suomen-palestiinalaiset-kertovat-mita-sota-heille-merkitsee\\\/\"},\"author\":{\"name\":\"Syksy\",\"@id\":\"https:\\\/\\\/www.icahd.fi\\\/#\\\/schema\\\/person\\\/1c69d30d135114d7a3a5d5454cf901f8\"},\"headline\":\"Seura: &#8221;Suomen palestiinalaiset kertovat, mit\u00e4 sota heille merkitsee&#8221;\",\"datePublished\":\"2018-06-25T14:40:33+00:00\",\"dateModified\":\"2020-03-31T06:31:53+00:00\",\"mainEntityOfPage\":{\"@id\":\"https:\\\/\\\/www.icahd.fi\\\/seura-suomen-palestiinalaiset-kertovat-mita-sota-heille-merkitsee\\\/\"},\"wordCount\":1618,\"publisher\":{\"@id\":\"https:\\\/\\\/www.icahd.fi\\\/#organization\"},\"image\":{\"@id\":\"https:\\\/\\\/www.icahd.fi\\\/seura-suomen-palestiinalaiset-kertovat-mita-sota-heille-merkitsee\\\/#primaryimage\"},\"thumbnailUrl\":\"https:\\\/\\\/www.icahd.fi\\\/wp-content\\\/uploads\\\/2014\\\/01\\\/slide1.jpg\",\"articleSection\":[\"media\",\"Muut toimijat\",\"Uutiset\",\"Yleinen\"],\"inLanguage\":\"en-GB\"},{\"@type\":\"WebPage\",\"@id\":\"https:\\\/\\\/www.icahd.fi\\\/seura-suomen-palestiinalaiset-kertovat-mita-sota-heille-merkitsee\\\/\",\"url\":\"https:\\\/\\\/www.icahd.fi\\\/seura-suomen-palestiinalaiset-kertovat-mita-sota-heille-merkitsee\\\/\",\"name\":\"Seura: \\\"Suomen palestiinalaiset kertovat, mit\u00e4 sota heille merkitsee\\\" - ICAHD Finland\",\"isPartOf\":{\"@id\":\"https:\\\/\\\/www.icahd.fi\\\/#website\"},\"primaryImageOfPage\":{\"@id\":\"https:\\\/\\\/www.icahd.fi\\\/seura-suomen-palestiinalaiset-kertovat-mita-sota-heille-merkitsee\\\/#primaryimage\"},\"image\":{\"@id\":\"https:\\\/\\\/www.icahd.fi\\\/seura-suomen-palestiinalaiset-kertovat-mita-sota-heille-merkitsee\\\/#primaryimage\"},\"thumbnailUrl\":\"https:\\\/\\\/www.icahd.fi\\\/wp-content\\\/uploads\\\/2014\\\/01\\\/slide1.jpg\",\"datePublished\":\"2018-06-25T14:40:33+00:00\",\"dateModified\":\"2020-03-31T06:31:53+00:00\",\"breadcrumb\":{\"@id\":\"https:\\\/\\\/www.icahd.fi\\\/seura-suomen-palestiinalaiset-kertovat-mita-sota-heille-merkitsee\\\/#breadcrumb\"},\"inLanguage\":\"en-GB\",\"potentialAction\":[{\"@type\":\"ReadAction\",\"target\":[\"https:\\\/\\\/www.icahd.fi\\\/seura-suomen-palestiinalaiset-kertovat-mita-sota-heille-merkitsee\\\/\"]}]},{\"@type\":\"ImageObject\",\"inLanguage\":\"en-GB\",\"@id\":\"https:\\\/\\\/www.icahd.fi\\\/seura-suomen-palestiinalaiset-kertovat-mita-sota-heille-merkitsee\\\/#primaryimage\",\"url\":\"https:\\\/\\\/www.icahd.fi\\\/wp-content\\\/uploads\\\/2014\\\/01\\\/slide1.jpg\",\"contentUrl\":\"https:\\\/\\\/www.icahd.fi\\\/wp-content\\\/uploads\\\/2014\\\/01\\\/slide1.jpg\",\"width\":1869,\"height\":486},{\"@type\":\"BreadcrumbList\",\"@id\":\"https:\\\/\\\/www.icahd.fi\\\/seura-suomen-palestiinalaiset-kertovat-mita-sota-heille-merkitsee\\\/#breadcrumb\",\"itemListElement\":[{\"@type\":\"ListItem\",\"position\":1,\"name\":\"Home\",\"item\":\"https:\\\/\\\/www.icahd.fi\\\/\"},{\"@type\":\"ListItem\",\"position\":2,\"name\":\"Seura: &#8220;Suomen palestiinalaiset kertovat, mit\u00e4 sota heille merkitsee&#8221;\"}]},{\"@type\":\"WebSite\",\"@id\":\"https:\\\/\\\/www.icahd.fi\\\/#website\",\"url\":\"https:\\\/\\\/www.icahd.fi\\\/\",\"name\":\"ICAHD Finland\",\"description\":\"Yht&auml;l&auml;isten oikeuksien puolesta, Israelin apartheidia vastaan\",\"publisher\":{\"@id\":\"https:\\\/\\\/www.icahd.fi\\\/#organization\"},\"potentialAction\":[{\"@type\":\"SearchAction\",\"target\":{\"@type\":\"EntryPoint\",\"urlTemplate\":\"https:\\\/\\\/www.icahd.fi\\\/?s={search_term_string}\"},\"query-input\":{\"@type\":\"PropertyValueSpecification\",\"valueRequired\":true,\"valueName\":\"search_term_string\"}}],\"inLanguage\":\"en-GB\"},{\"@type\":\"Organization\",\"@id\":\"https:\\\/\\\/www.icahd.fi\\\/#organization\",\"name\":\"ICAHD Finland\",\"url\":\"https:\\\/\\\/www.icahd.fi\\\/\",\"logo\":{\"@type\":\"ImageObject\",\"inLanguage\":\"en-GB\",\"@id\":\"https:\\\/\\\/www.icahd.fi\\\/#\\\/schema\\\/logo\\\/image\\\/\",\"url\":\"https:\\\/\\\/www.icahd.fi\\\/wp-content\\\/uploads\\\/2020\\\/01\\\/logo-teksti.png\",\"contentUrl\":\"https:\\\/\\\/www.icahd.fi\\\/wp-content\\\/uploads\\\/2020\\\/01\\\/logo-teksti.png\",\"width\":300,\"height\":109,\"caption\":\"ICAHD Finland\"},\"image\":{\"@id\":\"https:\\\/\\\/www.icahd.fi\\\/#\\\/schema\\\/logo\\\/image\\\/\"},\"sameAs\":[\"https:\\\/\\\/www.facebook.com\\\/icahdfinland\",\"https:\\\/\\\/x.com\\\/icahdfinland\"]},{\"@type\":\"Person\",\"@id\":\"https:\\\/\\\/www.icahd.fi\\\/#\\\/schema\\\/person\\\/1c69d30d135114d7a3a5d5454cf901f8\",\"name\":\"Syksy\",\"image\":{\"@type\":\"ImageObject\",\"inLanguage\":\"en-GB\",\"@id\":\"https:\\\/\\\/secure.gravatar.com\\\/avatar\\\/c8d8a8636968d9ebbc65828564da9c07ccf771e59b4ee6c4c57fde52c70ab3dc?s=96&d=mm&r=g\",\"url\":\"https:\\\/\\\/secure.gravatar.com\\\/avatar\\\/c8d8a8636968d9ebbc65828564da9c07ccf771e59b4ee6c4c57fde52c70ab3dc?s=96&d=mm&r=g\",\"contentUrl\":\"https:\\\/\\\/secure.gravatar.com\\\/avatar\\\/c8d8a8636968d9ebbc65828564da9c07ccf771e59b4ee6c4c57fde52c70ab3dc?s=96&d=mm&r=g\",\"caption\":\"Syksy\"}}]}<\/script>\n<!-- \/ Yoast SEO plugin. -->","yoast_head_json":{"title":"Seura: \"Suomen palestiinalaiset kertovat, mit\u00e4 sota heille merkitsee\" - ICAHD Finland","robots":{"index":"index","follow":"follow","max-snippet":"max-snippet:-1","max-image-preview":"max-image-preview:large","max-video-preview":"max-video-preview:-1"},"canonical":"https:\/\/www.icahd.fi\/en\/seura-suomen-palestiinalaiset-kertovat-mita-sota-heille-merkitsee\/","og_locale":"en_GB","og_type":"article","og_title":"Seura: \"Suomen palestiinalaiset kertovat, mit\u00e4 sota heille merkitsee\" - ICAHD Finland","og_description":"Toinen on luterilainen pappi, toinen on syntynyt Suomessa. Nyt Ramez Ansara ja Noor Assad puhuvat siit\u00e4, mit\u00e4 he ajattelevat Israelista, Palestiinasta ja Trumpista","og_url":"https:\/\/www.icahd.fi\/en\/seura-suomen-palestiinalaiset-kertovat-mita-sota-heille-merkitsee\/","og_site_name":"ICAHD Finland","article_publisher":"https:\/\/www.facebook.com\/icahdfinland","article_published_time":"2018-06-25T14:40:33+00:00","article_modified_time":"2020-03-31T06:31:53+00:00","og_image":[{"width":1869,"height":486,"url":"https:\/\/www.icahd.fi\/wp-content\/uploads\/2014\/01\/slide1.jpg","type":"image\/jpeg"}],"author":"Syksy","twitter_card":"summary_large_image","twitter_creator":"@icahdfinland","twitter_site":"@icahdfinland","twitter_misc":{"Written by":"Syksy","Estimated reading time":"8 minutes"},"schema":{"@context":"https:\/\/schema.org","@graph":[{"@type":"Article","@id":"https:\/\/www.icahd.fi\/seura-suomen-palestiinalaiset-kertovat-mita-sota-heille-merkitsee\/#article","isPartOf":{"@id":"https:\/\/www.icahd.fi\/seura-suomen-palestiinalaiset-kertovat-mita-sota-heille-merkitsee\/"},"author":{"name":"Syksy","@id":"https:\/\/www.icahd.fi\/#\/schema\/person\/1c69d30d135114d7a3a5d5454cf901f8"},"headline":"Seura: &#8221;Suomen palestiinalaiset kertovat, mit\u00e4 sota heille merkitsee&#8221;","datePublished":"2018-06-25T14:40:33+00:00","dateModified":"2020-03-31T06:31:53+00:00","mainEntityOfPage":{"@id":"https:\/\/www.icahd.fi\/seura-suomen-palestiinalaiset-kertovat-mita-sota-heille-merkitsee\/"},"wordCount":1618,"publisher":{"@id":"https:\/\/www.icahd.fi\/#organization"},"image":{"@id":"https:\/\/www.icahd.fi\/seura-suomen-palestiinalaiset-kertovat-mita-sota-heille-merkitsee\/#primaryimage"},"thumbnailUrl":"https:\/\/www.icahd.fi\/wp-content\/uploads\/2014\/01\/slide1.jpg","articleSection":["media","Muut toimijat","Uutiset","Yleinen"],"inLanguage":"en-GB"},{"@type":"WebPage","@id":"https:\/\/www.icahd.fi\/seura-suomen-palestiinalaiset-kertovat-mita-sota-heille-merkitsee\/","url":"https:\/\/www.icahd.fi\/seura-suomen-palestiinalaiset-kertovat-mita-sota-heille-merkitsee\/","name":"Seura: \"Suomen palestiinalaiset kertovat, mit\u00e4 sota heille merkitsee\" - ICAHD Finland","isPartOf":{"@id":"https:\/\/www.icahd.fi\/#website"},"primaryImageOfPage":{"@id":"https:\/\/www.icahd.fi\/seura-suomen-palestiinalaiset-kertovat-mita-sota-heille-merkitsee\/#primaryimage"},"image":{"@id":"https:\/\/www.icahd.fi\/seura-suomen-palestiinalaiset-kertovat-mita-sota-heille-merkitsee\/#primaryimage"},"thumbnailUrl":"https:\/\/www.icahd.fi\/wp-content\/uploads\/2014\/01\/slide1.jpg","datePublished":"2018-06-25T14:40:33+00:00","dateModified":"2020-03-31T06:31:53+00:00","breadcrumb":{"@id":"https:\/\/www.icahd.fi\/seura-suomen-palestiinalaiset-kertovat-mita-sota-heille-merkitsee\/#breadcrumb"},"inLanguage":"en-GB","potentialAction":[{"@type":"ReadAction","target":["https:\/\/www.icahd.fi\/seura-suomen-palestiinalaiset-kertovat-mita-sota-heille-merkitsee\/"]}]},{"@type":"ImageObject","inLanguage":"en-GB","@id":"https:\/\/www.icahd.fi\/seura-suomen-palestiinalaiset-kertovat-mita-sota-heille-merkitsee\/#primaryimage","url":"https:\/\/www.icahd.fi\/wp-content\/uploads\/2014\/01\/slide1.jpg","contentUrl":"https:\/\/www.icahd.fi\/wp-content\/uploads\/2014\/01\/slide1.jpg","width":1869,"height":486},{"@type":"BreadcrumbList","@id":"https:\/\/www.icahd.fi\/seura-suomen-palestiinalaiset-kertovat-mita-sota-heille-merkitsee\/#breadcrumb","itemListElement":[{"@type":"ListItem","position":1,"name":"Home","item":"https:\/\/www.icahd.fi\/"},{"@type":"ListItem","position":2,"name":"Seura: &#8220;Suomen palestiinalaiset kertovat, mit\u00e4 sota heille merkitsee&#8221;"}]},{"@type":"WebSite","@id":"https:\/\/www.icahd.fi\/#website","url":"https:\/\/www.icahd.fi\/","name":"In 2012, ICAHD Finland","description":"Yht&auml;l&auml;isten oikeuksien puolesta, Israelin apartheidia vastaan","publisher":{"@id":"https:\/\/www.icahd.fi\/#organization"},"potentialAction":[{"@type":"SearchAction","target":{"@type":"EntryPoint","urlTemplate":"https:\/\/www.icahd.fi\/?s={search_term_string}"},"query-input":{"@type":"PropertyValueSpecification","valueRequired":true,"valueName":"search_term_string"}}],"inLanguage":"en-GB"},{"@type":"Organization","@id":"https:\/\/www.icahd.fi\/#organization","name":"In 2012, ICAHD Finland","url":"https:\/\/www.icahd.fi\/","logo":{"@type":"ImageObject","inLanguage":"en-GB","@id":"https:\/\/www.icahd.fi\/#\/schema\/logo\/image\/","url":"https:\/\/www.icahd.fi\/wp-content\/uploads\/2020\/01\/logo-teksti.png","contentUrl":"https:\/\/www.icahd.fi\/wp-content\/uploads\/2020\/01\/logo-teksti.png","width":300,"height":109,"caption":"ICAHD Finland"},"image":{"@id":"https:\/\/www.icahd.fi\/#\/schema\/logo\/image\/"},"sameAs":["https:\/\/www.facebook.com\/icahdfinland","https:\/\/x.com\/icahdfinland"]},{"@type":"Person","@id":"https:\/\/www.icahd.fi\/#\/schema\/person\/1c69d30d135114d7a3a5d5454cf901f8","name":"Syksy","image":{"@type":"ImageObject","inLanguage":"en-GB","@id":"https:\/\/secure.gravatar.com\/avatar\/c8d8a8636968d9ebbc65828564da9c07ccf771e59b4ee6c4c57fde52c70ab3dc?s=96&d=mm&r=g","url":"https:\/\/secure.gravatar.com\/avatar\/c8d8a8636968d9ebbc65828564da9c07ccf771e59b4ee6c4c57fde52c70ab3dc?s=96&d=mm&r=g","contentUrl":"https:\/\/secure.gravatar.com\/avatar\/c8d8a8636968d9ebbc65828564da9c07ccf771e59b4ee6c4c57fde52c70ab3dc?s=96&d=mm&r=g","caption":"Syksy"}}]}},"acf":[],"_links":{"self":[{"href":"https:\/\/www.icahd.fi\/en\/wp-json\/wp\/v2\/posts\/6582","targetHints":{"allow":["GET"]}}],"collection":[{"href":"https:\/\/www.icahd.fi\/en\/wp-json\/wp\/v2\/posts"}],"about":[{"href":"https:\/\/www.icahd.fi\/en\/wp-json\/wp\/v2\/types\/post"}],"author":[{"embeddable":true,"href":"https:\/\/www.icahd.fi\/en\/wp-json\/wp\/v2\/users\/9"}],"replies":[{"embeddable":true,"href":"https:\/\/www.icahd.fi\/en\/wp-json\/wp\/v2\/comments?post=6582"}],"version-history":[{"count":5,"href":"https:\/\/www.icahd.fi\/en\/wp-json\/wp\/v2\/posts\/6582\/revisions"}],"predecessor-version":[{"id":6594,"href":"https:\/\/www.icahd.fi\/en\/wp-json\/wp\/v2\/posts\/6582\/revisions\/6594"}],"wp:featuredmedia":[{"embeddable":true,"href":"https:\/\/www.icahd.fi\/en\/wp-json\/wp\/v2\/media\/4179"}],"wp:attachment":[{"href":"https:\/\/www.icahd.fi\/en\/wp-json\/wp\/v2\/media?parent=6582"}],"wp:term":[{"taxonomy":"category","embeddable":true,"href":"https:\/\/www.icahd.fi\/en\/wp-json\/wp\/v2\/categories?post=6582"},{"taxonomy":"post_tag","embeddable":true,"href":"https:\/\/www.icahd.fi\/en\/wp-json\/wp\/v2\/tags?post=6582"}],"curies":[{"name":"wp","href":"https:\/\/api.w.org\/{rel}","templated":true}]}}