{"id":6554,"date":"2018-06-02T16:38:20","date_gmt":"2018-06-02T13:38:20","guid":{"rendered":"http:\/\/www.icahd.fi\/?p=6554"},"modified":"2020-03-31T09:31:54","modified_gmt":"2020-03-31T06:31:54","slug":"syksy-rasasen-puhe-muistokulkueessa","status":"publish","type":"post","link":"https:\/\/www.icahd.fi\/en\/syksy-rasasen-puhe-muistokulkueessa\/","title":{"rendered":"Syksy R\u00e4s\u00e4sen puhe muistokulkueessa"},"content":{"rendered":"<p>ICAHD Finlandin puheenjohtaja Syksy R\u00e4s\u00e4nen piti seuraava puheen palestiialaisuhtien muistokulkueessa perjantaina 1. kes\u00e4kuuta 2018.<\/p>\n<p>T\u00e4n\u00e4 vuonna tulee kuluneeksi 70 vuotta siit\u00e4, kun Palestiinan etniset puhdistukset alkoivat. Vuonna 1948 sionistiliike ja sen perustama Israelin valtio j\u00e4rjestelm\u00e4llisesti karkotti yli 700\u00a0000 palestiinalaista nykyisen Israelin alueelta. Tarkoituksena oli ottaa maa palestiinalaisilta ja saada aikaan valtio, jossa tietty etninen ryhm\u00e4, juutalaiset, on enemmist\u00f6n\u00e4.<\/p>\n<p>Gazan nykyisest\u00e4 vajaasta 2 miljoonasta asukkaasta kaksi kolmasosaa on vuoden 1948 ja my\u00f6hempien etnisten puhdistusten uhreja: Israelin karkottamia ihmisi\u00e4 ja heid\u00e4n j\u00e4lkel\u00e4isi\u00e4\u00e4n. Kansainv\u00e4lisen oikeuden mukaan heill\u00e4 on oikeus palata kotiin nykyisen Israelin alueelle.<\/p>\n<p>Vuosikymmenien ajan Israel on est\u00e4nyt heit\u00e4 palaamasta. Nyky\u00e4\u00e4n Israel pit\u00e4\u00e4 Gazaa laittoman saarron alla, ja on pommituksilla ja saarrolla tuhonnut el\u00e4m\u00e4n edellytyksi\u00e4 Gazassa. Vedest\u00e4 95% on juomakelvotonta, 70% asukkaista el\u00e4\u00e4 avun varassa, ja niin edelleen. Tilanne pahenee koko ajan, ja nyt ollaan siin\u00e4 pisteess\u00e4, ett\u00e4 YK:n humanitaarisen avun koordinaattori Robert Piperin mukaan Gaza ei ole en\u00e4\u00e4 elinkelpoinen.<\/p>\n<p>Viime viikkoina palestiinalaiset Gazassa ovat osoittaneet mielt\u00e4\u00e4n vankilansa aidan luona, vaatien saarron lopettamista ja mahdollisuutta palata kotiin. T\u00e4ss\u00e4 ei ole kyse sen enemm\u00e4st\u00e4 kuin siit\u00e4, ett\u00e4 Israel noudattaisi kansainv\u00e4list\u00e4 oikeutta.<\/p>\n<p>Tied\u00e4tte, mite Israel on vastannut n\u00e4ihin vaatimuksiin: kyynelkaasulla ja luodeilla.<\/p>\n<p>Haavoittuneita ja tapettuja on ollut poikkeuksellisen paljon, mutta muuten t\u00e4m\u00e4 ei ole uutta. Vuosien ajan Israelin sotilaat ovat ampuneet p\u00e4ivitt\u00e4in kohti Gazan maanviljelij\u00f6it\u00e4 ja kalastajia, ja Israelin armeija tekee Gazaan maahy\u00f6kk\u00e4yksi\u00e4 viikoittain. T\u00e4m\u00e4 on arkea Israelin miehitt\u00e4m\u00e4ss\u00e4 Gazassa.<\/p>\n<p>Syy siihen, miksi Israel ei anna Gazan asukkaiden palata kotiin on sama kuin se, mink\u00e4 takia se alun perin karkotti heid\u00e4t: n\u00e4m\u00e4 kuuluvat v\u00e4\u00e4r\u00e4\u00e4n etniseen ryhm\u00e4\u00e4n. T\u00e4m\u00e4, v\u00e4est\u00f6n erottelu etnisyyden perusteella, on asian ytimess\u00e4.<\/p>\n<p>Paljaimmillaan erottelu on Gazassa, mutta sama politiikka n\u00e4kyy miehitetyn L\u00e4nsirannan muurissa ja Israelissa asuvien palestiinalaisten kotien tuhoamisessa ja pakkosiirroissa.<\/p>\n<p>Israelin erottelupolitiikka t\u00e4ytt\u00e4\u00e4 kansainv\u00e4lisess\u00e4 oikeudessa m\u00e4\u00e4ritellyt apartheidin tunnusmerkit, ja siihen pit\u00e4\u00e4 suhtautua samalla tavalla kuin Etel\u00e4-Afrikan apartheidiin.<\/p>\n<p>Yhdysvaltojen ja Euroopan on aika siirty\u00e4 apartheidin tukemisesta painostamaan Israelia apartheidin lopettamiseksi.<\/p>\n<p>Jotkut huusivat marssilla \u201ddown, down, USA\u201d. En erityisesti pid\u00e4 t\u00e4llaisesta huudosta: yht\u00e4 hyvin voisimme huutaa \u201ddown, down, EU\u201d tai \u201ddown, down, Finland\u201d, koska nekin tukevat Israelin politiikkaa. On mukava haukkua Donald Trumpia, ja siihen onkin paljon aihetta. Mutta meid\u00e4n tulee keskitty\u00e4 siihen, mit\u00e4 me itse teemme ja mihin me voimme vaikuttaa.<\/p>\n<p>Kurssin muuttamiseen eiv\u00e4t riit\u00e4 pelk\u00e4t julistukset. EU:n ja Suomen lausuntoihin Israelista sopivat Erkki Tuomiojan sanat Suomen Etel\u00e4-Afrikan -politiikasta 51 vuoden takaa: \u201dKielteinenkin kannanotto apartheidiin muuttuu sit\u00e4 seuraavien toimenpiteiden puuttuessa kannanotoksi apartheidin puolesta.\u201d<\/p>\n<p>On paljon mit\u00e4 Suomessa voidaan tehd\u00e4.<\/p>\n<p>Ensinn\u00e4kin Suomen pit\u00e4\u00e4 lopettaa asekauppa Israelin kanssa.<\/p>\n<p>Toisekseen Suomen pit\u00e4\u00e4 noudattaa Amnestyn vaatimusta ja kielt\u00e4\u00e4 Israelin laittomissa siirtokunnissa valmistettujen tuotteiden tuonti.<\/p>\n<p>Kolmannekseen kulttuuri on yht\u00e4 t\u00e4rke\u00e4\u00e4 kuin talous: suomalaiset tieteilij\u00e4t ja taiteilijat voivat liitty\u00e4 kasvavaan boikottiliikkeeseen. Suomi voi aloittaa boikotoimalla euroviisuja ja t\u00e4ten osoittaa israelilaisille, ett\u00e4 rotuerottelu ei ole hyv\u00e4ksytt\u00e4v\u00e4\u00e4.<\/p>\n<p>Kaiken v\u00e4kivallan ja tapahtumien k\u00e4\u00e4nteiden keskell\u00e4 on syyt\u00e4 muistaa mist\u00e4 on kysymys. Jotkut huusivat marssilla \u201ddown, down, Israel\u201d. Itse huudan mieluummin \u201ddown, down, apartheid\u201d, koska se menee asian ytimeen: siihen ett\u00e4 kaikilla pit\u00e4\u00e4 olla yht\u00e4l\u00e4iset oikeudet.<\/p>\n<p>On selv\u00e4\u00e4, ett\u00e4 lopulta muurit murtuvat ja apartheid kaatuu. Kyse on siit\u00e4, kuinka pian se tapahtuu ja kuinka paljon k\u00e4rsimyst\u00e4 tulee sit\u00e4 ennen, ja siihen me voimme vaikuttaa.<\/p>","protected":false},"excerpt":{"rendered":"<p>ICAHD Finlandin puheenjohtaja Syksy R\u00e4s\u00e4nen piti seuraava puheen palestiialaisuhtien muistokulkueessa perjantaina 1. kes\u00e4kuuta 2018. T\u00e4n\u00e4 vuonna tulee kuluneeksi 70 vuotta siit\u00e4, kun Palestiinan etniset puhdistukset alkoivat. Vuonna 1948 sionistiliike ja sen perustama Israelin valtio j\u00e4rjestelm\u00e4llisesti karkotti yli 700\u00a0000 palestiinalaista nykyisen Israelin alueelta. Tarkoituksena oli ottaa maa palestiinalaisilta ja saada aikaan valtio, jossa tietty etninen ryhm\u00e4, [&hellip;]<\/p>\n","protected":false},"author":9,"featured_media":0,"comment_status":"closed","ping_status":"closed","sticky":false,"template":"","format":"standard","meta":{"zakra_page_container_layout":"customizer","zakra_page_sidebar_layout":"customizer","zakra_remove_content_margin":false,"zakra_sidebar":"customizer","zakra_transparent_header":"customizer","zakra_logo":0,"zakra_main_header_style":"default","zakra_menu_item_color":"","zakra_menu_item_hover_color":"","zakra_menu_item_active_color":"","zakra_menu_active_style":"","zakra_page_header":true,"footnotes":""},"categories":[92],"tags":[],"class_list":["post-6554","post","type-post","status-publish","format-standard","hentry","category-yleinen-fi"],"yoast_head":"<!-- This site is optimized with the Yoast SEO plugin v27.5 - https:\/\/yoast.com\/product\/yoast-seo-wordpress\/ -->\n<title>Syksy R\u00e4s\u00e4sen puhe muistokulkueessa - ICAHD Finland<\/title>\n<meta name=\"robots\" content=\"index, follow, max-snippet:-1, max-image-preview:large, max-video-preview:-1\" \/>\n<link rel=\"canonical\" href=\"https:\/\/www.icahd.fi\/en\/syksy-rasasen-puhe-muistokulkueessa\/\" \/>\n<meta property=\"og:locale\" content=\"en_GB\" \/>\n<meta property=\"og:type\" content=\"article\" \/>\n<meta property=\"og:title\" content=\"Syksy R\u00e4s\u00e4sen puhe muistokulkueessa - ICAHD Finland\" \/>\n<meta property=\"og:description\" content=\"ICAHD Finlandin puheenjohtaja Syksy R\u00e4s\u00e4nen piti seuraava puheen palestiialaisuhtien muistokulkueessa perjantaina 1. kes\u00e4kuuta 2018. T\u00e4n\u00e4 vuonna tulee kuluneeksi 70 vuotta siit\u00e4, kun Palestiinan etniset puhdistukset alkoivat. Vuonna 1948 sionistiliike ja sen perustama Israelin valtio j\u00e4rjestelm\u00e4llisesti karkotti yli 700\u00a0000 palestiinalaista nykyisen Israelin alueelta. Tarkoituksena oli ottaa maa palestiinalaisilta ja saada aikaan valtio, jossa tietty etninen ryhm\u00e4, [&hellip;]\" \/>\n<meta property=\"og:url\" content=\"https:\/\/www.icahd.fi\/en\/syksy-rasasen-puhe-muistokulkueessa\/\" \/>\n<meta property=\"og:site_name\" content=\"ICAHD Finland\" \/>\n<meta property=\"article:publisher\" content=\"https:\/\/www.facebook.com\/icahdfinland\" \/>\n<meta property=\"article:published_time\" content=\"2018-06-02T13:38:20+00:00\" \/>\n<meta property=\"article:modified_time\" content=\"2020-03-31T06:31:54+00:00\" \/>\n<meta property=\"og:image\" content=\"https:\/\/www.icahd.fi\/wp-content\/uploads\/2020\/01\/logo-teksti.png\" \/>\n\t<meta property=\"og:image:width\" content=\"300\" \/>\n\t<meta property=\"og:image:height\" content=\"109\" \/>\n\t<meta property=\"og:image:type\" content=\"image\/png\" \/>\n<meta name=\"author\" content=\"Syksy\" \/>\n<meta name=\"twitter:card\" content=\"summary_large_image\" \/>\n<meta name=\"twitter:creator\" content=\"@icahdfinland\" \/>\n<meta name=\"twitter:site\" content=\"@icahdfinland\" \/>\n<meta name=\"twitter:label1\" content=\"Written by\" \/>\n\t<meta name=\"twitter:data1\" content=\"Syksy\" \/>\n\t<meta name=\"twitter:label2\" content=\"Estimated reading time\" \/>\n\t<meta name=\"twitter:data2\" content=\"3 minutes\" \/>\n<script type=\"application\/ld+json\" class=\"yoast-schema-graph\">{\"@context\":\"https:\\\/\\\/schema.org\",\"@graph\":[{\"@type\":\"Article\",\"@id\":\"https:\\\/\\\/www.icahd.fi\\\/syksy-rasasen-puhe-muistokulkueessa\\\/#article\",\"isPartOf\":{\"@id\":\"https:\\\/\\\/www.icahd.fi\\\/syksy-rasasen-puhe-muistokulkueessa\\\/\"},\"author\":{\"name\":\"Syksy\",\"@id\":\"https:\\\/\\\/www.icahd.fi\\\/#\\\/schema\\\/person\\\/1c69d30d135114d7a3a5d5454cf901f8\"},\"headline\":\"Syksy R\u00e4s\u00e4sen puhe muistokulkueessa\",\"datePublished\":\"2018-06-02T13:38:20+00:00\",\"dateModified\":\"2020-03-31T06:31:54+00:00\",\"mainEntityOfPage\":{\"@id\":\"https:\\\/\\\/www.icahd.fi\\\/syksy-rasasen-puhe-muistokulkueessa\\\/\"},\"wordCount\":571,\"publisher\":{\"@id\":\"https:\\\/\\\/www.icahd.fi\\\/#organization\"},\"articleSection\":[\"Yleinen\"],\"inLanguage\":\"en-GB\"},{\"@type\":\"WebPage\",\"@id\":\"https:\\\/\\\/www.icahd.fi\\\/syksy-rasasen-puhe-muistokulkueessa\\\/\",\"url\":\"https:\\\/\\\/www.icahd.fi\\\/syksy-rasasen-puhe-muistokulkueessa\\\/\",\"name\":\"Syksy R\u00e4s\u00e4sen puhe muistokulkueessa - ICAHD Finland\",\"isPartOf\":{\"@id\":\"https:\\\/\\\/www.icahd.fi\\\/#website\"},\"datePublished\":\"2018-06-02T13:38:20+00:00\",\"dateModified\":\"2020-03-31T06:31:54+00:00\",\"breadcrumb\":{\"@id\":\"https:\\\/\\\/www.icahd.fi\\\/syksy-rasasen-puhe-muistokulkueessa\\\/#breadcrumb\"},\"inLanguage\":\"en-GB\",\"potentialAction\":[{\"@type\":\"ReadAction\",\"target\":[\"https:\\\/\\\/www.icahd.fi\\\/syksy-rasasen-puhe-muistokulkueessa\\\/\"]}]},{\"@type\":\"BreadcrumbList\",\"@id\":\"https:\\\/\\\/www.icahd.fi\\\/syksy-rasasen-puhe-muistokulkueessa\\\/#breadcrumb\",\"itemListElement\":[{\"@type\":\"ListItem\",\"position\":1,\"name\":\"Home\",\"item\":\"https:\\\/\\\/www.icahd.fi\\\/\"},{\"@type\":\"ListItem\",\"position\":2,\"name\":\"Syksy R\u00e4s\u00e4sen puhe muistokulkueessa\"}]},{\"@type\":\"WebSite\",\"@id\":\"https:\\\/\\\/www.icahd.fi\\\/#website\",\"url\":\"https:\\\/\\\/www.icahd.fi\\\/\",\"name\":\"ICAHD Finland\",\"description\":\"Yht&auml;l&auml;isten oikeuksien puolesta, Israelin apartheidia vastaan\",\"publisher\":{\"@id\":\"https:\\\/\\\/www.icahd.fi\\\/#organization\"},\"potentialAction\":[{\"@type\":\"SearchAction\",\"target\":{\"@type\":\"EntryPoint\",\"urlTemplate\":\"https:\\\/\\\/www.icahd.fi\\\/?s={search_term_string}\"},\"query-input\":{\"@type\":\"PropertyValueSpecification\",\"valueRequired\":true,\"valueName\":\"search_term_string\"}}],\"inLanguage\":\"en-GB\"},{\"@type\":\"Organization\",\"@id\":\"https:\\\/\\\/www.icahd.fi\\\/#organization\",\"name\":\"ICAHD Finland\",\"url\":\"https:\\\/\\\/www.icahd.fi\\\/\",\"logo\":{\"@type\":\"ImageObject\",\"inLanguage\":\"en-GB\",\"@id\":\"https:\\\/\\\/www.icahd.fi\\\/#\\\/schema\\\/logo\\\/image\\\/\",\"url\":\"https:\\\/\\\/www.icahd.fi\\\/wp-content\\\/uploads\\\/2020\\\/01\\\/logo-teksti.png\",\"contentUrl\":\"https:\\\/\\\/www.icahd.fi\\\/wp-content\\\/uploads\\\/2020\\\/01\\\/logo-teksti.png\",\"width\":300,\"height\":109,\"caption\":\"ICAHD Finland\"},\"image\":{\"@id\":\"https:\\\/\\\/www.icahd.fi\\\/#\\\/schema\\\/logo\\\/image\\\/\"},\"sameAs\":[\"https:\\\/\\\/www.facebook.com\\\/icahdfinland\",\"https:\\\/\\\/x.com\\\/icahdfinland\"]},{\"@type\":\"Person\",\"@id\":\"https:\\\/\\\/www.icahd.fi\\\/#\\\/schema\\\/person\\\/1c69d30d135114d7a3a5d5454cf901f8\",\"name\":\"Syksy\",\"image\":{\"@type\":\"ImageObject\",\"inLanguage\":\"en-GB\",\"@id\":\"https:\\\/\\\/secure.gravatar.com\\\/avatar\\\/c8d8a8636968d9ebbc65828564da9c07ccf771e59b4ee6c4c57fde52c70ab3dc?s=96&d=mm&r=g\",\"url\":\"https:\\\/\\\/secure.gravatar.com\\\/avatar\\\/c8d8a8636968d9ebbc65828564da9c07ccf771e59b4ee6c4c57fde52c70ab3dc?s=96&d=mm&r=g\",\"contentUrl\":\"https:\\\/\\\/secure.gravatar.com\\\/avatar\\\/c8d8a8636968d9ebbc65828564da9c07ccf771e59b4ee6c4c57fde52c70ab3dc?s=96&d=mm&r=g\",\"caption\":\"Syksy\"}}]}<\/script>\n<!-- \/ Yoast SEO plugin. -->","yoast_head_json":{"title":"Syksy R\u00e4s\u00e4sen puhe muistokulkueessa - ICAHD Finland","robots":{"index":"index","follow":"follow","max-snippet":"max-snippet:-1","max-image-preview":"max-image-preview:large","max-video-preview":"max-video-preview:-1"},"canonical":"https:\/\/www.icahd.fi\/en\/syksy-rasasen-puhe-muistokulkueessa\/","og_locale":"en_GB","og_type":"article","og_title":"Syksy R\u00e4s\u00e4sen puhe muistokulkueessa - ICAHD Finland","og_description":"ICAHD Finlandin puheenjohtaja Syksy R\u00e4s\u00e4nen piti seuraava puheen palestiialaisuhtien muistokulkueessa perjantaina 1. kes\u00e4kuuta 2018. T\u00e4n\u00e4 vuonna tulee kuluneeksi 70 vuotta siit\u00e4, kun Palestiinan etniset puhdistukset alkoivat. Vuonna 1948 sionistiliike ja sen perustama Israelin valtio j\u00e4rjestelm\u00e4llisesti karkotti yli 700\u00a0000 palestiinalaista nykyisen Israelin alueelta. Tarkoituksena oli ottaa maa palestiinalaisilta ja saada aikaan valtio, jossa tietty etninen ryhm\u00e4, [&hellip;]","og_url":"https:\/\/www.icahd.fi\/en\/syksy-rasasen-puhe-muistokulkueessa\/","og_site_name":"ICAHD Finland","article_publisher":"https:\/\/www.facebook.com\/icahdfinland","article_published_time":"2018-06-02T13:38:20+00:00","article_modified_time":"2020-03-31T06:31:54+00:00","og_image":[{"width":300,"height":109,"url":"https:\/\/www.icahd.fi\/wp-content\/uploads\/2020\/01\/logo-teksti.png","type":"image\/png"}],"author":"Syksy","twitter_card":"summary_large_image","twitter_creator":"@icahdfinland","twitter_site":"@icahdfinland","twitter_misc":{"Written by":"Syksy","Estimated reading time":"3 minutes"},"schema":{"@context":"https:\/\/schema.org","@graph":[{"@type":"Article","@id":"https:\/\/www.icahd.fi\/syksy-rasasen-puhe-muistokulkueessa\/#article","isPartOf":{"@id":"https:\/\/www.icahd.fi\/syksy-rasasen-puhe-muistokulkueessa\/"},"author":{"name":"Syksy","@id":"https:\/\/www.icahd.fi\/#\/schema\/person\/1c69d30d135114d7a3a5d5454cf901f8"},"headline":"Syksy R\u00e4s\u00e4sen puhe muistokulkueessa","datePublished":"2018-06-02T13:38:20+00:00","dateModified":"2020-03-31T06:31:54+00:00","mainEntityOfPage":{"@id":"https:\/\/www.icahd.fi\/syksy-rasasen-puhe-muistokulkueessa\/"},"wordCount":571,"publisher":{"@id":"https:\/\/www.icahd.fi\/#organization"},"articleSection":["Yleinen"],"inLanguage":"en-GB"},{"@type":"WebPage","@id":"https:\/\/www.icahd.fi\/syksy-rasasen-puhe-muistokulkueessa\/","url":"https:\/\/www.icahd.fi\/syksy-rasasen-puhe-muistokulkueessa\/","name":"Syksy R\u00e4s\u00e4sen puhe muistokulkueessa - ICAHD Finland","isPartOf":{"@id":"https:\/\/www.icahd.fi\/#website"},"datePublished":"2018-06-02T13:38:20+00:00","dateModified":"2020-03-31T06:31:54+00:00","breadcrumb":{"@id":"https:\/\/www.icahd.fi\/syksy-rasasen-puhe-muistokulkueessa\/#breadcrumb"},"inLanguage":"en-GB","potentialAction":[{"@type":"ReadAction","target":["https:\/\/www.icahd.fi\/syksy-rasasen-puhe-muistokulkueessa\/"]}]},{"@type":"BreadcrumbList","@id":"https:\/\/www.icahd.fi\/syksy-rasasen-puhe-muistokulkueessa\/#breadcrumb","itemListElement":[{"@type":"ListItem","position":1,"name":"Home","item":"https:\/\/www.icahd.fi\/"},{"@type":"ListItem","position":2,"name":"Syksy R\u00e4s\u00e4sen puhe muistokulkueessa"}]},{"@type":"WebSite","@id":"https:\/\/www.icahd.fi\/#website","url":"https:\/\/www.icahd.fi\/","name":"In 2012, ICAHD Finland","description":"Yht&auml;l&auml;isten oikeuksien puolesta, Israelin apartheidia vastaan","publisher":{"@id":"https:\/\/www.icahd.fi\/#organization"},"potentialAction":[{"@type":"SearchAction","target":{"@type":"EntryPoint","urlTemplate":"https:\/\/www.icahd.fi\/?s={search_term_string}"},"query-input":{"@type":"PropertyValueSpecification","valueRequired":true,"valueName":"search_term_string"}}],"inLanguage":"en-GB"},{"@type":"Organization","@id":"https:\/\/www.icahd.fi\/#organization","name":"In 2012, ICAHD Finland","url":"https:\/\/www.icahd.fi\/","logo":{"@type":"ImageObject","inLanguage":"en-GB","@id":"https:\/\/www.icahd.fi\/#\/schema\/logo\/image\/","url":"https:\/\/www.icahd.fi\/wp-content\/uploads\/2020\/01\/logo-teksti.png","contentUrl":"https:\/\/www.icahd.fi\/wp-content\/uploads\/2020\/01\/logo-teksti.png","width":300,"height":109,"caption":"ICAHD Finland"},"image":{"@id":"https:\/\/www.icahd.fi\/#\/schema\/logo\/image\/"},"sameAs":["https:\/\/www.facebook.com\/icahdfinland","https:\/\/x.com\/icahdfinland"]},{"@type":"Person","@id":"https:\/\/www.icahd.fi\/#\/schema\/person\/1c69d30d135114d7a3a5d5454cf901f8","name":"Syksy","image":{"@type":"ImageObject","inLanguage":"en-GB","@id":"https:\/\/secure.gravatar.com\/avatar\/c8d8a8636968d9ebbc65828564da9c07ccf771e59b4ee6c4c57fde52c70ab3dc?s=96&d=mm&r=g","url":"https:\/\/secure.gravatar.com\/avatar\/c8d8a8636968d9ebbc65828564da9c07ccf771e59b4ee6c4c57fde52c70ab3dc?s=96&d=mm&r=g","contentUrl":"https:\/\/secure.gravatar.com\/avatar\/c8d8a8636968d9ebbc65828564da9c07ccf771e59b4ee6c4c57fde52c70ab3dc?s=96&d=mm&r=g","caption":"Syksy"}}]}},"acf":[],"_links":{"self":[{"href":"https:\/\/www.icahd.fi\/en\/wp-json\/wp\/v2\/posts\/6554","targetHints":{"allow":["GET"]}}],"collection":[{"href":"https:\/\/www.icahd.fi\/en\/wp-json\/wp\/v2\/posts"}],"about":[{"href":"https:\/\/www.icahd.fi\/en\/wp-json\/wp\/v2\/types\/post"}],"author":[{"embeddable":true,"href":"https:\/\/www.icahd.fi\/en\/wp-json\/wp\/v2\/users\/9"}],"replies":[{"embeddable":true,"href":"https:\/\/www.icahd.fi\/en\/wp-json\/wp\/v2\/comments?post=6554"}],"version-history":[{"count":1,"href":"https:\/\/www.icahd.fi\/en\/wp-json\/wp\/v2\/posts\/6554\/revisions"}],"predecessor-version":[{"id":6555,"href":"https:\/\/www.icahd.fi\/en\/wp-json\/wp\/v2\/posts\/6554\/revisions\/6555"}],"wp:attachment":[{"href":"https:\/\/www.icahd.fi\/en\/wp-json\/wp\/v2\/media?parent=6554"}],"wp:term":[{"taxonomy":"category","embeddable":true,"href":"https:\/\/www.icahd.fi\/en\/wp-json\/wp\/v2\/categories?post=6554"},{"taxonomy":"post_tag","embeddable":true,"href":"https:\/\/www.icahd.fi\/en\/wp-json\/wp\/v2\/tags?post=6554"}],"curies":[{"name":"wp","href":"https:\/\/api.w.org\/{rel}","templated":true}]}}