{"id":6547,"date":"2018-05-23T21:58:00","date_gmt":"2018-05-23T18:58:00","guid":{"rendered":"http:\/\/www.icahd.fi\/?p=6547"},"modified":"2018-06-19T22:43:46","modified_gmt":"2018-06-19T19:43:46","slug":"tapahtuma-muistokulkue-palestiinalaisuhreille","status":"publish","type":"post","link":"https:\/\/www.icahd.fi\/en\/tapahtuma-muistokulkue-palestiinalaisuhreille\/","title":{"rendered":"Tapahtuma: Muistokulkue palestiinalaisuhreille perjantaina 1.6."},"content":{"rendered":"<p>J\u00e4rjest\u00e4mme perjantaina 1.6.2018 kello 17:30 muistokulkueen Israelin sotilaiden murhaamien palestiinalaismielenosoittajien muistoksi.<!--more--><br \/>\nKuljemme Kampintorilta Eduskuntatalolle, jossa laskemme ruusut kuolleiden muistoksi. Laskemme yhden ruusun jokaisen murhatun muistoksi. Toivomme my\u00f6s, ett\u00e4 kulkueen osallistujat tuovat omia ruusuja.<\/p>\n<p>Vastustamme Gazan saartoa, Israelin miehityspolitiikaa ja Israelin tekemi\u00e4 kansainv\u00e4lisen lain loukkauksia, kuten esimerkiksi toimittajien, l\u00e4\u00e4k\u00e4reiden ja muiden avustusty\u00f6ntekij\u00f6iden tulittamista ja kansainv\u00e4lisen oikeuden kielt\u00e4mien r\u00e4j\u00e4ht\u00e4vien luotien k\u00e4ytt\u00f6\u00e4. Emme hyv\u00e4ksy my\u00f6sk\u00e4\u00e4n siirtokuntatuotteiden myynti\u00e4 Suomessa, Suomen asekauppoja Israelin kanssa emmek\u00e4 Yhdysvaltojen ja Guatemalan l\u00e4hetyst\u00f6jen siirt\u00e4mist\u00e4 Jerusalemiin.<\/p>\n<p>Tapahtuman j\u00e4rjest\u00e4\u00e4 ICAHD Finland, Suomen Rauhanpuolustajat ry, Vihre\u00e4t Nuoret, Vasemmistonuoret ja Students for Justice in Palestine Helsinki. Tapahtumaa tukee Espoon Vihre\u00e4t Nuoret, Nuoret Muslimit ry (NUMU), Arabikansojen yst\u00e4vyysseura, Suomen Palestiinalaisten Siirtokuntayhdistys, Fem-R, Resalat ja Demarinuoret.<\/p>\n<p>Tapahtuma on rauhanomainen. Emme hyv\u00e4ksy antisemitismi\u00e4, rasismia, v\u00e4kivaltaa tai p\u00e4ihteiden k\u00e4ytt\u00f6\u00e4. Noudatamme turvallisemman tilan periaatteita*.<\/p>\n<p>*<a href=\"https:\/\/l.facebook.com\/l.php?u=http%3A%2F%2Fvasemmistonuoret.fi%2Fjarjesto%2Fturvallisemman-tilan-saannot%2F&amp;h=ATMTtrZs8_coRLQZuCpF98OLu_JutKEf65k2wL1eneF8T3GmqzkT22flJzRPDa3zhwVXR03UDY1NNt2AWJQ-nBwWdXWUmvyQp4ac_WwC4WyK1xNJFpnU&amp;s=1\">http:\/\/vasemmistonuoret.fi\/jarjesto\/turvallisemman-tilan-saannot\/<\/a><\/p>\n<p>Tapahtuma Facebookissa: https:\/\/www.facebook.com\/events\/146213602902067\/<\/p>","protected":false},"excerpt":{"rendered":"<p>J\u00e4rjest\u00e4mme perjantaina 1.6.2018 kello 17:30 muistokulkueen Israelin sotilaiden murhaamien palestiinalaismielenosoittajien muistoksi.<\/p>","protected":false},"author":9,"featured_media":4180,"comment_status":"closed","ping_status":"closed","sticky":false,"template":"","format":"standard","meta":{"zakra_page_container_layout":"customizer","zakra_page_sidebar_layout":"customizer","zakra_remove_content_margin":false,"zakra_sidebar":"customizer","zakra_transparent_header":"customizer","zakra_logo":0,"zakra_main_header_style":"default","zakra_menu_item_color":"","zakra_menu_item_hover_color":"","zakra_menu_item_active_color":"","zakra_menu_active_style":"","zakra_page_header":true,"footnotes":""},"categories":[24,25,33],"tags":[],"class_list":["post-6547","post","type-post","status-publish","format-standard","has-post-thumbnail","hentry","category-media","category-muut-toimijat","category-tapahtumat"],"yoast_head":"<!-- This site is optimized with the Yoast SEO plugin v27.5 - https:\/\/yoast.com\/product\/yoast-seo-wordpress\/ -->\n<title>Tapahtuma: Muistokulkue palestiinalaisuhreille perjantaina 1.6. - ICAHD Finland<\/title>\n<meta name=\"robots\" content=\"index, follow, max-snippet:-1, max-image-preview:large, max-video-preview:-1\" \/>\n<link rel=\"canonical\" href=\"https:\/\/www.icahd.fi\/en\/tapahtuma-muistokulkue-palestiinalaisuhreille\/\" \/>\n<meta property=\"og:locale\" content=\"en_GB\" \/>\n<meta property=\"og:type\" content=\"article\" \/>\n<meta property=\"og:title\" content=\"Tapahtuma: Muistokulkue palestiinalaisuhreille perjantaina 1.6. - ICAHD Finland\" \/>\n<meta property=\"og:description\" content=\"J\u00e4rjest\u00e4mme perjantaina 1.6.2018 kello 17:30 muistokulkueen Israelin sotilaiden murhaamien palestiinalaismielenosoittajien muistoksi.\" \/>\n<meta property=\"og:url\" content=\"https:\/\/www.icahd.fi\/en\/tapahtuma-muistokulkue-palestiinalaisuhreille\/\" \/>\n<meta property=\"og:site_name\" content=\"ICAHD Finland\" \/>\n<meta property=\"article:publisher\" content=\"https:\/\/www.facebook.com\/icahdfinland\" \/>\n<meta property=\"article:published_time\" content=\"2018-05-23T18:58:00+00:00\" \/>\n<meta property=\"article:modified_time\" content=\"2018-06-19T19:43:46+00:00\" \/>\n<meta property=\"og:image\" content=\"https:\/\/www.icahd.fi\/wp-content\/uploads\/2014\/01\/slide1banksy.jpg\" \/>\n\t<meta property=\"og:image:width\" content=\"1869\" \/>\n\t<meta property=\"og:image:height\" content=\"486\" \/>\n\t<meta property=\"og:image:type\" content=\"image\/jpeg\" \/>\n<meta name=\"author\" content=\"Syksy\" \/>\n<meta name=\"twitter:card\" content=\"summary_large_image\" \/>\n<meta name=\"twitter:creator\" content=\"@icahdfinland\" \/>\n<meta name=\"twitter:site\" content=\"@icahdfinland\" \/>\n<meta name=\"twitter:label1\" content=\"Written by\" \/>\n\t<meta name=\"twitter:data1\" content=\"Syksy\" \/>\n\t<meta name=\"twitter:label2\" content=\"Estimated reading time\" \/>\n\t<meta name=\"twitter:data2\" content=\"1 minute\" \/>\n<script type=\"application\/ld+json\" class=\"yoast-schema-graph\">{\"@context\":\"https:\\\/\\\/schema.org\",\"@graph\":[{\"@type\":\"Article\",\"@id\":\"https:\\\/\\\/www.icahd.fi\\\/tapahtuma-muistokulkue-palestiinalaisuhreille\\\/#article\",\"isPartOf\":{\"@id\":\"https:\\\/\\\/www.icahd.fi\\\/tapahtuma-muistokulkue-palestiinalaisuhreille\\\/\"},\"author\":{\"name\":\"Syksy\",\"@id\":\"https:\\\/\\\/www.icahd.fi\\\/#\\\/schema\\\/person\\\/1c69d30d135114d7a3a5d5454cf901f8\"},\"headline\":\"Tapahtuma: Muistokulkue palestiinalaisuhreille perjantaina 1.6.\",\"datePublished\":\"2018-05-23T18:58:00+00:00\",\"dateModified\":\"2018-06-19T19:43:46+00:00\",\"mainEntityOfPage\":{\"@id\":\"https:\\\/\\\/www.icahd.fi\\\/tapahtuma-muistokulkue-palestiinalaisuhreille\\\/\"},\"wordCount\":168,\"publisher\":{\"@id\":\"https:\\\/\\\/www.icahd.fi\\\/#organization\"},\"image\":{\"@id\":\"https:\\\/\\\/www.icahd.fi\\\/tapahtuma-muistokulkue-palestiinalaisuhreille\\\/#primaryimage\"},\"thumbnailUrl\":\"https:\\\/\\\/www.icahd.fi\\\/wp-content\\\/uploads\\\/2014\\\/01\\\/slide1banksy.jpg\",\"articleSection\":[\"media\",\"Muut toimijat\",\"Tapahtumat\"],\"inLanguage\":\"en-GB\"},{\"@type\":\"WebPage\",\"@id\":\"https:\\\/\\\/www.icahd.fi\\\/tapahtuma-muistokulkue-palestiinalaisuhreille\\\/\",\"url\":\"https:\\\/\\\/www.icahd.fi\\\/tapahtuma-muistokulkue-palestiinalaisuhreille\\\/\",\"name\":\"Tapahtuma: Muistokulkue palestiinalaisuhreille perjantaina 1.6. - ICAHD Finland\",\"isPartOf\":{\"@id\":\"https:\\\/\\\/www.icahd.fi\\\/#website\"},\"primaryImageOfPage\":{\"@id\":\"https:\\\/\\\/www.icahd.fi\\\/tapahtuma-muistokulkue-palestiinalaisuhreille\\\/#primaryimage\"},\"image\":{\"@id\":\"https:\\\/\\\/www.icahd.fi\\\/tapahtuma-muistokulkue-palestiinalaisuhreille\\\/#primaryimage\"},\"thumbnailUrl\":\"https:\\\/\\\/www.icahd.fi\\\/wp-content\\\/uploads\\\/2014\\\/01\\\/slide1banksy.jpg\",\"datePublished\":\"2018-05-23T18:58:00+00:00\",\"dateModified\":\"2018-06-19T19:43:46+00:00\",\"breadcrumb\":{\"@id\":\"https:\\\/\\\/www.icahd.fi\\\/tapahtuma-muistokulkue-palestiinalaisuhreille\\\/#breadcrumb\"},\"inLanguage\":\"en-GB\",\"potentialAction\":[{\"@type\":\"ReadAction\",\"target\":[\"https:\\\/\\\/www.icahd.fi\\\/tapahtuma-muistokulkue-palestiinalaisuhreille\\\/\"]}]},{\"@type\":\"ImageObject\",\"inLanguage\":\"en-GB\",\"@id\":\"https:\\\/\\\/www.icahd.fi\\\/tapahtuma-muistokulkue-palestiinalaisuhreille\\\/#primaryimage\",\"url\":\"https:\\\/\\\/www.icahd.fi\\\/wp-content\\\/uploads\\\/2014\\\/01\\\/slide1banksy.jpg\",\"contentUrl\":\"https:\\\/\\\/www.icahd.fi\\\/wp-content\\\/uploads\\\/2014\\\/01\\\/slide1banksy.jpg\",\"width\":1869,\"height\":486},{\"@type\":\"BreadcrumbList\",\"@id\":\"https:\\\/\\\/www.icahd.fi\\\/tapahtuma-muistokulkue-palestiinalaisuhreille\\\/#breadcrumb\",\"itemListElement\":[{\"@type\":\"ListItem\",\"position\":1,\"name\":\"Home\",\"item\":\"https:\\\/\\\/www.icahd.fi\\\/\"},{\"@type\":\"ListItem\",\"position\":2,\"name\":\"Tapahtuma: Muistokulkue palestiinalaisuhreille perjantaina 1.6.\"}]},{\"@type\":\"WebSite\",\"@id\":\"https:\\\/\\\/www.icahd.fi\\\/#website\",\"url\":\"https:\\\/\\\/www.icahd.fi\\\/\",\"name\":\"ICAHD Finland\",\"description\":\"Yht&auml;l&auml;isten oikeuksien puolesta, Israelin apartheidia vastaan\",\"publisher\":{\"@id\":\"https:\\\/\\\/www.icahd.fi\\\/#organization\"},\"potentialAction\":[{\"@type\":\"SearchAction\",\"target\":{\"@type\":\"EntryPoint\",\"urlTemplate\":\"https:\\\/\\\/www.icahd.fi\\\/?s={search_term_string}\"},\"query-input\":{\"@type\":\"PropertyValueSpecification\",\"valueRequired\":true,\"valueName\":\"search_term_string\"}}],\"inLanguage\":\"en-GB\"},{\"@type\":\"Organization\",\"@id\":\"https:\\\/\\\/www.icahd.fi\\\/#organization\",\"name\":\"ICAHD Finland\",\"url\":\"https:\\\/\\\/www.icahd.fi\\\/\",\"logo\":{\"@type\":\"ImageObject\",\"inLanguage\":\"en-GB\",\"@id\":\"https:\\\/\\\/www.icahd.fi\\\/#\\\/schema\\\/logo\\\/image\\\/\",\"url\":\"https:\\\/\\\/www.icahd.fi\\\/wp-content\\\/uploads\\\/2020\\\/01\\\/logo-teksti.png\",\"contentUrl\":\"https:\\\/\\\/www.icahd.fi\\\/wp-content\\\/uploads\\\/2020\\\/01\\\/logo-teksti.png\",\"width\":300,\"height\":109,\"caption\":\"ICAHD Finland\"},\"image\":{\"@id\":\"https:\\\/\\\/www.icahd.fi\\\/#\\\/schema\\\/logo\\\/image\\\/\"},\"sameAs\":[\"https:\\\/\\\/www.facebook.com\\\/icahdfinland\",\"https:\\\/\\\/x.com\\\/icahdfinland\"]},{\"@type\":\"Person\",\"@id\":\"https:\\\/\\\/www.icahd.fi\\\/#\\\/schema\\\/person\\\/1c69d30d135114d7a3a5d5454cf901f8\",\"name\":\"Syksy\",\"image\":{\"@type\":\"ImageObject\",\"inLanguage\":\"en-GB\",\"@id\":\"https:\\\/\\\/secure.gravatar.com\\\/avatar\\\/c8d8a8636968d9ebbc65828564da9c07ccf771e59b4ee6c4c57fde52c70ab3dc?s=96&d=mm&r=g\",\"url\":\"https:\\\/\\\/secure.gravatar.com\\\/avatar\\\/c8d8a8636968d9ebbc65828564da9c07ccf771e59b4ee6c4c57fde52c70ab3dc?s=96&d=mm&r=g\",\"contentUrl\":\"https:\\\/\\\/secure.gravatar.com\\\/avatar\\\/c8d8a8636968d9ebbc65828564da9c07ccf771e59b4ee6c4c57fde52c70ab3dc?s=96&d=mm&r=g\",\"caption\":\"Syksy\"}}]}<\/script>\n<!-- \/ Yoast SEO plugin. -->","yoast_head_json":{"title":"Tapahtuma: Muistokulkue palestiinalaisuhreille perjantaina 1.6. - ICAHD Finland","robots":{"index":"index","follow":"follow","max-snippet":"max-snippet:-1","max-image-preview":"max-image-preview:large","max-video-preview":"max-video-preview:-1"},"canonical":"https:\/\/www.icahd.fi\/en\/tapahtuma-muistokulkue-palestiinalaisuhreille\/","og_locale":"en_GB","og_type":"article","og_title":"Tapahtuma: Muistokulkue palestiinalaisuhreille perjantaina 1.6. - ICAHD Finland","og_description":"J\u00e4rjest\u00e4mme perjantaina 1.6.2018 kello 17:30 muistokulkueen Israelin sotilaiden murhaamien palestiinalaismielenosoittajien muistoksi.","og_url":"https:\/\/www.icahd.fi\/en\/tapahtuma-muistokulkue-palestiinalaisuhreille\/","og_site_name":"ICAHD Finland","article_publisher":"https:\/\/www.facebook.com\/icahdfinland","article_published_time":"2018-05-23T18:58:00+00:00","article_modified_time":"2018-06-19T19:43:46+00:00","og_image":[{"width":1869,"height":486,"url":"https:\/\/www.icahd.fi\/wp-content\/uploads\/2014\/01\/slide1banksy.jpg","type":"image\/jpeg"}],"author":"Syksy","twitter_card":"summary_large_image","twitter_creator":"@icahdfinland","twitter_site":"@icahdfinland","twitter_misc":{"Written by":"Syksy","Estimated reading time":"1 minute"},"schema":{"@context":"https:\/\/schema.org","@graph":[{"@type":"Article","@id":"https:\/\/www.icahd.fi\/tapahtuma-muistokulkue-palestiinalaisuhreille\/#article","isPartOf":{"@id":"https:\/\/www.icahd.fi\/tapahtuma-muistokulkue-palestiinalaisuhreille\/"},"author":{"name":"Syksy","@id":"https:\/\/www.icahd.fi\/#\/schema\/person\/1c69d30d135114d7a3a5d5454cf901f8"},"headline":"Tapahtuma: Muistokulkue palestiinalaisuhreille perjantaina 1.6.","datePublished":"2018-05-23T18:58:00+00:00","dateModified":"2018-06-19T19:43:46+00:00","mainEntityOfPage":{"@id":"https:\/\/www.icahd.fi\/tapahtuma-muistokulkue-palestiinalaisuhreille\/"},"wordCount":168,"publisher":{"@id":"https:\/\/www.icahd.fi\/#organization"},"image":{"@id":"https:\/\/www.icahd.fi\/tapahtuma-muistokulkue-palestiinalaisuhreille\/#primaryimage"},"thumbnailUrl":"https:\/\/www.icahd.fi\/wp-content\/uploads\/2014\/01\/slide1banksy.jpg","articleSection":["media","Muut toimijat","Tapahtumat"],"inLanguage":"en-GB"},{"@type":"WebPage","@id":"https:\/\/www.icahd.fi\/tapahtuma-muistokulkue-palestiinalaisuhreille\/","url":"https:\/\/www.icahd.fi\/tapahtuma-muistokulkue-palestiinalaisuhreille\/","name":"Tapahtuma: Muistokulkue palestiinalaisuhreille perjantaina 1.6. - ICAHD Finland","isPartOf":{"@id":"https:\/\/www.icahd.fi\/#website"},"primaryImageOfPage":{"@id":"https:\/\/www.icahd.fi\/tapahtuma-muistokulkue-palestiinalaisuhreille\/#primaryimage"},"image":{"@id":"https:\/\/www.icahd.fi\/tapahtuma-muistokulkue-palestiinalaisuhreille\/#primaryimage"},"thumbnailUrl":"https:\/\/www.icahd.fi\/wp-content\/uploads\/2014\/01\/slide1banksy.jpg","datePublished":"2018-05-23T18:58:00+00:00","dateModified":"2018-06-19T19:43:46+00:00","breadcrumb":{"@id":"https:\/\/www.icahd.fi\/tapahtuma-muistokulkue-palestiinalaisuhreille\/#breadcrumb"},"inLanguage":"en-GB","potentialAction":[{"@type":"ReadAction","target":["https:\/\/www.icahd.fi\/tapahtuma-muistokulkue-palestiinalaisuhreille\/"]}]},{"@type":"ImageObject","inLanguage":"en-GB","@id":"https:\/\/www.icahd.fi\/tapahtuma-muistokulkue-palestiinalaisuhreille\/#primaryimage","url":"https:\/\/www.icahd.fi\/wp-content\/uploads\/2014\/01\/slide1banksy.jpg","contentUrl":"https:\/\/www.icahd.fi\/wp-content\/uploads\/2014\/01\/slide1banksy.jpg","width":1869,"height":486},{"@type":"BreadcrumbList","@id":"https:\/\/www.icahd.fi\/tapahtuma-muistokulkue-palestiinalaisuhreille\/#breadcrumb","itemListElement":[{"@type":"ListItem","position":1,"name":"Home","item":"https:\/\/www.icahd.fi\/"},{"@type":"ListItem","position":2,"name":"Tapahtuma: Muistokulkue palestiinalaisuhreille perjantaina 1.6."}]},{"@type":"WebSite","@id":"https:\/\/www.icahd.fi\/#website","url":"https:\/\/www.icahd.fi\/","name":"In 2012, ICAHD Finland","description":"Yht&auml;l&auml;isten oikeuksien puolesta, Israelin apartheidia vastaan","publisher":{"@id":"https:\/\/www.icahd.fi\/#organization"},"potentialAction":[{"@type":"SearchAction","target":{"@type":"EntryPoint","urlTemplate":"https:\/\/www.icahd.fi\/?s={search_term_string}"},"query-input":{"@type":"PropertyValueSpecification","valueRequired":true,"valueName":"search_term_string"}}],"inLanguage":"en-GB"},{"@type":"Organization","@id":"https:\/\/www.icahd.fi\/#organization","name":"In 2012, ICAHD Finland","url":"https:\/\/www.icahd.fi\/","logo":{"@type":"ImageObject","inLanguage":"en-GB","@id":"https:\/\/www.icahd.fi\/#\/schema\/logo\/image\/","url":"https:\/\/www.icahd.fi\/wp-content\/uploads\/2020\/01\/logo-teksti.png","contentUrl":"https:\/\/www.icahd.fi\/wp-content\/uploads\/2020\/01\/logo-teksti.png","width":300,"height":109,"caption":"ICAHD Finland"},"image":{"@id":"https:\/\/www.icahd.fi\/#\/schema\/logo\/image\/"},"sameAs":["https:\/\/www.facebook.com\/icahdfinland","https:\/\/x.com\/icahdfinland"]},{"@type":"Person","@id":"https:\/\/www.icahd.fi\/#\/schema\/person\/1c69d30d135114d7a3a5d5454cf901f8","name":"Syksy","image":{"@type":"ImageObject","inLanguage":"en-GB","@id":"https:\/\/secure.gravatar.com\/avatar\/c8d8a8636968d9ebbc65828564da9c07ccf771e59b4ee6c4c57fde52c70ab3dc?s=96&d=mm&r=g","url":"https:\/\/secure.gravatar.com\/avatar\/c8d8a8636968d9ebbc65828564da9c07ccf771e59b4ee6c4c57fde52c70ab3dc?s=96&d=mm&r=g","contentUrl":"https:\/\/secure.gravatar.com\/avatar\/c8d8a8636968d9ebbc65828564da9c07ccf771e59b4ee6c4c57fde52c70ab3dc?s=96&d=mm&r=g","caption":"Syksy"}}]}},"acf":[],"_links":{"self":[{"href":"https:\/\/www.icahd.fi\/en\/wp-json\/wp\/v2\/posts\/6547","targetHints":{"allow":["GET"]}}],"collection":[{"href":"https:\/\/www.icahd.fi\/en\/wp-json\/wp\/v2\/posts"}],"about":[{"href":"https:\/\/www.icahd.fi\/en\/wp-json\/wp\/v2\/types\/post"}],"author":[{"embeddable":true,"href":"https:\/\/www.icahd.fi\/en\/wp-json\/wp\/v2\/users\/9"}],"replies":[{"embeddable":true,"href":"https:\/\/www.icahd.fi\/en\/wp-json\/wp\/v2\/comments?post=6547"}],"version-history":[{"count":2,"href":"https:\/\/www.icahd.fi\/en\/wp-json\/wp\/v2\/posts\/6547\/revisions"}],"predecessor-version":[{"id":6550,"href":"https:\/\/www.icahd.fi\/en\/wp-json\/wp\/v2\/posts\/6547\/revisions\/6550"}],"wp:featuredmedia":[{"embeddable":true,"href":"https:\/\/www.icahd.fi\/en\/wp-json\/wp\/v2\/media\/4180"}],"wp:attachment":[{"href":"https:\/\/www.icahd.fi\/en\/wp-json\/wp\/v2\/media?parent=6547"}],"wp:term":[{"taxonomy":"category","embeddable":true,"href":"https:\/\/www.icahd.fi\/en\/wp-json\/wp\/v2\/categories?post=6547"},{"taxonomy":"post_tag","embeddable":true,"href":"https:\/\/www.icahd.fi\/en\/wp-json\/wp\/v2\/tags?post=6547"}],"curies":[{"name":"wp","href":"https:\/\/api.w.org\/{rel}","templated":true}]}}