{"id":5601,"date":"2015-04-07T12:02:10","date_gmt":"2015-04-07T09:02:10","guid":{"rendered":"http:\/\/www.icahd.fi\/?p=5601"},"modified":"2015-04-27T14:45:09","modified_gmt":"2015-04-27T11:45:09","slug":"aku-taman-vuoden-icahdin-jalleenrakennusleirille-on-alkanut","status":"publish","type":"post","link":"https:\/\/www.icahd.fi\/en\/aku-taman-vuoden-icahdin-jalleenrakennusleirille-on-alkanut\/","title":{"rendered":"Haku t\u00e4m\u00e4n vuoden ICAHD:in j\u00e4lleenrakennusleirille on alkanut!"},"content":{"rendered":"<p><strong>Haku t\u00e4m\u00e4n vuoden ICAHD:in j\u00e4lleenrakennusleirille on alkanut!<\/strong><\/p>\n<p>Tervetuloa ICAHD:in kolmannelletoista j\u00e4lleenrakennusleireille, joka j\u00e4rjestet\u00e4\u00e4n miehitetyill\u00e4 palestiinalaisalueilla 19.7. &#8211; 3.8.2015. ICAHD:in leirill\u00e4 kansainv\u00e4liset vapaaehtoiset, palestiinalaiset ja israelinjuutalaiset j\u00e4lleenrakentavat Israelin tuhoaman palestiinalaisperheen kodin. ICAHD:in j\u00e4lleenrakennusleiri on osa paikallista v\u00e4kivallatonta poliittista vastarintaa Israelin sotilasmiehitykselle.<\/p>\n<p>J\u00e4lleenrakentamisen ohella leiriohjelmaan kuuluu lukuisia opastettuja vierailuja eri puolilla miehitettyj\u00e4 palestiinalaisalueita ja Israelia, luentoja ja esitelmi\u00e4 konfliktin asiantuntijoilta, poliittisen aktivismin ty\u00f6pajoja ja keskustelua. Leiril\u00e4iset n\u00e4kev\u00e4t miehityksen todellisuuden ruohonjuuritasolla ja saavat ainutlaatuisen tilaisuuden tavata paikallisia ja kansainv\u00e4lisi\u00e4 j\u00e4rjest\u00f6toimijoita.<\/p>\n<p><strong>Leirimaksu on 1425 euroa.<\/strong> Leirimaksuun sis\u00e4ltyy majoitus, ruokailut, leirin koulutuksellinen anti oppimateriaaleineen ja opastetut vierailut. Leirimaksu ei kata lentolippuja.<\/p>\n<p>ICAHD Finland j\u00e4rjest\u00e4\u00e4 varainkeruutilaisuuksia, joilla katetaan osa osallistujien leirimaksuista. Leiril\u00e4isilt\u00e4 edellytet\u00e4\u00e4n englannin taitoa.<\/p>\n<p>Leirist\u00e4 kiinnostuneita pyydet\u00e4\u00e4n l\u00e4hett\u00e4m\u00e4\u00e4n vapaamuotoinen hakemus osoitteeseen brunojantti@yahoo.com. Hakemuksesta pit\u00e4\u00e4 selvit\u00e4, miksi haluaa leirille ja onko aiempaa kokemusta Israel\/Palestiina -aiheisesta poliittisesta tai humanitaarisesta ty\u00f6st\u00e4.<\/p>\n<p><strong>Hakemukset tulee j\u00e4tt\u00e4\u00e4 7.5.2015 menness\u00e4.<\/strong> Otamme sen j\u00e4lkeen yhteytt\u00e4 kaikkiin hakijoihin.<\/p>\n<p>Valituilta hakijoilta pyydet\u00e4\u00e4n 50 euron panttimaksu.<\/p>\n<p>Lis\u00e4tietoa leirist\u00e4 l\u00f6ytyy <a href=\"http:\/\/www.icahd.org\/?page_id=8185%20.\">ICAHD:in kotisivuilta.<\/a><\/p>","protected":false},"excerpt":{"rendered":"<p>Haku t\u00e4m\u00e4n vuoden ICAHD:in j\u00e4lleenrakennusleirille on alkanut! Tervetuloa ICAHD:in kolmannelletoista j\u00e4lleenrakennusleireille, joka j\u00e4rjestet\u00e4\u00e4n miehitetyill\u00e4 palestiinalaisalueilla 19.7. &#8211; 3.8.2015. ICAHD:in leirill\u00e4 kansainv\u00e4liset vapaaehtoiset, palestiinalaiset ja israelinjuutalaiset j\u00e4lleenrakentavat Israelin tuhoaman palestiinalaisperheen kodin. ICAHD:in j\u00e4lleenrakennusleiri on osa paikallista v\u00e4kivallatonta poliittista vastarintaa Israelin sotilasmiehitykselle. J\u00e4lleenrakentamisen ohella leiriohjelmaan kuuluu lukuisia opastettuja vierailuja eri puolilla miehitettyj\u00e4 palestiinalaisalueita ja Israelia, luentoja ja [&hellip;]<\/p>\n","protected":false},"author":9,"featured_media":0,"comment_status":"closed","ping_status":"closed","sticky":false,"template":"","format":"standard","meta":{"zakra_page_container_layout":"customizer","zakra_page_sidebar_layout":"customizer","zakra_remove_content_margin":false,"zakra_sidebar":"customizer","zakra_transparent_header":"customizer","zakra_logo":0,"zakra_main_header_style":"default","zakra_menu_item_color":"","zakra_menu_item_hover_color":"","zakra_menu_item_active_color":"","zakra_menu_active_style":"","zakra_page_header":true,"footnotes":""},"categories":[29],"tags":[],"class_list":["post-5601","post","type-post","status-publish","format-standard","hentry","category-uutiset"],"yoast_head":"<!-- This site is optimized with the Yoast SEO plugin v27.4 - https:\/\/yoast.com\/product\/yoast-seo-wordpress\/ -->\n<title>Haku t\u00e4m\u00e4n vuoden ICAHD:in j\u00e4lleenrakennusleirille on alkanut! - ICAHD Finland<\/title>\n<meta name=\"robots\" content=\"index, follow, max-snippet:-1, max-image-preview:large, max-video-preview:-1\" \/>\n<link rel=\"canonical\" href=\"https:\/\/www.icahd.fi\/en\/aku-taman-vuoden-icahdin-jalleenrakennusleirille-on-alkanut\/\" \/>\n<meta property=\"og:locale\" content=\"en_GB\" \/>\n<meta property=\"og:type\" content=\"article\" \/>\n<meta property=\"og:title\" content=\"Haku t\u00e4m\u00e4n vuoden ICAHD:in j\u00e4lleenrakennusleirille on alkanut! - ICAHD Finland\" \/>\n<meta property=\"og:description\" content=\"Haku t\u00e4m\u00e4n vuoden ICAHD:in j\u00e4lleenrakennusleirille on alkanut! Tervetuloa ICAHD:in kolmannelletoista j\u00e4lleenrakennusleireille, joka j\u00e4rjestet\u00e4\u00e4n miehitetyill\u00e4 palestiinalaisalueilla 19.7. &#8211; 3.8.2015. ICAHD:in leirill\u00e4 kansainv\u00e4liset vapaaehtoiset, palestiinalaiset ja israelinjuutalaiset j\u00e4lleenrakentavat Israelin tuhoaman palestiinalaisperheen kodin. ICAHD:in j\u00e4lleenrakennusleiri on osa paikallista v\u00e4kivallatonta poliittista vastarintaa Israelin sotilasmiehitykselle. J\u00e4lleenrakentamisen ohella leiriohjelmaan kuuluu lukuisia opastettuja vierailuja eri puolilla miehitettyj\u00e4 palestiinalaisalueita ja Israelia, luentoja ja [&hellip;]\" \/>\n<meta property=\"og:url\" content=\"https:\/\/www.icahd.fi\/en\/aku-taman-vuoden-icahdin-jalleenrakennusleirille-on-alkanut\/\" \/>\n<meta property=\"og:site_name\" content=\"ICAHD Finland\" \/>\n<meta property=\"article:publisher\" content=\"https:\/\/www.facebook.com\/icahdfinland\" \/>\n<meta property=\"article:published_time\" content=\"2015-04-07T09:02:10+00:00\" \/>\n<meta property=\"article:modified_time\" content=\"2015-04-27T11:45:09+00:00\" \/>\n<meta property=\"og:image\" content=\"https:\/\/www.icahd.fi\/wp-content\/uploads\/2020\/01\/logo-teksti.png\" \/>\n\t<meta property=\"og:image:width\" content=\"300\" \/>\n\t<meta property=\"og:image:height\" content=\"109\" \/>\n\t<meta property=\"og:image:type\" content=\"image\/png\" \/>\n<meta name=\"author\" content=\"Syksy\" \/>\n<meta name=\"twitter:card\" content=\"summary_large_image\" \/>\n<meta name=\"twitter:creator\" content=\"@icahdfinland\" \/>\n<meta name=\"twitter:site\" content=\"@icahdfinland\" \/>\n<meta name=\"twitter:label1\" content=\"Written by\" \/>\n\t<meta name=\"twitter:data1\" content=\"Syksy\" \/>\n\t<meta name=\"twitter:label2\" content=\"Estimated reading time\" \/>\n\t<meta name=\"twitter:data2\" content=\"1 minute\" \/>\n<script type=\"application\/ld+json\" class=\"yoast-schema-graph\">{\"@context\":\"https:\\\/\\\/schema.org\",\"@graph\":[{\"@type\":\"Article\",\"@id\":\"https:\\\/\\\/www.icahd.fi\\\/aku-taman-vuoden-icahdin-jalleenrakennusleirille-on-alkanut\\\/#article\",\"isPartOf\":{\"@id\":\"https:\\\/\\\/www.icahd.fi\\\/aku-taman-vuoden-icahdin-jalleenrakennusleirille-on-alkanut\\\/\"},\"author\":{\"name\":\"Syksy\",\"@id\":\"https:\\\/\\\/www.icahd.fi\\\/#\\\/schema\\\/person\\\/1c69d30d135114d7a3a5d5454cf901f8\"},\"headline\":\"Haku t\u00e4m\u00e4n vuoden ICAHD:in j\u00e4lleenrakennusleirille on alkanut!\",\"datePublished\":\"2015-04-07T09:02:10+00:00\",\"dateModified\":\"2015-04-27T11:45:09+00:00\",\"mainEntityOfPage\":{\"@id\":\"https:\\\/\\\/www.icahd.fi\\\/aku-taman-vuoden-icahdin-jalleenrakennusleirille-on-alkanut\\\/\"},\"wordCount\":201,\"publisher\":{\"@id\":\"https:\\\/\\\/www.icahd.fi\\\/#organization\"},\"articleSection\":[\"Uutiset\"],\"inLanguage\":\"en-GB\"},{\"@type\":\"WebPage\",\"@id\":\"https:\\\/\\\/www.icahd.fi\\\/aku-taman-vuoden-icahdin-jalleenrakennusleirille-on-alkanut\\\/\",\"url\":\"https:\\\/\\\/www.icahd.fi\\\/aku-taman-vuoden-icahdin-jalleenrakennusleirille-on-alkanut\\\/\",\"name\":\"Haku t\u00e4m\u00e4n vuoden ICAHD:in j\u00e4lleenrakennusleirille on alkanut! - ICAHD Finland\",\"isPartOf\":{\"@id\":\"https:\\\/\\\/www.icahd.fi\\\/#website\"},\"datePublished\":\"2015-04-07T09:02:10+00:00\",\"dateModified\":\"2015-04-27T11:45:09+00:00\",\"breadcrumb\":{\"@id\":\"https:\\\/\\\/www.icahd.fi\\\/aku-taman-vuoden-icahdin-jalleenrakennusleirille-on-alkanut\\\/#breadcrumb\"},\"inLanguage\":\"en-GB\",\"potentialAction\":[{\"@type\":\"ReadAction\",\"target\":[\"https:\\\/\\\/www.icahd.fi\\\/aku-taman-vuoden-icahdin-jalleenrakennusleirille-on-alkanut\\\/\"]}]},{\"@type\":\"BreadcrumbList\",\"@id\":\"https:\\\/\\\/www.icahd.fi\\\/aku-taman-vuoden-icahdin-jalleenrakennusleirille-on-alkanut\\\/#breadcrumb\",\"itemListElement\":[{\"@type\":\"ListItem\",\"position\":1,\"name\":\"Home\",\"item\":\"https:\\\/\\\/www.icahd.fi\\\/\"},{\"@type\":\"ListItem\",\"position\":2,\"name\":\"Haku t\u00e4m\u00e4n vuoden ICAHD:in j\u00e4lleenrakennusleirille on alkanut!\"}]},{\"@type\":\"WebSite\",\"@id\":\"https:\\\/\\\/www.icahd.fi\\\/#website\",\"url\":\"https:\\\/\\\/www.icahd.fi\\\/\",\"name\":\"ICAHD Finland\",\"description\":\"Yht&auml;l&auml;isten oikeuksien puolesta, Israelin apartheidia vastaan\",\"publisher\":{\"@id\":\"https:\\\/\\\/www.icahd.fi\\\/#organization\"},\"potentialAction\":[{\"@type\":\"SearchAction\",\"target\":{\"@type\":\"EntryPoint\",\"urlTemplate\":\"https:\\\/\\\/www.icahd.fi\\\/?s={search_term_string}\"},\"query-input\":{\"@type\":\"PropertyValueSpecification\",\"valueRequired\":true,\"valueName\":\"search_term_string\"}}],\"inLanguage\":\"en-GB\"},{\"@type\":\"Organization\",\"@id\":\"https:\\\/\\\/www.icahd.fi\\\/#organization\",\"name\":\"ICAHD Finland\",\"url\":\"https:\\\/\\\/www.icahd.fi\\\/\",\"logo\":{\"@type\":\"ImageObject\",\"inLanguage\":\"en-GB\",\"@id\":\"https:\\\/\\\/www.icahd.fi\\\/#\\\/schema\\\/logo\\\/image\\\/\",\"url\":\"https:\\\/\\\/www.icahd.fi\\\/wp-content\\\/uploads\\\/2020\\\/01\\\/logo-teksti.png\",\"contentUrl\":\"https:\\\/\\\/www.icahd.fi\\\/wp-content\\\/uploads\\\/2020\\\/01\\\/logo-teksti.png\",\"width\":300,\"height\":109,\"caption\":\"ICAHD Finland\"},\"image\":{\"@id\":\"https:\\\/\\\/www.icahd.fi\\\/#\\\/schema\\\/logo\\\/image\\\/\"},\"sameAs\":[\"https:\\\/\\\/www.facebook.com\\\/icahdfinland\",\"https:\\\/\\\/x.com\\\/icahdfinland\"]},{\"@type\":\"Person\",\"@id\":\"https:\\\/\\\/www.icahd.fi\\\/#\\\/schema\\\/person\\\/1c69d30d135114d7a3a5d5454cf901f8\",\"name\":\"Syksy\",\"image\":{\"@type\":\"ImageObject\",\"inLanguage\":\"en-GB\",\"@id\":\"https:\\\/\\\/secure.gravatar.com\\\/avatar\\\/c8d8a8636968d9ebbc65828564da9c07ccf771e59b4ee6c4c57fde52c70ab3dc?s=96&d=mm&r=g\",\"url\":\"https:\\\/\\\/secure.gravatar.com\\\/avatar\\\/c8d8a8636968d9ebbc65828564da9c07ccf771e59b4ee6c4c57fde52c70ab3dc?s=96&d=mm&r=g\",\"contentUrl\":\"https:\\\/\\\/secure.gravatar.com\\\/avatar\\\/c8d8a8636968d9ebbc65828564da9c07ccf771e59b4ee6c4c57fde52c70ab3dc?s=96&d=mm&r=g\",\"caption\":\"Syksy\"}}]}<\/script>\n<!-- \/ Yoast SEO plugin. -->","yoast_head_json":{"title":"Haku t\u00e4m\u00e4n vuoden ICAHD:in j\u00e4lleenrakennusleirille on alkanut! - ICAHD Finland","robots":{"index":"index","follow":"follow","max-snippet":"max-snippet:-1","max-image-preview":"max-image-preview:large","max-video-preview":"max-video-preview:-1"},"canonical":"https:\/\/www.icahd.fi\/en\/aku-taman-vuoden-icahdin-jalleenrakennusleirille-on-alkanut\/","og_locale":"en_GB","og_type":"article","og_title":"Haku t\u00e4m\u00e4n vuoden ICAHD:in j\u00e4lleenrakennusleirille on alkanut! - ICAHD Finland","og_description":"Haku t\u00e4m\u00e4n vuoden ICAHD:in j\u00e4lleenrakennusleirille on alkanut! Tervetuloa ICAHD:in kolmannelletoista j\u00e4lleenrakennusleireille, joka j\u00e4rjestet\u00e4\u00e4n miehitetyill\u00e4 palestiinalaisalueilla 19.7. &#8211; 3.8.2015. ICAHD:in leirill\u00e4 kansainv\u00e4liset vapaaehtoiset, palestiinalaiset ja israelinjuutalaiset j\u00e4lleenrakentavat Israelin tuhoaman palestiinalaisperheen kodin. ICAHD:in j\u00e4lleenrakennusleiri on osa paikallista v\u00e4kivallatonta poliittista vastarintaa Israelin sotilasmiehitykselle. J\u00e4lleenrakentamisen ohella leiriohjelmaan kuuluu lukuisia opastettuja vierailuja eri puolilla miehitettyj\u00e4 palestiinalaisalueita ja Israelia, luentoja ja [&hellip;]","og_url":"https:\/\/www.icahd.fi\/en\/aku-taman-vuoden-icahdin-jalleenrakennusleirille-on-alkanut\/","og_site_name":"ICAHD Finland","article_publisher":"https:\/\/www.facebook.com\/icahdfinland","article_published_time":"2015-04-07T09:02:10+00:00","article_modified_time":"2015-04-27T11:45:09+00:00","og_image":[{"width":300,"height":109,"url":"https:\/\/www.icahd.fi\/wp-content\/uploads\/2020\/01\/logo-teksti.png","type":"image\/png"}],"author":"Syksy","twitter_card":"summary_large_image","twitter_creator":"@icahdfinland","twitter_site":"@icahdfinland","twitter_misc":{"Written by":"Syksy","Estimated reading time":"1 minute"},"schema":{"@context":"https:\/\/schema.org","@graph":[{"@type":"Article","@id":"https:\/\/www.icahd.fi\/aku-taman-vuoden-icahdin-jalleenrakennusleirille-on-alkanut\/#article","isPartOf":{"@id":"https:\/\/www.icahd.fi\/aku-taman-vuoden-icahdin-jalleenrakennusleirille-on-alkanut\/"},"author":{"name":"Syksy","@id":"https:\/\/www.icahd.fi\/#\/schema\/person\/1c69d30d135114d7a3a5d5454cf901f8"},"headline":"Haku t\u00e4m\u00e4n vuoden ICAHD:in j\u00e4lleenrakennusleirille on alkanut!","datePublished":"2015-04-07T09:02:10+00:00","dateModified":"2015-04-27T11:45:09+00:00","mainEntityOfPage":{"@id":"https:\/\/www.icahd.fi\/aku-taman-vuoden-icahdin-jalleenrakennusleirille-on-alkanut\/"},"wordCount":201,"publisher":{"@id":"https:\/\/www.icahd.fi\/#organization"},"articleSection":["Uutiset"],"inLanguage":"en-GB"},{"@type":"WebPage","@id":"https:\/\/www.icahd.fi\/aku-taman-vuoden-icahdin-jalleenrakennusleirille-on-alkanut\/","url":"https:\/\/www.icahd.fi\/aku-taman-vuoden-icahdin-jalleenrakennusleirille-on-alkanut\/","name":"Haku t\u00e4m\u00e4n vuoden ICAHD:in j\u00e4lleenrakennusleirille on alkanut! - ICAHD Finland","isPartOf":{"@id":"https:\/\/www.icahd.fi\/#website"},"datePublished":"2015-04-07T09:02:10+00:00","dateModified":"2015-04-27T11:45:09+00:00","breadcrumb":{"@id":"https:\/\/www.icahd.fi\/aku-taman-vuoden-icahdin-jalleenrakennusleirille-on-alkanut\/#breadcrumb"},"inLanguage":"en-GB","potentialAction":[{"@type":"ReadAction","target":["https:\/\/www.icahd.fi\/aku-taman-vuoden-icahdin-jalleenrakennusleirille-on-alkanut\/"]}]},{"@type":"BreadcrumbList","@id":"https:\/\/www.icahd.fi\/aku-taman-vuoden-icahdin-jalleenrakennusleirille-on-alkanut\/#breadcrumb","itemListElement":[{"@type":"ListItem","position":1,"name":"Home","item":"https:\/\/www.icahd.fi\/"},{"@type":"ListItem","position":2,"name":"Haku t\u00e4m\u00e4n vuoden ICAHD:in j\u00e4lleenrakennusleirille on alkanut!"}]},{"@type":"WebSite","@id":"https:\/\/www.icahd.fi\/#website","url":"https:\/\/www.icahd.fi\/","name":"In 2012, ICAHD Finland","description":"Yht&auml;l&auml;isten oikeuksien puolesta, Israelin apartheidia vastaan","publisher":{"@id":"https:\/\/www.icahd.fi\/#organization"},"potentialAction":[{"@type":"SearchAction","target":{"@type":"EntryPoint","urlTemplate":"https:\/\/www.icahd.fi\/?s={search_term_string}"},"query-input":{"@type":"PropertyValueSpecification","valueRequired":true,"valueName":"search_term_string"}}],"inLanguage":"en-GB"},{"@type":"Organization","@id":"https:\/\/www.icahd.fi\/#organization","name":"In 2012, ICAHD Finland","url":"https:\/\/www.icahd.fi\/","logo":{"@type":"ImageObject","inLanguage":"en-GB","@id":"https:\/\/www.icahd.fi\/#\/schema\/logo\/image\/","url":"https:\/\/www.icahd.fi\/wp-content\/uploads\/2020\/01\/logo-teksti.png","contentUrl":"https:\/\/www.icahd.fi\/wp-content\/uploads\/2020\/01\/logo-teksti.png","width":300,"height":109,"caption":"ICAHD Finland"},"image":{"@id":"https:\/\/www.icahd.fi\/#\/schema\/logo\/image\/"},"sameAs":["https:\/\/www.facebook.com\/icahdfinland","https:\/\/x.com\/icahdfinland"]},{"@type":"Person","@id":"https:\/\/www.icahd.fi\/#\/schema\/person\/1c69d30d135114d7a3a5d5454cf901f8","name":"Syksy","image":{"@type":"ImageObject","inLanguage":"en-GB","@id":"https:\/\/secure.gravatar.com\/avatar\/c8d8a8636968d9ebbc65828564da9c07ccf771e59b4ee6c4c57fde52c70ab3dc?s=96&d=mm&r=g","url":"https:\/\/secure.gravatar.com\/avatar\/c8d8a8636968d9ebbc65828564da9c07ccf771e59b4ee6c4c57fde52c70ab3dc?s=96&d=mm&r=g","contentUrl":"https:\/\/secure.gravatar.com\/avatar\/c8d8a8636968d9ebbc65828564da9c07ccf771e59b4ee6c4c57fde52c70ab3dc?s=96&d=mm&r=g","caption":"Syksy"}}]}},"acf":[],"_links":{"self":[{"href":"https:\/\/www.icahd.fi\/en\/wp-json\/wp\/v2\/posts\/5601","targetHints":{"allow":["GET"]}}],"collection":[{"href":"https:\/\/www.icahd.fi\/en\/wp-json\/wp\/v2\/posts"}],"about":[{"href":"https:\/\/www.icahd.fi\/en\/wp-json\/wp\/v2\/types\/post"}],"author":[{"embeddable":true,"href":"https:\/\/www.icahd.fi\/en\/wp-json\/wp\/v2\/users\/9"}],"replies":[{"embeddable":true,"href":"https:\/\/www.icahd.fi\/en\/wp-json\/wp\/v2\/comments?post=5601"}],"version-history":[{"count":13,"href":"https:\/\/www.icahd.fi\/en\/wp-json\/wp\/v2\/posts\/5601\/revisions"}],"predecessor-version":[{"id":5633,"href":"https:\/\/www.icahd.fi\/en\/wp-json\/wp\/v2\/posts\/5601\/revisions\/5633"}],"wp:attachment":[{"href":"https:\/\/www.icahd.fi\/en\/wp-json\/wp\/v2\/media?parent=5601"}],"wp:term":[{"taxonomy":"category","embeddable":true,"href":"https:\/\/www.icahd.fi\/en\/wp-json\/wp\/v2\/categories?post=5601"},{"taxonomy":"post_tag","embeddable":true,"href":"https:\/\/www.icahd.fi\/en\/wp-json\/wp\/v2\/tags?post=5601"}],"curies":[{"name":"wp","href":"https:\/\/api.w.org\/{rel}","templated":true}]}}