{"id":5405,"date":"2014-11-12T00:37:29","date_gmt":"2014-11-11T22:37:29","guid":{"rendered":"http:\/\/www.icahd.fi\/?p=5405"},"modified":"2014-11-12T00:42:13","modified_gmt":"2014-11-11T22:42:13","slug":"yli-300-jarjestoa-kannustaa-mogherinia-jaadyttamaan-eun-ja-israelin-valisen-assosiaatiosopimuksen-2","status":"publish","type":"post","link":"https:\/\/www.icahd.fi\/en\/yli-300-jarjestoa-kannustaa-mogherinia-jaadyttamaan-eun-ja-israelin-valisen-assosiaatiosopimuksen-2\/","title":{"rendered":"Yli 300 j\u00e4rjest\u00f6\u00e4 kannustaa Mogherinia j\u00e4\u00e4dytt\u00e4m\u00e4\u00e4n EU:n ja Israelin v\u00e4lisen assosiaatiosopimuksen"},"content":{"rendered":"<p>TIEDOTE<\/p>\n<p>Yli 300 ihmisoikeus- ja rauhanj\u00e4rjest\u00f6\u00e4, ammattiliittoa ja poliittista puoluetta ymp\u00e4ri Eurooppaa vaatii EU:ta reagoimaan Israelin t\u00e4n\u00e4 kes\u00e4n\u00e4 Gazassa suorittamaan joukkomurhaan j\u00e4\u00e4dytt\u00e4m\u00e4ll\u00e4 EU:n ja Israelin v\u00e4lisen assosiaatiosopimuksen. Assosiaatiosopimus on EU:n ja Israelin v\u00e4lisist\u00e4 sopimuksista t\u00e4rkein.<\/p>\n<p><i>\u201cKoko EU:n ja Israelin v\u00e4lisen assosiaatiosopimuksen voimassaolon ja kahdenv\u00e4listen suhteiden vahvistamisen ajan EU ja sen j\u00e4senvaltiot ovat l\u00e4hett\u00e4neet Israelille viestin, ettei sen tarvitse noudattaa kansainv\u00e4list\u00e4 lakia\u201d,<\/i> todetaan 19:ta eri maan kansalaisj\u00e4rjest\u00f6jen yhdess\u00e4 antamassa lausunnossa.<\/p>\n<p>Sopimuksen j\u00e4\u00e4dytt\u00e4mist\u00e4 esitt\u00e4v\u00e4 kirjallinen lausunto toimitettiin 3.11. EU:n uuden ulkopoliittisen vastaavan <b>Federica Mogherinin<\/b> L\u00e4hi-Id\u00e4n neuvonantajille. Mogherini aloitti viime viikolla uudessa toimessaan, ja h\u00e4nen ensimm\u00e4inen ulkomaanmatkansa suuntautuu Palestiinaan\/Israeliin.<\/p>\n<p>Sopimuksen allekirjoittajiin kuuluvat Irlannin ammattiliittojen kongressi, ja kansallisia ammattiliittoja Espanjassa, Ranskassa ja Belgiassa, sek\u00e4 poliittisia puolueita, mukaan luettuna Espanjan mielipidemittauksia t\u00e4ll\u00e4 hetkell\u00e4 johtava Podemos, sek\u00e4 t\u00e4rkeit\u00e4 kolmannen sektorin toimijoita, kuten CNCD Belgiassa ja Trocaire Irlannissa.<\/p>\n<p>EU:n ja Israelin v\u00e4linen assosiaatiosopimus muodostaa niiden v\u00e4listen l\u00e4heisten suhteiden rungon, ja antaa Israelille edullisen p\u00e4\u00e4syn eurooppalaisille markkinoille ja tekee mahdolliseksi sen osallistumisen useampiin EU:n ohjelmiin ja projekteihin kuin mink\u00e4\u00e4n muun EU:n ulkopuolisen valtion.<\/p>\n<p>Vetoomus tuomitsee Israelin tietoisen valinnan pommittaa Gazan siviiliv\u00e4est\u00f6\u00e4 kes\u00e4n hy\u00f6kk\u00e4yksess\u00e4, jossa kuoli yli kuin 2000 palestiinalaista. Vetoomuksessa todetaan, ett\u00e4 j\u00e4tt\u00e4ess\u00e4\u00e4n ryhtym\u00e4tt\u00e4 tiukkoihin vastatoimiin Israelia vastaan, EU <i>\u201con osallisena rankaisemattomuuden ilmapiiriin ja vastuullisuuden puutteeseen\u201d<\/i>.<\/p>\n<p>Lausunnossa todetaan my\u00f6s, ett\u00e4 Israelin l\u00e4hes rajoittamaton p\u00e4\u00e4sy eurooppalaisille markkinoilla ja osallistuminen EU-ohjelmiin <i>on \u201caineellisen tuen antamista Israelin kansainv\u00e4lisen oikeuden rikkomuksille\u201d<\/i> ja ett\u00e4 EU <i>&#8221;ep\u00e4onnistuu omien kansainv\u00e4lisen oikeuden mukaisten sitoumustensa noudattamisessa\u201d<\/i>.<\/p>\n<p>EU on aiemmin j\u00e4\u00e4dytt\u00e4nyt assosiaatiosopimuksensa Sri Lankan kanssa, ja on hiljattain Ukrainan kriisiin liittyen ottanut k\u00e4ytt\u00f6\u00f6n laajamittaisia kaupank\u00e4ynti\u00e4 ja sijoitustoimintaa Ven\u00e4j\u00e4n kanssa rajoittavia toimenpiteit\u00e4.<\/p>\n<p>Vastaavien toimenpiteiden k\u00e4ytt\u00e4m\u00e4tt\u00e4 j\u00e4tt\u00e4minen Israelin tapauksessa, huolimatta vuosikymmeni\u00e4 kest\u00e4neist\u00e4 vakavista kansainv\u00e4lisen oikeuden rikkomuksista, on kaksinaismoralismia, kampanjoivat toteavat.<\/p>\n<p><b>Anera Jerskan<\/b>, lausunnon allekirjoittaneen European Coordination of Committees and Associations for Palestine (ECCP) -j\u00e4rjest\u00f6n koordinaattorin, mukaan:<\/p>\n<p><i>\u201cEU:n ja Israelin assosiaatiosopimuksen j\u00e4\u00e4dytt\u00e4mist\u00e4 vaativien valtavirtaj\u00e4rjest\u00f6jen suuri lukum\u00e4\u00e4r\u00e4 heijastaa Euroopan laajuista turhautumista eurooppalaisten hallitusten kyvytt\u00f6myyteen vastata Israelin toistuviin joukkomurhiin ja kansainv\u00e4lisen oikeuden rikkomuksiin.\u201d<\/i><\/p>\n<p><i>\u201cEU on pitk\u00e4\u00e4n esitt\u00e4nyt, ett\u00e4 sen l\u00e4heiset suhteet Israelin kanssa antavat sille hyv\u00e4n neuvotteluaseman Israelin kanssa palestiinalaisten sortamiseen liittyen. Israelin \u00a0joukkomurha Gazassa osoittaa, ett\u00e4 dialogi on ep\u00e4onnistunut. EU:n on aika ryhty\u00e4 toimiin painostaakseen Israelia noudattamaan kansainv\u00e4list\u00e4 oikeutta.\u201d<\/i><\/p>\n<p>ECCP on perustanut verkkoalustan <a href=\"http:\/\/freepalestine.eu\">freepalestine.eu<\/a>, jonka tarkoituksen on kannustaa kansalaisia EU:n ja Israelin assosiaatiosopimukseen liittyviin yhteydenottoihin EU-parlamentin j\u00e4senten kanssa. ECCP on my\u00f6s julkaissut vetoomuksen kanssa tietopaketin EU:n ja Israelin assosiaatiosopimuksesta.<\/p>\n<p>Suomesta vetoomuksen ovat allekirjoittaneet Arabikansojen yst\u00e4vyysseura, ICAHD Finland, Ihmisoikeuskasvatusj\u00e4rjest\u00f6 Aina, L\u00e4\u00e4k\u00e4rien Sosiaalinen Vastuu, Psykologien Sosiaalinen Vastuu, Suomen Rauhanpuolustajat ja Vasemmistonuoret.<\/p>\n<p>Vetoomuksen teksti: <a href=\"http:\/\/www.eccpalestine.org\/a-european-call-to-suspen-the-eu-israel-association-agreement\/\">http:\/\/www.eccpalestine.org\/a-european-call-to-suspen-the-eu-israel-association-agreement\/<\/a><\/p>\n<p>Tietopaketti EU:n ja Israelin assosiaatiosopimuksesta: <a href=\"http:\/\/www.eccpalestine.org\/position-paper-the-eu-israel-association-agreement\/\">http:\/\/www.eccpalestine.org\/position-paper-the-eu-israel-association-agreement\/<\/a><\/p>\n<p>Kirjelomake suomalaisille MEPeille: <a href=\"http:\/\/freepalestine.eu\/fi\/\">http:\/\/freepalestine.eu\/fi\/<\/a><\/p>\n<p><span style=\"text-decoration: underline\">Lis\u00e4tietoja:<\/span><\/p>\n<p>Syksy R\u00e4s\u00e4nen (ICAHD Finland)<br \/>\nsyksy.rasanen@iki.fi<\/p>","protected":false},"excerpt":{"rendered":"<p>TIEDOTE Yli 300 ihmisoikeus- ja rauhanj\u00e4rjest\u00f6\u00e4, ammattiliittoa ja poliittista puoluetta ymp\u00e4ri Eurooppaa vaatii EU:ta reagoimaan Israelin t\u00e4n\u00e4 kes\u00e4n\u00e4 Gazassa suorittamaan joukkomurhaan j\u00e4\u00e4dytt\u00e4m\u00e4ll\u00e4 EU:n ja Israelin v\u00e4lisen assosiaatiosopimuksen. Assosiaatiosopimus on EU:n ja Israelin v\u00e4lisist\u00e4 sopimuksista t\u00e4rkein. \u201cKoko EU:n ja Israelin v\u00e4lisen assosiaatiosopimuksen voimassaolon ja kahdenv\u00e4listen suhteiden vahvistamisen ajan EU ja sen j\u00e4senvaltiot ovat l\u00e4hett\u00e4neet Israelille viestin, [&hellip;]<\/p>\n","protected":false},"author":9,"featured_media":0,"comment_status":"open","ping_status":"open","sticky":false,"template":"","format":"standard","meta":{"zakra_page_container_layout":"customizer","zakra_page_sidebar_layout":"customizer","zakra_remove_content_margin":false,"zakra_sidebar":"customizer","zakra_transparent_header":"customizer","zakra_logo":0,"zakra_main_header_style":"default","zakra_menu_item_color":"","zakra_menu_item_hover_color":"","zakra_menu_item_active_color":"","zakra_menu_active_style":"","zakra_page_header":true,"footnotes":""},"categories":[92],"tags":[],"class_list":["post-5405","post","type-post","status-publish","format-standard","hentry","category-yleinen-fi"],"yoast_head":"<!-- This site is optimized with the Yoast SEO plugin v27.5 - https:\/\/yoast.com\/product\/yoast-seo-wordpress\/ -->\n<title>Yli 300 j\u00e4rjest\u00f6\u00e4 kannustaa Mogherinia j\u00e4\u00e4dytt\u00e4m\u00e4\u00e4n EU:n ja Israelin v\u00e4lisen assosiaatiosopimuksen - ICAHD Finland<\/title>\n<meta name=\"robots\" content=\"index, follow, max-snippet:-1, max-image-preview:large, max-video-preview:-1\" \/>\n<link rel=\"canonical\" href=\"https:\/\/www.icahd.fi\/en\/yli-300-jarjestoa-kannustaa-mogherinia-jaadyttamaan-eun-ja-israelin-valisen-assosiaatiosopimuksen-2\/\" \/>\n<meta property=\"og:locale\" content=\"en_GB\" \/>\n<meta property=\"og:type\" content=\"article\" \/>\n<meta property=\"og:title\" content=\"Yli 300 j\u00e4rjest\u00f6\u00e4 kannustaa Mogherinia j\u00e4\u00e4dytt\u00e4m\u00e4\u00e4n EU:n ja Israelin v\u00e4lisen assosiaatiosopimuksen - ICAHD Finland\" \/>\n<meta property=\"og:description\" content=\"TIEDOTE Yli 300 ihmisoikeus- ja rauhanj\u00e4rjest\u00f6\u00e4, ammattiliittoa ja poliittista puoluetta ymp\u00e4ri Eurooppaa vaatii EU:ta reagoimaan Israelin t\u00e4n\u00e4 kes\u00e4n\u00e4 Gazassa suorittamaan joukkomurhaan j\u00e4\u00e4dytt\u00e4m\u00e4ll\u00e4 EU:n ja Israelin v\u00e4lisen assosiaatiosopimuksen. Assosiaatiosopimus on EU:n ja Israelin v\u00e4lisist\u00e4 sopimuksista t\u00e4rkein. \u201cKoko EU:n ja Israelin v\u00e4lisen assosiaatiosopimuksen voimassaolon ja kahdenv\u00e4listen suhteiden vahvistamisen ajan EU ja sen j\u00e4senvaltiot ovat l\u00e4hett\u00e4neet Israelille viestin, [&hellip;]\" \/>\n<meta property=\"og:url\" content=\"https:\/\/www.icahd.fi\/en\/yli-300-jarjestoa-kannustaa-mogherinia-jaadyttamaan-eun-ja-israelin-valisen-assosiaatiosopimuksen-2\/\" \/>\n<meta property=\"og:site_name\" content=\"ICAHD Finland\" \/>\n<meta property=\"article:publisher\" content=\"https:\/\/www.facebook.com\/icahdfinland\" \/>\n<meta property=\"article:published_time\" content=\"2014-11-11T22:37:29+00:00\" \/>\n<meta property=\"article:modified_time\" content=\"2014-11-11T22:42:13+00:00\" \/>\n<meta property=\"og:image\" content=\"https:\/\/www.icahd.fi\/wp-content\/uploads\/2020\/01\/logo-teksti.png\" \/>\n\t<meta property=\"og:image:width\" content=\"300\" \/>\n\t<meta property=\"og:image:height\" content=\"109\" \/>\n\t<meta property=\"og:image:type\" content=\"image\/png\" \/>\n<meta name=\"author\" content=\"Syksy\" \/>\n<meta name=\"twitter:card\" content=\"summary_large_image\" \/>\n<meta name=\"twitter:creator\" content=\"@icahdfinland\" \/>\n<meta name=\"twitter:site\" content=\"@icahdfinland\" \/>\n<meta name=\"twitter:label1\" content=\"Written by\" \/>\n\t<meta name=\"twitter:data1\" content=\"Syksy\" \/>\n\t<meta name=\"twitter:label2\" content=\"Estimated reading time\" \/>\n\t<meta name=\"twitter:data2\" content=\"3 minutes\" \/>\n<script type=\"application\/ld+json\" class=\"yoast-schema-graph\">{\"@context\":\"https:\\\/\\\/schema.org\",\"@graph\":[{\"@type\":\"Article\",\"@id\":\"https:\\\/\\\/www.icahd.fi\\\/yli-300-jarjestoa-kannustaa-mogherinia-jaadyttamaan-eun-ja-israelin-valisen-assosiaatiosopimuksen-2\\\/#article\",\"isPartOf\":{\"@id\":\"https:\\\/\\\/www.icahd.fi\\\/yli-300-jarjestoa-kannustaa-mogherinia-jaadyttamaan-eun-ja-israelin-valisen-assosiaatiosopimuksen-2\\\/\"},\"author\":{\"name\":\"Syksy\",\"@id\":\"https:\\\/\\\/www.icahd.fi\\\/#\\\/schema\\\/person\\\/1c69d30d135114d7a3a5d5454cf901f8\"},\"headline\":\"Yli 300 j\u00e4rjest\u00f6\u00e4 kannustaa Mogherinia j\u00e4\u00e4dytt\u00e4m\u00e4\u00e4n EU:n ja Israelin v\u00e4lisen assosiaatiosopimuksen\",\"datePublished\":\"2014-11-11T22:37:29+00:00\",\"dateModified\":\"2014-11-11T22:42:13+00:00\",\"mainEntityOfPage\":{\"@id\":\"https:\\\/\\\/www.icahd.fi\\\/yli-300-jarjestoa-kannustaa-mogherinia-jaadyttamaan-eun-ja-israelin-valisen-assosiaatiosopimuksen-2\\\/\"},\"wordCount\":542,\"commentCount\":0,\"publisher\":{\"@id\":\"https:\\\/\\\/www.icahd.fi\\\/#organization\"},\"articleSection\":[\"Yleinen\"],\"inLanguage\":\"en-GB\",\"potentialAction\":[{\"@type\":\"CommentAction\",\"name\":\"Comment\",\"target\":[\"https:\\\/\\\/www.icahd.fi\\\/yli-300-jarjestoa-kannustaa-mogherinia-jaadyttamaan-eun-ja-israelin-valisen-assosiaatiosopimuksen-2\\\/#respond\"]}]},{\"@type\":\"WebPage\",\"@id\":\"https:\\\/\\\/www.icahd.fi\\\/yli-300-jarjestoa-kannustaa-mogherinia-jaadyttamaan-eun-ja-israelin-valisen-assosiaatiosopimuksen-2\\\/\",\"url\":\"https:\\\/\\\/www.icahd.fi\\\/yli-300-jarjestoa-kannustaa-mogherinia-jaadyttamaan-eun-ja-israelin-valisen-assosiaatiosopimuksen-2\\\/\",\"name\":\"Yli 300 j\u00e4rjest\u00f6\u00e4 kannustaa Mogherinia j\u00e4\u00e4dytt\u00e4m\u00e4\u00e4n EU:n ja Israelin v\u00e4lisen assosiaatiosopimuksen - ICAHD Finland\",\"isPartOf\":{\"@id\":\"https:\\\/\\\/www.icahd.fi\\\/#website\"},\"datePublished\":\"2014-11-11T22:37:29+00:00\",\"dateModified\":\"2014-11-11T22:42:13+00:00\",\"breadcrumb\":{\"@id\":\"https:\\\/\\\/www.icahd.fi\\\/yli-300-jarjestoa-kannustaa-mogherinia-jaadyttamaan-eun-ja-israelin-valisen-assosiaatiosopimuksen-2\\\/#breadcrumb\"},\"inLanguage\":\"en-GB\",\"potentialAction\":[{\"@type\":\"ReadAction\",\"target\":[\"https:\\\/\\\/www.icahd.fi\\\/yli-300-jarjestoa-kannustaa-mogherinia-jaadyttamaan-eun-ja-israelin-valisen-assosiaatiosopimuksen-2\\\/\"]}]},{\"@type\":\"BreadcrumbList\",\"@id\":\"https:\\\/\\\/www.icahd.fi\\\/yli-300-jarjestoa-kannustaa-mogherinia-jaadyttamaan-eun-ja-israelin-valisen-assosiaatiosopimuksen-2\\\/#breadcrumb\",\"itemListElement\":[{\"@type\":\"ListItem\",\"position\":1,\"name\":\"Home\",\"item\":\"https:\\\/\\\/www.icahd.fi\\\/\"},{\"@type\":\"ListItem\",\"position\":2,\"name\":\"Yli 300 j\u00e4rjest\u00f6\u00e4 kannustaa Mogherinia j\u00e4\u00e4dytt\u00e4m\u00e4\u00e4n EU:n ja Israelin v\u00e4lisen assosiaatiosopimuksen\"}]},{\"@type\":\"WebSite\",\"@id\":\"https:\\\/\\\/www.icahd.fi\\\/#website\",\"url\":\"https:\\\/\\\/www.icahd.fi\\\/\",\"name\":\"ICAHD Finland\",\"description\":\"Yht&auml;l&auml;isten oikeuksien puolesta, Israelin apartheidia vastaan\",\"publisher\":{\"@id\":\"https:\\\/\\\/www.icahd.fi\\\/#organization\"},\"potentialAction\":[{\"@type\":\"SearchAction\",\"target\":{\"@type\":\"EntryPoint\",\"urlTemplate\":\"https:\\\/\\\/www.icahd.fi\\\/?s={search_term_string}\"},\"query-input\":{\"@type\":\"PropertyValueSpecification\",\"valueRequired\":true,\"valueName\":\"search_term_string\"}}],\"inLanguage\":\"en-GB\"},{\"@type\":\"Organization\",\"@id\":\"https:\\\/\\\/www.icahd.fi\\\/#organization\",\"name\":\"ICAHD Finland\",\"url\":\"https:\\\/\\\/www.icahd.fi\\\/\",\"logo\":{\"@type\":\"ImageObject\",\"inLanguage\":\"en-GB\",\"@id\":\"https:\\\/\\\/www.icahd.fi\\\/#\\\/schema\\\/logo\\\/image\\\/\",\"url\":\"https:\\\/\\\/www.icahd.fi\\\/wp-content\\\/uploads\\\/2020\\\/01\\\/logo-teksti.png\",\"contentUrl\":\"https:\\\/\\\/www.icahd.fi\\\/wp-content\\\/uploads\\\/2020\\\/01\\\/logo-teksti.png\",\"width\":300,\"height\":109,\"caption\":\"ICAHD Finland\"},\"image\":{\"@id\":\"https:\\\/\\\/www.icahd.fi\\\/#\\\/schema\\\/logo\\\/image\\\/\"},\"sameAs\":[\"https:\\\/\\\/www.facebook.com\\\/icahdfinland\",\"https:\\\/\\\/x.com\\\/icahdfinland\"]},{\"@type\":\"Person\",\"@id\":\"https:\\\/\\\/www.icahd.fi\\\/#\\\/schema\\\/person\\\/1c69d30d135114d7a3a5d5454cf901f8\",\"name\":\"Syksy\",\"image\":{\"@type\":\"ImageObject\",\"inLanguage\":\"en-GB\",\"@id\":\"https:\\\/\\\/secure.gravatar.com\\\/avatar\\\/c8d8a8636968d9ebbc65828564da9c07ccf771e59b4ee6c4c57fde52c70ab3dc?s=96&d=mm&r=g\",\"url\":\"https:\\\/\\\/secure.gravatar.com\\\/avatar\\\/c8d8a8636968d9ebbc65828564da9c07ccf771e59b4ee6c4c57fde52c70ab3dc?s=96&d=mm&r=g\",\"contentUrl\":\"https:\\\/\\\/secure.gravatar.com\\\/avatar\\\/c8d8a8636968d9ebbc65828564da9c07ccf771e59b4ee6c4c57fde52c70ab3dc?s=96&d=mm&r=g\",\"caption\":\"Syksy\"}}]}<\/script>\n<!-- \/ Yoast SEO plugin. -->","yoast_head_json":{"title":"Yli 300 j\u00e4rjest\u00f6\u00e4 kannustaa Mogherinia j\u00e4\u00e4dytt\u00e4m\u00e4\u00e4n EU:n ja Israelin v\u00e4lisen assosiaatiosopimuksen - ICAHD Finland","robots":{"index":"index","follow":"follow","max-snippet":"max-snippet:-1","max-image-preview":"max-image-preview:large","max-video-preview":"max-video-preview:-1"},"canonical":"https:\/\/www.icahd.fi\/en\/yli-300-jarjestoa-kannustaa-mogherinia-jaadyttamaan-eun-ja-israelin-valisen-assosiaatiosopimuksen-2\/","og_locale":"en_GB","og_type":"article","og_title":"Yli 300 j\u00e4rjest\u00f6\u00e4 kannustaa Mogherinia j\u00e4\u00e4dytt\u00e4m\u00e4\u00e4n EU:n ja Israelin v\u00e4lisen assosiaatiosopimuksen - ICAHD Finland","og_description":"TIEDOTE Yli 300 ihmisoikeus- ja rauhanj\u00e4rjest\u00f6\u00e4, ammattiliittoa ja poliittista puoluetta ymp\u00e4ri Eurooppaa vaatii EU:ta reagoimaan Israelin t\u00e4n\u00e4 kes\u00e4n\u00e4 Gazassa suorittamaan joukkomurhaan j\u00e4\u00e4dytt\u00e4m\u00e4ll\u00e4 EU:n ja Israelin v\u00e4lisen assosiaatiosopimuksen. Assosiaatiosopimus on EU:n ja Israelin v\u00e4lisist\u00e4 sopimuksista t\u00e4rkein. \u201cKoko EU:n ja Israelin v\u00e4lisen assosiaatiosopimuksen voimassaolon ja kahdenv\u00e4listen suhteiden vahvistamisen ajan EU ja sen j\u00e4senvaltiot ovat l\u00e4hett\u00e4neet Israelille viestin, [&hellip;]","og_url":"https:\/\/www.icahd.fi\/en\/yli-300-jarjestoa-kannustaa-mogherinia-jaadyttamaan-eun-ja-israelin-valisen-assosiaatiosopimuksen-2\/","og_site_name":"ICAHD Finland","article_publisher":"https:\/\/www.facebook.com\/icahdfinland","article_published_time":"2014-11-11T22:37:29+00:00","article_modified_time":"2014-11-11T22:42:13+00:00","og_image":[{"width":300,"height":109,"url":"https:\/\/www.icahd.fi\/wp-content\/uploads\/2020\/01\/logo-teksti.png","type":"image\/png"}],"author":"Syksy","twitter_card":"summary_large_image","twitter_creator":"@icahdfinland","twitter_site":"@icahdfinland","twitter_misc":{"Written by":"Syksy","Estimated reading time":"3 minutes"},"schema":{"@context":"https:\/\/schema.org","@graph":[{"@type":"Article","@id":"https:\/\/www.icahd.fi\/yli-300-jarjestoa-kannustaa-mogherinia-jaadyttamaan-eun-ja-israelin-valisen-assosiaatiosopimuksen-2\/#article","isPartOf":{"@id":"https:\/\/www.icahd.fi\/yli-300-jarjestoa-kannustaa-mogherinia-jaadyttamaan-eun-ja-israelin-valisen-assosiaatiosopimuksen-2\/"},"author":{"name":"Syksy","@id":"https:\/\/www.icahd.fi\/#\/schema\/person\/1c69d30d135114d7a3a5d5454cf901f8"},"headline":"Yli 300 j\u00e4rjest\u00f6\u00e4 kannustaa Mogherinia j\u00e4\u00e4dytt\u00e4m\u00e4\u00e4n EU:n ja Israelin v\u00e4lisen assosiaatiosopimuksen","datePublished":"2014-11-11T22:37:29+00:00","dateModified":"2014-11-11T22:42:13+00:00","mainEntityOfPage":{"@id":"https:\/\/www.icahd.fi\/yli-300-jarjestoa-kannustaa-mogherinia-jaadyttamaan-eun-ja-israelin-valisen-assosiaatiosopimuksen-2\/"},"wordCount":542,"commentCount":0,"publisher":{"@id":"https:\/\/www.icahd.fi\/#organization"},"articleSection":["Yleinen"],"inLanguage":"en-GB","potentialAction":[{"@type":"CommentAction","name":"Comment","target":["https:\/\/www.icahd.fi\/yli-300-jarjestoa-kannustaa-mogherinia-jaadyttamaan-eun-ja-israelin-valisen-assosiaatiosopimuksen-2\/#respond"]}]},{"@type":"WebPage","@id":"https:\/\/www.icahd.fi\/yli-300-jarjestoa-kannustaa-mogherinia-jaadyttamaan-eun-ja-israelin-valisen-assosiaatiosopimuksen-2\/","url":"https:\/\/www.icahd.fi\/yli-300-jarjestoa-kannustaa-mogherinia-jaadyttamaan-eun-ja-israelin-valisen-assosiaatiosopimuksen-2\/","name":"Yli 300 j\u00e4rjest\u00f6\u00e4 kannustaa Mogherinia j\u00e4\u00e4dytt\u00e4m\u00e4\u00e4n EU:n ja Israelin v\u00e4lisen assosiaatiosopimuksen - ICAHD Finland","isPartOf":{"@id":"https:\/\/www.icahd.fi\/#website"},"datePublished":"2014-11-11T22:37:29+00:00","dateModified":"2014-11-11T22:42:13+00:00","breadcrumb":{"@id":"https:\/\/www.icahd.fi\/yli-300-jarjestoa-kannustaa-mogherinia-jaadyttamaan-eun-ja-israelin-valisen-assosiaatiosopimuksen-2\/#breadcrumb"},"inLanguage":"en-GB","potentialAction":[{"@type":"ReadAction","target":["https:\/\/www.icahd.fi\/yli-300-jarjestoa-kannustaa-mogherinia-jaadyttamaan-eun-ja-israelin-valisen-assosiaatiosopimuksen-2\/"]}]},{"@type":"BreadcrumbList","@id":"https:\/\/www.icahd.fi\/yli-300-jarjestoa-kannustaa-mogherinia-jaadyttamaan-eun-ja-israelin-valisen-assosiaatiosopimuksen-2\/#breadcrumb","itemListElement":[{"@type":"ListItem","position":1,"name":"Home","item":"https:\/\/www.icahd.fi\/"},{"@type":"ListItem","position":2,"name":"Yli 300 j\u00e4rjest\u00f6\u00e4 kannustaa Mogherinia j\u00e4\u00e4dytt\u00e4m\u00e4\u00e4n EU:n ja Israelin v\u00e4lisen assosiaatiosopimuksen"}]},{"@type":"WebSite","@id":"https:\/\/www.icahd.fi\/#website","url":"https:\/\/www.icahd.fi\/","name":"In 2012, ICAHD Finland","description":"Yht&auml;l&auml;isten oikeuksien puolesta, Israelin apartheidia vastaan","publisher":{"@id":"https:\/\/www.icahd.fi\/#organization"},"potentialAction":[{"@type":"SearchAction","target":{"@type":"EntryPoint","urlTemplate":"https:\/\/www.icahd.fi\/?s={search_term_string}"},"query-input":{"@type":"PropertyValueSpecification","valueRequired":true,"valueName":"search_term_string"}}],"inLanguage":"en-GB"},{"@type":"Organization","@id":"https:\/\/www.icahd.fi\/#organization","name":"In 2012, ICAHD Finland","url":"https:\/\/www.icahd.fi\/","logo":{"@type":"ImageObject","inLanguage":"en-GB","@id":"https:\/\/www.icahd.fi\/#\/schema\/logo\/image\/","url":"https:\/\/www.icahd.fi\/wp-content\/uploads\/2020\/01\/logo-teksti.png","contentUrl":"https:\/\/www.icahd.fi\/wp-content\/uploads\/2020\/01\/logo-teksti.png","width":300,"height":109,"caption":"ICAHD Finland"},"image":{"@id":"https:\/\/www.icahd.fi\/#\/schema\/logo\/image\/"},"sameAs":["https:\/\/www.facebook.com\/icahdfinland","https:\/\/x.com\/icahdfinland"]},{"@type":"Person","@id":"https:\/\/www.icahd.fi\/#\/schema\/person\/1c69d30d135114d7a3a5d5454cf901f8","name":"Syksy","image":{"@type":"ImageObject","inLanguage":"en-GB","@id":"https:\/\/secure.gravatar.com\/avatar\/c8d8a8636968d9ebbc65828564da9c07ccf771e59b4ee6c4c57fde52c70ab3dc?s=96&d=mm&r=g","url":"https:\/\/secure.gravatar.com\/avatar\/c8d8a8636968d9ebbc65828564da9c07ccf771e59b4ee6c4c57fde52c70ab3dc?s=96&d=mm&r=g","contentUrl":"https:\/\/secure.gravatar.com\/avatar\/c8d8a8636968d9ebbc65828564da9c07ccf771e59b4ee6c4c57fde52c70ab3dc?s=96&d=mm&r=g","caption":"Syksy"}}]}},"acf":[],"_links":{"self":[{"href":"https:\/\/www.icahd.fi\/en\/wp-json\/wp\/v2\/posts\/5405","targetHints":{"allow":["GET"]}}],"collection":[{"href":"https:\/\/www.icahd.fi\/en\/wp-json\/wp\/v2\/posts"}],"about":[{"href":"https:\/\/www.icahd.fi\/en\/wp-json\/wp\/v2\/types\/post"}],"author":[{"embeddable":true,"href":"https:\/\/www.icahd.fi\/en\/wp-json\/wp\/v2\/users\/9"}],"replies":[{"embeddable":true,"href":"https:\/\/www.icahd.fi\/en\/wp-json\/wp\/v2\/comments?post=5405"}],"version-history":[{"count":7,"href":"https:\/\/www.icahd.fi\/en\/wp-json\/wp\/v2\/posts\/5405\/revisions"}],"predecessor-version":[{"id":5409,"href":"https:\/\/www.icahd.fi\/en\/wp-json\/wp\/v2\/posts\/5405\/revisions\/5409"}],"wp:attachment":[{"href":"https:\/\/www.icahd.fi\/en\/wp-json\/wp\/v2\/media?parent=5405"}],"wp:term":[{"taxonomy":"category","embeddable":true,"href":"https:\/\/www.icahd.fi\/en\/wp-json\/wp\/v2\/categories?post=5405"},{"taxonomy":"post_tag","embeddable":true,"href":"https:\/\/www.icahd.fi\/en\/wp-json\/wp\/v2\/tags?post=5405"}],"curies":[{"name":"wp","href":"https:\/\/api.w.org\/{rel}","templated":true}]}}