{"id":5365,"date":"2014-10-31T12:57:32","date_gmt":"2014-10-31T10:57:32","guid":{"rendered":"http:\/\/www.icahd.fi\/?p=5365"},"modified":"2014-10-31T12:57:32","modified_gmt":"2014-10-31T10:57:32","slug":"sodastream-sulkee-tehtaansa-lansirannalla-ojasta-allikkoon-sanoo-aktivisti","status":"publish","type":"post","link":"https:\/\/www.icahd.fi\/en\/sodastream-sulkee-tehtaansa-lansirannalla-ojasta-allikkoon-sanoo-aktivisti\/","title":{"rendered":"Sodastream sulkee tehtaansa L\u00e4nsirannalla \u2013 ojasta allikkoon, sanoo aktivisti"},"content":{"rendered":"<p>HS:n juttu, jossa haastatellaan my\u00f6s ICAHD Finlandin Bruno J\u00e4ntti\u00e4, l\u00f6ytyy <a href=\"http:\/\/www.hs.fi\/talous\/a1414636551517\">t\u00e4\u00e4lt\u00e4.<\/a><\/p>","protected":false},"excerpt":{"rendered":"<p>HS:n juttu, jossa haastatellaan my\u00f6s ICAHD Finlandin Bruno J\u00e4ntti\u00e4, l\u00f6ytyy t\u00e4\u00e4lt\u00e4.<\/p>","protected":false},"author":9,"featured_media":0,"comment_status":"open","ping_status":"open","sticky":false,"template":"","format":"standard","meta":{"zakra_page_container_layout":"customizer","zakra_page_sidebar_layout":"customizer","zakra_remove_content_margin":false,"zakra_sidebar":"customizer","zakra_transparent_header":"customizer","zakra_logo":0,"zakra_main_header_style":"default","zakra_menu_item_color":"","zakra_menu_item_hover_color":"","zakra_menu_item_active_color":"","zakra_menu_active_style":"","zakra_page_header":true,"footnotes":""},"categories":[24,29],"tags":[],"class_list":["post-5365","post","type-post","status-publish","format-standard","hentry","category-media","category-uutiset"],"yoast_head":"<!-- This site is optimized with the Yoast SEO plugin v27.5 - https:\/\/yoast.com\/product\/yoast-seo-wordpress\/ -->\n<title>Sodastream sulkee tehtaansa L\u00e4nsirannalla \u2013 ojasta allikkoon, sanoo aktivisti - ICAHD Finland<\/title>\n<meta name=\"robots\" content=\"index, follow, max-snippet:-1, max-image-preview:large, max-video-preview:-1\" \/>\n<link rel=\"canonical\" href=\"https:\/\/www.icahd.fi\/en\/sodastream-sulkee-tehtaansa-lansirannalla-ojasta-allikkoon-sanoo-aktivisti\/\" \/>\n<meta property=\"og:locale\" content=\"en_GB\" \/>\n<meta property=\"og:type\" content=\"article\" \/>\n<meta property=\"og:title\" content=\"Sodastream sulkee tehtaansa L\u00e4nsirannalla \u2013 ojasta allikkoon, sanoo aktivisti - ICAHD Finland\" \/>\n<meta property=\"og:description\" content=\"HS:n juttu, jossa haastatellaan my\u00f6s ICAHD Finlandin Bruno J\u00e4ntti\u00e4, l\u00f6ytyy t\u00e4\u00e4lt\u00e4.\" \/>\n<meta property=\"og:url\" content=\"https:\/\/www.icahd.fi\/en\/sodastream-sulkee-tehtaansa-lansirannalla-ojasta-allikkoon-sanoo-aktivisti\/\" \/>\n<meta property=\"og:site_name\" content=\"ICAHD Finland\" \/>\n<meta property=\"article:publisher\" content=\"https:\/\/www.facebook.com\/icahdfinland\" \/>\n<meta property=\"article:published_time\" content=\"2014-10-31T10:57:32+00:00\" \/>\n<meta property=\"og:image\" content=\"https:\/\/www.icahd.fi\/wp-content\/uploads\/2020\/01\/logo-teksti.png\" \/>\n\t<meta property=\"og:image:width\" content=\"300\" \/>\n\t<meta property=\"og:image:height\" content=\"109\" \/>\n\t<meta property=\"og:image:type\" content=\"image\/png\" \/>\n<meta name=\"author\" content=\"Syksy\" \/>\n<meta name=\"twitter:card\" content=\"summary_large_image\" \/>\n<meta name=\"twitter:creator\" content=\"@icahdfinland\" \/>\n<meta name=\"twitter:site\" content=\"@icahdfinland\" \/>\n<meta name=\"twitter:label1\" content=\"Written by\" \/>\n\t<meta name=\"twitter:data1\" content=\"Syksy\" \/>\n<script type=\"application\/ld+json\" class=\"yoast-schema-graph\">{\"@context\":\"https:\\\/\\\/schema.org\",\"@graph\":[{\"@type\":\"Article\",\"@id\":\"https:\\\/\\\/www.icahd.fi\\\/sodastream-sulkee-tehtaansa-lansirannalla-ojasta-allikkoon-sanoo-aktivisti\\\/#article\",\"isPartOf\":{\"@id\":\"https:\\\/\\\/www.icahd.fi\\\/sodastream-sulkee-tehtaansa-lansirannalla-ojasta-allikkoon-sanoo-aktivisti\\\/\"},\"author\":{\"name\":\"Syksy\",\"@id\":\"https:\\\/\\\/www.icahd.fi\\\/#\\\/schema\\\/person\\\/1c69d30d135114d7a3a5d5454cf901f8\"},\"headline\":\"Sodastream sulkee tehtaansa L\u00e4nsirannalla \u2013 ojasta allikkoon, sanoo aktivisti\",\"datePublished\":\"2014-10-31T10:57:32+00:00\",\"mainEntityOfPage\":{\"@id\":\"https:\\\/\\\/www.icahd.fi\\\/sodastream-sulkee-tehtaansa-lansirannalla-ojasta-allikkoon-sanoo-aktivisti\\\/\"},\"wordCount\":25,\"commentCount\":0,\"publisher\":{\"@id\":\"https:\\\/\\\/www.icahd.fi\\\/#organization\"},\"articleSection\":[\"media\",\"Uutiset\"],\"inLanguage\":\"en-GB\",\"potentialAction\":[{\"@type\":\"CommentAction\",\"name\":\"Comment\",\"target\":[\"https:\\\/\\\/www.icahd.fi\\\/sodastream-sulkee-tehtaansa-lansirannalla-ojasta-allikkoon-sanoo-aktivisti\\\/#respond\"]}]},{\"@type\":\"WebPage\",\"@id\":\"https:\\\/\\\/www.icahd.fi\\\/sodastream-sulkee-tehtaansa-lansirannalla-ojasta-allikkoon-sanoo-aktivisti\\\/\",\"url\":\"https:\\\/\\\/www.icahd.fi\\\/sodastream-sulkee-tehtaansa-lansirannalla-ojasta-allikkoon-sanoo-aktivisti\\\/\",\"name\":\"Sodastream sulkee tehtaansa L\u00e4nsirannalla \u2013 ojasta allikkoon, sanoo aktivisti - ICAHD Finland\",\"isPartOf\":{\"@id\":\"https:\\\/\\\/www.icahd.fi\\\/#website\"},\"datePublished\":\"2014-10-31T10:57:32+00:00\",\"breadcrumb\":{\"@id\":\"https:\\\/\\\/www.icahd.fi\\\/sodastream-sulkee-tehtaansa-lansirannalla-ojasta-allikkoon-sanoo-aktivisti\\\/#breadcrumb\"},\"inLanguage\":\"en-GB\",\"potentialAction\":[{\"@type\":\"ReadAction\",\"target\":[\"https:\\\/\\\/www.icahd.fi\\\/sodastream-sulkee-tehtaansa-lansirannalla-ojasta-allikkoon-sanoo-aktivisti\\\/\"]}]},{\"@type\":\"BreadcrumbList\",\"@id\":\"https:\\\/\\\/www.icahd.fi\\\/sodastream-sulkee-tehtaansa-lansirannalla-ojasta-allikkoon-sanoo-aktivisti\\\/#breadcrumb\",\"itemListElement\":[{\"@type\":\"ListItem\",\"position\":1,\"name\":\"Home\",\"item\":\"https:\\\/\\\/www.icahd.fi\\\/\"},{\"@type\":\"ListItem\",\"position\":2,\"name\":\"Sodastream sulkee tehtaansa L\u00e4nsirannalla \u2013 ojasta allikkoon, sanoo aktivisti\"}]},{\"@type\":\"WebSite\",\"@id\":\"https:\\\/\\\/www.icahd.fi\\\/#website\",\"url\":\"https:\\\/\\\/www.icahd.fi\\\/\",\"name\":\"ICAHD Finland\",\"description\":\"Yht&auml;l&auml;isten oikeuksien puolesta, Israelin apartheidia vastaan\",\"publisher\":{\"@id\":\"https:\\\/\\\/www.icahd.fi\\\/#organization\"},\"potentialAction\":[{\"@type\":\"SearchAction\",\"target\":{\"@type\":\"EntryPoint\",\"urlTemplate\":\"https:\\\/\\\/www.icahd.fi\\\/?s={search_term_string}\"},\"query-input\":{\"@type\":\"PropertyValueSpecification\",\"valueRequired\":true,\"valueName\":\"search_term_string\"}}],\"inLanguage\":\"en-GB\"},{\"@type\":\"Organization\",\"@id\":\"https:\\\/\\\/www.icahd.fi\\\/#organization\",\"name\":\"ICAHD Finland\",\"url\":\"https:\\\/\\\/www.icahd.fi\\\/\",\"logo\":{\"@type\":\"ImageObject\",\"inLanguage\":\"en-GB\",\"@id\":\"https:\\\/\\\/www.icahd.fi\\\/#\\\/schema\\\/logo\\\/image\\\/\",\"url\":\"https:\\\/\\\/www.icahd.fi\\\/wp-content\\\/uploads\\\/2020\\\/01\\\/logo-teksti.png\",\"contentUrl\":\"https:\\\/\\\/www.icahd.fi\\\/wp-content\\\/uploads\\\/2020\\\/01\\\/logo-teksti.png\",\"width\":300,\"height\":109,\"caption\":\"ICAHD Finland\"},\"image\":{\"@id\":\"https:\\\/\\\/www.icahd.fi\\\/#\\\/schema\\\/logo\\\/image\\\/\"},\"sameAs\":[\"https:\\\/\\\/www.facebook.com\\\/icahdfinland\",\"https:\\\/\\\/x.com\\\/icahdfinland\"]},{\"@type\":\"Person\",\"@id\":\"https:\\\/\\\/www.icahd.fi\\\/#\\\/schema\\\/person\\\/1c69d30d135114d7a3a5d5454cf901f8\",\"name\":\"Syksy\",\"image\":{\"@type\":\"ImageObject\",\"inLanguage\":\"en-GB\",\"@id\":\"https:\\\/\\\/secure.gravatar.com\\\/avatar\\\/c8d8a8636968d9ebbc65828564da9c07ccf771e59b4ee6c4c57fde52c70ab3dc?s=96&d=mm&r=g\",\"url\":\"https:\\\/\\\/secure.gravatar.com\\\/avatar\\\/c8d8a8636968d9ebbc65828564da9c07ccf771e59b4ee6c4c57fde52c70ab3dc?s=96&d=mm&r=g\",\"contentUrl\":\"https:\\\/\\\/secure.gravatar.com\\\/avatar\\\/c8d8a8636968d9ebbc65828564da9c07ccf771e59b4ee6c4c57fde52c70ab3dc?s=96&d=mm&r=g\",\"caption\":\"Syksy\"}}]}<\/script>\n<!-- \/ Yoast SEO plugin. -->","yoast_head_json":{"title":"Sodastream sulkee tehtaansa L\u00e4nsirannalla \u2013 ojasta allikkoon, sanoo aktivisti - ICAHD Finland","robots":{"index":"index","follow":"follow","max-snippet":"max-snippet:-1","max-image-preview":"max-image-preview:large","max-video-preview":"max-video-preview:-1"},"canonical":"https:\/\/www.icahd.fi\/en\/sodastream-sulkee-tehtaansa-lansirannalla-ojasta-allikkoon-sanoo-aktivisti\/","og_locale":"en_GB","og_type":"article","og_title":"Sodastream sulkee tehtaansa L\u00e4nsirannalla \u2013 ojasta allikkoon, sanoo aktivisti - ICAHD Finland","og_description":"HS:n juttu, jossa haastatellaan my\u00f6s ICAHD Finlandin Bruno J\u00e4ntti\u00e4, l\u00f6ytyy t\u00e4\u00e4lt\u00e4.","og_url":"https:\/\/www.icahd.fi\/en\/sodastream-sulkee-tehtaansa-lansirannalla-ojasta-allikkoon-sanoo-aktivisti\/","og_site_name":"ICAHD Finland","article_publisher":"https:\/\/www.facebook.com\/icahdfinland","article_published_time":"2014-10-31T10:57:32+00:00","og_image":[{"width":300,"height":109,"url":"https:\/\/www.icahd.fi\/wp-content\/uploads\/2020\/01\/logo-teksti.png","type":"image\/png"}],"author":"Syksy","twitter_card":"summary_large_image","twitter_creator":"@icahdfinland","twitter_site":"@icahdfinland","twitter_misc":{"Written by":"Syksy"},"schema":{"@context":"https:\/\/schema.org","@graph":[{"@type":"Article","@id":"https:\/\/www.icahd.fi\/sodastream-sulkee-tehtaansa-lansirannalla-ojasta-allikkoon-sanoo-aktivisti\/#article","isPartOf":{"@id":"https:\/\/www.icahd.fi\/sodastream-sulkee-tehtaansa-lansirannalla-ojasta-allikkoon-sanoo-aktivisti\/"},"author":{"name":"Syksy","@id":"https:\/\/www.icahd.fi\/#\/schema\/person\/1c69d30d135114d7a3a5d5454cf901f8"},"headline":"Sodastream sulkee tehtaansa L\u00e4nsirannalla \u2013 ojasta allikkoon, sanoo aktivisti","datePublished":"2014-10-31T10:57:32+00:00","mainEntityOfPage":{"@id":"https:\/\/www.icahd.fi\/sodastream-sulkee-tehtaansa-lansirannalla-ojasta-allikkoon-sanoo-aktivisti\/"},"wordCount":25,"commentCount":0,"publisher":{"@id":"https:\/\/www.icahd.fi\/#organization"},"articleSection":["media","Uutiset"],"inLanguage":"en-GB","potentialAction":[{"@type":"CommentAction","name":"Comment","target":["https:\/\/www.icahd.fi\/sodastream-sulkee-tehtaansa-lansirannalla-ojasta-allikkoon-sanoo-aktivisti\/#respond"]}]},{"@type":"WebPage","@id":"https:\/\/www.icahd.fi\/sodastream-sulkee-tehtaansa-lansirannalla-ojasta-allikkoon-sanoo-aktivisti\/","url":"https:\/\/www.icahd.fi\/sodastream-sulkee-tehtaansa-lansirannalla-ojasta-allikkoon-sanoo-aktivisti\/","name":"Sodastream sulkee tehtaansa L\u00e4nsirannalla \u2013 ojasta allikkoon, sanoo aktivisti - ICAHD Finland","isPartOf":{"@id":"https:\/\/www.icahd.fi\/#website"},"datePublished":"2014-10-31T10:57:32+00:00","breadcrumb":{"@id":"https:\/\/www.icahd.fi\/sodastream-sulkee-tehtaansa-lansirannalla-ojasta-allikkoon-sanoo-aktivisti\/#breadcrumb"},"inLanguage":"en-GB","potentialAction":[{"@type":"ReadAction","target":["https:\/\/www.icahd.fi\/sodastream-sulkee-tehtaansa-lansirannalla-ojasta-allikkoon-sanoo-aktivisti\/"]}]},{"@type":"BreadcrumbList","@id":"https:\/\/www.icahd.fi\/sodastream-sulkee-tehtaansa-lansirannalla-ojasta-allikkoon-sanoo-aktivisti\/#breadcrumb","itemListElement":[{"@type":"ListItem","position":1,"name":"Home","item":"https:\/\/www.icahd.fi\/"},{"@type":"ListItem","position":2,"name":"Sodastream sulkee tehtaansa L\u00e4nsirannalla \u2013 ojasta allikkoon, sanoo aktivisti"}]},{"@type":"WebSite","@id":"https:\/\/www.icahd.fi\/#website","url":"https:\/\/www.icahd.fi\/","name":"In 2012, ICAHD Finland","description":"Yht&auml;l&auml;isten oikeuksien puolesta, Israelin apartheidia vastaan","publisher":{"@id":"https:\/\/www.icahd.fi\/#organization"},"potentialAction":[{"@type":"SearchAction","target":{"@type":"EntryPoint","urlTemplate":"https:\/\/www.icahd.fi\/?s={search_term_string}"},"query-input":{"@type":"PropertyValueSpecification","valueRequired":true,"valueName":"search_term_string"}}],"inLanguage":"en-GB"},{"@type":"Organization","@id":"https:\/\/www.icahd.fi\/#organization","name":"In 2012, ICAHD Finland","url":"https:\/\/www.icahd.fi\/","logo":{"@type":"ImageObject","inLanguage":"en-GB","@id":"https:\/\/www.icahd.fi\/#\/schema\/logo\/image\/","url":"https:\/\/www.icahd.fi\/wp-content\/uploads\/2020\/01\/logo-teksti.png","contentUrl":"https:\/\/www.icahd.fi\/wp-content\/uploads\/2020\/01\/logo-teksti.png","width":300,"height":109,"caption":"ICAHD Finland"},"image":{"@id":"https:\/\/www.icahd.fi\/#\/schema\/logo\/image\/"},"sameAs":["https:\/\/www.facebook.com\/icahdfinland","https:\/\/x.com\/icahdfinland"]},{"@type":"Person","@id":"https:\/\/www.icahd.fi\/#\/schema\/person\/1c69d30d135114d7a3a5d5454cf901f8","name":"Syksy","image":{"@type":"ImageObject","inLanguage":"en-GB","@id":"https:\/\/secure.gravatar.com\/avatar\/c8d8a8636968d9ebbc65828564da9c07ccf771e59b4ee6c4c57fde52c70ab3dc?s=96&d=mm&r=g","url":"https:\/\/secure.gravatar.com\/avatar\/c8d8a8636968d9ebbc65828564da9c07ccf771e59b4ee6c4c57fde52c70ab3dc?s=96&d=mm&r=g","contentUrl":"https:\/\/secure.gravatar.com\/avatar\/c8d8a8636968d9ebbc65828564da9c07ccf771e59b4ee6c4c57fde52c70ab3dc?s=96&d=mm&r=g","caption":"Syksy"}}]}},"acf":[],"_links":{"self":[{"href":"https:\/\/www.icahd.fi\/en\/wp-json\/wp\/v2\/posts\/5365","targetHints":{"allow":["GET"]}}],"collection":[{"href":"https:\/\/www.icahd.fi\/en\/wp-json\/wp\/v2\/posts"}],"about":[{"href":"https:\/\/www.icahd.fi\/en\/wp-json\/wp\/v2\/types\/post"}],"author":[{"embeddable":true,"href":"https:\/\/www.icahd.fi\/en\/wp-json\/wp\/v2\/users\/9"}],"replies":[{"embeddable":true,"href":"https:\/\/www.icahd.fi\/en\/wp-json\/wp\/v2\/comments?post=5365"}],"version-history":[{"count":2,"href":"https:\/\/www.icahd.fi\/en\/wp-json\/wp\/v2\/posts\/5365\/revisions"}],"predecessor-version":[{"id":5367,"href":"https:\/\/www.icahd.fi\/en\/wp-json\/wp\/v2\/posts\/5365\/revisions\/5367"}],"wp:attachment":[{"href":"https:\/\/www.icahd.fi\/en\/wp-json\/wp\/v2\/media?parent=5365"}],"wp:term":[{"taxonomy":"category","embeddable":true,"href":"https:\/\/www.icahd.fi\/en\/wp-json\/wp\/v2\/categories?post=5365"},{"taxonomy":"post_tag","embeddable":true,"href":"https:\/\/www.icahd.fi\/en\/wp-json\/wp\/v2\/tags?post=5365"}],"curies":[{"name":"wp","href":"https:\/\/api.w.org\/{rel}","templated":true}]}}