{"id":5198,"date":"2014-09-11T16:48:06","date_gmt":"2014-09-11T13:48:06","guid":{"rendered":"http:\/\/www.icahd.fi\/?p=5198"},"modified":"2014-09-11T17:17:13","modified_gmt":"2014-09-11T14:17:13","slug":"tiedote-rauhanfoorumin-jarjestajaan-kaytiin-kasiksi","status":"publish","type":"post","link":"https:\/\/www.icahd.fi\/en\/tiedote-rauhanfoorumin-jarjestajaan-kaytiin-kasiksi\/","title":{"rendered":"Tiedote: Rauhanfoorumin j\u00e4rjest\u00e4j\u00e4\u00e4n k\u00e4ytiin k\u00e4siksi"},"content":{"rendered":"<p><strong>Maanantaina 8.9. Helsingin yliopistolla j\u00e4rjestetyn Rauhanfoorumi-tilaisuuden j\u00e4rjest\u00e4j\u00e4\u00e4n k\u00e4ytiin k\u00e4siksi ja h\u00e4nt\u00e4 uhkailtiin.<\/strong><\/p>\n<p>Hakunilan kansainv\u00e4linen yhdistys ja ICAHD Finland j\u00e4rjestiv\u00e4t maanantaina 8.9. <a href=\"http:\/\/www.icahd.fi\/en\/?p=5121\">Rauhanfoorumi<\/a>-tilaisuuden Helsingin yliopiston Porthania-rakennuksessa. Tilaisuudessa puhuivat professori <strong>Hannu Juusola<\/strong>, israelilainen toimittaja <strong>Amira Hass<\/strong> ja Israelin parlamentin palestiinalainen j\u00e4sen <strong>Jamal Zahalka<\/strong>. Tilaisuuden puheenjohtajana toimi ICAHD Finlandin <strong>Syksy R\u00e4s\u00e4nen<\/strong>.<\/p>\n<p>Er\u00e4\u00e4t yleis\u00f6n j\u00e4senet h\u00e4iritsiv\u00e4t tilaisuutta huutamalla esiintyjien puheenvuorojen p\u00e4\u00e4lle. Etenkin takariviss\u00e4 istuvat nelj\u00e4 nuorta miest\u00e4, joista ilmeisesti vain yksi puhui suomea, keskeyttiv\u00e4t Amira Hassin useita kertoja. Puheenjohtaja sanoi toistuvasti, ett\u00e4 kommenttien aika on vasta puhujien j\u00e4lkeen, ja er\u00e4s j\u00e4rjest\u00e4jist\u00e4 k\u00e4vi my\u00f6s toistuvasti suomeksi, englanniksi ja hepreaksi pyyt\u00e4m\u00e4ss\u00e4 heit\u00e4 olemaan hiljaa.<\/p>\n<p>Jonkin ajan kuluttua kolme miehist\u00e4 nousivat yl\u00f6s, huusivat Amira Hassille solvauksia ja t\u00f6rkeyksi\u00e4 englanniksi ja poistuivat. Nelj\u00e4s, joka puhui suomea, l\u00e4hti salista hieman my\u00f6hemmin. Vahtimestarit my\u00f6s poistivat salista yhden vanhemman mieshenkil\u00f6n, joka toistuvasti h\u00e4iritsi tilaisuutta ja ymp\u00e4rill\u00e4\u00e4n istuvia henkil\u00f6it\u00e4.<\/p>\n<p>Salista poistettu vanhempi mieshenkil\u00f6 ja suomea puhuva nuorempi mieshenkil\u00f6 yrittiv\u00e4t hetken kuluttua p\u00e4\u00e4st\u00e4 takaisin saliin, kun ovea avattiin muille. Kun yksi j\u00e4rjest\u00e4jist\u00e4 kertoi heille, ett\u00e4 heit\u00e4 ei p\u00e4\u00e4stet\u00e4 takaisin, nuorempi mieshenkil\u00f6 kiskaisi oven auki ja k\u00e4vi k\u00e4siksi j\u00e4rjest\u00e4j\u00e4\u00e4n. Mies vaati saada tiet\u00e4\u00e4 j\u00e4rjest\u00e4j\u00e4n nimen, toisti useaan otteeseen muistavansa t\u00e4m\u00e4n kasvot, kyseli h\u00e4nen perheest\u00e4\u00e4n uhkaavaan s\u00e4vyyn ja sanoi, ett\u00e4 h\u00e4n &#8221;joutuu viel\u00e4 pettym\u00e4\u00e4n&#8221;. Vahtimestari kutsui paikalle poliisit, jotka k\u00e4viv\u00e4t paikalla, eiv\u00e4t tavanneet kyseist\u00e4 miest\u00e4, totesivat tilanteen rauhoittuneen ja l\u00e4htiv\u00e4t.<\/p>\n<p><em>&#8221;Politiikkaa k\u00e4sittelevien tilaisuuksien j\u00e4rjest\u00e4jiin kohdistuva v\u00e4kivalta ja uhkaukset on syyt\u00e4 ottaa vakavasti. K\u00e4siksi k\u00e4yneen ja uhkailleen miehen henkil\u00f6llisyys on tiedossamme ja asiasta on tehty rikosilmoitus poliisille&#8221;<\/em>, sanoo tapahtuman puheenjohtajana toiminut Syksy R\u00e4s\u00e4nen.<\/p>\n<p><span style=\"text-decoration: underline\">Lis\u00e4tietoja<\/span>:<\/p>\n<p>Miika Malinen<br \/>\nmiiks@hotmail.com<\/p>\n<p>Syksy R\u00e4s\u00e4nen<br \/>\n045 635 7214<br \/>\nsyksy.rasanen@helsinki.fi<\/p>\n<p>Rauhanfoorumin www-sivu: http:\/\/www.icahd.fi\/?p=5121<\/p>","protected":false},"excerpt":{"rendered":"<p>Maanantaina 8.9. Helsingin yliopistolla j\u00e4rjestetyn Rauhanfoorumi-tilaisuuden j\u00e4rjest\u00e4j\u00e4\u00e4n k\u00e4ytiin k\u00e4siksi ja h\u00e4nt\u00e4 uhkailtiin. Hakunilan kansainv\u00e4linen yhdistys ja ICAHD Finland j\u00e4rjestiv\u00e4t maanantaina 8.9. Rauhanfoorumi-tilaisuuden Helsingin yliopiston Porthania-rakennuksessa. Tilaisuudessa puhuivat professori Hannu Juusola, israelilainen toimittaja Amira Hass ja Israelin parlamentin palestiinalainen j\u00e4sen Jamal Zahalka. Tilaisuuden puheenjohtajana toimi ICAHD Finlandin Syksy R\u00e4s\u00e4nen. Er\u00e4\u00e4t yleis\u00f6n j\u00e4senet h\u00e4iritsiv\u00e4t tilaisuutta huutamalla esiintyjien [&hellip;]<\/p>\n","protected":false},"author":9,"featured_media":0,"comment_status":"open","ping_status":"open","sticky":false,"template":"","format":"standard","meta":{"zakra_page_container_layout":"customizer","zakra_page_sidebar_layout":"customizer","zakra_remove_content_margin":false,"zakra_sidebar":"customizer","zakra_transparent_header":"customizer","zakra_logo":0,"zakra_main_header_style":"default","zakra_menu_item_color":"","zakra_menu_item_hover_color":"","zakra_menu_item_active_color":"","zakra_menu_active_style":"","zakra_page_header":true,"footnotes":""},"categories":[92],"tags":[],"class_list":["post-5198","post","type-post","status-publish","format-standard","hentry","category-yleinen-fi"],"yoast_head":"<!-- This site is optimized with the Yoast SEO plugin v27.5 - https:\/\/yoast.com\/product\/yoast-seo-wordpress\/ -->\n<title>Tiedote: Rauhanfoorumin j\u00e4rjest\u00e4j\u00e4\u00e4n k\u00e4ytiin k\u00e4siksi - ICAHD Finland<\/title>\n<meta name=\"robots\" content=\"index, follow, max-snippet:-1, max-image-preview:large, max-video-preview:-1\" \/>\n<link rel=\"canonical\" href=\"https:\/\/www.icahd.fi\/en\/tiedote-rauhanfoorumin-jarjestajaan-kaytiin-kasiksi\/\" \/>\n<meta property=\"og:locale\" content=\"en_GB\" \/>\n<meta property=\"og:type\" content=\"article\" \/>\n<meta property=\"og:title\" content=\"Tiedote: Rauhanfoorumin j\u00e4rjest\u00e4j\u00e4\u00e4n k\u00e4ytiin k\u00e4siksi - ICAHD Finland\" \/>\n<meta property=\"og:description\" content=\"Maanantaina 8.9. Helsingin yliopistolla j\u00e4rjestetyn Rauhanfoorumi-tilaisuuden j\u00e4rjest\u00e4j\u00e4\u00e4n k\u00e4ytiin k\u00e4siksi ja h\u00e4nt\u00e4 uhkailtiin. Hakunilan kansainv\u00e4linen yhdistys ja ICAHD Finland j\u00e4rjestiv\u00e4t maanantaina 8.9. Rauhanfoorumi-tilaisuuden Helsingin yliopiston Porthania-rakennuksessa. Tilaisuudessa puhuivat professori Hannu Juusola, israelilainen toimittaja Amira Hass ja Israelin parlamentin palestiinalainen j\u00e4sen Jamal Zahalka. Tilaisuuden puheenjohtajana toimi ICAHD Finlandin Syksy R\u00e4s\u00e4nen. Er\u00e4\u00e4t yleis\u00f6n j\u00e4senet h\u00e4iritsiv\u00e4t tilaisuutta huutamalla esiintyjien [&hellip;]\" \/>\n<meta property=\"og:url\" content=\"https:\/\/www.icahd.fi\/en\/tiedote-rauhanfoorumin-jarjestajaan-kaytiin-kasiksi\/\" \/>\n<meta property=\"og:site_name\" content=\"ICAHD Finland\" \/>\n<meta property=\"article:publisher\" content=\"https:\/\/www.facebook.com\/icahdfinland\" \/>\n<meta property=\"article:published_time\" content=\"2014-09-11T13:48:06+00:00\" \/>\n<meta property=\"article:modified_time\" content=\"2014-09-11T14:17:13+00:00\" \/>\n<meta property=\"og:image\" content=\"https:\/\/www.icahd.fi\/wp-content\/uploads\/2020\/01\/logo-teksti.png\" \/>\n\t<meta property=\"og:image:width\" content=\"300\" \/>\n\t<meta property=\"og:image:height\" content=\"109\" \/>\n\t<meta property=\"og:image:type\" content=\"image\/png\" \/>\n<meta name=\"author\" content=\"Syksy\" \/>\n<meta name=\"twitter:card\" content=\"summary_large_image\" \/>\n<meta name=\"twitter:creator\" content=\"@icahdfinland\" \/>\n<meta name=\"twitter:site\" content=\"@icahdfinland\" \/>\n<meta name=\"twitter:label1\" content=\"Written by\" \/>\n\t<meta name=\"twitter:data1\" content=\"Syksy\" \/>\n\t<meta name=\"twitter:label2\" content=\"Estimated reading time\" \/>\n\t<meta name=\"twitter:data2\" content=\"2 minutes\" \/>\n<script type=\"application\/ld+json\" class=\"yoast-schema-graph\">{\"@context\":\"https:\\\/\\\/schema.org\",\"@graph\":[{\"@type\":\"Article\",\"@id\":\"https:\\\/\\\/www.icahd.fi\\\/tiedote-rauhanfoorumin-jarjestajaan-kaytiin-kasiksi\\\/#article\",\"isPartOf\":{\"@id\":\"https:\\\/\\\/www.icahd.fi\\\/tiedote-rauhanfoorumin-jarjestajaan-kaytiin-kasiksi\\\/\"},\"author\":{\"name\":\"Syksy\",\"@id\":\"https:\\\/\\\/www.icahd.fi\\\/#\\\/schema\\\/person\\\/1c69d30d135114d7a3a5d5454cf901f8\"},\"headline\":\"Tiedote: Rauhanfoorumin j\u00e4rjest\u00e4j\u00e4\u00e4n k\u00e4ytiin k\u00e4siksi\",\"datePublished\":\"2014-09-11T13:48:06+00:00\",\"dateModified\":\"2014-09-11T14:17:13+00:00\",\"mainEntityOfPage\":{\"@id\":\"https:\\\/\\\/www.icahd.fi\\\/tiedote-rauhanfoorumin-jarjestajaan-kaytiin-kasiksi\\\/\"},\"wordCount\":350,\"commentCount\":0,\"publisher\":{\"@id\":\"https:\\\/\\\/www.icahd.fi\\\/#organization\"},\"articleSection\":[\"Yleinen\"],\"inLanguage\":\"en-GB\",\"potentialAction\":[{\"@type\":\"CommentAction\",\"name\":\"Comment\",\"target\":[\"https:\\\/\\\/www.icahd.fi\\\/tiedote-rauhanfoorumin-jarjestajaan-kaytiin-kasiksi\\\/#respond\"]}]},{\"@type\":\"WebPage\",\"@id\":\"https:\\\/\\\/www.icahd.fi\\\/tiedote-rauhanfoorumin-jarjestajaan-kaytiin-kasiksi\\\/\",\"url\":\"https:\\\/\\\/www.icahd.fi\\\/tiedote-rauhanfoorumin-jarjestajaan-kaytiin-kasiksi\\\/\",\"name\":\"Tiedote: Rauhanfoorumin j\u00e4rjest\u00e4j\u00e4\u00e4n k\u00e4ytiin k\u00e4siksi - ICAHD Finland\",\"isPartOf\":{\"@id\":\"https:\\\/\\\/www.icahd.fi\\\/#website\"},\"datePublished\":\"2014-09-11T13:48:06+00:00\",\"dateModified\":\"2014-09-11T14:17:13+00:00\",\"breadcrumb\":{\"@id\":\"https:\\\/\\\/www.icahd.fi\\\/tiedote-rauhanfoorumin-jarjestajaan-kaytiin-kasiksi\\\/#breadcrumb\"},\"inLanguage\":\"en-GB\",\"potentialAction\":[{\"@type\":\"ReadAction\",\"target\":[\"https:\\\/\\\/www.icahd.fi\\\/tiedote-rauhanfoorumin-jarjestajaan-kaytiin-kasiksi\\\/\"]}]},{\"@type\":\"BreadcrumbList\",\"@id\":\"https:\\\/\\\/www.icahd.fi\\\/tiedote-rauhanfoorumin-jarjestajaan-kaytiin-kasiksi\\\/#breadcrumb\",\"itemListElement\":[{\"@type\":\"ListItem\",\"position\":1,\"name\":\"Home\",\"item\":\"https:\\\/\\\/www.icahd.fi\\\/\"},{\"@type\":\"ListItem\",\"position\":2,\"name\":\"Tiedote: Rauhanfoorumin j\u00e4rjest\u00e4j\u00e4\u00e4n k\u00e4ytiin k\u00e4siksi\"}]},{\"@type\":\"WebSite\",\"@id\":\"https:\\\/\\\/www.icahd.fi\\\/#website\",\"url\":\"https:\\\/\\\/www.icahd.fi\\\/\",\"name\":\"ICAHD Finland\",\"description\":\"Yht&auml;l&auml;isten oikeuksien puolesta, Israelin apartheidia vastaan\",\"publisher\":{\"@id\":\"https:\\\/\\\/www.icahd.fi\\\/#organization\"},\"potentialAction\":[{\"@type\":\"SearchAction\",\"target\":{\"@type\":\"EntryPoint\",\"urlTemplate\":\"https:\\\/\\\/www.icahd.fi\\\/?s={search_term_string}\"},\"query-input\":{\"@type\":\"PropertyValueSpecification\",\"valueRequired\":true,\"valueName\":\"search_term_string\"}}],\"inLanguage\":\"en-GB\"},{\"@type\":\"Organization\",\"@id\":\"https:\\\/\\\/www.icahd.fi\\\/#organization\",\"name\":\"ICAHD Finland\",\"url\":\"https:\\\/\\\/www.icahd.fi\\\/\",\"logo\":{\"@type\":\"ImageObject\",\"inLanguage\":\"en-GB\",\"@id\":\"https:\\\/\\\/www.icahd.fi\\\/#\\\/schema\\\/logo\\\/image\\\/\",\"url\":\"https:\\\/\\\/www.icahd.fi\\\/wp-content\\\/uploads\\\/2020\\\/01\\\/logo-teksti.png\",\"contentUrl\":\"https:\\\/\\\/www.icahd.fi\\\/wp-content\\\/uploads\\\/2020\\\/01\\\/logo-teksti.png\",\"width\":300,\"height\":109,\"caption\":\"ICAHD Finland\"},\"image\":{\"@id\":\"https:\\\/\\\/www.icahd.fi\\\/#\\\/schema\\\/logo\\\/image\\\/\"},\"sameAs\":[\"https:\\\/\\\/www.facebook.com\\\/icahdfinland\",\"https:\\\/\\\/x.com\\\/icahdfinland\"]},{\"@type\":\"Person\",\"@id\":\"https:\\\/\\\/www.icahd.fi\\\/#\\\/schema\\\/person\\\/1c69d30d135114d7a3a5d5454cf901f8\",\"name\":\"Syksy\",\"image\":{\"@type\":\"ImageObject\",\"inLanguage\":\"en-GB\",\"@id\":\"https:\\\/\\\/secure.gravatar.com\\\/avatar\\\/c8d8a8636968d9ebbc65828564da9c07ccf771e59b4ee6c4c57fde52c70ab3dc?s=96&d=mm&r=g\",\"url\":\"https:\\\/\\\/secure.gravatar.com\\\/avatar\\\/c8d8a8636968d9ebbc65828564da9c07ccf771e59b4ee6c4c57fde52c70ab3dc?s=96&d=mm&r=g\",\"contentUrl\":\"https:\\\/\\\/secure.gravatar.com\\\/avatar\\\/c8d8a8636968d9ebbc65828564da9c07ccf771e59b4ee6c4c57fde52c70ab3dc?s=96&d=mm&r=g\",\"caption\":\"Syksy\"}}]}<\/script>\n<!-- \/ Yoast SEO plugin. -->","yoast_head_json":{"title":"Tiedote: Rauhanfoorumin j\u00e4rjest\u00e4j\u00e4\u00e4n k\u00e4ytiin k\u00e4siksi - ICAHD Finland","robots":{"index":"index","follow":"follow","max-snippet":"max-snippet:-1","max-image-preview":"max-image-preview:large","max-video-preview":"max-video-preview:-1"},"canonical":"https:\/\/www.icahd.fi\/en\/tiedote-rauhanfoorumin-jarjestajaan-kaytiin-kasiksi\/","og_locale":"en_GB","og_type":"article","og_title":"Tiedote: Rauhanfoorumin j\u00e4rjest\u00e4j\u00e4\u00e4n k\u00e4ytiin k\u00e4siksi - ICAHD Finland","og_description":"Maanantaina 8.9. Helsingin yliopistolla j\u00e4rjestetyn Rauhanfoorumi-tilaisuuden j\u00e4rjest\u00e4j\u00e4\u00e4n k\u00e4ytiin k\u00e4siksi ja h\u00e4nt\u00e4 uhkailtiin. Hakunilan kansainv\u00e4linen yhdistys ja ICAHD Finland j\u00e4rjestiv\u00e4t maanantaina 8.9. Rauhanfoorumi-tilaisuuden Helsingin yliopiston Porthania-rakennuksessa. Tilaisuudessa puhuivat professori Hannu Juusola, israelilainen toimittaja Amira Hass ja Israelin parlamentin palestiinalainen j\u00e4sen Jamal Zahalka. Tilaisuuden puheenjohtajana toimi ICAHD Finlandin Syksy R\u00e4s\u00e4nen. Er\u00e4\u00e4t yleis\u00f6n j\u00e4senet h\u00e4iritsiv\u00e4t tilaisuutta huutamalla esiintyjien [&hellip;]","og_url":"https:\/\/www.icahd.fi\/en\/tiedote-rauhanfoorumin-jarjestajaan-kaytiin-kasiksi\/","og_site_name":"ICAHD Finland","article_publisher":"https:\/\/www.facebook.com\/icahdfinland","article_published_time":"2014-09-11T13:48:06+00:00","article_modified_time":"2014-09-11T14:17:13+00:00","og_image":[{"width":300,"height":109,"url":"https:\/\/www.icahd.fi\/wp-content\/uploads\/2020\/01\/logo-teksti.png","type":"image\/png"}],"author":"Syksy","twitter_card":"summary_large_image","twitter_creator":"@icahdfinland","twitter_site":"@icahdfinland","twitter_misc":{"Written by":"Syksy","Estimated reading time":"2 minutes"},"schema":{"@context":"https:\/\/schema.org","@graph":[{"@type":"Article","@id":"https:\/\/www.icahd.fi\/tiedote-rauhanfoorumin-jarjestajaan-kaytiin-kasiksi\/#article","isPartOf":{"@id":"https:\/\/www.icahd.fi\/tiedote-rauhanfoorumin-jarjestajaan-kaytiin-kasiksi\/"},"author":{"name":"Syksy","@id":"https:\/\/www.icahd.fi\/#\/schema\/person\/1c69d30d135114d7a3a5d5454cf901f8"},"headline":"Tiedote: Rauhanfoorumin j\u00e4rjest\u00e4j\u00e4\u00e4n k\u00e4ytiin k\u00e4siksi","datePublished":"2014-09-11T13:48:06+00:00","dateModified":"2014-09-11T14:17:13+00:00","mainEntityOfPage":{"@id":"https:\/\/www.icahd.fi\/tiedote-rauhanfoorumin-jarjestajaan-kaytiin-kasiksi\/"},"wordCount":350,"commentCount":0,"publisher":{"@id":"https:\/\/www.icahd.fi\/#organization"},"articleSection":["Yleinen"],"inLanguage":"en-GB","potentialAction":[{"@type":"CommentAction","name":"Comment","target":["https:\/\/www.icahd.fi\/tiedote-rauhanfoorumin-jarjestajaan-kaytiin-kasiksi\/#respond"]}]},{"@type":"WebPage","@id":"https:\/\/www.icahd.fi\/tiedote-rauhanfoorumin-jarjestajaan-kaytiin-kasiksi\/","url":"https:\/\/www.icahd.fi\/tiedote-rauhanfoorumin-jarjestajaan-kaytiin-kasiksi\/","name":"Tiedote: Rauhanfoorumin j\u00e4rjest\u00e4j\u00e4\u00e4n k\u00e4ytiin k\u00e4siksi - ICAHD Finland","isPartOf":{"@id":"https:\/\/www.icahd.fi\/#website"},"datePublished":"2014-09-11T13:48:06+00:00","dateModified":"2014-09-11T14:17:13+00:00","breadcrumb":{"@id":"https:\/\/www.icahd.fi\/tiedote-rauhanfoorumin-jarjestajaan-kaytiin-kasiksi\/#breadcrumb"},"inLanguage":"en-GB","potentialAction":[{"@type":"ReadAction","target":["https:\/\/www.icahd.fi\/tiedote-rauhanfoorumin-jarjestajaan-kaytiin-kasiksi\/"]}]},{"@type":"BreadcrumbList","@id":"https:\/\/www.icahd.fi\/tiedote-rauhanfoorumin-jarjestajaan-kaytiin-kasiksi\/#breadcrumb","itemListElement":[{"@type":"ListItem","position":1,"name":"Home","item":"https:\/\/www.icahd.fi\/"},{"@type":"ListItem","position":2,"name":"Tiedote: Rauhanfoorumin j\u00e4rjest\u00e4j\u00e4\u00e4n k\u00e4ytiin k\u00e4siksi"}]},{"@type":"WebSite","@id":"https:\/\/www.icahd.fi\/#website","url":"https:\/\/www.icahd.fi\/","name":"In 2012, ICAHD Finland","description":"Yht&auml;l&auml;isten oikeuksien puolesta, Israelin apartheidia vastaan","publisher":{"@id":"https:\/\/www.icahd.fi\/#organization"},"potentialAction":[{"@type":"SearchAction","target":{"@type":"EntryPoint","urlTemplate":"https:\/\/www.icahd.fi\/?s={search_term_string}"},"query-input":{"@type":"PropertyValueSpecification","valueRequired":true,"valueName":"search_term_string"}}],"inLanguage":"en-GB"},{"@type":"Organization","@id":"https:\/\/www.icahd.fi\/#organization","name":"In 2012, ICAHD Finland","url":"https:\/\/www.icahd.fi\/","logo":{"@type":"ImageObject","inLanguage":"en-GB","@id":"https:\/\/www.icahd.fi\/#\/schema\/logo\/image\/","url":"https:\/\/www.icahd.fi\/wp-content\/uploads\/2020\/01\/logo-teksti.png","contentUrl":"https:\/\/www.icahd.fi\/wp-content\/uploads\/2020\/01\/logo-teksti.png","width":300,"height":109,"caption":"ICAHD Finland"},"image":{"@id":"https:\/\/www.icahd.fi\/#\/schema\/logo\/image\/"},"sameAs":["https:\/\/www.facebook.com\/icahdfinland","https:\/\/x.com\/icahdfinland"]},{"@type":"Person","@id":"https:\/\/www.icahd.fi\/#\/schema\/person\/1c69d30d135114d7a3a5d5454cf901f8","name":"Syksy","image":{"@type":"ImageObject","inLanguage":"en-GB","@id":"https:\/\/secure.gravatar.com\/avatar\/c8d8a8636968d9ebbc65828564da9c07ccf771e59b4ee6c4c57fde52c70ab3dc?s=96&d=mm&r=g","url":"https:\/\/secure.gravatar.com\/avatar\/c8d8a8636968d9ebbc65828564da9c07ccf771e59b4ee6c4c57fde52c70ab3dc?s=96&d=mm&r=g","contentUrl":"https:\/\/secure.gravatar.com\/avatar\/c8d8a8636968d9ebbc65828564da9c07ccf771e59b4ee6c4c57fde52c70ab3dc?s=96&d=mm&r=g","caption":"Syksy"}}]}},"acf":[],"_links":{"self":[{"href":"https:\/\/www.icahd.fi\/en\/wp-json\/wp\/v2\/posts\/5198","targetHints":{"allow":["GET"]}}],"collection":[{"href":"https:\/\/www.icahd.fi\/en\/wp-json\/wp\/v2\/posts"}],"about":[{"href":"https:\/\/www.icahd.fi\/en\/wp-json\/wp\/v2\/types\/post"}],"author":[{"embeddable":true,"href":"https:\/\/www.icahd.fi\/en\/wp-json\/wp\/v2\/users\/9"}],"replies":[{"embeddable":true,"href":"https:\/\/www.icahd.fi\/en\/wp-json\/wp\/v2\/comments?post=5198"}],"version-history":[{"count":17,"href":"https:\/\/www.icahd.fi\/en\/wp-json\/wp\/v2\/posts\/5198\/revisions"}],"predecessor-version":[{"id":5222,"href":"https:\/\/www.icahd.fi\/en\/wp-json\/wp\/v2\/posts\/5198\/revisions\/5222"}],"wp:attachment":[{"href":"https:\/\/www.icahd.fi\/en\/wp-json\/wp\/v2\/media?parent=5198"}],"wp:term":[{"taxonomy":"category","embeddable":true,"href":"https:\/\/www.icahd.fi\/en\/wp-json\/wp\/v2\/categories?post=5198"},{"taxonomy":"post_tag","embeddable":true,"href":"https:\/\/www.icahd.fi\/en\/wp-json\/wp\/v2\/tags?post=5198"}],"curies":[{"name":"wp","href":"https:\/\/api.w.org\/{rel}","templated":true}]}}