{"id":3486,"date":"2012-10-03T12:09:48","date_gmt":"2012-10-03T09:09:48","guid":{"rendered":"http:\/\/icahd.fi\/?p=3486"},"modified":"2013-12-25T11:56:11","modified_gmt":"2013-12-25T09:56:11","slug":"estelle-laivan-matka-nostattanut-tukimielenosoituksia-euroopassa","status":"publish","type":"post","link":"https:\/\/www.icahd.fi\/en\/estelle-laivan-matka-nostattanut-tukimielenosoituksia-euroopassa\/","title":{"rendered":"Estelle-laivan matka nostattanut tukimielenosoituksia Euroopassa"},"content":{"rendered":"<p>YLE 2.10.2012<\/p>\n<header>\n<hgroup>Rahtipurjelaiva Estelle kuljettaa Gazaan avustustarvikkeita, mutta t\u00e4rkein teht\u00e4v\u00e4 on her\u00e4tt\u00e4\u00e4 median ja yleis\u00f6n kiinnostus sek\u00e4 purkaa Gazan saarto.<\/hgroup>\n<\/header>\n<div>\n<figure><a title=\"Turkulainen Estelle on siirtynyt ruotsalaisen Ship to Gaza -j\u00e4rjest\u00f6n omistukseen. J\u00e4rjest\u00f6n nimen mukaisesti Estelle on t\u00e4ll\u00e4 hetkell\u00e4 matkalla Gazaan.\" href=\"http:\/\/img.yle.fi\/uutiset\/turku\/article5545493.ece\/ALTERNATES\/w960\/\"><img fetchpriority=\"high\" decoding=\"async\" alt=\"Reilun kaupan purjelaiva Estelle\" src=\"http:\/\/img.yle.fi\/uutiset\/turku\/article5545493.ece\/ALTERNATES\/w580\/\" width=\"464\" height=\"297\" data-imagesource=\"Kuva: Uusi Tuuli ry\" \/><\/a><figcaption>Turkulainen Estelle on siirtynyt ruotsalaisen Ship to Gaza -j\u00e4rjest\u00f6n omistukseen. J\u00e4rjest\u00f6n nimen mukaisesti Estelle on t\u00e4ll\u00e4 hetkell\u00e4 matkalla Gazaan.\u00a0Kuva: Uusi Tuuli ry<\/figcaption><\/figure>\n<p><!--more--><\/p>\n<p>Turkulaisen rahtipurjelaiva Estellen matka Gazaan on saanut tukea ymp\u00e4ri Eurooppaa.\u00a0 Estellen matkaa tukevaan adressiin on kirjoittanut nimens\u00e4 muun muassa Irlannin, Turkin ja Ruotsin parlamentin j\u00e4seni\u00e4, sek\u00e4 julkisuuden henkil\u00f6it\u00e4 kuten kirjailija Henning Mankell.<\/p>\n<p>&#8211; Tukisatamia on matkan varrella putkahtanut koko ajan lis\u00e4\u00e4, kun eri maat ja kaupungit ovat halunneet osoittaa meille tukensa, kuvailee Estellell\u00e4 purjehtiva turkulainen vapaaehtoisty\u00f6ntekij\u00e4 Wellu Koivisto laivan matkaa.<\/p>\n<p>Nyky\u00e4\u00e4n ruotsalaisen Ship to Gaza \u2013j\u00e4rjest\u00f6n omistama Estelle on t\u00e4ll\u00e4 hetkell\u00e4 pys\u00e4htynyt Pohjois-Italiaan, La Speziaan, josta laivan tarkoitus on jatkaa Napolin kautta Gazaan.<\/p>\n<p>&nbsp;<\/p>\n<h3>Julkinen kiinnostus suurimpana tavoitteena<\/h3>\n<p>&nbsp;<\/p>\n<p>Gazassa Estellen ja sit\u00e4 johtavan Ship to Gaza -j\u00e4rjest\u00f6n tavoitteena on purkaa yli viisi vuotta kest\u00e4nyt Gazan saarto. Laiva kuljettaa Gazaan esimerkiksi koulujen j\u00e4lleenrakennukseen k\u00e4ytett\u00e4v\u00e4\u00e4 sementti\u00e4, huonossa kunnossa olevien vesihuolto- ja s\u00e4hk\u00f6j\u00e4rjestelmien korjaamiseen tarvittavia osia, koulutarvikkeita, l\u00e4\u00e4kkeit\u00e4 ja muita sairaalatarvikkeita.<\/p>\n<p>&#8211; Estellen apu on l\u00e4hinn\u00e4 symbolinen ele. Laivan lasti ei pysty kauheasti auttamaan 1,6 miljoonaa ihmist\u00e4. Estelle onkin 90 prosenttisesti tiedotusv\u00e4line, sanoo Wellu Koivisto.<\/p>\n<p>&#8211; T\u00e4rkein teht\u00e4v\u00e4mme on her\u00e4tt\u00e4\u00e4 tiedotusv\u00e4lineiden ja yleis\u00f6n kiinnostus, sek\u00e4 saada kansainv\u00e4lisen yhteis\u00f6n tuki. Tavoitteena on Israelin sortopolitiikan lopettaminen.<\/p>\n<p>Kriittisimm\u00e4t ovat v\u00e4itt\u00e4neet, ett\u00e4 Estelle olisi tekemisiss\u00e4 palestiinalaisen Hamas-j\u00e4rjest\u00f6n kanssa. Hamas on vallalla juuri Gazassa.<\/p>\n<p>&#8211; Me emme ole mill\u00e4n tavalla yhteisty\u00f6ss\u00e4 mink\u00e4\u00e4nlaisen organisaation kanssa tai mill\u00e4\u00e4n tavalla kenenk\u00e4\u00e4n puolella. Haluamme vilpitt\u00f6m\u00e4sti auttaa koko Gazan kansaa ja my\u00f6skin Israelia, jotta t\u00e4m\u00e4 konflikti saataisiin loppumaan. Poliittinen ja julkinen painostus on kuitenkin juuri Israelia kohtaan, jolla on avaimet k\u00e4siss\u00e4\u00e4n t\u00e4m\u00e4n Gazan saarron avaamisessa, painottaa Koivisto.<\/p>\n<\/div>\n<p><img decoding=\"async\" alt=\"Iiro Andersson\" src=\"http:\/\/img.yle.fi\/uutiset\/turku\/article5773767.ece\/ALTERNATES\/w60h60\/\" \/><br \/>\nIiro AnderssonYle Turku<\/p>\n<h3>Mist\u00e4 on kyse?<\/h3>\n<p>Turkulaisen v\/s Estelle -rahtipurjelaivan matka Gazaan on her\u00e4tt\u00e4nyt paljon kiinnostusta ymp\u00e4ri EurooppaaEstelle on t\u00e4ll\u00e4 hetkell\u00e4 Pohjois-Italian La Speziassa, josta sen matka jatkuu Napolin kautta GazaanEstelle vie Gazaan muun muassa sairaalatarvikkeita sek\u00e4 koulujen j\u00e4lleenrakentamiseen tarvittavaa sementti\u00e4<\/p>\n<p>&nbsp;<\/p>","protected":false},"excerpt":{"rendered":"<p>YLE 2.10.2012 Rahtipurjelaiva Estelle kuljettaa Gazaan avustustarvikkeita, mutta t\u00e4rkein teht\u00e4v\u00e4 on her\u00e4tt\u00e4\u00e4 median ja yleis\u00f6n kiinnostus sek\u00e4 purkaa Gazan saarto. Turkulainen Estelle on siirtynyt ruotsalaisen Ship to Gaza -j\u00e4rjest\u00f6n omistukseen. J\u00e4rjest\u00f6n nimen mukaisesti Estelle on t\u00e4ll\u00e4 hetkell\u00e4 matkalla Gazaan.\u00a0Kuva: Uusi Tuuli ry<\/p>","protected":false},"author":9,"featured_media":0,"comment_status":"open","ping_status":"open","sticky":false,"template":"","format":"standard","meta":{"zakra_page_container_layout":"customizer","zakra_page_sidebar_layout":"customizer","zakra_remove_content_margin":false,"zakra_sidebar":"customizer","zakra_transparent_header":"customizer","zakra_logo":0,"zakra_main_header_style":"default","zakra_menu_item_color":"","zakra_menu_item_hover_color":"","zakra_menu_item_active_color":"","zakra_menu_active_style":"","zakra_page_header":true,"footnotes":""},"categories":[29],"tags":[],"class_list":["post-3486","post","type-post","status-publish","format-standard","hentry","category-uutiset"],"yoast_head":"<!-- This site is optimized with the Yoast SEO plugin v27.5 - https:\/\/yoast.com\/product\/yoast-seo-wordpress\/ -->\n<title>Estelle-laivan matka nostattanut tukimielenosoituksia Euroopassa - ICAHD Finland<\/title>\n<meta name=\"robots\" content=\"index, follow, max-snippet:-1, max-image-preview:large, max-video-preview:-1\" \/>\n<link rel=\"canonical\" href=\"https:\/\/www.icahd.fi\/en\/estelle-laivan-matka-nostattanut-tukimielenosoituksia-euroopassa\/\" \/>\n<meta property=\"og:locale\" content=\"en_GB\" \/>\n<meta property=\"og:type\" content=\"article\" \/>\n<meta property=\"og:title\" content=\"Estelle-laivan matka nostattanut tukimielenosoituksia Euroopassa - ICAHD Finland\" \/>\n<meta property=\"og:description\" content=\"YLE 2.10.2012 Rahtipurjelaiva Estelle kuljettaa Gazaan avustustarvikkeita, mutta t\u00e4rkein teht\u00e4v\u00e4 on her\u00e4tt\u00e4\u00e4 median ja yleis\u00f6n kiinnostus sek\u00e4 purkaa Gazan saarto. Turkulainen Estelle on siirtynyt ruotsalaisen Ship to Gaza -j\u00e4rjest\u00f6n omistukseen. J\u00e4rjest\u00f6n nimen mukaisesti Estelle on t\u00e4ll\u00e4 hetkell\u00e4 matkalla Gazaan.\u00a0Kuva: Uusi Tuuli ry\" \/>\n<meta property=\"og:url\" content=\"https:\/\/www.icahd.fi\/en\/estelle-laivan-matka-nostattanut-tukimielenosoituksia-euroopassa\/\" \/>\n<meta property=\"og:site_name\" content=\"ICAHD Finland\" \/>\n<meta property=\"article:publisher\" content=\"https:\/\/www.facebook.com\/icahdfinland\" \/>\n<meta property=\"article:published_time\" content=\"2012-10-03T09:09:48+00:00\" \/>\n<meta property=\"article:modified_time\" content=\"2013-12-25T09:56:11+00:00\" \/>\n<meta property=\"og:image\" content=\"http:\/\/img.yle.fi\/uutiset\/turku\/article5545493.ece\/ALTERNATES\/w580\/\" \/>\n<meta name=\"author\" content=\"Syksy\" \/>\n<meta name=\"twitter:card\" content=\"summary_large_image\" \/>\n<meta name=\"twitter:creator\" content=\"@icahdfinland\" \/>\n<meta name=\"twitter:site\" content=\"@icahdfinland\" \/>\n<meta name=\"twitter:label1\" content=\"Written by\" \/>\n\t<meta name=\"twitter:data1\" content=\"Syksy\" \/>\n\t<meta name=\"twitter:label2\" content=\"Estimated reading time\" \/>\n\t<meta name=\"twitter:data2\" content=\"2 minutes\" \/>\n<script type=\"application\/ld+json\" class=\"yoast-schema-graph\">{\"@context\":\"https:\\\/\\\/schema.org\",\"@graph\":[{\"@type\":\"Article\",\"@id\":\"https:\\\/\\\/www.icahd.fi\\\/estelle-laivan-matka-nostattanut-tukimielenosoituksia-euroopassa\\\/#article\",\"isPartOf\":{\"@id\":\"https:\\\/\\\/www.icahd.fi\\\/estelle-laivan-matka-nostattanut-tukimielenosoituksia-euroopassa\\\/\"},\"author\":{\"name\":\"Syksy\",\"@id\":\"https:\\\/\\\/www.icahd.fi\\\/#\\\/schema\\\/person\\\/1c69d30d135114d7a3a5d5454cf901f8\"},\"headline\":\"Estelle-laivan matka nostattanut tukimielenosoituksia Euroopassa\",\"datePublished\":\"2012-10-03T09:09:48+00:00\",\"dateModified\":\"2013-12-25T09:56:11+00:00\",\"mainEntityOfPage\":{\"@id\":\"https:\\\/\\\/www.icahd.fi\\\/estelle-laivan-matka-nostattanut-tukimielenosoituksia-euroopassa\\\/\"},\"wordCount\":384,\"commentCount\":0,\"publisher\":{\"@id\":\"https:\\\/\\\/www.icahd.fi\\\/#organization\"},\"image\":{\"@id\":\"https:\\\/\\\/www.icahd.fi\\\/estelle-laivan-matka-nostattanut-tukimielenosoituksia-euroopassa\\\/#primaryimage\"},\"thumbnailUrl\":\"http:\\\/\\\/img.yle.fi\\\/uutiset\\\/turku\\\/article5545493.ece\\\/ALTERNATES\\\/w580\\\/\",\"articleSection\":[\"Uutiset\"],\"inLanguage\":\"en-GB\",\"potentialAction\":[{\"@type\":\"CommentAction\",\"name\":\"Comment\",\"target\":[\"https:\\\/\\\/www.icahd.fi\\\/estelle-laivan-matka-nostattanut-tukimielenosoituksia-euroopassa\\\/#respond\"]}]},{\"@type\":\"WebPage\",\"@id\":\"https:\\\/\\\/www.icahd.fi\\\/estelle-laivan-matka-nostattanut-tukimielenosoituksia-euroopassa\\\/\",\"url\":\"https:\\\/\\\/www.icahd.fi\\\/estelle-laivan-matka-nostattanut-tukimielenosoituksia-euroopassa\\\/\",\"name\":\"Estelle-laivan matka nostattanut tukimielenosoituksia Euroopassa - ICAHD Finland\",\"isPartOf\":{\"@id\":\"https:\\\/\\\/www.icahd.fi\\\/#website\"},\"primaryImageOfPage\":{\"@id\":\"https:\\\/\\\/www.icahd.fi\\\/estelle-laivan-matka-nostattanut-tukimielenosoituksia-euroopassa\\\/#primaryimage\"},\"image\":{\"@id\":\"https:\\\/\\\/www.icahd.fi\\\/estelle-laivan-matka-nostattanut-tukimielenosoituksia-euroopassa\\\/#primaryimage\"},\"thumbnailUrl\":\"http:\\\/\\\/img.yle.fi\\\/uutiset\\\/turku\\\/article5545493.ece\\\/ALTERNATES\\\/w580\\\/\",\"datePublished\":\"2012-10-03T09:09:48+00:00\",\"dateModified\":\"2013-12-25T09:56:11+00:00\",\"breadcrumb\":{\"@id\":\"https:\\\/\\\/www.icahd.fi\\\/estelle-laivan-matka-nostattanut-tukimielenosoituksia-euroopassa\\\/#breadcrumb\"},\"inLanguage\":\"en-GB\",\"potentialAction\":[{\"@type\":\"ReadAction\",\"target\":[\"https:\\\/\\\/www.icahd.fi\\\/estelle-laivan-matka-nostattanut-tukimielenosoituksia-euroopassa\\\/\"]}]},{\"@type\":\"ImageObject\",\"inLanguage\":\"en-GB\",\"@id\":\"https:\\\/\\\/www.icahd.fi\\\/estelle-laivan-matka-nostattanut-tukimielenosoituksia-euroopassa\\\/#primaryimage\",\"url\":\"http:\\\/\\\/img.yle.fi\\\/uutiset\\\/turku\\\/article5545493.ece\\\/ALTERNATES\\\/w580\\\/\",\"contentUrl\":\"http:\\\/\\\/img.yle.fi\\\/uutiset\\\/turku\\\/article5545493.ece\\\/ALTERNATES\\\/w580\\\/\"},{\"@type\":\"BreadcrumbList\",\"@id\":\"https:\\\/\\\/www.icahd.fi\\\/estelle-laivan-matka-nostattanut-tukimielenosoituksia-euroopassa\\\/#breadcrumb\",\"itemListElement\":[{\"@type\":\"ListItem\",\"position\":1,\"name\":\"Home\",\"item\":\"https:\\\/\\\/www.icahd.fi\\\/\"},{\"@type\":\"ListItem\",\"position\":2,\"name\":\"Estelle-laivan matka nostattanut tukimielenosoituksia Euroopassa\"}]},{\"@type\":\"WebSite\",\"@id\":\"https:\\\/\\\/www.icahd.fi\\\/#website\",\"url\":\"https:\\\/\\\/www.icahd.fi\\\/\",\"name\":\"ICAHD Finland\",\"description\":\"Yht&auml;l&auml;isten oikeuksien puolesta, Israelin apartheidia vastaan\",\"publisher\":{\"@id\":\"https:\\\/\\\/www.icahd.fi\\\/#organization\"},\"potentialAction\":[{\"@type\":\"SearchAction\",\"target\":{\"@type\":\"EntryPoint\",\"urlTemplate\":\"https:\\\/\\\/www.icahd.fi\\\/?s={search_term_string}\"},\"query-input\":{\"@type\":\"PropertyValueSpecification\",\"valueRequired\":true,\"valueName\":\"search_term_string\"}}],\"inLanguage\":\"en-GB\"},{\"@type\":\"Organization\",\"@id\":\"https:\\\/\\\/www.icahd.fi\\\/#organization\",\"name\":\"ICAHD Finland\",\"url\":\"https:\\\/\\\/www.icahd.fi\\\/\",\"logo\":{\"@type\":\"ImageObject\",\"inLanguage\":\"en-GB\",\"@id\":\"https:\\\/\\\/www.icahd.fi\\\/#\\\/schema\\\/logo\\\/image\\\/\",\"url\":\"https:\\\/\\\/www.icahd.fi\\\/wp-content\\\/uploads\\\/2020\\\/01\\\/logo-teksti.png\",\"contentUrl\":\"https:\\\/\\\/www.icahd.fi\\\/wp-content\\\/uploads\\\/2020\\\/01\\\/logo-teksti.png\",\"width\":300,\"height\":109,\"caption\":\"ICAHD Finland\"},\"image\":{\"@id\":\"https:\\\/\\\/www.icahd.fi\\\/#\\\/schema\\\/logo\\\/image\\\/\"},\"sameAs\":[\"https:\\\/\\\/www.facebook.com\\\/icahdfinland\",\"https:\\\/\\\/x.com\\\/icahdfinland\"]},{\"@type\":\"Person\",\"@id\":\"https:\\\/\\\/www.icahd.fi\\\/#\\\/schema\\\/person\\\/1c69d30d135114d7a3a5d5454cf901f8\",\"name\":\"Syksy\",\"image\":{\"@type\":\"ImageObject\",\"inLanguage\":\"en-GB\",\"@id\":\"https:\\\/\\\/secure.gravatar.com\\\/avatar\\\/c8d8a8636968d9ebbc65828564da9c07ccf771e59b4ee6c4c57fde52c70ab3dc?s=96&d=mm&r=g\",\"url\":\"https:\\\/\\\/secure.gravatar.com\\\/avatar\\\/c8d8a8636968d9ebbc65828564da9c07ccf771e59b4ee6c4c57fde52c70ab3dc?s=96&d=mm&r=g\",\"contentUrl\":\"https:\\\/\\\/secure.gravatar.com\\\/avatar\\\/c8d8a8636968d9ebbc65828564da9c07ccf771e59b4ee6c4c57fde52c70ab3dc?s=96&d=mm&r=g\",\"caption\":\"Syksy\"}}]}<\/script>\n<!-- \/ Yoast SEO plugin. -->","yoast_head_json":{"title":"Estelle-laivan matka nostattanut tukimielenosoituksia Euroopassa - ICAHD Finland","robots":{"index":"index","follow":"follow","max-snippet":"max-snippet:-1","max-image-preview":"max-image-preview:large","max-video-preview":"max-video-preview:-1"},"canonical":"https:\/\/www.icahd.fi\/en\/estelle-laivan-matka-nostattanut-tukimielenosoituksia-euroopassa\/","og_locale":"en_GB","og_type":"article","og_title":"Estelle-laivan matka nostattanut tukimielenosoituksia Euroopassa - ICAHD Finland","og_description":"YLE 2.10.2012 Rahtipurjelaiva Estelle kuljettaa Gazaan avustustarvikkeita, mutta t\u00e4rkein teht\u00e4v\u00e4 on her\u00e4tt\u00e4\u00e4 median ja yleis\u00f6n kiinnostus sek\u00e4 purkaa Gazan saarto. Turkulainen Estelle on siirtynyt ruotsalaisen Ship to Gaza -j\u00e4rjest\u00f6n omistukseen. J\u00e4rjest\u00f6n nimen mukaisesti Estelle on t\u00e4ll\u00e4 hetkell\u00e4 matkalla Gazaan.\u00a0Kuva: Uusi Tuuli ry","og_url":"https:\/\/www.icahd.fi\/en\/estelle-laivan-matka-nostattanut-tukimielenosoituksia-euroopassa\/","og_site_name":"ICAHD Finland","article_publisher":"https:\/\/www.facebook.com\/icahdfinland","article_published_time":"2012-10-03T09:09:48+00:00","article_modified_time":"2013-12-25T09:56:11+00:00","og_image":[{"url":"http:\/\/img.yle.fi\/uutiset\/turku\/article5545493.ece\/ALTERNATES\/w580\/","type":"","width":"","height":""}],"author":"Syksy","twitter_card":"summary_large_image","twitter_creator":"@icahdfinland","twitter_site":"@icahdfinland","twitter_misc":{"Written by":"Syksy","Estimated reading time":"2 minutes"},"schema":{"@context":"https:\/\/schema.org","@graph":[{"@type":"Article","@id":"https:\/\/www.icahd.fi\/estelle-laivan-matka-nostattanut-tukimielenosoituksia-euroopassa\/#article","isPartOf":{"@id":"https:\/\/www.icahd.fi\/estelle-laivan-matka-nostattanut-tukimielenosoituksia-euroopassa\/"},"author":{"name":"Syksy","@id":"https:\/\/www.icahd.fi\/#\/schema\/person\/1c69d30d135114d7a3a5d5454cf901f8"},"headline":"Estelle-laivan matka nostattanut tukimielenosoituksia Euroopassa","datePublished":"2012-10-03T09:09:48+00:00","dateModified":"2013-12-25T09:56:11+00:00","mainEntityOfPage":{"@id":"https:\/\/www.icahd.fi\/estelle-laivan-matka-nostattanut-tukimielenosoituksia-euroopassa\/"},"wordCount":384,"commentCount":0,"publisher":{"@id":"https:\/\/www.icahd.fi\/#organization"},"image":{"@id":"https:\/\/www.icahd.fi\/estelle-laivan-matka-nostattanut-tukimielenosoituksia-euroopassa\/#primaryimage"},"thumbnailUrl":"http:\/\/img.yle.fi\/uutiset\/turku\/article5545493.ece\/ALTERNATES\/w580\/","articleSection":["Uutiset"],"inLanguage":"en-GB","potentialAction":[{"@type":"CommentAction","name":"Comment","target":["https:\/\/www.icahd.fi\/estelle-laivan-matka-nostattanut-tukimielenosoituksia-euroopassa\/#respond"]}]},{"@type":"WebPage","@id":"https:\/\/www.icahd.fi\/estelle-laivan-matka-nostattanut-tukimielenosoituksia-euroopassa\/","url":"https:\/\/www.icahd.fi\/estelle-laivan-matka-nostattanut-tukimielenosoituksia-euroopassa\/","name":"Estelle-laivan matka nostattanut tukimielenosoituksia Euroopassa - ICAHD Finland","isPartOf":{"@id":"https:\/\/www.icahd.fi\/#website"},"primaryImageOfPage":{"@id":"https:\/\/www.icahd.fi\/estelle-laivan-matka-nostattanut-tukimielenosoituksia-euroopassa\/#primaryimage"},"image":{"@id":"https:\/\/www.icahd.fi\/estelle-laivan-matka-nostattanut-tukimielenosoituksia-euroopassa\/#primaryimage"},"thumbnailUrl":"http:\/\/img.yle.fi\/uutiset\/turku\/article5545493.ece\/ALTERNATES\/w580\/","datePublished":"2012-10-03T09:09:48+00:00","dateModified":"2013-12-25T09:56:11+00:00","breadcrumb":{"@id":"https:\/\/www.icahd.fi\/estelle-laivan-matka-nostattanut-tukimielenosoituksia-euroopassa\/#breadcrumb"},"inLanguage":"en-GB","potentialAction":[{"@type":"ReadAction","target":["https:\/\/www.icahd.fi\/estelle-laivan-matka-nostattanut-tukimielenosoituksia-euroopassa\/"]}]},{"@type":"ImageObject","inLanguage":"en-GB","@id":"https:\/\/www.icahd.fi\/estelle-laivan-matka-nostattanut-tukimielenosoituksia-euroopassa\/#primaryimage","url":"http:\/\/img.yle.fi\/uutiset\/turku\/article5545493.ece\/ALTERNATES\/w580\/","contentUrl":"http:\/\/img.yle.fi\/uutiset\/turku\/article5545493.ece\/ALTERNATES\/w580\/"},{"@type":"BreadcrumbList","@id":"https:\/\/www.icahd.fi\/estelle-laivan-matka-nostattanut-tukimielenosoituksia-euroopassa\/#breadcrumb","itemListElement":[{"@type":"ListItem","position":1,"name":"Home","item":"https:\/\/www.icahd.fi\/"},{"@type":"ListItem","position":2,"name":"Estelle-laivan matka nostattanut tukimielenosoituksia Euroopassa"}]},{"@type":"WebSite","@id":"https:\/\/www.icahd.fi\/#website","url":"https:\/\/www.icahd.fi\/","name":"In 2012, ICAHD Finland","description":"Yht&auml;l&auml;isten oikeuksien puolesta, Israelin apartheidia vastaan","publisher":{"@id":"https:\/\/www.icahd.fi\/#organization"},"potentialAction":[{"@type":"SearchAction","target":{"@type":"EntryPoint","urlTemplate":"https:\/\/www.icahd.fi\/?s={search_term_string}"},"query-input":{"@type":"PropertyValueSpecification","valueRequired":true,"valueName":"search_term_string"}}],"inLanguage":"en-GB"},{"@type":"Organization","@id":"https:\/\/www.icahd.fi\/#organization","name":"In 2012, ICAHD Finland","url":"https:\/\/www.icahd.fi\/","logo":{"@type":"ImageObject","inLanguage":"en-GB","@id":"https:\/\/www.icahd.fi\/#\/schema\/logo\/image\/","url":"https:\/\/www.icahd.fi\/wp-content\/uploads\/2020\/01\/logo-teksti.png","contentUrl":"https:\/\/www.icahd.fi\/wp-content\/uploads\/2020\/01\/logo-teksti.png","width":300,"height":109,"caption":"ICAHD Finland"},"image":{"@id":"https:\/\/www.icahd.fi\/#\/schema\/logo\/image\/"},"sameAs":["https:\/\/www.facebook.com\/icahdfinland","https:\/\/x.com\/icahdfinland"]},{"@type":"Person","@id":"https:\/\/www.icahd.fi\/#\/schema\/person\/1c69d30d135114d7a3a5d5454cf901f8","name":"Syksy","image":{"@type":"ImageObject","inLanguage":"en-GB","@id":"https:\/\/secure.gravatar.com\/avatar\/c8d8a8636968d9ebbc65828564da9c07ccf771e59b4ee6c4c57fde52c70ab3dc?s=96&d=mm&r=g","url":"https:\/\/secure.gravatar.com\/avatar\/c8d8a8636968d9ebbc65828564da9c07ccf771e59b4ee6c4c57fde52c70ab3dc?s=96&d=mm&r=g","contentUrl":"https:\/\/secure.gravatar.com\/avatar\/c8d8a8636968d9ebbc65828564da9c07ccf771e59b4ee6c4c57fde52c70ab3dc?s=96&d=mm&r=g","caption":"Syksy"}}]}},"acf":[],"_links":{"self":[{"href":"https:\/\/www.icahd.fi\/en\/wp-json\/wp\/v2\/posts\/3486","targetHints":{"allow":["GET"]}}],"collection":[{"href":"https:\/\/www.icahd.fi\/en\/wp-json\/wp\/v2\/posts"}],"about":[{"href":"https:\/\/www.icahd.fi\/en\/wp-json\/wp\/v2\/types\/post"}],"author":[{"embeddable":true,"href":"https:\/\/www.icahd.fi\/en\/wp-json\/wp\/v2\/users\/9"}],"replies":[{"embeddable":true,"href":"https:\/\/www.icahd.fi\/en\/wp-json\/wp\/v2\/comments?post=3486"}],"version-history":[{"count":1,"href":"https:\/\/www.icahd.fi\/en\/wp-json\/wp\/v2\/posts\/3486\/revisions"}],"predecessor-version":[{"id":4136,"href":"https:\/\/www.icahd.fi\/en\/wp-json\/wp\/v2\/posts\/3486\/revisions\/4136"}],"wp:attachment":[{"href":"https:\/\/www.icahd.fi\/en\/wp-json\/wp\/v2\/media?parent=3486"}],"wp:term":[{"taxonomy":"category","embeddable":true,"href":"https:\/\/www.icahd.fi\/en\/wp-json\/wp\/v2\/categories?post=3486"},{"taxonomy":"post_tag","embeddable":true,"href":"https:\/\/www.icahd.fi\/en\/wp-json\/wp\/v2\/tags?post=3486"}],"curies":[{"name":"wp","href":"https:\/\/api.w.org\/{rel}","templated":true}]}}