{"id":3475,"date":"2012-09-25T14:08:35","date_gmt":"2012-09-25T11:08:35","guid":{"rendered":"http:\/\/icahd.fi\/?p=3475"},"modified":"2012-09-25T14:08:35","modified_gmt":"2012-09-25T11:08:35","slug":"norja-poisti-verohelpotukset-israelin-siirtokuntia-tukevilta-jarjestoilta","status":"publish","type":"post","link":"https:\/\/www.icahd.fi\/en\/norja-poisti-verohelpotukset-israelin-siirtokuntia-tukevilta-jarjestoilta\/","title":{"rendered":"Norja poisti verohelpotukset Israelin siirtokuntia tukevilta j\u00e4rjest\u00f6ilt\u00e4"},"content":{"rendered":"<div><span style=\"color: #ffffff;\">.<\/span><\/div>\n<div>25.09.2012 Maailma.net<\/div>\n<div>\n<div>\n<div>Aura Pilkama ja Janne Hukka<\/div>\n<\/div>\n<\/div>\n<p><img decoding=\"async\" class=\"alignleft\" style=\"margin: 20px 5px;\" title=\"(Kuva: Jaume d'Urgell \/ cc 2.0)\" src=\"http:\/\/maailma.net\/sites\/maailma.net\/files\/images\/Palestina.img_assist_custom-250x188.jpg\" alt=\"(Kuva: Jaume d'Urgell \/ cc 2.0)\" width=\"250\" height=\"188\" \/><strong><\/strong><\/p>\n<p><strong>(Kuva: Jaume d&#8217;Urgell \/ cc 2.0)<\/strong><\/p>\n<p>Norja on p\u00e4\u00e4tt\u00e4nyt poistaa Karmel-instituutin sellaisten j\u00e4rjest\u00f6jen listalta, joihin lahjoittamalla norjalaisten on mahdollista saada verov\u00e4hennyksi\u00e4, <a href=\"http:\/\/www.regjeringen.no\/nn\/dep\/fin\/Aktuelt\/nyheiter\/2012\/karmel-instituttet-utelukkes-fra-gavefra.html?id=699411\" target=\"_blank\">kertoo maan valtiovarainministeri\u00f6.<\/a>\u00a0Syyn\u00e4 p\u00e4\u00e4t\u00f6kseen oli se, ett\u00e4 j\u00e4rjest\u00f6 tukee taloudellisesti Israelin laittomia siirtokuntia Palestiinassa.<\/p>\n<p>Norjan valtiovarainministeri\u00f6 sanoo lausunnossaan, ett\u00e4 tarkoituksena on varmistaa, etteiv\u00e4t verov\u00e4hennyksist\u00e4 hy\u00f6dy j\u00e4rjest\u00f6t, jotka toimivat kansainv\u00e4lisen lain vastaisesti.<\/p>\n<p>Monet maat, mukaan lukien useat EU:n j\u00e4senvaltiot, ovat harkinneet t\u00e4m\u00e4n vuoden aikana kielt\u00e4v\u00e4ns\u00e4 kokonaan tuonnin Palestiinassa olevista Israelin siirtokunnista. Aikaisemmin Etel\u00e4-Afrikasta tuli ensimm\u00e4inen valtio, joka vaatii siirtokuntatuotteiden merkitsemist\u00e4 ja vastaavaa k\u00e4yt\u00e4nt\u00f6\u00e4 on <a href=\"http:\/\/maailma.net\/artikkelit\/brittilobbari_uskoo_eun_alkavan_merkita_siirtokuntatuotteita\">harkittu my\u00f6s Suomessa.<\/a><\/p>\n<p>Norjan uusi p\u00e4\u00e4t\u00f6s verov\u00e4hennysten kielt\u00e4misest\u00e4 saattaa rohkaista vastaavanlaisen muutokseen my\u00f6s muissa maissa.<\/p>\n<p><a href=\"http:\/\/www.nytimes.com\/2010\/07\/06\/world\/middleeast\/06settle.html?_r=0\" target=\"_blank\">New York Timesin mukaan<\/a> pelk\u00e4st\u00e4\u00e4n Yhdysvalloissa viime vuosikymmenen aikana jopa yli 200 miljoonaa dollaria arvellaan menneen Israelin siirtokunnille lahjoituksina. Yhdysvaltain hallinto ei ole onnistunut puuttumaan asiaan.<\/p>","protected":false},"excerpt":{"rendered":"<p>. 25.09.2012 Maailma.net Aura Pilkama ja Janne Hukka (Kuva: Jaume d&#8217;Urgell \/ cc 2.0) Norja on p\u00e4\u00e4tt\u00e4nyt poistaa Karmel-instituutin sellaisten j\u00e4rjest\u00f6jen listalta, joihin lahjoittamalla norjalaisten on mahdollista saada verov\u00e4hennyksi\u00e4, kertoo maan valtiovarainministeri\u00f6.\u00a0Syyn\u00e4 p\u00e4\u00e4t\u00f6kseen oli se, ett\u00e4 j\u00e4rjest\u00f6 tukee taloudellisesti Israelin laittomia siirtokuntia Palestiinassa. Norjan valtiovarainministeri\u00f6 sanoo lausunnossaan, ett\u00e4 tarkoituksena on varmistaa, etteiv\u00e4t verov\u00e4hennyksist\u00e4 hy\u00f6dy j\u00e4rjest\u00f6t, [&hellip;]<\/p>\n","protected":false},"author":9,"featured_media":0,"comment_status":"open","ping_status":"open","sticky":false,"template":"","format":"standard","meta":{"zakra_page_container_layout":"customizer","zakra_page_sidebar_layout":"customizer","zakra_remove_content_margin":false,"zakra_sidebar":"customizer","zakra_transparent_header":"customizer","zakra_logo":0,"zakra_main_header_style":"default","zakra_menu_item_color":"","zakra_menu_item_hover_color":"","zakra_menu_item_active_color":"","zakra_menu_active_style":"","zakra_page_header":true,"footnotes":""},"categories":[29],"tags":[],"class_list":["post-3475","post","type-post","status-publish","format-standard","hentry","category-uutiset"],"yoast_head":"<!-- This site is optimized with the Yoast SEO plugin v27.5 - https:\/\/yoast.com\/product\/yoast-seo-wordpress\/ -->\n<title>Norja poisti verohelpotukset Israelin siirtokuntia tukevilta j\u00e4rjest\u00f6ilt\u00e4 - ICAHD Finland<\/title>\n<meta name=\"robots\" content=\"index, follow, max-snippet:-1, max-image-preview:large, max-video-preview:-1\" \/>\n<link rel=\"canonical\" href=\"https:\/\/www.icahd.fi\/en\/norja-poisti-verohelpotukset-israelin-siirtokuntia-tukevilta-jarjestoilta\/\" \/>\n<meta property=\"og:locale\" content=\"en_GB\" \/>\n<meta property=\"og:type\" content=\"article\" \/>\n<meta property=\"og:title\" content=\"Norja poisti verohelpotukset Israelin siirtokuntia tukevilta j\u00e4rjest\u00f6ilt\u00e4 - ICAHD Finland\" \/>\n<meta property=\"og:description\" content=\". 25.09.2012 Maailma.net Aura Pilkama ja Janne Hukka (Kuva: Jaume d&#8217;Urgell \/ cc 2.0) Norja on p\u00e4\u00e4tt\u00e4nyt poistaa Karmel-instituutin sellaisten j\u00e4rjest\u00f6jen listalta, joihin lahjoittamalla norjalaisten on mahdollista saada verov\u00e4hennyksi\u00e4, kertoo maan valtiovarainministeri\u00f6.\u00a0Syyn\u00e4 p\u00e4\u00e4t\u00f6kseen oli se, ett\u00e4 j\u00e4rjest\u00f6 tukee taloudellisesti Israelin laittomia siirtokuntia Palestiinassa. Norjan valtiovarainministeri\u00f6 sanoo lausunnossaan, ett\u00e4 tarkoituksena on varmistaa, etteiv\u00e4t verov\u00e4hennyksist\u00e4 hy\u00f6dy j\u00e4rjest\u00f6t, [&hellip;]\" \/>\n<meta property=\"og:url\" content=\"https:\/\/www.icahd.fi\/en\/norja-poisti-verohelpotukset-israelin-siirtokuntia-tukevilta-jarjestoilta\/\" \/>\n<meta property=\"og:site_name\" content=\"ICAHD Finland\" \/>\n<meta property=\"article:publisher\" content=\"https:\/\/www.facebook.com\/icahdfinland\" \/>\n<meta property=\"article:published_time\" content=\"2012-09-25T11:08:35+00:00\" \/>\n<meta property=\"og:image\" content=\"http:\/\/maailma.net\/sites\/maailma.net\/files\/images\/Palestina.img_assist_custom-250x188.jpg\" \/>\n<meta name=\"author\" content=\"Syksy\" \/>\n<meta name=\"twitter:card\" content=\"summary_large_image\" \/>\n<meta name=\"twitter:creator\" content=\"@icahdfinland\" \/>\n<meta name=\"twitter:site\" content=\"@icahdfinland\" \/>\n<meta name=\"twitter:label1\" content=\"Written by\" \/>\n\t<meta name=\"twitter:data1\" content=\"Syksy\" \/>\n\t<meta name=\"twitter:label2\" content=\"Estimated reading time\" \/>\n\t<meta name=\"twitter:data2\" content=\"1 minute\" \/>\n<script type=\"application\/ld+json\" class=\"yoast-schema-graph\">{\"@context\":\"https:\\\/\\\/schema.org\",\"@graph\":[{\"@type\":\"Article\",\"@id\":\"https:\\\/\\\/www.icahd.fi\\\/en\\\/norja-poisti-verohelpotukset-israelin-siirtokuntia-tukevilta-jarjestoilta\\\/#article\",\"isPartOf\":{\"@id\":\"https:\\\/\\\/www.icahd.fi\\\/en\\\/norja-poisti-verohelpotukset-israelin-siirtokuntia-tukevilta-jarjestoilta\\\/\"},\"author\":{\"name\":\"Syksy\",\"@id\":\"https:\\\/\\\/www.icahd.fi\\\/#\\\/schema\\\/person\\\/1c69d30d135114d7a3a5d5454cf901f8\"},\"headline\":\"Norja poisti verohelpotukset Israelin siirtokuntia tukevilta j\u00e4rjest\u00f6ilt\u00e4\",\"datePublished\":\"2012-09-25T11:08:35+00:00\",\"mainEntityOfPage\":{\"@id\":\"https:\\\/\\\/www.icahd.fi\\\/en\\\/norja-poisti-verohelpotukset-israelin-siirtokuntia-tukevilta-jarjestoilta\\\/\"},\"wordCount\":172,\"commentCount\":0,\"publisher\":{\"@id\":\"https:\\\/\\\/www.icahd.fi\\\/#organization\"},\"image\":{\"@id\":\"https:\\\/\\\/www.icahd.fi\\\/en\\\/norja-poisti-verohelpotukset-israelin-siirtokuntia-tukevilta-jarjestoilta\\\/#primaryimage\"},\"thumbnailUrl\":\"http:\\\/\\\/maailma.net\\\/sites\\\/maailma.net\\\/files\\\/images\\\/Palestina.img_assist_custom-250x188.jpg\",\"articleSection\":[\"Uutiset\"],\"inLanguage\":\"en-GB\",\"potentialAction\":[{\"@type\":\"CommentAction\",\"name\":\"Comment\",\"target\":[\"https:\\\/\\\/www.icahd.fi\\\/en\\\/norja-poisti-verohelpotukset-israelin-siirtokuntia-tukevilta-jarjestoilta\\\/#respond\"]}]},{\"@type\":\"WebPage\",\"@id\":\"https:\\\/\\\/www.icahd.fi\\\/en\\\/norja-poisti-verohelpotukset-israelin-siirtokuntia-tukevilta-jarjestoilta\\\/\",\"url\":\"https:\\\/\\\/www.icahd.fi\\\/en\\\/norja-poisti-verohelpotukset-israelin-siirtokuntia-tukevilta-jarjestoilta\\\/\",\"name\":\"Norja poisti verohelpotukset Israelin siirtokuntia tukevilta j\u00e4rjest\u00f6ilt\u00e4 - ICAHD Finland\",\"isPartOf\":{\"@id\":\"https:\\\/\\\/www.icahd.fi\\\/#website\"},\"primaryImageOfPage\":{\"@id\":\"https:\\\/\\\/www.icahd.fi\\\/en\\\/norja-poisti-verohelpotukset-israelin-siirtokuntia-tukevilta-jarjestoilta\\\/#primaryimage\"},\"image\":{\"@id\":\"https:\\\/\\\/www.icahd.fi\\\/en\\\/norja-poisti-verohelpotukset-israelin-siirtokuntia-tukevilta-jarjestoilta\\\/#primaryimage\"},\"thumbnailUrl\":\"http:\\\/\\\/maailma.net\\\/sites\\\/maailma.net\\\/files\\\/images\\\/Palestina.img_assist_custom-250x188.jpg\",\"datePublished\":\"2012-09-25T11:08:35+00:00\",\"breadcrumb\":{\"@id\":\"https:\\\/\\\/www.icahd.fi\\\/en\\\/norja-poisti-verohelpotukset-israelin-siirtokuntia-tukevilta-jarjestoilta\\\/#breadcrumb\"},\"inLanguage\":\"en-GB\",\"potentialAction\":[{\"@type\":\"ReadAction\",\"target\":[\"https:\\\/\\\/www.icahd.fi\\\/en\\\/norja-poisti-verohelpotukset-israelin-siirtokuntia-tukevilta-jarjestoilta\\\/\"]}]},{\"@type\":\"ImageObject\",\"inLanguage\":\"en-GB\",\"@id\":\"https:\\\/\\\/www.icahd.fi\\\/en\\\/norja-poisti-verohelpotukset-israelin-siirtokuntia-tukevilta-jarjestoilta\\\/#primaryimage\",\"url\":\"http:\\\/\\\/maailma.net\\\/sites\\\/maailma.net\\\/files\\\/images\\\/Palestina.img_assist_custom-250x188.jpg\",\"contentUrl\":\"http:\\\/\\\/maailma.net\\\/sites\\\/maailma.net\\\/files\\\/images\\\/Palestina.img_assist_custom-250x188.jpg\"},{\"@type\":\"BreadcrumbList\",\"@id\":\"https:\\\/\\\/www.icahd.fi\\\/en\\\/norja-poisti-verohelpotukset-israelin-siirtokuntia-tukevilta-jarjestoilta\\\/#breadcrumb\",\"itemListElement\":[{\"@type\":\"ListItem\",\"position\":1,\"name\":\"Home\",\"item\":\"https:\\\/\\\/www.icahd.fi\\\/\"},{\"@type\":\"ListItem\",\"position\":2,\"name\":\"Norja poisti verohelpotukset Israelin siirtokuntia tukevilta j\u00e4rjest\u00f6ilt\u00e4\"}]},{\"@type\":\"WebSite\",\"@id\":\"https:\\\/\\\/www.icahd.fi\\\/#website\",\"url\":\"https:\\\/\\\/www.icahd.fi\\\/\",\"name\":\"ICAHD Finland\",\"description\":\"Yht&auml;l&auml;isten oikeuksien puolesta, Israelin apartheidia vastaan\",\"publisher\":{\"@id\":\"https:\\\/\\\/www.icahd.fi\\\/#organization\"},\"potentialAction\":[{\"@type\":\"SearchAction\",\"target\":{\"@type\":\"EntryPoint\",\"urlTemplate\":\"https:\\\/\\\/www.icahd.fi\\\/?s={search_term_string}\"},\"query-input\":{\"@type\":\"PropertyValueSpecification\",\"valueRequired\":true,\"valueName\":\"search_term_string\"}}],\"inLanguage\":\"en-GB\"},{\"@type\":\"Organization\",\"@id\":\"https:\\\/\\\/www.icahd.fi\\\/#organization\",\"name\":\"ICAHD Finland\",\"url\":\"https:\\\/\\\/www.icahd.fi\\\/\",\"logo\":{\"@type\":\"ImageObject\",\"inLanguage\":\"en-GB\",\"@id\":\"https:\\\/\\\/www.icahd.fi\\\/#\\\/schema\\\/logo\\\/image\\\/\",\"url\":\"https:\\\/\\\/www.icahd.fi\\\/wp-content\\\/uploads\\\/2020\\\/01\\\/logo-teksti.png\",\"contentUrl\":\"https:\\\/\\\/www.icahd.fi\\\/wp-content\\\/uploads\\\/2020\\\/01\\\/logo-teksti.png\",\"width\":300,\"height\":109,\"caption\":\"ICAHD Finland\"},\"image\":{\"@id\":\"https:\\\/\\\/www.icahd.fi\\\/#\\\/schema\\\/logo\\\/image\\\/\"},\"sameAs\":[\"https:\\\/\\\/www.facebook.com\\\/icahdfinland\",\"https:\\\/\\\/x.com\\\/icahdfinland\"]},{\"@type\":\"Person\",\"@id\":\"https:\\\/\\\/www.icahd.fi\\\/#\\\/schema\\\/person\\\/1c69d30d135114d7a3a5d5454cf901f8\",\"name\":\"Syksy\",\"image\":{\"@type\":\"ImageObject\",\"inLanguage\":\"en-GB\",\"@id\":\"https:\\\/\\\/secure.gravatar.com\\\/avatar\\\/c8d8a8636968d9ebbc65828564da9c07ccf771e59b4ee6c4c57fde52c70ab3dc?s=96&d=mm&r=g\",\"url\":\"https:\\\/\\\/secure.gravatar.com\\\/avatar\\\/c8d8a8636968d9ebbc65828564da9c07ccf771e59b4ee6c4c57fde52c70ab3dc?s=96&d=mm&r=g\",\"contentUrl\":\"https:\\\/\\\/secure.gravatar.com\\\/avatar\\\/c8d8a8636968d9ebbc65828564da9c07ccf771e59b4ee6c4c57fde52c70ab3dc?s=96&d=mm&r=g\",\"caption\":\"Syksy\"}}]}<\/script>\n<!-- \/ Yoast SEO plugin. -->","yoast_head_json":{"title":"Norja poisti verohelpotukset Israelin siirtokuntia tukevilta j\u00e4rjest\u00f6ilt\u00e4 - ICAHD Finland","robots":{"index":"index","follow":"follow","max-snippet":"max-snippet:-1","max-image-preview":"max-image-preview:large","max-video-preview":"max-video-preview:-1"},"canonical":"https:\/\/www.icahd.fi\/en\/norja-poisti-verohelpotukset-israelin-siirtokuntia-tukevilta-jarjestoilta\/","og_locale":"en_GB","og_type":"article","og_title":"Norja poisti verohelpotukset Israelin siirtokuntia tukevilta j\u00e4rjest\u00f6ilt\u00e4 - ICAHD Finland","og_description":". 25.09.2012 Maailma.net Aura Pilkama ja Janne Hukka (Kuva: Jaume d&#8217;Urgell \/ cc 2.0) Norja on p\u00e4\u00e4tt\u00e4nyt poistaa Karmel-instituutin sellaisten j\u00e4rjest\u00f6jen listalta, joihin lahjoittamalla norjalaisten on mahdollista saada verov\u00e4hennyksi\u00e4, kertoo maan valtiovarainministeri\u00f6.\u00a0Syyn\u00e4 p\u00e4\u00e4t\u00f6kseen oli se, ett\u00e4 j\u00e4rjest\u00f6 tukee taloudellisesti Israelin laittomia siirtokuntia Palestiinassa. Norjan valtiovarainministeri\u00f6 sanoo lausunnossaan, ett\u00e4 tarkoituksena on varmistaa, etteiv\u00e4t verov\u00e4hennyksist\u00e4 hy\u00f6dy j\u00e4rjest\u00f6t, [&hellip;]","og_url":"https:\/\/www.icahd.fi\/en\/norja-poisti-verohelpotukset-israelin-siirtokuntia-tukevilta-jarjestoilta\/","og_site_name":"ICAHD Finland","article_publisher":"https:\/\/www.facebook.com\/icahdfinland","article_published_time":"2012-09-25T11:08:35+00:00","og_image":[{"url":"http:\/\/maailma.net\/sites\/maailma.net\/files\/images\/Palestina.img_assist_custom-250x188.jpg","type":"","width":"","height":""}],"author":"Syksy","twitter_card":"summary_large_image","twitter_creator":"@icahdfinland","twitter_site":"@icahdfinland","twitter_misc":{"Written by":"Syksy","Estimated reading time":"1 minute"},"schema":{"@context":"https:\/\/schema.org","@graph":[{"@type":"Article","@id":"https:\/\/www.icahd.fi\/en\/norja-poisti-verohelpotukset-israelin-siirtokuntia-tukevilta-jarjestoilta\/#article","isPartOf":{"@id":"https:\/\/www.icahd.fi\/en\/norja-poisti-verohelpotukset-israelin-siirtokuntia-tukevilta-jarjestoilta\/"},"author":{"name":"Syksy","@id":"https:\/\/www.icahd.fi\/#\/schema\/person\/1c69d30d135114d7a3a5d5454cf901f8"},"headline":"Norja poisti verohelpotukset Israelin siirtokuntia tukevilta j\u00e4rjest\u00f6ilt\u00e4","datePublished":"2012-09-25T11:08:35+00:00","mainEntityOfPage":{"@id":"https:\/\/www.icahd.fi\/en\/norja-poisti-verohelpotukset-israelin-siirtokuntia-tukevilta-jarjestoilta\/"},"wordCount":172,"commentCount":0,"publisher":{"@id":"https:\/\/www.icahd.fi\/#organization"},"image":{"@id":"https:\/\/www.icahd.fi\/en\/norja-poisti-verohelpotukset-israelin-siirtokuntia-tukevilta-jarjestoilta\/#primaryimage"},"thumbnailUrl":"http:\/\/maailma.net\/sites\/maailma.net\/files\/images\/Palestina.img_assist_custom-250x188.jpg","articleSection":["Uutiset"],"inLanguage":"en-GB","potentialAction":[{"@type":"CommentAction","name":"Comment","target":["https:\/\/www.icahd.fi\/en\/norja-poisti-verohelpotukset-israelin-siirtokuntia-tukevilta-jarjestoilta\/#respond"]}]},{"@type":"WebPage","@id":"https:\/\/www.icahd.fi\/en\/norja-poisti-verohelpotukset-israelin-siirtokuntia-tukevilta-jarjestoilta\/","url":"https:\/\/www.icahd.fi\/en\/norja-poisti-verohelpotukset-israelin-siirtokuntia-tukevilta-jarjestoilta\/","name":"Norja poisti verohelpotukset Israelin siirtokuntia tukevilta j\u00e4rjest\u00f6ilt\u00e4 - ICAHD Finland","isPartOf":{"@id":"https:\/\/www.icahd.fi\/#website"},"primaryImageOfPage":{"@id":"https:\/\/www.icahd.fi\/en\/norja-poisti-verohelpotukset-israelin-siirtokuntia-tukevilta-jarjestoilta\/#primaryimage"},"image":{"@id":"https:\/\/www.icahd.fi\/en\/norja-poisti-verohelpotukset-israelin-siirtokuntia-tukevilta-jarjestoilta\/#primaryimage"},"thumbnailUrl":"http:\/\/maailma.net\/sites\/maailma.net\/files\/images\/Palestina.img_assist_custom-250x188.jpg","datePublished":"2012-09-25T11:08:35+00:00","breadcrumb":{"@id":"https:\/\/www.icahd.fi\/en\/norja-poisti-verohelpotukset-israelin-siirtokuntia-tukevilta-jarjestoilta\/#breadcrumb"},"inLanguage":"en-GB","potentialAction":[{"@type":"ReadAction","target":["https:\/\/www.icahd.fi\/en\/norja-poisti-verohelpotukset-israelin-siirtokuntia-tukevilta-jarjestoilta\/"]}]},{"@type":"ImageObject","inLanguage":"en-GB","@id":"https:\/\/www.icahd.fi\/en\/norja-poisti-verohelpotukset-israelin-siirtokuntia-tukevilta-jarjestoilta\/#primaryimage","url":"http:\/\/maailma.net\/sites\/maailma.net\/files\/images\/Palestina.img_assist_custom-250x188.jpg","contentUrl":"http:\/\/maailma.net\/sites\/maailma.net\/files\/images\/Palestina.img_assist_custom-250x188.jpg"},{"@type":"BreadcrumbList","@id":"https:\/\/www.icahd.fi\/en\/norja-poisti-verohelpotukset-israelin-siirtokuntia-tukevilta-jarjestoilta\/#breadcrumb","itemListElement":[{"@type":"ListItem","position":1,"name":"Home","item":"https:\/\/www.icahd.fi\/"},{"@type":"ListItem","position":2,"name":"Norja poisti verohelpotukset Israelin siirtokuntia tukevilta j\u00e4rjest\u00f6ilt\u00e4"}]},{"@type":"WebSite","@id":"https:\/\/www.icahd.fi\/#website","url":"https:\/\/www.icahd.fi\/","name":"In 2012, ICAHD Finland","description":"Yht&auml;l&auml;isten oikeuksien puolesta, Israelin apartheidia vastaan","publisher":{"@id":"https:\/\/www.icahd.fi\/#organization"},"potentialAction":[{"@type":"SearchAction","target":{"@type":"EntryPoint","urlTemplate":"https:\/\/www.icahd.fi\/?s={search_term_string}"},"query-input":{"@type":"PropertyValueSpecification","valueRequired":true,"valueName":"search_term_string"}}],"inLanguage":"en-GB"},{"@type":"Organization","@id":"https:\/\/www.icahd.fi\/#organization","name":"In 2012, ICAHD Finland","url":"https:\/\/www.icahd.fi\/","logo":{"@type":"ImageObject","inLanguage":"en-GB","@id":"https:\/\/www.icahd.fi\/#\/schema\/logo\/image\/","url":"https:\/\/www.icahd.fi\/wp-content\/uploads\/2020\/01\/logo-teksti.png","contentUrl":"https:\/\/www.icahd.fi\/wp-content\/uploads\/2020\/01\/logo-teksti.png","width":300,"height":109,"caption":"ICAHD Finland"},"image":{"@id":"https:\/\/www.icahd.fi\/#\/schema\/logo\/image\/"},"sameAs":["https:\/\/www.facebook.com\/icahdfinland","https:\/\/x.com\/icahdfinland"]},{"@type":"Person","@id":"https:\/\/www.icahd.fi\/#\/schema\/person\/1c69d30d135114d7a3a5d5454cf901f8","name":"Syksy","image":{"@type":"ImageObject","inLanguage":"en-GB","@id":"https:\/\/secure.gravatar.com\/avatar\/c8d8a8636968d9ebbc65828564da9c07ccf771e59b4ee6c4c57fde52c70ab3dc?s=96&d=mm&r=g","url":"https:\/\/secure.gravatar.com\/avatar\/c8d8a8636968d9ebbc65828564da9c07ccf771e59b4ee6c4c57fde52c70ab3dc?s=96&d=mm&r=g","contentUrl":"https:\/\/secure.gravatar.com\/avatar\/c8d8a8636968d9ebbc65828564da9c07ccf771e59b4ee6c4c57fde52c70ab3dc?s=96&d=mm&r=g","caption":"Syksy"}}]}},"acf":[],"_links":{"self":[{"href":"https:\/\/www.icahd.fi\/en\/wp-json\/wp\/v2\/posts\/3475","targetHints":{"allow":["GET"]}}],"collection":[{"href":"https:\/\/www.icahd.fi\/en\/wp-json\/wp\/v2\/posts"}],"about":[{"href":"https:\/\/www.icahd.fi\/en\/wp-json\/wp\/v2\/types\/post"}],"author":[{"embeddable":true,"href":"https:\/\/www.icahd.fi\/en\/wp-json\/wp\/v2\/users\/9"}],"replies":[{"embeddable":true,"href":"https:\/\/www.icahd.fi\/en\/wp-json\/wp\/v2\/comments?post=3475"}],"version-history":[{"count":0,"href":"https:\/\/www.icahd.fi\/en\/wp-json\/wp\/v2\/posts\/3475\/revisions"}],"wp:attachment":[{"href":"https:\/\/www.icahd.fi\/en\/wp-json\/wp\/v2\/media?parent=3475"}],"wp:term":[{"taxonomy":"category","embeddable":true,"href":"https:\/\/www.icahd.fi\/en\/wp-json\/wp\/v2\/categories?post=3475"},{"taxonomy":"post_tag","embeddable":true,"href":"https:\/\/www.icahd.fi\/en\/wp-json\/wp\/v2\/tags?post=3475"}],"curies":[{"name":"wp","href":"https:\/\/api.w.org\/{rel}","templated":true}]}}