{"id":249,"date":"2012-11-20T14:09:49","date_gmt":"2012-11-20T12:09:49","guid":{"rendered":"http:\/\/www.jannenurmi.fi\/icahd\/?p=249"},"modified":"2012-11-20T14:09:49","modified_gmt":"2012-11-20T12:09:49","slug":"icahd-finlandin-syksy-rasasen-puhe-gaza-mielenosoituksessa-kiasman-edessa-20-11-2012","status":"publish","type":"post","link":"https:\/\/www.icahd.fi\/en\/icahd-finlandin-syksy-rasasen-puhe-gaza-mielenosoituksessa-kiasman-edessa-20-11-2012\/","title":{"rendered":"ICAHD Finlandin Syksy R\u00e4s\u00e4sen puhe Gaza-mielenosoituksessa Kiasman edess\u00e4 (20.11.2012)"},"content":{"rendered":"<p>Olen Syksy R\u00e4s\u00e4nen israelilaisen j\u00e4rjest\u00f6n Israeli Committee Against House<br \/>\nDemolitions Suomen haaran hallituksesta. J\u00e4rjest\u00f6mme vastustaa Israelin<br \/>\nmiehityst\u00e4 ja apartheidia. Haluaisin sanoa kahdesta asiasta: mik\u00e4 on<br \/>\nIsraelin hy\u00f6kk\u00e4yksen merkitys ja mik\u00e4 on t\u00e4m\u00e4n mielenosoituksen merkitys.<\/p>\n<p>Viime perjantaina EU antoi vihre\u00e4n valon Israelin hy\u00f6kk\u00e4ykselle sanoen,<br \/>\nett\u00e4 Israelilla on oikeus puolustaa itse\u00e4\u00e4n. T\u00e4n\u00e4\u00e4n EU:lta on tullut uusi<br \/>\nlausunto, nyt EU vaatii v\u00e4kivallan v\u00e4lit\u00f6nt\u00e4 lopettamista. EU kuitenkin<br \/>\nviel\u00e4 syytt\u00e4\u00e4 kriisin aloittamisesta Hamasia ja sen rakettien ampumista.<\/p>\n<p>Itse asiassa tilanne oli k\u00e4rjistynyt viime viikkojen aikana, mutta oli<br \/>\nsaatu aikaan tulitauko, jonka Israel rikkoi murhaamalla Ahmad al-Jabarin,<br \/>\nmiehen joka oli vastuussa tulitauon yll\u00e4pit\u00e4misest\u00e4 Gazassa. T\u00e4st\u00e4 seurasi<br \/>\nrakettitulitusta ja kiihtynytt\u00e4 v\u00e4kivaltaa.<\/p>\n<p>Mutta kyse ei ole vain siit\u00e4 kuka aloitti t\u00e4m\u00e4nhetkisen piikin<br \/>\nv\u00e4kivallassa: v\u00e4kivalta on jatkuvaa. Ennen Israelin hy\u00f6kk\u00e4yst\u00e4 t\u00e4n\u00e4 vuonna<br \/>\nIsraelissa oli haavoittunut 19 ihmist\u00e4 Gazasta ammutuissa<br \/>\nraketti-iskuissa, kuolonuhreja ei ollut. Samana aikana Israelin iskuissa<br \/>\nGazaan oli kuollut 71 ihmist\u00e4 ja haavoittunut 291. Israelin v\u00e4kivalta<br \/>\njatkuu koko ajan: Israelin armeija ampuu Gazan sis\u00e4ll\u00e4 l\u00e4hell\u00e4 rajaa<br \/>\nolevia palestiinalaisia ja Gazan vesill\u00e4 ty\u00f6skentelevi\u00e4 kalastajia<br \/>\np\u00e4ivitt\u00e4in.<\/p>\n<p>Kun aikaan saadaan tulitauko, Israel useimmiten rikkoo sen. Niin tapahtui<br \/>\nnytkin, ja se johti lis\u00e4\u00e4ntyneeseen rakettituleen Israeliin. Ei siis voida<br \/>\nsanoa, ett\u00e4 Israelin tavoitteena olisi rakettitulen lopettaminen, koska<br \/>\nv\u00e4kivallan v\u00e4hent\u00e4minen olisi parempi tapa p\u00e4\u00e4st\u00e4 siihen tavoitteeseen<br \/>\nkuin v\u00e4kivallan lis\u00e4\u00e4minen.<\/p>\n<p>Paremman k\u00e4sityksen Israelin tavoitteista antoi Israelin liikenneministeri<br \/>\nIsrael Katz, joka sanoi, ett\u00e4 Gazasta pit\u00e4isi katkaista s\u00e4hk\u00f6 ja vesi ja<br \/>\nsit\u00e4 pit\u00e4isi pommittaa niin paljon, ett\u00e4 Gazan asukkaat pakenisivat<br \/>\nEgyptiin. Hy\u00f6kk\u00e4ykset ovat osa Israelin politiikkaa, jonka tarkoituksena<br \/>\np\u00e4\u00e4st\u00e4 eroon palestiinalaisista. Israel tuhoaa miehitetyll\u00e4 L\u00e4nsirannalla<br \/>\nsatoja rakennuksia vuosittain ajaaksen palestiinalaisia pois, vaikka<br \/>\nsielt\u00e4 ei ammuta raketteja. Hy\u00f6kk\u00e4ykset ovat osa sotilasmiehityksen<br \/>\nyll\u00e4pit\u00e4mist\u00e4, eiv\u00e4t puolustusta.<\/p>\n<p>Hieman t\u00e4m\u00e4n mielenosoituksen merkityksest\u00e4. Israel ja sen tukijat ovat<br \/>\nkuvailleet iskujaan hillityiksi ja t\u00e4sm\u00e4llisiksi. T\u00e4m\u00e4 on irvokasta: jos<br \/>\npalestiinalaiset taistelijat tappaisivat yli 100 israelilaista ja<br \/>\nhaavoittaisivat yli 800:aa, joista suurin osa siviilej\u00e4, ja tuhoaisivat<br \/>\nyli 200 rakennusta Israelissa, kukaan ei puhuisi kohtuullisuudesta ja<br \/>\nhillinn\u00e4st\u00e4. On kuitenkin totta, ett\u00e4 Israelin v\u00e4kivalta on ollut<br \/>\nerilaista kuin edellisen massiivisen Gazan hy\u00f6kk\u00e4yksen aikana. Vuoden<br \/>\n2008-2009 hy\u00f6kk\u00e4yksess\u00e4 Israel tappoi ensimm\u00e4isen\u00e4 p\u00e4iv\u00e4n\u00e4 200-300 ihmist\u00e4<br \/>\npommituksissa, joiden kohdentaminen takasi sen, ett\u00e4 monet siviilit<br \/>\nkuolevat. T\u00e4ll\u00e4 kertaa v\u00e4kivalta on ollut v\u00e4hemm\u00e4n \u00e4\u00e4rimm\u00e4ist\u00e4, ja ansio<br \/>\nsiit\u00e4 kuuluu meille, jotka olemme osoittaneet mielt\u00e4mme, tulleet<br \/>\nmielenosoituksiin, kirjoittaneet kirjeit\u00e4, protestoineet.<\/p>\n<p>Israelin hallitus on hyvin huolissaan julkisesta kuvastaan. T\u00e4m\u00e4 n\u00e4kyy<br \/>\nselv\u00e4sti jo siin\u00e4, miten paljon rahaa ja vaivaa hallitus laittaa<br \/>\nlehdist\u00f6ty\u00f6h\u00f6n ja imagokampanjoihin. Kun Syyrian diktatuuri tappaa<br \/>\njoukoittain ihmisi\u00e4, se ei panosta massiiviseen propagandaan tapahtumien<br \/>\nesitt\u00e4miseksi parhain p\u00e4in ulkomailla. Syyn\u00e4 on se, ett\u00e4 Syyrian hallinnon<br \/>\nvalta ei ole kiinni Yhdysvaltojen ja EU:n tuesta, mutta Israelin<br \/>\nmiehityksen ja apartheidin jatkuminen on.<\/p>\n<p>Mielenosoituksissa ei ole kyse vain t\u00e4m\u00e4nhetkisen hy\u00f6kk\u00e4yksen<br \/>\nlopettamisesta. Israelissa on jo valitettu, ett\u00e4 armeija on liian<br \/>\nrajoittunut toimissaan. N\u00e4m\u00e4 rajoitukset johtuvat kansainv\u00e4lisest\u00e4<br \/>\npaineesta: mielenosoituksilla on merkityst\u00e4.<\/p>\n<p>Suomikin on osallinen. Suomi tukee Israelin aseteollisuutta asekaupoilla.<br \/>\nSuomi tekee kauppoja aseyritysten kanssa, jotka testaavat aseita<br \/>\nhy\u00f6kk\u00e4yksill\u00e4 Gazaan. Ollessaan oppositiossa Erkki Tuomioja sanoi, ett\u00e4<br \/>\nasekauppa Israelin kanssa pit\u00e4isi lopettaa, mutta nyt kun h\u00e4n on<br \/>\nulkoministeri, kaupat ovat jatkuneet, viimeksi t\u00e4n\u00e4 kev\u00e4\u00e4n\u00e4, eik\u00e4<br \/>\nulkoministeri\u00f6st\u00e4 ole kuulunut mit\u00e4\u00e4n. Erkki Tuomiojan on aika<br \/>\nhallituksessa ollessaan tehd\u00e4 se, mit\u00e4 h\u00e4n oppositiossa vaati. Suomen ja<br \/>\nIsraelin v\u00e4lisen asekaupan on loputtava.<\/p>","protected":false},"excerpt":{"rendered":"<p>Olen Syksy R\u00e4s\u00e4nen israelilaisen j\u00e4rjest\u00f6n Israeli Committee Against House Demolitions Suomen haaran hallituksesta. J\u00e4rjest\u00f6mme vastustaa Israelin miehityst\u00e4 ja apartheidia. Haluaisin sanoa kahdesta asiasta: mik\u00e4 on Israelin hy\u00f6kk\u00e4yksen merkitys ja mik\u00e4 on t\u00e4m\u00e4n mielenosoituksen merkitys. Viime perjantaina EU antoi vihre\u00e4n valon Israelin hy\u00f6kk\u00e4ykselle sanoen, ett\u00e4 Israelilla on oikeus puolustaa itse\u00e4\u00e4n. T\u00e4n\u00e4\u00e4n EU:lta on tullut uusi lausunto, [&hellip;]<\/p>\n","protected":false},"author":9,"featured_media":0,"comment_status":"open","ping_status":"open","sticky":false,"template":"","format":"standard","meta":{"zakra_page_container_layout":"customizer","zakra_page_sidebar_layout":"customizer","zakra_remove_content_margin":false,"zakra_sidebar":"customizer","zakra_transparent_header":"customizer","zakra_logo":0,"zakra_main_header_style":"default","zakra_menu_item_color":"","zakra_menu_item_hover_color":"","zakra_menu_item_active_color":"","zakra_menu_active_style":"","zakra_page_header":true,"footnotes":""},"categories":[25],"tags":[],"class_list":["post-249","post","type-post","status-publish","format-standard","hentry","category-muut-toimijat"],"yoast_head":"<!-- This site is optimized with the Yoast SEO plugin v27.5 - https:\/\/yoast.com\/product\/yoast-seo-wordpress\/ -->\n<title>ICAHD Finlandin Syksy R\u00e4s\u00e4sen puhe Gaza-mielenosoituksessa Kiasman edess\u00e4 (20.11.2012) - ICAHD Finland<\/title>\n<meta name=\"robots\" content=\"index, follow, max-snippet:-1, max-image-preview:large, max-video-preview:-1\" \/>\n<link rel=\"canonical\" href=\"https:\/\/www.icahd.fi\/en\/icahd-finlandin-syksy-rasasen-puhe-gaza-mielenosoituksessa-kiasman-edessa-20-11-2012\/\" \/>\n<meta property=\"og:locale\" content=\"en_GB\" \/>\n<meta property=\"og:type\" content=\"article\" \/>\n<meta property=\"og:title\" content=\"ICAHD Finlandin Syksy R\u00e4s\u00e4sen puhe Gaza-mielenosoituksessa Kiasman edess\u00e4 (20.11.2012) - ICAHD Finland\" \/>\n<meta property=\"og:description\" content=\"Olen Syksy R\u00e4s\u00e4nen israelilaisen j\u00e4rjest\u00f6n Israeli Committee Against House Demolitions Suomen haaran hallituksesta. J\u00e4rjest\u00f6mme vastustaa Israelin miehityst\u00e4 ja apartheidia. Haluaisin sanoa kahdesta asiasta: mik\u00e4 on Israelin hy\u00f6kk\u00e4yksen merkitys ja mik\u00e4 on t\u00e4m\u00e4n mielenosoituksen merkitys. Viime perjantaina EU antoi vihre\u00e4n valon Israelin hy\u00f6kk\u00e4ykselle sanoen, ett\u00e4 Israelilla on oikeus puolustaa itse\u00e4\u00e4n. T\u00e4n\u00e4\u00e4n EU:lta on tullut uusi lausunto, [&hellip;]\" \/>\n<meta property=\"og:url\" content=\"https:\/\/www.icahd.fi\/en\/icahd-finlandin-syksy-rasasen-puhe-gaza-mielenosoituksessa-kiasman-edessa-20-11-2012\/\" \/>\n<meta property=\"og:site_name\" content=\"ICAHD Finland\" \/>\n<meta property=\"article:publisher\" content=\"https:\/\/www.facebook.com\/icahdfinland\" \/>\n<meta property=\"article:published_time\" content=\"2012-11-20T12:09:49+00:00\" \/>\n<meta property=\"og:image\" content=\"https:\/\/www.icahd.fi\/wp-content\/uploads\/2020\/01\/logo-teksti.png\" \/>\n\t<meta property=\"og:image:width\" content=\"300\" \/>\n\t<meta property=\"og:image:height\" content=\"109\" \/>\n\t<meta property=\"og:image:type\" content=\"image\/png\" \/>\n<meta name=\"author\" content=\"Syksy\" \/>\n<meta name=\"twitter:card\" content=\"summary_large_image\" \/>\n<meta name=\"twitter:creator\" content=\"@icahdfinland\" \/>\n<meta name=\"twitter:site\" content=\"@icahdfinland\" \/>\n<meta name=\"twitter:label1\" content=\"Written by\" \/>\n\t<meta name=\"twitter:data1\" content=\"Syksy\" \/>\n\t<meta name=\"twitter:label2\" content=\"Estimated reading time\" \/>\n\t<meta name=\"twitter:data2\" content=\"3 minutes\" \/>\n<script type=\"application\/ld+json\" class=\"yoast-schema-graph\">{\"@context\":\"https:\\\/\\\/schema.org\",\"@graph\":[{\"@type\":\"Article\",\"@id\":\"https:\\\/\\\/www.icahd.fi\\\/en\\\/icahd-finlandin-syksy-rasasen-puhe-gaza-mielenosoituksessa-kiasman-edessa-20-11-2012\\\/#article\",\"isPartOf\":{\"@id\":\"https:\\\/\\\/www.icahd.fi\\\/en\\\/icahd-finlandin-syksy-rasasen-puhe-gaza-mielenosoituksessa-kiasman-edessa-20-11-2012\\\/\"},\"author\":{\"name\":\"Syksy\",\"@id\":\"https:\\\/\\\/www.icahd.fi\\\/#\\\/schema\\\/person\\\/1c69d30d135114d7a3a5d5454cf901f8\"},\"headline\":\"ICAHD Finlandin Syksy R\u00e4s\u00e4sen puhe Gaza-mielenosoituksessa Kiasman edess\u00e4 (20.11.2012)\",\"datePublished\":\"2012-11-20T12:09:49+00:00\",\"mainEntityOfPage\":{\"@id\":\"https:\\\/\\\/www.icahd.fi\\\/en\\\/icahd-finlandin-syksy-rasasen-puhe-gaza-mielenosoituksessa-kiasman-edessa-20-11-2012\\\/\"},\"wordCount\":622,\"commentCount\":0,\"publisher\":{\"@id\":\"https:\\\/\\\/www.icahd.fi\\\/#organization\"},\"articleSection\":[\"Muut toimijat\"],\"inLanguage\":\"en-GB\",\"potentialAction\":[{\"@type\":\"CommentAction\",\"name\":\"Comment\",\"target\":[\"https:\\\/\\\/www.icahd.fi\\\/en\\\/icahd-finlandin-syksy-rasasen-puhe-gaza-mielenosoituksessa-kiasman-edessa-20-11-2012\\\/#respond\"]}]},{\"@type\":\"WebPage\",\"@id\":\"https:\\\/\\\/www.icahd.fi\\\/en\\\/icahd-finlandin-syksy-rasasen-puhe-gaza-mielenosoituksessa-kiasman-edessa-20-11-2012\\\/\",\"url\":\"https:\\\/\\\/www.icahd.fi\\\/en\\\/icahd-finlandin-syksy-rasasen-puhe-gaza-mielenosoituksessa-kiasman-edessa-20-11-2012\\\/\",\"name\":\"ICAHD Finlandin Syksy R\u00e4s\u00e4sen puhe Gaza-mielenosoituksessa Kiasman edess\u00e4 (20.11.2012) - ICAHD Finland\",\"isPartOf\":{\"@id\":\"https:\\\/\\\/www.icahd.fi\\\/#website\"},\"datePublished\":\"2012-11-20T12:09:49+00:00\",\"breadcrumb\":{\"@id\":\"https:\\\/\\\/www.icahd.fi\\\/en\\\/icahd-finlandin-syksy-rasasen-puhe-gaza-mielenosoituksessa-kiasman-edessa-20-11-2012\\\/#breadcrumb\"},\"inLanguage\":\"en-GB\",\"potentialAction\":[{\"@type\":\"ReadAction\",\"target\":[\"https:\\\/\\\/www.icahd.fi\\\/en\\\/icahd-finlandin-syksy-rasasen-puhe-gaza-mielenosoituksessa-kiasman-edessa-20-11-2012\\\/\"]}]},{\"@type\":\"BreadcrumbList\",\"@id\":\"https:\\\/\\\/www.icahd.fi\\\/en\\\/icahd-finlandin-syksy-rasasen-puhe-gaza-mielenosoituksessa-kiasman-edessa-20-11-2012\\\/#breadcrumb\",\"itemListElement\":[{\"@type\":\"ListItem\",\"position\":1,\"name\":\"Home\",\"item\":\"https:\\\/\\\/www.icahd.fi\\\/\"},{\"@type\":\"ListItem\",\"position\":2,\"name\":\"ICAHD Finlandin Syksy R\u00e4s\u00e4sen puhe Gaza-mielenosoituksessa Kiasman edess\u00e4 (20.11.2012)\"}]},{\"@type\":\"WebSite\",\"@id\":\"https:\\\/\\\/www.icahd.fi\\\/#website\",\"url\":\"https:\\\/\\\/www.icahd.fi\\\/\",\"name\":\"ICAHD Finland\",\"description\":\"Yht&auml;l&auml;isten oikeuksien puolesta, Israelin apartheidia vastaan\",\"publisher\":{\"@id\":\"https:\\\/\\\/www.icahd.fi\\\/#organization\"},\"potentialAction\":[{\"@type\":\"SearchAction\",\"target\":{\"@type\":\"EntryPoint\",\"urlTemplate\":\"https:\\\/\\\/www.icahd.fi\\\/?s={search_term_string}\"},\"query-input\":{\"@type\":\"PropertyValueSpecification\",\"valueRequired\":true,\"valueName\":\"search_term_string\"}}],\"inLanguage\":\"en-GB\"},{\"@type\":\"Organization\",\"@id\":\"https:\\\/\\\/www.icahd.fi\\\/#organization\",\"name\":\"ICAHD Finland\",\"url\":\"https:\\\/\\\/www.icahd.fi\\\/\",\"logo\":{\"@type\":\"ImageObject\",\"inLanguage\":\"en-GB\",\"@id\":\"https:\\\/\\\/www.icahd.fi\\\/#\\\/schema\\\/logo\\\/image\\\/\",\"url\":\"https:\\\/\\\/www.icahd.fi\\\/wp-content\\\/uploads\\\/2020\\\/01\\\/logo-teksti.png\",\"contentUrl\":\"https:\\\/\\\/www.icahd.fi\\\/wp-content\\\/uploads\\\/2020\\\/01\\\/logo-teksti.png\",\"width\":300,\"height\":109,\"caption\":\"ICAHD Finland\"},\"image\":{\"@id\":\"https:\\\/\\\/www.icahd.fi\\\/#\\\/schema\\\/logo\\\/image\\\/\"},\"sameAs\":[\"https:\\\/\\\/www.facebook.com\\\/icahdfinland\",\"https:\\\/\\\/x.com\\\/icahdfinland\"]},{\"@type\":\"Person\",\"@id\":\"https:\\\/\\\/www.icahd.fi\\\/#\\\/schema\\\/person\\\/1c69d30d135114d7a3a5d5454cf901f8\",\"name\":\"Syksy\",\"image\":{\"@type\":\"ImageObject\",\"inLanguage\":\"en-GB\",\"@id\":\"https:\\\/\\\/secure.gravatar.com\\\/avatar\\\/c8d8a8636968d9ebbc65828564da9c07ccf771e59b4ee6c4c57fde52c70ab3dc?s=96&d=mm&r=g\",\"url\":\"https:\\\/\\\/secure.gravatar.com\\\/avatar\\\/c8d8a8636968d9ebbc65828564da9c07ccf771e59b4ee6c4c57fde52c70ab3dc?s=96&d=mm&r=g\",\"contentUrl\":\"https:\\\/\\\/secure.gravatar.com\\\/avatar\\\/c8d8a8636968d9ebbc65828564da9c07ccf771e59b4ee6c4c57fde52c70ab3dc?s=96&d=mm&r=g\",\"caption\":\"Syksy\"}}]}<\/script>\n<!-- \/ Yoast SEO plugin. -->","yoast_head_json":{"title":"ICAHD Finlandin Syksy R\u00e4s\u00e4sen puhe Gaza-mielenosoituksessa Kiasman edess\u00e4 (20.11.2012) - ICAHD Finland","robots":{"index":"index","follow":"follow","max-snippet":"max-snippet:-1","max-image-preview":"max-image-preview:large","max-video-preview":"max-video-preview:-1"},"canonical":"https:\/\/www.icahd.fi\/en\/icahd-finlandin-syksy-rasasen-puhe-gaza-mielenosoituksessa-kiasman-edessa-20-11-2012\/","og_locale":"en_GB","og_type":"article","og_title":"ICAHD Finlandin Syksy R\u00e4s\u00e4sen puhe Gaza-mielenosoituksessa Kiasman edess\u00e4 (20.11.2012) - ICAHD Finland","og_description":"Olen Syksy R\u00e4s\u00e4nen israelilaisen j\u00e4rjest\u00f6n Israeli Committee Against House Demolitions Suomen haaran hallituksesta. J\u00e4rjest\u00f6mme vastustaa Israelin miehityst\u00e4 ja apartheidia. Haluaisin sanoa kahdesta asiasta: mik\u00e4 on Israelin hy\u00f6kk\u00e4yksen merkitys ja mik\u00e4 on t\u00e4m\u00e4n mielenosoituksen merkitys. Viime perjantaina EU antoi vihre\u00e4n valon Israelin hy\u00f6kk\u00e4ykselle sanoen, ett\u00e4 Israelilla on oikeus puolustaa itse\u00e4\u00e4n. T\u00e4n\u00e4\u00e4n EU:lta on tullut uusi lausunto, [&hellip;]","og_url":"https:\/\/www.icahd.fi\/en\/icahd-finlandin-syksy-rasasen-puhe-gaza-mielenosoituksessa-kiasman-edessa-20-11-2012\/","og_site_name":"ICAHD Finland","article_publisher":"https:\/\/www.facebook.com\/icahdfinland","article_published_time":"2012-11-20T12:09:49+00:00","og_image":[{"width":300,"height":109,"url":"https:\/\/www.icahd.fi\/wp-content\/uploads\/2020\/01\/logo-teksti.png","type":"image\/png"}],"author":"Syksy","twitter_card":"summary_large_image","twitter_creator":"@icahdfinland","twitter_site":"@icahdfinland","twitter_misc":{"Written by":"Syksy","Estimated reading time":"3 minutes"},"schema":{"@context":"https:\/\/schema.org","@graph":[{"@type":"Article","@id":"https:\/\/www.icahd.fi\/en\/icahd-finlandin-syksy-rasasen-puhe-gaza-mielenosoituksessa-kiasman-edessa-20-11-2012\/#article","isPartOf":{"@id":"https:\/\/www.icahd.fi\/en\/icahd-finlandin-syksy-rasasen-puhe-gaza-mielenosoituksessa-kiasman-edessa-20-11-2012\/"},"author":{"name":"Syksy","@id":"https:\/\/www.icahd.fi\/#\/schema\/person\/1c69d30d135114d7a3a5d5454cf901f8"},"headline":"ICAHD Finlandin Syksy R\u00e4s\u00e4sen puhe Gaza-mielenosoituksessa Kiasman edess\u00e4 (20.11.2012)","datePublished":"2012-11-20T12:09:49+00:00","mainEntityOfPage":{"@id":"https:\/\/www.icahd.fi\/en\/icahd-finlandin-syksy-rasasen-puhe-gaza-mielenosoituksessa-kiasman-edessa-20-11-2012\/"},"wordCount":622,"commentCount":0,"publisher":{"@id":"https:\/\/www.icahd.fi\/#organization"},"articleSection":["Muut toimijat"],"inLanguage":"en-GB","potentialAction":[{"@type":"CommentAction","name":"Comment","target":["https:\/\/www.icahd.fi\/en\/icahd-finlandin-syksy-rasasen-puhe-gaza-mielenosoituksessa-kiasman-edessa-20-11-2012\/#respond"]}]},{"@type":"WebPage","@id":"https:\/\/www.icahd.fi\/en\/icahd-finlandin-syksy-rasasen-puhe-gaza-mielenosoituksessa-kiasman-edessa-20-11-2012\/","url":"https:\/\/www.icahd.fi\/en\/icahd-finlandin-syksy-rasasen-puhe-gaza-mielenosoituksessa-kiasman-edessa-20-11-2012\/","name":"ICAHD Finlandin Syksy R\u00e4s\u00e4sen puhe Gaza-mielenosoituksessa Kiasman edess\u00e4 (20.11.2012) - ICAHD Finland","isPartOf":{"@id":"https:\/\/www.icahd.fi\/#website"},"datePublished":"2012-11-20T12:09:49+00:00","breadcrumb":{"@id":"https:\/\/www.icahd.fi\/en\/icahd-finlandin-syksy-rasasen-puhe-gaza-mielenosoituksessa-kiasman-edessa-20-11-2012\/#breadcrumb"},"inLanguage":"en-GB","potentialAction":[{"@type":"ReadAction","target":["https:\/\/www.icahd.fi\/en\/icahd-finlandin-syksy-rasasen-puhe-gaza-mielenosoituksessa-kiasman-edessa-20-11-2012\/"]}]},{"@type":"BreadcrumbList","@id":"https:\/\/www.icahd.fi\/en\/icahd-finlandin-syksy-rasasen-puhe-gaza-mielenosoituksessa-kiasman-edessa-20-11-2012\/#breadcrumb","itemListElement":[{"@type":"ListItem","position":1,"name":"Home","item":"https:\/\/www.icahd.fi\/"},{"@type":"ListItem","position":2,"name":"ICAHD Finlandin Syksy R\u00e4s\u00e4sen puhe Gaza-mielenosoituksessa Kiasman edess\u00e4 (20.11.2012)"}]},{"@type":"WebSite","@id":"https:\/\/www.icahd.fi\/#website","url":"https:\/\/www.icahd.fi\/","name":"In 2012, ICAHD Finland","description":"Yht&auml;l&auml;isten oikeuksien puolesta, Israelin apartheidia vastaan","publisher":{"@id":"https:\/\/www.icahd.fi\/#organization"},"potentialAction":[{"@type":"SearchAction","target":{"@type":"EntryPoint","urlTemplate":"https:\/\/www.icahd.fi\/?s={search_term_string}"},"query-input":{"@type":"PropertyValueSpecification","valueRequired":true,"valueName":"search_term_string"}}],"inLanguage":"en-GB"},{"@type":"Organization","@id":"https:\/\/www.icahd.fi\/#organization","name":"In 2012, ICAHD Finland","url":"https:\/\/www.icahd.fi\/","logo":{"@type":"ImageObject","inLanguage":"en-GB","@id":"https:\/\/www.icahd.fi\/#\/schema\/logo\/image\/","url":"https:\/\/www.icahd.fi\/wp-content\/uploads\/2020\/01\/logo-teksti.png","contentUrl":"https:\/\/www.icahd.fi\/wp-content\/uploads\/2020\/01\/logo-teksti.png","width":300,"height":109,"caption":"ICAHD Finland"},"image":{"@id":"https:\/\/www.icahd.fi\/#\/schema\/logo\/image\/"},"sameAs":["https:\/\/www.facebook.com\/icahdfinland","https:\/\/x.com\/icahdfinland"]},{"@type":"Person","@id":"https:\/\/www.icahd.fi\/#\/schema\/person\/1c69d30d135114d7a3a5d5454cf901f8","name":"Syksy","image":{"@type":"ImageObject","inLanguage":"en-GB","@id":"https:\/\/secure.gravatar.com\/avatar\/c8d8a8636968d9ebbc65828564da9c07ccf771e59b4ee6c4c57fde52c70ab3dc?s=96&d=mm&r=g","url":"https:\/\/secure.gravatar.com\/avatar\/c8d8a8636968d9ebbc65828564da9c07ccf771e59b4ee6c4c57fde52c70ab3dc?s=96&d=mm&r=g","contentUrl":"https:\/\/secure.gravatar.com\/avatar\/c8d8a8636968d9ebbc65828564da9c07ccf771e59b4ee6c4c57fde52c70ab3dc?s=96&d=mm&r=g","caption":"Syksy"}}]}},"acf":[],"_links":{"self":[{"href":"https:\/\/www.icahd.fi\/en\/wp-json\/wp\/v2\/posts\/249","targetHints":{"allow":["GET"]}}],"collection":[{"href":"https:\/\/www.icahd.fi\/en\/wp-json\/wp\/v2\/posts"}],"about":[{"href":"https:\/\/www.icahd.fi\/en\/wp-json\/wp\/v2\/types\/post"}],"author":[{"embeddable":true,"href":"https:\/\/www.icahd.fi\/en\/wp-json\/wp\/v2\/users\/9"}],"replies":[{"embeddable":true,"href":"https:\/\/www.icahd.fi\/en\/wp-json\/wp\/v2\/comments?post=249"}],"version-history":[{"count":0,"href":"https:\/\/www.icahd.fi\/en\/wp-json\/wp\/v2\/posts\/249\/revisions"}],"wp:attachment":[{"href":"https:\/\/www.icahd.fi\/en\/wp-json\/wp\/v2\/media?parent=249"}],"wp:term":[{"taxonomy":"category","embeddable":true,"href":"https:\/\/www.icahd.fi\/en\/wp-json\/wp\/v2\/categories?post=249"},{"taxonomy":"post_tag","embeddable":true,"href":"https:\/\/www.icahd.fi\/en\/wp-json\/wp\/v2\/tags?post=249"}],"curies":[{"name":"wp","href":"https:\/\/api.w.org\/{rel}","templated":true}]}}