{"id":2449,"date":"2011-07-13T10:19:27","date_gmt":"2011-07-13T07:19:27","guid":{"rendered":"http:\/\/icahd.fi\/?p=2449"},"modified":"2011-07-13T10:19:27","modified_gmt":"2011-07-13T07:19:27","slug":"jalleenrakennus-alkakoon-vihrea-lanka-july-11th-2011","status":"publish","type":"post","link":"https:\/\/www.icahd.fi\/en\/jalleenrakennus-alkakoon-vihrea-lanka-july-11th-2011\/","title":{"rendered":"J\u00e4lleenrakennus alkakoon! (Vihre\u00e4 Lanka July 11th 2011)"},"content":{"rendered":"<p><!-- style only: { width: 420px; } --><\/p>\n<div><a href=\"https:\/\/www.icahd.fi\/en\/?p=2449&amp;lang=fi\"><img decoding=\"async\" src=\"http:\/\/www.vihrealanka.fi\/files\/lanka\/imagecache\/juttukuva\/images\/imagefield\/palestiina.jpg\" alt=\"\" \/><\/a><\/div>\n<div>\n<p><em>Poliittisia taloja. Vihre\u00e4n Langan toimitusharjoittelija osallistuu hein\u00e4kuussa j\u00e4lleenrakennusleirille Palestiinassa ja raportoi leirin tapahtumista kerran viikossa.<\/em><\/p>\n<\/div>\n<p><!--more-->Jerusalemin kadut hohkavat keskip\u00e4iv\u00e4n kuumuutta, falafelkauppiaat ahkeroivat kojuissaan ja turistit pakoilevat polttavaa aurinkoa kamerat kaulassaan. On sunnuntai, uuden ty\u00f6viikon alku Israelissa.<\/p>\n<p>Jotain uutta  on alkamassa my\u00f6s kaupungin ydinkeskustan toimistorakennuksessa, jossa  Israeli Committee Against House Demolitions, ICAHD, pit\u00e4\u00e4 majaansa.<\/p>\n<p>Eri  puolilta maailmaa tiens\u00e4 Jerusalemiin tehneet matkalaiset kipuavat  yksitellen ICAHDIN toisessa kerroksessa sijaitsevaan toimistoon,  heitt\u00e4v\u00e4t painavat rinkkansa sel\u00e4st\u00e4\u00e4n ja istuvat odottamaan.  Vuosittain vuodesta 2003 j\u00e4rjestetty j\u00e4lleenrakennusleiri alkaa pian.<\/p>\n<p>Israeli Comittee Against House Demolitions on poliittinen  ihmisoikeusjarjest\u00f6, joka toimii Israel-Palestiina-konfliktin parissa.  Nimens\u00e4 mukaisesti se vastustaa talojen tuhoamista.<\/p>\n<p>Kyseess\u00e4 ovat  palestiinalaisten kodit; vuoden 1967 j\u00e4lkeen israelilaishallinto on  systemaattisesti tuhonnut miehitetyilla palestiinalaisalueilla yli 25  000 palestiinalaisasumusta.<\/p>\n<p>Systemaattisuus tarkoittaa t\u00e4ss\u00e4 tapauksessa  sit\u00e4, ettei palestiinalaisille koskaan myonnet\u00e4 rakennuslupia tai lupia  ostaa maata, jolloin ihmiset ovat pakotettuja rakentamaan laittomasti.<\/p>\n<p>Kun he sitten luvattomasti &#8211; perheet kasvavat ja ihmisten on asuttava  jossakin- rakentavat talojaan, ilmestyy israelilaispuskutraktori jonakin  aamuna ulko-ovelle mukanaan ulosottom\u00e4\u00e4r\u00e4ys. ICAHD vastustaa  palestiinalaiskotien tuhoamista vastalauseena koko miehitykselle, joka  itsessaan kansainv\u00e4lisen lain mukaan on laiton.<\/p>\n<p>Vuosittain j\u00e4rjestett\u00e4v\u00e4t j\u00e4lleenrakennusleirit ovat osa ICAHD:in ydintoimintaa. Vapaaehtoiset ymp\u00e4ri maailman ilmoittautuvat leirille. Leirimaksuilla katetaan rakennuskulut ja leirilaisten yll\u00e4pito, ja kaksiviikkoisen leirin aikana pystytet\u00e4\u00e4n koti yhdelle, parhaassa tapauksessa jopa kahdelle palestiinalaisperheelle.<\/p>\n<p>Perustukset ja  s\u00e4hk\u00f6ty\u00f6t hoitavat paikalliset ammattilaiset, jotka myos valvovat  rakennusty\u00f6n edistymist\u00e4. J\u00e4lleenrakennusleiri huipentuu seremoniaan,  jossa valmiin talon avaimet ojennetaan kotia odottaneelle perheelle ja  vapaaehtoiset kantavat huonekalut sis\u00e4\u00e4n.<\/p>\n<p>T\u00e4m\u00e4n kesan leirilla j\u00e4lleenrakennetaan Abu Omarin perheen koti  Anatan kylassa, L\u00e4nsirannalla. Se j\u00e4i israelilaisten puskutraktorin alle  vuonna 2005. Korvaavaa asumusta tai korvauksia tuhotusta kodista ei  koskaan kuulunut, ja siit\u00e4 l\u00e4htien nelj\u00e4toistalapsinen perhe on asunut  naapurinsa piharakennuksessa.<\/p>\n<p>ICAHD:in vapaaehtoisten rakentamaa taloa  siis odotetaan jo kipe\u00e4sti. Rakennusjoukoiksi on saapunut 24  vapaaehtoista ymp\u00e4ri maailman, eri ik\u00e4isi\u00e4 ja erilaisista taustoista  tulevia ihmisi\u00e4.<\/p>\n<p>Matka j\u00e4lleenrakentajaksi ei kuitenkaan ollut  useimmille helppo; melkein kaikki leirille tulleet joutuivat  lentokent\u00e4lle saapuessaan tiukkoihin kuulusteluihin koskien matkansa  tarkoitusta.<\/p>\n<p>Kuulostaa yll\u00e4tt\u00e4v\u00e4lt\u00e4, mutta niinkin rauhanomainen  toiminta kuin palestiinalaistalojen j\u00e4lleenrakennus ei ole  israelilaisviranomaisten silmiss\u00e4 suotavaa.<\/p>\n<p>Vaikka Israelilla ei ole  suvereniteettia L\u00e4nsirantaan tai Gazan kaistaan, k\u00e4ytann\u00f6ss\u00e4 se  kontrolloi kaikkea miehitetyille palestiinalaisalueille suuntautuvaa  liikennett\u00e4, my\u00f6s palestiinalaisia auttamaan tulevia rauhanomaisia  vapaaehtoisia.<\/p>\n<p>My\u00f6s itse jouduin kokemaan israelilaisviranomaisten syynin.  Saapuessani Tel Avivin lentokent\u00e4lle vastassani oli poliisien ja  rajavalvojien suma, joka seuloi saapuvien joukosta ei-toivotut tulijat.<\/p>\n<p>Tiesin, etten p\u00e4\u00e4sisi maahan mik\u00e4li mainitsisin osallistumisestani  j\u00e4lleenrakennusleirille \u2013 siisp\u00e4 kerroin tulevani maahan turistiksi ja  tapaamaan yst\u00e4v\u00e4\u00e4ni.<\/p>\n<p>Yksityiskohtaisten lis\u00e4kuulustelujen j\u00e4lkeen p\u00e4\u00e4sin  kuin p\u00e4\u00e4sinkin ylitt\u00e4m\u00e4\u00e4n rajan \u2013 nimell\u00e4ni googlaamalla ei l\u00f6ytynyt  mit\u00e4\u00e4n kyseenalaista ja kontaktini olivat tarpeeksi uskottavia.<\/p>\n<p>Er\u00e4\u00e4lle  toiselle suomalaisosallistujalle, Johannes Hautaviidalle, k\u00e4vi  huonommin. Vastaavanlaisten lis\u00e4kuulustelujen aikana rajaviranomaiset  huomasivat Hautaviidan nime\u00e4 googlettaessaan h\u00e4nen kuuluvat Israelin  politiikkaa kritisoiviin facebook-ryhmiin.<\/p>\n<p>Se riitti sulkemaan  Hautaviidan s\u00e4iloon 24 tunniksi ja karkottamaan h\u00e4net seuraavalla  lennolla Suomeen. Todenn\u00e4k\u00f6isesti h\u00e4nt\u00e4 odottaa myos kymmenen vuoden  maahantulokielto Israeliin.<\/p>\n<p>My\u00f6s viime kes\u00e4n\u00e4 kaksi ICAHD:in  j\u00e4lleenrakennusleirille osallistuvaa suomalaista karkotettiin maasta, ja  my\u00f6s he saivat kymmenen vuoden maahantulokiellon.<\/p>\n<p>ICAHD on j\u00e4lleenrakentanut noin 165 palestiinalaiskotia, mika  verrattuna 25 000 tuhottuun ei ole merkitt\u00e4v\u00e4 parannus palestiinalaisten  kohtaamaan ep\u00e4oikeudenmukaisuuteen.<\/p>\n<p>Jokainen j\u00e4lleenrakennettu koti on  kuitenkin poliittinen kannanotto, p\u00e4\u00e4t\u00f6s olla hyv\u00e4ksym\u00e4tt\u00e4 Israelin  toimintaa ja osoitus vastarinnan jatkumisesta. ICAHD korostaakin  olevansa poliittinen jarjesto, eik\u00e4 humanitaarinen, sill\u00e4 syyt  palestiinalaisten kodittomuuteen ovat poliittisia.<\/p>\n<p>Jokainen t\u00e4m\u00e4nkin  kes\u00e4n leirille osallistuva vapaaehtoinen tuo tullessaan ulkomaalaisen  silm\u00e4parin todistamaan miehityksen todellisuutta ja vie kertomukset  n\u00e4kem\u00e4st\u00e4\u00e4n kotimaahansa. Puhumattakaan olennaisimmasta: vapaaehtoisten  panoksesta leirin rakentaman talon saavan palestiinalaisperheen  el\u00e4m\u00e4nlaadun parantamiseen.<\/p>\n<p>On aika heittaa rinkat selk\u00e4\u00e4n ja suunnata leirin tukikohtaan. J\u00e4lleenrakennus alkakoon!<\/p>\n<p>Kirjoittaja on Vihre\u00e4n Langan toimitusharjoittelija.<\/p>","protected":false},"excerpt":{"rendered":"<p>Poliittisia taloja. Vihre\u00e4n Langan toimitusharjoittelija osallistuu hein\u00e4kuussa j\u00e4lleenrakennusleirille Palestiinassa ja raportoi leirin tapahtumista kerran viikossa.<\/p>","protected":false},"author":9,"featured_media":0,"comment_status":"open","ping_status":"closed","sticky":false,"template":"","format":"standard","meta":{"zakra_page_container_layout":"customizer","zakra_page_sidebar_layout":"customizer","zakra_remove_content_margin":false,"zakra_sidebar":"customizer","zakra_transparent_header":"customizer","zakra_logo":0,"zakra_main_header_style":"default","zakra_menu_item_color":"","zakra_menu_item_hover_color":"","zakra_menu_item_active_color":"","zakra_menu_active_style":"","zakra_page_header":true,"footnotes":""},"categories":[29],"tags":[],"class_list":["post-2449","post","type-post","status-publish","format-standard","hentry","category-uutiset"],"yoast_head":"<!-- This site is optimized with the Yoast SEO plugin v27.5 - https:\/\/yoast.com\/product\/yoast-seo-wordpress\/ -->\n<title>J\u00e4lleenrakennus alkakoon! (Vihre\u00e4 Lanka July 11th 2011) - ICAHD Finland<\/title>\n<meta name=\"robots\" content=\"index, follow, max-snippet:-1, max-image-preview:large, max-video-preview:-1\" \/>\n<link rel=\"canonical\" href=\"https:\/\/www.icahd.fi\/en\/jalleenrakennus-alkakoon-vihrea-lanka-july-11th-2011\/\" \/>\n<meta property=\"og:locale\" content=\"en_GB\" \/>\n<meta property=\"og:type\" content=\"article\" \/>\n<meta property=\"og:title\" content=\"J\u00e4lleenrakennus alkakoon! (Vihre\u00e4 Lanka July 11th 2011) - ICAHD Finland\" \/>\n<meta property=\"og:description\" content=\"Poliittisia taloja. Vihre\u00e4n Langan toimitusharjoittelija osallistuu hein\u00e4kuussa j\u00e4lleenrakennusleirille Palestiinassa ja raportoi leirin tapahtumista kerran viikossa.\" \/>\n<meta property=\"og:url\" content=\"https:\/\/www.icahd.fi\/en\/jalleenrakennus-alkakoon-vihrea-lanka-july-11th-2011\/\" \/>\n<meta property=\"og:site_name\" content=\"ICAHD Finland\" \/>\n<meta property=\"article:publisher\" content=\"https:\/\/www.facebook.com\/icahdfinland\" \/>\n<meta property=\"article:published_time\" content=\"2011-07-13T07:19:27+00:00\" \/>\n<meta property=\"og:image\" content=\"http:\/\/www.vihrealanka.fi\/files\/lanka\/imagecache\/juttukuva\/images\/imagefield\/palestiina.jpg\" \/>\n<meta name=\"author\" content=\"Syksy\" \/>\n<meta name=\"twitter:card\" content=\"summary_large_image\" \/>\n<meta name=\"twitter:creator\" content=\"@icahdfinland\" \/>\n<meta name=\"twitter:site\" content=\"@icahdfinland\" \/>\n<meta name=\"twitter:label1\" content=\"Written by\" \/>\n\t<meta name=\"twitter:data1\" content=\"Syksy\" \/>\n\t<meta name=\"twitter:label2\" content=\"Estimated reading time\" \/>\n\t<meta name=\"twitter:data2\" content=\"3 minutes\" \/>\n<script type=\"application\/ld+json\" class=\"yoast-schema-graph\">{\"@context\":\"https:\\\/\\\/schema.org\",\"@graph\":[{\"@type\":\"Article\",\"@id\":\"https:\\\/\\\/www.icahd.fi\\\/jalleenrakennus-alkakoon-vihrea-lanka-july-11th-2011\\\/#article\",\"isPartOf\":{\"@id\":\"https:\\\/\\\/www.icahd.fi\\\/jalleenrakennus-alkakoon-vihrea-lanka-july-11th-2011\\\/\"},\"author\":{\"name\":\"Syksy\",\"@id\":\"https:\\\/\\\/www.icahd.fi\\\/#\\\/schema\\\/person\\\/1c69d30d135114d7a3a5d5454cf901f8\"},\"headline\":\"J\u00e4lleenrakennus alkakoon! (Vihre\u00e4 Lanka July 11th 2011)\",\"datePublished\":\"2011-07-13T07:19:27+00:00\",\"mainEntityOfPage\":{\"@id\":\"https:\\\/\\\/www.icahd.fi\\\/jalleenrakennus-alkakoon-vihrea-lanka-july-11th-2011\\\/\"},\"wordCount\":650,\"commentCount\":0,\"publisher\":{\"@id\":\"https:\\\/\\\/www.icahd.fi\\\/#organization\"},\"image\":{\"@id\":\"https:\\\/\\\/www.icahd.fi\\\/jalleenrakennus-alkakoon-vihrea-lanka-july-11th-2011\\\/#primaryimage\"},\"thumbnailUrl\":\"http:\\\/\\\/www.vihrealanka.fi\\\/files\\\/lanka\\\/imagecache\\\/juttukuva\\\/images\\\/imagefield\\\/palestiina.jpg\",\"articleSection\":[\"Uutiset\"],\"inLanguage\":\"en-GB\",\"potentialAction\":[{\"@type\":\"CommentAction\",\"name\":\"Comment\",\"target\":[\"https:\\\/\\\/www.icahd.fi\\\/jalleenrakennus-alkakoon-vihrea-lanka-july-11th-2011\\\/#respond\"]}]},{\"@type\":\"WebPage\",\"@id\":\"https:\\\/\\\/www.icahd.fi\\\/jalleenrakennus-alkakoon-vihrea-lanka-july-11th-2011\\\/\",\"url\":\"https:\\\/\\\/www.icahd.fi\\\/jalleenrakennus-alkakoon-vihrea-lanka-july-11th-2011\\\/\",\"name\":\"J\u00e4lleenrakennus alkakoon! (Vihre\u00e4 Lanka July 11th 2011) - ICAHD Finland\",\"isPartOf\":{\"@id\":\"https:\\\/\\\/www.icahd.fi\\\/#website\"},\"primaryImageOfPage\":{\"@id\":\"https:\\\/\\\/www.icahd.fi\\\/jalleenrakennus-alkakoon-vihrea-lanka-july-11th-2011\\\/#primaryimage\"},\"image\":{\"@id\":\"https:\\\/\\\/www.icahd.fi\\\/jalleenrakennus-alkakoon-vihrea-lanka-july-11th-2011\\\/#primaryimage\"},\"thumbnailUrl\":\"http:\\\/\\\/www.vihrealanka.fi\\\/files\\\/lanka\\\/imagecache\\\/juttukuva\\\/images\\\/imagefield\\\/palestiina.jpg\",\"datePublished\":\"2011-07-13T07:19:27+00:00\",\"breadcrumb\":{\"@id\":\"https:\\\/\\\/www.icahd.fi\\\/jalleenrakennus-alkakoon-vihrea-lanka-july-11th-2011\\\/#breadcrumb\"},\"inLanguage\":\"en-GB\",\"potentialAction\":[{\"@type\":\"ReadAction\",\"target\":[\"https:\\\/\\\/www.icahd.fi\\\/jalleenrakennus-alkakoon-vihrea-lanka-july-11th-2011\\\/\"]}]},{\"@type\":\"ImageObject\",\"inLanguage\":\"en-GB\",\"@id\":\"https:\\\/\\\/www.icahd.fi\\\/jalleenrakennus-alkakoon-vihrea-lanka-july-11th-2011\\\/#primaryimage\",\"url\":\"http:\\\/\\\/www.vihrealanka.fi\\\/files\\\/lanka\\\/imagecache\\\/juttukuva\\\/images\\\/imagefield\\\/palestiina.jpg\",\"contentUrl\":\"http:\\\/\\\/www.vihrealanka.fi\\\/files\\\/lanka\\\/imagecache\\\/juttukuva\\\/images\\\/imagefield\\\/palestiina.jpg\"},{\"@type\":\"BreadcrumbList\",\"@id\":\"https:\\\/\\\/www.icahd.fi\\\/jalleenrakennus-alkakoon-vihrea-lanka-july-11th-2011\\\/#breadcrumb\",\"itemListElement\":[{\"@type\":\"ListItem\",\"position\":1,\"name\":\"Home\",\"item\":\"https:\\\/\\\/www.icahd.fi\\\/\"},{\"@type\":\"ListItem\",\"position\":2,\"name\":\"J\u00e4lleenrakennus alkakoon! (Vihre\u00e4 Lanka July 11th 2011)\"}]},{\"@type\":\"WebSite\",\"@id\":\"https:\\\/\\\/www.icahd.fi\\\/#website\",\"url\":\"https:\\\/\\\/www.icahd.fi\\\/\",\"name\":\"ICAHD Finland\",\"description\":\"Yht&auml;l&auml;isten oikeuksien puolesta, Israelin apartheidia vastaan\",\"publisher\":{\"@id\":\"https:\\\/\\\/www.icahd.fi\\\/#organization\"},\"potentialAction\":[{\"@type\":\"SearchAction\",\"target\":{\"@type\":\"EntryPoint\",\"urlTemplate\":\"https:\\\/\\\/www.icahd.fi\\\/?s={search_term_string}\"},\"query-input\":{\"@type\":\"PropertyValueSpecification\",\"valueRequired\":true,\"valueName\":\"search_term_string\"}}],\"inLanguage\":\"en-GB\"},{\"@type\":\"Organization\",\"@id\":\"https:\\\/\\\/www.icahd.fi\\\/#organization\",\"name\":\"ICAHD Finland\",\"url\":\"https:\\\/\\\/www.icahd.fi\\\/\",\"logo\":{\"@type\":\"ImageObject\",\"inLanguage\":\"en-GB\",\"@id\":\"https:\\\/\\\/www.icahd.fi\\\/#\\\/schema\\\/logo\\\/image\\\/\",\"url\":\"https:\\\/\\\/www.icahd.fi\\\/wp-content\\\/uploads\\\/2020\\\/01\\\/logo-teksti.png\",\"contentUrl\":\"https:\\\/\\\/www.icahd.fi\\\/wp-content\\\/uploads\\\/2020\\\/01\\\/logo-teksti.png\",\"width\":300,\"height\":109,\"caption\":\"ICAHD Finland\"},\"image\":{\"@id\":\"https:\\\/\\\/www.icahd.fi\\\/#\\\/schema\\\/logo\\\/image\\\/\"},\"sameAs\":[\"https:\\\/\\\/www.facebook.com\\\/icahdfinland\",\"https:\\\/\\\/x.com\\\/icahdfinland\"]},{\"@type\":\"Person\",\"@id\":\"https:\\\/\\\/www.icahd.fi\\\/#\\\/schema\\\/person\\\/1c69d30d135114d7a3a5d5454cf901f8\",\"name\":\"Syksy\",\"image\":{\"@type\":\"ImageObject\",\"inLanguage\":\"en-GB\",\"@id\":\"https:\\\/\\\/secure.gravatar.com\\\/avatar\\\/c8d8a8636968d9ebbc65828564da9c07ccf771e59b4ee6c4c57fde52c70ab3dc?s=96&d=mm&r=g\",\"url\":\"https:\\\/\\\/secure.gravatar.com\\\/avatar\\\/c8d8a8636968d9ebbc65828564da9c07ccf771e59b4ee6c4c57fde52c70ab3dc?s=96&d=mm&r=g\",\"contentUrl\":\"https:\\\/\\\/secure.gravatar.com\\\/avatar\\\/c8d8a8636968d9ebbc65828564da9c07ccf771e59b4ee6c4c57fde52c70ab3dc?s=96&d=mm&r=g\",\"caption\":\"Syksy\"}}]}<\/script>\n<!-- \/ Yoast SEO plugin. -->","yoast_head_json":{"title":"J\u00e4lleenrakennus alkakoon! (Vihre\u00e4 Lanka July 11th 2011) - ICAHD Finland","robots":{"index":"index","follow":"follow","max-snippet":"max-snippet:-1","max-image-preview":"max-image-preview:large","max-video-preview":"max-video-preview:-1"},"canonical":"https:\/\/www.icahd.fi\/en\/jalleenrakennus-alkakoon-vihrea-lanka-july-11th-2011\/","og_locale":"en_GB","og_type":"article","og_title":"J\u00e4lleenrakennus alkakoon! (Vihre\u00e4 Lanka July 11th 2011) - ICAHD Finland","og_description":"Poliittisia taloja. Vihre\u00e4n Langan toimitusharjoittelija osallistuu hein\u00e4kuussa j\u00e4lleenrakennusleirille Palestiinassa ja raportoi leirin tapahtumista kerran viikossa.","og_url":"https:\/\/www.icahd.fi\/en\/jalleenrakennus-alkakoon-vihrea-lanka-july-11th-2011\/","og_site_name":"ICAHD Finland","article_publisher":"https:\/\/www.facebook.com\/icahdfinland","article_published_time":"2011-07-13T07:19:27+00:00","og_image":[{"url":"http:\/\/www.vihrealanka.fi\/files\/lanka\/imagecache\/juttukuva\/images\/imagefield\/palestiina.jpg","type":"","width":"","height":""}],"author":"Syksy","twitter_card":"summary_large_image","twitter_creator":"@icahdfinland","twitter_site":"@icahdfinland","twitter_misc":{"Written by":"Syksy","Estimated reading time":"3 minutes"},"schema":{"@context":"https:\/\/schema.org","@graph":[{"@type":"Article","@id":"https:\/\/www.icahd.fi\/jalleenrakennus-alkakoon-vihrea-lanka-july-11th-2011\/#article","isPartOf":{"@id":"https:\/\/www.icahd.fi\/jalleenrakennus-alkakoon-vihrea-lanka-july-11th-2011\/"},"author":{"name":"Syksy","@id":"https:\/\/www.icahd.fi\/#\/schema\/person\/1c69d30d135114d7a3a5d5454cf901f8"},"headline":"J\u00e4lleenrakennus alkakoon! (Vihre\u00e4 Lanka July 11th 2011)","datePublished":"2011-07-13T07:19:27+00:00","mainEntityOfPage":{"@id":"https:\/\/www.icahd.fi\/jalleenrakennus-alkakoon-vihrea-lanka-july-11th-2011\/"},"wordCount":650,"commentCount":0,"publisher":{"@id":"https:\/\/www.icahd.fi\/#organization"},"image":{"@id":"https:\/\/www.icahd.fi\/jalleenrakennus-alkakoon-vihrea-lanka-july-11th-2011\/#primaryimage"},"thumbnailUrl":"http:\/\/www.vihrealanka.fi\/files\/lanka\/imagecache\/juttukuva\/images\/imagefield\/palestiina.jpg","articleSection":["Uutiset"],"inLanguage":"en-GB","potentialAction":[{"@type":"CommentAction","name":"Comment","target":["https:\/\/www.icahd.fi\/jalleenrakennus-alkakoon-vihrea-lanka-july-11th-2011\/#respond"]}]},{"@type":"WebPage","@id":"https:\/\/www.icahd.fi\/jalleenrakennus-alkakoon-vihrea-lanka-july-11th-2011\/","url":"https:\/\/www.icahd.fi\/jalleenrakennus-alkakoon-vihrea-lanka-july-11th-2011\/","name":"J\u00e4lleenrakennus alkakoon! (Vihre\u00e4 Lanka July 11th 2011) - ICAHD Finland","isPartOf":{"@id":"https:\/\/www.icahd.fi\/#website"},"primaryImageOfPage":{"@id":"https:\/\/www.icahd.fi\/jalleenrakennus-alkakoon-vihrea-lanka-july-11th-2011\/#primaryimage"},"image":{"@id":"https:\/\/www.icahd.fi\/jalleenrakennus-alkakoon-vihrea-lanka-july-11th-2011\/#primaryimage"},"thumbnailUrl":"http:\/\/www.vihrealanka.fi\/files\/lanka\/imagecache\/juttukuva\/images\/imagefield\/palestiina.jpg","datePublished":"2011-07-13T07:19:27+00:00","breadcrumb":{"@id":"https:\/\/www.icahd.fi\/jalleenrakennus-alkakoon-vihrea-lanka-july-11th-2011\/#breadcrumb"},"inLanguage":"en-GB","potentialAction":[{"@type":"ReadAction","target":["https:\/\/www.icahd.fi\/jalleenrakennus-alkakoon-vihrea-lanka-july-11th-2011\/"]}]},{"@type":"ImageObject","inLanguage":"en-GB","@id":"https:\/\/www.icahd.fi\/jalleenrakennus-alkakoon-vihrea-lanka-july-11th-2011\/#primaryimage","url":"http:\/\/www.vihrealanka.fi\/files\/lanka\/imagecache\/juttukuva\/images\/imagefield\/palestiina.jpg","contentUrl":"http:\/\/www.vihrealanka.fi\/files\/lanka\/imagecache\/juttukuva\/images\/imagefield\/palestiina.jpg"},{"@type":"BreadcrumbList","@id":"https:\/\/www.icahd.fi\/jalleenrakennus-alkakoon-vihrea-lanka-july-11th-2011\/#breadcrumb","itemListElement":[{"@type":"ListItem","position":1,"name":"Home","item":"https:\/\/www.icahd.fi\/"},{"@type":"ListItem","position":2,"name":"J\u00e4lleenrakennus alkakoon! (Vihre\u00e4 Lanka July 11th 2011)"}]},{"@type":"WebSite","@id":"https:\/\/www.icahd.fi\/#website","url":"https:\/\/www.icahd.fi\/","name":"In 2012, ICAHD Finland","description":"Yht&auml;l&auml;isten oikeuksien puolesta, Israelin apartheidia vastaan","publisher":{"@id":"https:\/\/www.icahd.fi\/#organization"},"potentialAction":[{"@type":"SearchAction","target":{"@type":"EntryPoint","urlTemplate":"https:\/\/www.icahd.fi\/?s={search_term_string}"},"query-input":{"@type":"PropertyValueSpecification","valueRequired":true,"valueName":"search_term_string"}}],"inLanguage":"en-GB"},{"@type":"Organization","@id":"https:\/\/www.icahd.fi\/#organization","name":"In 2012, ICAHD Finland","url":"https:\/\/www.icahd.fi\/","logo":{"@type":"ImageObject","inLanguage":"en-GB","@id":"https:\/\/www.icahd.fi\/#\/schema\/logo\/image\/","url":"https:\/\/www.icahd.fi\/wp-content\/uploads\/2020\/01\/logo-teksti.png","contentUrl":"https:\/\/www.icahd.fi\/wp-content\/uploads\/2020\/01\/logo-teksti.png","width":300,"height":109,"caption":"ICAHD Finland"},"image":{"@id":"https:\/\/www.icahd.fi\/#\/schema\/logo\/image\/"},"sameAs":["https:\/\/www.facebook.com\/icahdfinland","https:\/\/x.com\/icahdfinland"]},{"@type":"Person","@id":"https:\/\/www.icahd.fi\/#\/schema\/person\/1c69d30d135114d7a3a5d5454cf901f8","name":"Syksy","image":{"@type":"ImageObject","inLanguage":"en-GB","@id":"https:\/\/secure.gravatar.com\/avatar\/c8d8a8636968d9ebbc65828564da9c07ccf771e59b4ee6c4c57fde52c70ab3dc?s=96&d=mm&r=g","url":"https:\/\/secure.gravatar.com\/avatar\/c8d8a8636968d9ebbc65828564da9c07ccf771e59b4ee6c4c57fde52c70ab3dc?s=96&d=mm&r=g","contentUrl":"https:\/\/secure.gravatar.com\/avatar\/c8d8a8636968d9ebbc65828564da9c07ccf771e59b4ee6c4c57fde52c70ab3dc?s=96&d=mm&r=g","caption":"Syksy"}}]}},"acf":[],"_links":{"self":[{"href":"https:\/\/www.icahd.fi\/en\/wp-json\/wp\/v2\/posts\/2449","targetHints":{"allow":["GET"]}}],"collection":[{"href":"https:\/\/www.icahd.fi\/en\/wp-json\/wp\/v2\/posts"}],"about":[{"href":"https:\/\/www.icahd.fi\/en\/wp-json\/wp\/v2\/types\/post"}],"author":[{"embeddable":true,"href":"https:\/\/www.icahd.fi\/en\/wp-json\/wp\/v2\/users\/9"}],"replies":[{"embeddable":true,"href":"https:\/\/www.icahd.fi\/en\/wp-json\/wp\/v2\/comments?post=2449"}],"version-history":[{"count":0,"href":"https:\/\/www.icahd.fi\/en\/wp-json\/wp\/v2\/posts\/2449\/revisions"}],"wp:attachment":[{"href":"https:\/\/www.icahd.fi\/en\/wp-json\/wp\/v2\/media?parent=2449"}],"wp:term":[{"taxonomy":"category","embeddable":true,"href":"https:\/\/www.icahd.fi\/en\/wp-json\/wp\/v2\/categories?post=2449"},{"taxonomy":"post_tag","embeddable":true,"href":"https:\/\/www.icahd.fi\/en\/wp-json\/wp\/v2\/tags?post=2449"}],"curies":[{"name":"wp","href":"https:\/\/api.w.org\/{rel}","templated":true}]}}