{"id":2443,"date":"2011-07-13T09:45:42","date_gmt":"2011-07-13T06:45:42","guid":{"rendered":"http:\/\/icahd.fi\/?p=2443"},"modified":"2011-07-13T09:45:42","modified_gmt":"2011-07-13T06:45:42","slug":"israel-kiristaa-ruuvia-hs-july-13th-2011","status":"publish","type":"post","link":"https:\/\/www.icahd.fi\/en\/israel-kiristaa-ruuvia-hs-july-13th-2011\/","title":{"rendered":"Israel kirist\u00e4\u00e4 ruuvia (HS July 13th 2011)"},"content":{"rendered":"<div>\n<p><img decoding=\"async\" title=\"Israel kirist\u00e4\u00e4 ruuvia\" src=\"http:\/\/www.hs.fi\/kuvat\/iso_webkuva\/1135267749892.jpeg\" alt=\"Israel kirist\u00e4\u00e4 ruuvia\" \/><\/p>\n<p>Israelilaiset vasemmistoaktivistit osoittivat mielt\u00e4\u00e4n Israelin valtion ja L\u00e4nsirannan siirtokuntien julkisen boikotoinnin kielt\u00e4v\u00e4\u00e4 lakia vastaan.<\/p>\n<p><!--more--><\/p>\n<\/div>\n<div>\n<div><a onclick=\"window.open('\/grafiikka\/1135267749894?orientation=vertical','Kuvasivu','scrollbars=yes,resizable=yes,width=355,height=750'); return false;\" href=\"http:\/\/www.hs.fi\/grafiikka\/1135267749894\"> <img decoding=\"async\" title=\"Israel kirist\u00e4\u00e4 ruuvia\" src=\"http:\/\/www.hs.fi\/kuvat\/pieni_webkuva\/1135267749894.jpeg\" alt=\"Israel kirist\u00e4\u00e4 ruuvia\" \/> <\/a><\/div>\n<div>\n<p><em>HELSINGIN SANOMAT  \t\t \t\t\tKeskiviikkona 13.7.2011 \t\t \t\t \t\t\t\u2013 <a href=\"http:\/\/www.hs.fi\/verkkolehti\/ulkomaat\/\">Ulkomaat<\/a><\/em><\/p>\n<p><strong>Palestiinalaiset haluavat itsen\u00e4istymisapua YK:n yleiskokoukselta<\/strong><\/p>\n<p>Maanantaina s\u00e4\u00e4detty boikottikielto on ihmisoikeusj\u00e4rjest\u00f6jen mukaan vakava sananvapausloukkaus.<\/p>\n<div>\n<p><a title=\"lari.malmberg@hs.fi\" href=\"mailto:lari.malmberg@hs.fi\"> Lari Malmberg <\/a><\/p>\n<p>HELSINGIN SANOMAT<\/p>\n<\/div>\n<div>SEBASTIAN SCHEINER AP<\/div>\n<\/div>\n<\/div>\n<p>Boikotointi  on nyt pannassa.<\/p>\n<p>Israelin parlamentti vahvisti maanantaina kiistanalaisen lain, joka kielt\u00e4\u00e4 Israelin valtion ja L\u00e4nsirannan siirtokuntien vastaisten boikottien julistamisen. Vastaisuudessa t\u00e4llaisesta toiminnasta seuraa maan rajojen sis\u00e4ll\u00e4 rangaistus.<\/p>\n<p>Uuden lain rikkojat voivat saada rangaistuksen, vaikka boikotin kohteelle ei olisi syntynyt todellista &#8221;taloudellista, kulttuurillista tai akateemista vahinkoa&#8221;.<\/p>\n<p>Riitt\u00e4\u00e4, ett\u00e4 vahinkoa olisi voinut synty\u00e4, kertoo Britannian yleisradioyhti\u00f6 BBC.<\/p>\n<p>Ihmisoikeusj\u00e4rjest\u00f6jen mukaan laki on t\u00f6rke\u00e4 loukkaus demokratiaa ja ilmaisunvapautta vastaan.<\/p>\n<p>&nbsp;<\/p>\n<p>\u00c4\u00e4nin 47\u201338 l\u00e4pimenneen lain taustalla on Israelin kasvava huoli sen voimapolitiikan vastustuksen kasvusta niin maailmalla kuin kotimaassa.<\/p>\n<p>P\u00e4\u00e4ministeri <a href=\"http:\/\/www.hs.fi\/verkkolehti\/haku\/?haku=Benjamin+Netanjahun\">Benjamin Netanjahun<\/a> hallinnon vastaus kritiikkiin on sama kuin monesti ennenkin Israelin perustellessa kiistanalaisia poliittisia toimiaan: juutalaisvaltion on puolustauduttava sen olemassaolon oikeutuksen kyseenalaistavaa liikehdint\u00e4\u00e4 vastaan.<\/p>\n<p>Helsingin yliopiston Maailman kulttuurien laitoksen professorin <a href=\"http:\/\/www.hs.fi\/verkkolehti\/haku\/?haku=Hannu+Juusolan\">Hannu Juusolan<\/a> mukaan Israelin politiikan kritisointi todella onkin lis\u00e4\u00e4ntynyt maailmalla \u2013 varsinkin vuodenvaihteessa 2008\u20132009 k\u00e4ydyn Gazan sodan ja viime vuonna tapahtuneen avustuslaivaiskun lietsomana.<\/p>\n<p>&#8221;Netanjahun nationalistinen hallitus on my\u00f6s eritt\u00e4in herkk\u00e4 t\u00e4m\u00e4ntyyppiselle arvostelulle. Boikotointi n\u00e4hd\u00e4\u00e4n Israelin valtion kielt\u00e4misen\u00e4&#8221;, L\u00e4hi-id\u00e4n tutkimukseen erikoistunut Juusola sanoo.<\/p>\n<p>Pikkuhiljaa vastustus on saanut jalansijaa my\u00f6s Israelin sis\u00e4ll\u00e4.<\/p>\n<p>&#8221;Boikotointi ja kritisointi on lis\u00e4\u00e4ntynyt, mutta liikkeen kasvu on vasta alussa&#8221;, <a href=\"http:\/\/www.hs.fi\/verkkolehti\/haku\/?haku=Salah+Mohsen\">Salah Mohsen<\/a> israelilaisesta Adalah-ihmisoikeusj\u00e4rjest\u00f6st\u00e4 kertoo.<\/p>\n<p>Viime vuonna Israelissa kuohui, kun monet taiteilijat kielt\u00e4ytyiv\u00e4t esiintym\u00e4st\u00e4 Arielin siirtokuntaan rakennetussa kulttuurikeskuksessa. Syyn\u00e4 oli solidaarisuus palestiinalaisia kohtaan. Lakimuutoksen j\u00e4lkeen Israel voisi vied\u00e4 vastaavan tapauksen oikeuteen.<\/p>\n<p>Juusolan mukaan kansainv\u00e4lisen ilmapiirin muutos on saanut Israelin koventamaan politiikkaansa.<\/p>\n<p>Esimerkiksi ulkomaalaisia ihmisoikeusaktivisteja on k\u00e4\u00e4nnytetty entist\u00e4 tiuhemmin. Mukana on ollut \u00a0my\u00f6s \u00a0Netanjahun hallituksen politiikkaa arvostelleita juutalaisia.<\/p>\n<p>&nbsp;<\/p>\n<p>T\u00e4rke\u00e4n\u00e4 taustatekij\u00e4n\u00e4 oikeistohallituksen takaraivossa kummittelee YK:n tuleva yleiskokous syyskuussa.<\/p>\n<p>Vuosikymmeni\u00e4 kest\u00e4neisiin tuloksettomiin rauhanneuvotteluihin ja Israelin jatkuvaan siirtokuntarakentamiseen kyll\u00e4stynyt palestiinalaishallinto yritt\u00e4nee saada itsen\u00e4isyysjulistuksensa YK:n yleiskokouksen \u00e4\u00e4nestett\u00e4v\u00e4ksi.<\/p>\n<p>Itsen\u00e4isyytt\u00e4 vaaditaan vuoden 1967 rajojen pohjalta.<\/p>\n<p>Kehityskulussa on historian ironiaa. Israel haki nimitt\u00e4in itse kansainv\u00e4lisen yhteis\u00f6n hyv\u00e4ksynn\u00e4n itsen\u00e4isyydelleen juuri YK:n yleiskokouksen \u00e4\u00e4nestyksen kautta vuonna 1949.<\/p>\n<p>&nbsp;<\/p>\n<p>K\u00e4yt\u00e4nn\u00f6ss\u00e4 yleiskokouksen p\u00e4\u00e4t\u00f6ksell\u00e4 on Israelille ja palestiinalaisille l\u00e4hinn\u00e4 suurta symbolista merkityst\u00e4.<\/p>\n<p>Se ei ratkaise konfliktia, mutta muuttaa neuvotteluasemia.<\/p>\n<p>&#8221;Israelille t\u00e4ss\u00e4 on kyse nimenomaan sen olemassaolon oikeutuksesta. Sen virkamiehet ovat kiert\u00e4neet koko alkuvuoden Euroopan p\u00e4\u00e4kaupungeissa varmistamassa, ettei Euroopassa tuettaisi palestiinalaisten itsen\u00e4istymispyrkimyksi\u00e4&#8221;, Juusola sanoo.<\/p>\n<p>Palestiinalaishallinnolle kansainv\u00e4lisen yhteis\u00f6n tuki antaisi k\u00e4tt\u00e4 pidemp\u00e4\u00e4 venyviss\u00e4 rauhanneuvotteluissa. Kahden kolmasosan enemmist\u00f6 j\u00e4senyysneuvotteluissa takaisi nousun YK:n varsinaiseksi j\u00e4seneksi. YK-j\u00e4senyyden turvin palestiinalaiset saisi paremman p\u00e4\u00e4syn kansainv\u00e4lisiin oikeusistuimiin, jossa se voisi haastaa Israelin miehityspolitiikkaa juridisesti.<\/p>\n<h5>Israel k\u00e4\u00e4nnytti suomalaisaktivistin<\/h5>\n<div>\n<p><a title=\"lari.malmberg@hs.fi\" href=\"mailto:lari.malmberg@hs.fi\"> Lari Malmberg <\/a><\/p>\n<p>HELSINGIN SANOMAT<\/p>\n<\/div>\n<p>Israel k\u00e4\u00e4nnytti perjantaina suomalaisen ihmisoikeusaktivistin Tel Avivin Ben Gurion-lentokent\u00e4lt\u00e4.<\/p>\n<p><a href=\"http:\/\/www.hs.fi\/verkkolehti\/haku\/?haku=Johannes+Hautaviita+\">Johannes Hautaviita <\/a>oli matkalla L\u00e4nsirannalle osallistuakseen kansainv\u00e4lisen ihmisoikeusj\u00e4rjest\u00f6n organisoimalle j\u00e4lleenrakennusleirille.<\/p>\n<p>Matka katkesi, kun rajavalvontaviranomaiset poimivat aktivistin kuulusteluihin.<\/p>\n<p>Hautaviita oli ilmoittanut matkansa syyksi turismin.<\/p>\n<p>&#8221;K\u00e4\u00e4nnytyksen saamiseksi Israelissa riitt\u00e4\u00e4, ett\u00e4 sanoo matkustavansa palestiinalaisalueille&#8221;, Hautaviita sanoo.<\/p>\n<p>Kuulusteluissa rajavalvojat l\u00f6ysiv\u00e4t suomalaisen Facebook-profiilin.<\/p>\n<p>&#8221;Sielt\u00e4 k\u00e4y ilmi, ett\u00e4 olen muutaman ihmisoikeusj\u00e4rjest\u00f6n j\u00e4sen. N\u00e4iden ryhmien perusteella minua syytettiin osallistumisesta Israelin vastaiseen laittomaan toimintaan&#8221;, Hautaviita kertoo.<\/p>\n<p>Karkotuksen virallinen syy oli rajavalvontaviranomaisille valehtelu.<\/p>\n<p>Israelin Helsingin-suurl\u00e4hetyst\u00f6n l\u00e4hetyst\u00f6sihteerin <a href=\"http:\/\/www.hs.fi\/verkkolehti\/haku\/?haku=Yuval+Donio-Gideonin\">Yuval Donio-Gideonin<\/a> mukaan Israelin rajavalvontapolitiikka ei ole viime vuosina kiristynyt.<\/p>\n<p>L\u00e4hetyst\u00f6sihteerin mukaan on mahdollista, ett\u00e4 k\u00e4\u00e4nnytysten m\u00e4\u00e4r\u00e4 on kasvanut, koska eritaustaisia matkustajia tulee Israeliin entist\u00e4 enemm\u00e4n. Heist\u00e4 ne, jotka eiv\u00e4t noudata annettuja pelis\u00e4\u00e4nt\u00f6j\u00e4, k\u00e4\u00e4nnytet\u00e4\u00e4n.<\/p>\n<p>&#8221;Ihmisoikeusaktivistejakin p\u00e4\u00e4see maahan jatkuvasti&#8221;, Donio-Gideon kertoo.<\/p>\n<p>Israel aikoi tiistaina k\u00e4\u00e4nnytt\u00e4\u00e4 kymmeni\u00e4 Palestiina-aktivisteja, jotka lensiv\u00e4t maahan viikonloppuna.<\/p>\n<p>Aktivistit osallistuivat Israelin voimapolitiikkaa kritisoivaan Tervetuoa Palestiinaan -kampanjaan. Aktivistit aikoivat vierailla palestiinalaisalueilla.<\/p>","protected":false},"excerpt":{"rendered":"<p>Israelilaiset vasemmistoaktivistit osoittivat mielt\u00e4\u00e4n Israelin valtion ja L\u00e4nsirannan siirtokuntien julkisen boikotoinnin kielt\u00e4v\u00e4\u00e4 lakia vastaan.<\/p>","protected":false},"author":9,"featured_media":0,"comment_status":"open","ping_status":"closed","sticky":false,"template":"","format":"standard","meta":{"zakra_page_container_layout":"customizer","zakra_page_sidebar_layout":"customizer","zakra_remove_content_margin":false,"zakra_sidebar":"customizer","zakra_transparent_header":"customizer","zakra_logo":0,"zakra_main_header_style":"default","zakra_menu_item_color":"","zakra_menu_item_hover_color":"","zakra_menu_item_active_color":"","zakra_menu_active_style":"","zakra_page_header":true,"footnotes":""},"categories":[29],"tags":[],"class_list":["post-2443","post","type-post","status-publish","format-standard","hentry","category-uutiset"],"yoast_head":"<!-- This site is optimized with the Yoast SEO plugin v27.5 - https:\/\/yoast.com\/product\/yoast-seo-wordpress\/ -->\n<title>Israel kirist\u00e4\u00e4 ruuvia (HS July 13th 2011) - ICAHD Finland<\/title>\n<meta name=\"robots\" content=\"index, follow, max-snippet:-1, max-image-preview:large, max-video-preview:-1\" \/>\n<link rel=\"canonical\" href=\"https:\/\/www.icahd.fi\/en\/israel-kiristaa-ruuvia-hs-july-13th-2011\/\" \/>\n<meta property=\"og:locale\" content=\"en_GB\" \/>\n<meta property=\"og:type\" content=\"article\" \/>\n<meta property=\"og:title\" content=\"Israel kirist\u00e4\u00e4 ruuvia (HS July 13th 2011) - ICAHD Finland\" \/>\n<meta property=\"og:description\" content=\"Israelilaiset vasemmistoaktivistit osoittivat mielt\u00e4\u00e4n Israelin valtion ja L\u00e4nsirannan siirtokuntien julkisen boikotoinnin kielt\u00e4v\u00e4\u00e4 lakia vastaan.\" \/>\n<meta property=\"og:url\" content=\"https:\/\/www.icahd.fi\/en\/israel-kiristaa-ruuvia-hs-july-13th-2011\/\" \/>\n<meta property=\"og:site_name\" content=\"ICAHD Finland\" \/>\n<meta property=\"article:publisher\" content=\"https:\/\/www.facebook.com\/icahdfinland\" \/>\n<meta property=\"article:published_time\" content=\"2011-07-13T06:45:42+00:00\" \/>\n<meta property=\"og:image\" content=\"http:\/\/www.hs.fi\/kuvat\/iso_webkuva\/1135267749892.jpeg\" \/>\n<meta name=\"author\" content=\"Syksy\" \/>\n<meta name=\"twitter:card\" content=\"summary_large_image\" \/>\n<meta name=\"twitter:creator\" content=\"@icahdfinland\" \/>\n<meta name=\"twitter:site\" content=\"@icahdfinland\" \/>\n<meta name=\"twitter:label1\" content=\"Written by\" \/>\n\t<meta name=\"twitter:data1\" content=\"Syksy\" \/>\n\t<meta name=\"twitter:label2\" content=\"Estimated reading time\" \/>\n\t<meta name=\"twitter:data2\" content=\"3 minutes\" \/>\n<script type=\"application\/ld+json\" class=\"yoast-schema-graph\">{\"@context\":\"https:\\\/\\\/schema.org\",\"@graph\":[{\"@type\":\"Article\",\"@id\":\"https:\\\/\\\/www.icahd.fi\\\/israel-kiristaa-ruuvia-hs-july-13th-2011\\\/#article\",\"isPartOf\":{\"@id\":\"https:\\\/\\\/www.icahd.fi\\\/israel-kiristaa-ruuvia-hs-july-13th-2011\\\/\"},\"author\":{\"name\":\"Syksy\",\"@id\":\"https:\\\/\\\/www.icahd.fi\\\/#\\\/schema\\\/person\\\/1c69d30d135114d7a3a5d5454cf901f8\"},\"headline\":\"Israel kirist\u00e4\u00e4 ruuvia (HS July 13th 2011)\",\"datePublished\":\"2011-07-13T06:45:42+00:00\",\"mainEntityOfPage\":{\"@id\":\"https:\\\/\\\/www.icahd.fi\\\/israel-kiristaa-ruuvia-hs-july-13th-2011\\\/\"},\"wordCount\":654,\"commentCount\":0,\"publisher\":{\"@id\":\"https:\\\/\\\/www.icahd.fi\\\/#organization\"},\"image\":{\"@id\":\"https:\\\/\\\/www.icahd.fi\\\/israel-kiristaa-ruuvia-hs-july-13th-2011\\\/#primaryimage\"},\"thumbnailUrl\":\"http:\\\/\\\/www.hs.fi\\\/kuvat\\\/iso_webkuva\\\/1135267749892.jpeg\",\"articleSection\":[\"Uutiset\"],\"inLanguage\":\"en-GB\",\"potentialAction\":[{\"@type\":\"CommentAction\",\"name\":\"Comment\",\"target\":[\"https:\\\/\\\/www.icahd.fi\\\/israel-kiristaa-ruuvia-hs-july-13th-2011\\\/#respond\"]}]},{\"@type\":\"WebPage\",\"@id\":\"https:\\\/\\\/www.icahd.fi\\\/israel-kiristaa-ruuvia-hs-july-13th-2011\\\/\",\"url\":\"https:\\\/\\\/www.icahd.fi\\\/israel-kiristaa-ruuvia-hs-july-13th-2011\\\/\",\"name\":\"Israel kirist\u00e4\u00e4 ruuvia (HS July 13th 2011) - ICAHD Finland\",\"isPartOf\":{\"@id\":\"https:\\\/\\\/www.icahd.fi\\\/#website\"},\"primaryImageOfPage\":{\"@id\":\"https:\\\/\\\/www.icahd.fi\\\/israel-kiristaa-ruuvia-hs-july-13th-2011\\\/#primaryimage\"},\"image\":{\"@id\":\"https:\\\/\\\/www.icahd.fi\\\/israel-kiristaa-ruuvia-hs-july-13th-2011\\\/#primaryimage\"},\"thumbnailUrl\":\"http:\\\/\\\/www.hs.fi\\\/kuvat\\\/iso_webkuva\\\/1135267749892.jpeg\",\"datePublished\":\"2011-07-13T06:45:42+00:00\",\"breadcrumb\":{\"@id\":\"https:\\\/\\\/www.icahd.fi\\\/israel-kiristaa-ruuvia-hs-july-13th-2011\\\/#breadcrumb\"},\"inLanguage\":\"en-GB\",\"potentialAction\":[{\"@type\":\"ReadAction\",\"target\":[\"https:\\\/\\\/www.icahd.fi\\\/israel-kiristaa-ruuvia-hs-july-13th-2011\\\/\"]}]},{\"@type\":\"ImageObject\",\"inLanguage\":\"en-GB\",\"@id\":\"https:\\\/\\\/www.icahd.fi\\\/israel-kiristaa-ruuvia-hs-july-13th-2011\\\/#primaryimage\",\"url\":\"http:\\\/\\\/www.hs.fi\\\/kuvat\\\/iso_webkuva\\\/1135267749892.jpeg\",\"contentUrl\":\"http:\\\/\\\/www.hs.fi\\\/kuvat\\\/iso_webkuva\\\/1135267749892.jpeg\"},{\"@type\":\"BreadcrumbList\",\"@id\":\"https:\\\/\\\/www.icahd.fi\\\/israel-kiristaa-ruuvia-hs-july-13th-2011\\\/#breadcrumb\",\"itemListElement\":[{\"@type\":\"ListItem\",\"position\":1,\"name\":\"Home\",\"item\":\"https:\\\/\\\/www.icahd.fi\\\/\"},{\"@type\":\"ListItem\",\"position\":2,\"name\":\"Israel kirist\u00e4\u00e4 ruuvia (HS July 13th 2011)\"}]},{\"@type\":\"WebSite\",\"@id\":\"https:\\\/\\\/www.icahd.fi\\\/#website\",\"url\":\"https:\\\/\\\/www.icahd.fi\\\/\",\"name\":\"ICAHD Finland\",\"description\":\"Yht&auml;l&auml;isten oikeuksien puolesta, Israelin apartheidia vastaan\",\"publisher\":{\"@id\":\"https:\\\/\\\/www.icahd.fi\\\/#organization\"},\"potentialAction\":[{\"@type\":\"SearchAction\",\"target\":{\"@type\":\"EntryPoint\",\"urlTemplate\":\"https:\\\/\\\/www.icahd.fi\\\/?s={search_term_string}\"},\"query-input\":{\"@type\":\"PropertyValueSpecification\",\"valueRequired\":true,\"valueName\":\"search_term_string\"}}],\"inLanguage\":\"en-GB\"},{\"@type\":\"Organization\",\"@id\":\"https:\\\/\\\/www.icahd.fi\\\/#organization\",\"name\":\"ICAHD Finland\",\"url\":\"https:\\\/\\\/www.icahd.fi\\\/\",\"logo\":{\"@type\":\"ImageObject\",\"inLanguage\":\"en-GB\",\"@id\":\"https:\\\/\\\/www.icahd.fi\\\/#\\\/schema\\\/logo\\\/image\\\/\",\"url\":\"https:\\\/\\\/www.icahd.fi\\\/wp-content\\\/uploads\\\/2020\\\/01\\\/logo-teksti.png\",\"contentUrl\":\"https:\\\/\\\/www.icahd.fi\\\/wp-content\\\/uploads\\\/2020\\\/01\\\/logo-teksti.png\",\"width\":300,\"height\":109,\"caption\":\"ICAHD Finland\"},\"image\":{\"@id\":\"https:\\\/\\\/www.icahd.fi\\\/#\\\/schema\\\/logo\\\/image\\\/\"},\"sameAs\":[\"https:\\\/\\\/www.facebook.com\\\/icahdfinland\",\"https:\\\/\\\/x.com\\\/icahdfinland\"]},{\"@type\":\"Person\",\"@id\":\"https:\\\/\\\/www.icahd.fi\\\/#\\\/schema\\\/person\\\/1c69d30d135114d7a3a5d5454cf901f8\",\"name\":\"Syksy\",\"image\":{\"@type\":\"ImageObject\",\"inLanguage\":\"en-GB\",\"@id\":\"https:\\\/\\\/secure.gravatar.com\\\/avatar\\\/c8d8a8636968d9ebbc65828564da9c07ccf771e59b4ee6c4c57fde52c70ab3dc?s=96&d=mm&r=g\",\"url\":\"https:\\\/\\\/secure.gravatar.com\\\/avatar\\\/c8d8a8636968d9ebbc65828564da9c07ccf771e59b4ee6c4c57fde52c70ab3dc?s=96&d=mm&r=g\",\"contentUrl\":\"https:\\\/\\\/secure.gravatar.com\\\/avatar\\\/c8d8a8636968d9ebbc65828564da9c07ccf771e59b4ee6c4c57fde52c70ab3dc?s=96&d=mm&r=g\",\"caption\":\"Syksy\"}}]}<\/script>\n<!-- \/ Yoast SEO plugin. -->","yoast_head_json":{"title":"Israel kirist\u00e4\u00e4 ruuvia (HS July 13th 2011) - ICAHD Finland","robots":{"index":"index","follow":"follow","max-snippet":"max-snippet:-1","max-image-preview":"max-image-preview:large","max-video-preview":"max-video-preview:-1"},"canonical":"https:\/\/www.icahd.fi\/en\/israel-kiristaa-ruuvia-hs-july-13th-2011\/","og_locale":"en_GB","og_type":"article","og_title":"Israel kirist\u00e4\u00e4 ruuvia (HS July 13th 2011) - ICAHD Finland","og_description":"Israelilaiset vasemmistoaktivistit osoittivat mielt\u00e4\u00e4n Israelin valtion ja L\u00e4nsirannan siirtokuntien julkisen boikotoinnin kielt\u00e4v\u00e4\u00e4 lakia vastaan.","og_url":"https:\/\/www.icahd.fi\/en\/israel-kiristaa-ruuvia-hs-july-13th-2011\/","og_site_name":"ICAHD Finland","article_publisher":"https:\/\/www.facebook.com\/icahdfinland","article_published_time":"2011-07-13T06:45:42+00:00","og_image":[{"url":"http:\/\/www.hs.fi\/kuvat\/iso_webkuva\/1135267749892.jpeg","type":"","width":"","height":""}],"author":"Syksy","twitter_card":"summary_large_image","twitter_creator":"@icahdfinland","twitter_site":"@icahdfinland","twitter_misc":{"Written by":"Syksy","Estimated reading time":"3 minutes"},"schema":{"@context":"https:\/\/schema.org","@graph":[{"@type":"Article","@id":"https:\/\/www.icahd.fi\/israel-kiristaa-ruuvia-hs-july-13th-2011\/#article","isPartOf":{"@id":"https:\/\/www.icahd.fi\/israel-kiristaa-ruuvia-hs-july-13th-2011\/"},"author":{"name":"Syksy","@id":"https:\/\/www.icahd.fi\/#\/schema\/person\/1c69d30d135114d7a3a5d5454cf901f8"},"headline":"Israel kirist\u00e4\u00e4 ruuvia (HS July 13th 2011)","datePublished":"2011-07-13T06:45:42+00:00","mainEntityOfPage":{"@id":"https:\/\/www.icahd.fi\/israel-kiristaa-ruuvia-hs-july-13th-2011\/"},"wordCount":654,"commentCount":0,"publisher":{"@id":"https:\/\/www.icahd.fi\/#organization"},"image":{"@id":"https:\/\/www.icahd.fi\/israel-kiristaa-ruuvia-hs-july-13th-2011\/#primaryimage"},"thumbnailUrl":"http:\/\/www.hs.fi\/kuvat\/iso_webkuva\/1135267749892.jpeg","articleSection":["Uutiset"],"inLanguage":"en-GB","potentialAction":[{"@type":"CommentAction","name":"Comment","target":["https:\/\/www.icahd.fi\/israel-kiristaa-ruuvia-hs-july-13th-2011\/#respond"]}]},{"@type":"WebPage","@id":"https:\/\/www.icahd.fi\/israel-kiristaa-ruuvia-hs-july-13th-2011\/","url":"https:\/\/www.icahd.fi\/israel-kiristaa-ruuvia-hs-july-13th-2011\/","name":"Israel kirist\u00e4\u00e4 ruuvia (HS July 13th 2011) - ICAHD Finland","isPartOf":{"@id":"https:\/\/www.icahd.fi\/#website"},"primaryImageOfPage":{"@id":"https:\/\/www.icahd.fi\/israel-kiristaa-ruuvia-hs-july-13th-2011\/#primaryimage"},"image":{"@id":"https:\/\/www.icahd.fi\/israel-kiristaa-ruuvia-hs-july-13th-2011\/#primaryimage"},"thumbnailUrl":"http:\/\/www.hs.fi\/kuvat\/iso_webkuva\/1135267749892.jpeg","datePublished":"2011-07-13T06:45:42+00:00","breadcrumb":{"@id":"https:\/\/www.icahd.fi\/israel-kiristaa-ruuvia-hs-july-13th-2011\/#breadcrumb"},"inLanguage":"en-GB","potentialAction":[{"@type":"ReadAction","target":["https:\/\/www.icahd.fi\/israel-kiristaa-ruuvia-hs-july-13th-2011\/"]}]},{"@type":"ImageObject","inLanguage":"en-GB","@id":"https:\/\/www.icahd.fi\/israel-kiristaa-ruuvia-hs-july-13th-2011\/#primaryimage","url":"http:\/\/www.hs.fi\/kuvat\/iso_webkuva\/1135267749892.jpeg","contentUrl":"http:\/\/www.hs.fi\/kuvat\/iso_webkuva\/1135267749892.jpeg"},{"@type":"BreadcrumbList","@id":"https:\/\/www.icahd.fi\/israel-kiristaa-ruuvia-hs-july-13th-2011\/#breadcrumb","itemListElement":[{"@type":"ListItem","position":1,"name":"Home","item":"https:\/\/www.icahd.fi\/"},{"@type":"ListItem","position":2,"name":"Israel kirist\u00e4\u00e4 ruuvia (HS July 13th 2011)"}]},{"@type":"WebSite","@id":"https:\/\/www.icahd.fi\/#website","url":"https:\/\/www.icahd.fi\/","name":"In 2012, ICAHD Finland","description":"Yht&auml;l&auml;isten oikeuksien puolesta, Israelin apartheidia vastaan","publisher":{"@id":"https:\/\/www.icahd.fi\/#organization"},"potentialAction":[{"@type":"SearchAction","target":{"@type":"EntryPoint","urlTemplate":"https:\/\/www.icahd.fi\/?s={search_term_string}"},"query-input":{"@type":"PropertyValueSpecification","valueRequired":true,"valueName":"search_term_string"}}],"inLanguage":"en-GB"},{"@type":"Organization","@id":"https:\/\/www.icahd.fi\/#organization","name":"In 2012, ICAHD Finland","url":"https:\/\/www.icahd.fi\/","logo":{"@type":"ImageObject","inLanguage":"en-GB","@id":"https:\/\/www.icahd.fi\/#\/schema\/logo\/image\/","url":"https:\/\/www.icahd.fi\/wp-content\/uploads\/2020\/01\/logo-teksti.png","contentUrl":"https:\/\/www.icahd.fi\/wp-content\/uploads\/2020\/01\/logo-teksti.png","width":300,"height":109,"caption":"ICAHD Finland"},"image":{"@id":"https:\/\/www.icahd.fi\/#\/schema\/logo\/image\/"},"sameAs":["https:\/\/www.facebook.com\/icahdfinland","https:\/\/x.com\/icahdfinland"]},{"@type":"Person","@id":"https:\/\/www.icahd.fi\/#\/schema\/person\/1c69d30d135114d7a3a5d5454cf901f8","name":"Syksy","image":{"@type":"ImageObject","inLanguage":"en-GB","@id":"https:\/\/secure.gravatar.com\/avatar\/c8d8a8636968d9ebbc65828564da9c07ccf771e59b4ee6c4c57fde52c70ab3dc?s=96&d=mm&r=g","url":"https:\/\/secure.gravatar.com\/avatar\/c8d8a8636968d9ebbc65828564da9c07ccf771e59b4ee6c4c57fde52c70ab3dc?s=96&d=mm&r=g","contentUrl":"https:\/\/secure.gravatar.com\/avatar\/c8d8a8636968d9ebbc65828564da9c07ccf771e59b4ee6c4c57fde52c70ab3dc?s=96&d=mm&r=g","caption":"Syksy"}}]}},"acf":[],"_links":{"self":[{"href":"https:\/\/www.icahd.fi\/en\/wp-json\/wp\/v2\/posts\/2443","targetHints":{"allow":["GET"]}}],"collection":[{"href":"https:\/\/www.icahd.fi\/en\/wp-json\/wp\/v2\/posts"}],"about":[{"href":"https:\/\/www.icahd.fi\/en\/wp-json\/wp\/v2\/types\/post"}],"author":[{"embeddable":true,"href":"https:\/\/www.icahd.fi\/en\/wp-json\/wp\/v2\/users\/9"}],"replies":[{"embeddable":true,"href":"https:\/\/www.icahd.fi\/en\/wp-json\/wp\/v2\/comments?post=2443"}],"version-history":[{"count":0,"href":"https:\/\/www.icahd.fi\/en\/wp-json\/wp\/v2\/posts\/2443\/revisions"}],"wp:attachment":[{"href":"https:\/\/www.icahd.fi\/en\/wp-json\/wp\/v2\/media?parent=2443"}],"wp:term":[{"taxonomy":"category","embeddable":true,"href":"https:\/\/www.icahd.fi\/en\/wp-json\/wp\/v2\/categories?post=2443"},{"taxonomy":"post_tag","embeddable":true,"href":"https:\/\/www.icahd.fi\/en\/wp-json\/wp\/v2\/tags?post=2443"}],"curies":[{"name":"wp","href":"https:\/\/api.w.org\/{rel}","templated":true}]}}