{"id":2433,"date":"2011-07-11T22:22:53","date_gmt":"2011-07-11T19:22:53","guid":{"rendered":"http:\/\/icahd.fi\/?p=2433"},"modified":"2011-07-11T22:22:53","modified_gmt":"2011-07-11T19:22:53","slug":"icahd-finland-tukee-kansainvalista-aloitetta-israeliin-kohdistuvan-asevienti-ja-ostosaarron-aloittamiseksi","status":"publish","type":"post","link":"https:\/\/www.icahd.fi\/en\/icahd-finland-tukee-kansainvalista-aloitetta-israeliin-kohdistuvan-asevienti-ja-ostosaarron-aloittamiseksi\/","title":{"rendered":"ICAHD Finland tukee kansainv\u00e4list\u00e4 aloitetta Israeliin kohdistuvan asevienti- ja ostosaarron aloittamiseksi."},"content":{"rendered":"<p><em>Lehdist\u00f6tiedote &#8211; vapaasti julkaistavaksi ja k\u00e4ytett\u00e4v\u00e4ksi.<\/em><\/p>\n<p><!--more-->Palestiinalainen Boycott, Divestment and Sanctions National Committee (BNC) kehottaa aloittamaan Israeliin kohdistuvan v\u00e4litt\u00f6m\u00e4n ja kattavan asevienti- ja ostosaarron. BNC on yhteishanke, johon osallistuvat kaikki palestiinalaiset poliittiset puolueet, ammattij\u00e4rjest\u00f6t, kansalaisj\u00e4rjest\u00f6t sek\u00e4 muita suuria organisaatioita, kuten kauppaliittoja. Tukijoihin kuuluu mm. Nobelin rauhanpalkinnon saajat arkkipiispa Desmond Tutu, Mairead Maguire ja Adolfo P\u00e9rez Esquivel.<\/p>\n<p>Kansainv\u00e4linen paine Israelin harjoittaman laittoman miehityksen sek\u00e4 palestiinalaisiin kohdistuvan, mielivaltaisen v\u00e4kivallan lopettamiseksi kasvaa p\u00e4iv\u00e4 p\u00e4iv\u00e4lt\u00e4. Asekauppasaarto on osa v\u00e4kivallatonta liikett\u00e4, joka vaatii kansainv\u00e4list\u00e4 yhteis\u00f6\u00e4 asettamaan Israelin vastuuseen rikoksistaan kansainv\u00e4lisen lain edess\u00e4.<\/p>\n<p>Kansainv\u00e4lisen lain mukaan laiton miehitys ja siirtokuntien rakentaminen jatkuvat L\u00e4nsirannalla. Israelin palestiinalaisalueilla harjoittaman sotapolitiikan laittomuudesta vallitsee yksimielisyys maailman ihmisoikeusj\u00e4rjest\u00f6jen kannanotoissa. Vuosien 2008-2009 vaihteeseen ajoittuneessa hy\u00f6kk\u00e4yksess\u00e4 Gazaan kuoli 1 400 palestiinalaista, joista kaksi kolmasosaa oli siviilej\u00e4, ja 13 israelilaista. 22 p\u00e4iv\u00e4\u00e4 kest\u00e4neen hy\u00f6kk\u00e4yksen aikana Gazan siviiliyhteiskunta tuhottiin maan tasalle. Useat ihmisoikeusj\u00e4rjest\u00f6t sek\u00e4 YK raportoivat Israelin syyllistyneen sotarikoksiin ja mahdollisiin rikoksiin ihmisyytt\u00e4 vastaan. Toukokuussa 2010 Gazaan pyrkiv\u00e4 avustuslaivasaattue, Gaza Flotilla, pys\u00e4ytettiin kansainv\u00e4lisill\u00e4 vesill\u00e4, ja yhdeks\u00e4n aseistamatonta aktivistia tapettiin erikoisjoukkojen iskussa mm. ampumalla takaraivoon l\u00e4hiet\u00e4isyydelt\u00e4.<\/p>\n<p>ICAHD Finland on vuoden 2010 alusta ajanut Suomen ja Israelin v\u00e4lisen asekaupan lopettamista. T\u00e4ll\u00e4 hetkell\u00e4 yli 250 suomalaista vaikuttajaa tieteen, taiteen ja politiikan aloilta ovat allekirjoittaneet vetoomuksen Israelin-asekauppojen lopettamiseksi. Allekirjoittajia ovat muun muassa ulkoministeri Erkki Tuomioja, Euroopan parlamentin j\u00e4senet Satu Hassi, Heidi Hautala, Sirpa Pietik\u00e4inen ja Mitro Repo, sek\u00e4 useita kansanedustajia ja kulttuurivaikuttajia. (<a href=\"https:\/\/www.icahd.fi\/en\/?p=1799\" target=\"_blank\">http:\/\/icahd.fi\/?p=1799<\/a>)<\/p>\n<p>Vuosina 2004-2007\u00a0Suomi\u00a0oli maailman toiseksi merkitt\u00e4vin ohjusteknologian viej\u00e4 Israeliin. Suomen vienti on ristiriidassa EU:n Ministerineuvoston laatiman aseviennin k\u00e4yt\u00e4nnes\u00e4\u00e4nn\u00f6n kanssa. K\u00e4yt\u00e4nnes\u00e4\u00e4nt\u00f6 kielt\u00e4\u00e4 aseviennin maihin, jotka syyllistyv\u00e4t YK:n mukaan ihmisoikeusrikkomuksiin tai joissa aseita saatetaan k\u00e4ytt\u00e4\u00e4 sis\u00e4isiin sortotoimiin.<\/p>\n<p>Suomen asevienti on kuitenkin vain murto-osa Israelin kanssa k\u00e4ydyst\u00e4 asekaupasta. Suomi on hankkinut vuodesta 1999 l\u00e4htien israelilaisia aseita yli 152 miljoonalla eurolla. Lis\u00e4ksi Suomen Puolustusvoimat p\u00e4\u00e4tt\u00e4\u00e4 t\u00e4m\u00e4n vuoden marraskuussa miehitt\u00e4m\u00e4tt\u00f6mien lentokoneiden hankinnasta. Kilpailutuksen tuloksena hankinnat teht\u00e4neen toisesta niist\u00e4 kahdesta israelilaisesta aseyhti\u00f6st\u00e4, jotka kilpailutuksessa ovat j\u00e4ljell\u00e4. Hankintojen j\u00e4lkeen Suomen aseostojen arvo Israelista on liki 200 miljoonaa euroa.<\/p>\n<p>Suomi on kauppapoliittisilla valinnoillaan tukenut tuntuvasti Israelin aseteollisuuden suurimpia yhti\u00f6it\u00e4, jotka aktiivisesti markkinoivat itse\u00e4\u00e4n Israelin tekemill\u00e4 sotarikoksilla ja joiden toiminta ja tuotot perustavat Israelin k\u00e4ymille sodille ja konfliktin pitkittymiselle.<\/p>\n<p>Haagin kansainv\u00e4linen tuomioistuin julisti Israelin rakentaman, L\u00e4nsirantaa halkovan muurin laittomaksi seitsem\u00e4n vuotta sitten. Nyt, julistuksen seitsem\u00e4nten\u00e4 vuosip\u00e4iv\u00e4n\u00e4 ICAHD Finland ja BNC vaativat kansainv\u00e4list\u00e4 asekauppasaartoa Israelille, kunnes se muuttaa toimintansa kansainv\u00e4lisen lain mukaiseksi.<\/p>","protected":false},"excerpt":{"rendered":"<p>Lehdist\u00f6tiedote &#8211; vapaasti julkaistavaksi ja k\u00e4ytett\u00e4v\u00e4ksi.<\/p>","protected":false},"author":9,"featured_media":0,"comment_status":"open","ping_status":"closed","sticky":false,"template":"","format":"standard","meta":{"zakra_page_container_layout":"customizer","zakra_page_sidebar_layout":"customizer","zakra_remove_content_margin":false,"zakra_sidebar":"customizer","zakra_transparent_header":"customizer","zakra_logo":0,"zakra_main_header_style":"default","zakra_menu_item_color":"","zakra_menu_item_hover_color":"","zakra_menu_item_active_color":"","zakra_menu_active_style":"","zakra_page_header":true,"footnotes":""},"categories":[29],"tags":[],"class_list":["post-2433","post","type-post","status-publish","format-standard","hentry","category-uutiset"],"yoast_head":"<!-- This site is optimized with the Yoast SEO plugin v27.5 - https:\/\/yoast.com\/product\/yoast-seo-wordpress\/ -->\n<title>ICAHD Finland tukee kansainv\u00e4list\u00e4 aloitetta Israeliin kohdistuvan asevienti- ja ostosaarron aloittamiseksi. - ICAHD Finland<\/title>\n<meta name=\"robots\" content=\"index, follow, max-snippet:-1, max-image-preview:large, max-video-preview:-1\" \/>\n<link rel=\"canonical\" href=\"https:\/\/www.icahd.fi\/en\/icahd-finland-tukee-kansainvalista-aloitetta-israeliin-kohdistuvan-asevienti-ja-ostosaarron-aloittamiseksi\/\" \/>\n<meta property=\"og:locale\" content=\"en_GB\" \/>\n<meta property=\"og:type\" content=\"article\" \/>\n<meta property=\"og:title\" content=\"ICAHD Finland tukee kansainv\u00e4list\u00e4 aloitetta Israeliin kohdistuvan asevienti- ja ostosaarron aloittamiseksi. - ICAHD Finland\" \/>\n<meta property=\"og:description\" content=\"Lehdist\u00f6tiedote &#8211; vapaasti julkaistavaksi ja k\u00e4ytett\u00e4v\u00e4ksi.\" \/>\n<meta property=\"og:url\" content=\"https:\/\/www.icahd.fi\/en\/icahd-finland-tukee-kansainvalista-aloitetta-israeliin-kohdistuvan-asevienti-ja-ostosaarron-aloittamiseksi\/\" \/>\n<meta property=\"og:site_name\" content=\"ICAHD Finland\" \/>\n<meta property=\"article:publisher\" content=\"https:\/\/www.facebook.com\/icahdfinland\" \/>\n<meta property=\"article:published_time\" content=\"2011-07-11T19:22:53+00:00\" \/>\n<meta property=\"og:image\" content=\"https:\/\/www.icahd.fi\/wp-content\/uploads\/2020\/01\/logo-teksti.png\" \/>\n\t<meta property=\"og:image:width\" content=\"300\" \/>\n\t<meta property=\"og:image:height\" content=\"109\" \/>\n\t<meta property=\"og:image:type\" content=\"image\/png\" \/>\n<meta name=\"author\" content=\"Syksy\" \/>\n<meta name=\"twitter:card\" content=\"summary_large_image\" \/>\n<meta name=\"twitter:creator\" content=\"@icahdfinland\" \/>\n<meta name=\"twitter:site\" content=\"@icahdfinland\" \/>\n<meta name=\"twitter:label1\" content=\"Written by\" \/>\n\t<meta name=\"twitter:data1\" content=\"Syksy\" \/>\n\t<meta name=\"twitter:label2\" content=\"Estimated reading time\" \/>\n\t<meta name=\"twitter:data2\" content=\"2 minutes\" \/>\n<script type=\"application\/ld+json\" class=\"yoast-schema-graph\">{\"@context\":\"https:\\\/\\\/schema.org\",\"@graph\":[{\"@type\":\"Article\",\"@id\":\"https:\\\/\\\/www.icahd.fi\\\/en\\\/icahd-finland-tukee-kansainvalista-aloitetta-israeliin-kohdistuvan-asevienti-ja-ostosaarron-aloittamiseksi\\\/#article\",\"isPartOf\":{\"@id\":\"https:\\\/\\\/www.icahd.fi\\\/en\\\/icahd-finland-tukee-kansainvalista-aloitetta-israeliin-kohdistuvan-asevienti-ja-ostosaarron-aloittamiseksi\\\/\"},\"author\":{\"name\":\"Syksy\",\"@id\":\"https:\\\/\\\/www.icahd.fi\\\/#\\\/schema\\\/person\\\/1c69d30d135114d7a3a5d5454cf901f8\"},\"headline\":\"ICAHD Finland tukee kansainv\u00e4list\u00e4 aloitetta Israeliin kohdistuvan asevienti- ja ostosaarron aloittamiseksi.\",\"datePublished\":\"2011-07-11T19:22:53+00:00\",\"mainEntityOfPage\":{\"@id\":\"https:\\\/\\\/www.icahd.fi\\\/en\\\/icahd-finland-tukee-kansainvalista-aloitetta-israeliin-kohdistuvan-asevienti-ja-ostosaarron-aloittamiseksi\\\/\"},\"wordCount\":459,\"commentCount\":0,\"publisher\":{\"@id\":\"https:\\\/\\\/www.icahd.fi\\\/#organization\"},\"articleSection\":[\"Uutiset\"],\"inLanguage\":\"en-GB\",\"potentialAction\":[{\"@type\":\"CommentAction\",\"name\":\"Comment\",\"target\":[\"https:\\\/\\\/www.icahd.fi\\\/en\\\/icahd-finland-tukee-kansainvalista-aloitetta-israeliin-kohdistuvan-asevienti-ja-ostosaarron-aloittamiseksi\\\/#respond\"]}]},{\"@type\":\"WebPage\",\"@id\":\"https:\\\/\\\/www.icahd.fi\\\/en\\\/icahd-finland-tukee-kansainvalista-aloitetta-israeliin-kohdistuvan-asevienti-ja-ostosaarron-aloittamiseksi\\\/\",\"url\":\"https:\\\/\\\/www.icahd.fi\\\/en\\\/icahd-finland-tukee-kansainvalista-aloitetta-israeliin-kohdistuvan-asevienti-ja-ostosaarron-aloittamiseksi\\\/\",\"name\":\"ICAHD Finland tukee kansainv\u00e4list\u00e4 aloitetta Israeliin kohdistuvan asevienti- ja ostosaarron aloittamiseksi. - ICAHD Finland\",\"isPartOf\":{\"@id\":\"https:\\\/\\\/www.icahd.fi\\\/#website\"},\"datePublished\":\"2011-07-11T19:22:53+00:00\",\"breadcrumb\":{\"@id\":\"https:\\\/\\\/www.icahd.fi\\\/en\\\/icahd-finland-tukee-kansainvalista-aloitetta-israeliin-kohdistuvan-asevienti-ja-ostosaarron-aloittamiseksi\\\/#breadcrumb\"},\"inLanguage\":\"en-GB\",\"potentialAction\":[{\"@type\":\"ReadAction\",\"target\":[\"https:\\\/\\\/www.icahd.fi\\\/en\\\/icahd-finland-tukee-kansainvalista-aloitetta-israeliin-kohdistuvan-asevienti-ja-ostosaarron-aloittamiseksi\\\/\"]}]},{\"@type\":\"BreadcrumbList\",\"@id\":\"https:\\\/\\\/www.icahd.fi\\\/en\\\/icahd-finland-tukee-kansainvalista-aloitetta-israeliin-kohdistuvan-asevienti-ja-ostosaarron-aloittamiseksi\\\/#breadcrumb\",\"itemListElement\":[{\"@type\":\"ListItem\",\"position\":1,\"name\":\"Home\",\"item\":\"https:\\\/\\\/www.icahd.fi\\\/\"},{\"@type\":\"ListItem\",\"position\":2,\"name\":\"ICAHD Finland tukee kansainv\u00e4list\u00e4 aloitetta Israeliin kohdistuvan asevienti- ja ostosaarron aloittamiseksi.\"}]},{\"@type\":\"WebSite\",\"@id\":\"https:\\\/\\\/www.icahd.fi\\\/#website\",\"url\":\"https:\\\/\\\/www.icahd.fi\\\/\",\"name\":\"ICAHD Finland\",\"description\":\"Yht&auml;l&auml;isten oikeuksien puolesta, Israelin apartheidia vastaan\",\"publisher\":{\"@id\":\"https:\\\/\\\/www.icahd.fi\\\/#organization\"},\"potentialAction\":[{\"@type\":\"SearchAction\",\"target\":{\"@type\":\"EntryPoint\",\"urlTemplate\":\"https:\\\/\\\/www.icahd.fi\\\/?s={search_term_string}\"},\"query-input\":{\"@type\":\"PropertyValueSpecification\",\"valueRequired\":true,\"valueName\":\"search_term_string\"}}],\"inLanguage\":\"en-GB\"},{\"@type\":\"Organization\",\"@id\":\"https:\\\/\\\/www.icahd.fi\\\/#organization\",\"name\":\"ICAHD Finland\",\"url\":\"https:\\\/\\\/www.icahd.fi\\\/\",\"logo\":{\"@type\":\"ImageObject\",\"inLanguage\":\"en-GB\",\"@id\":\"https:\\\/\\\/www.icahd.fi\\\/#\\\/schema\\\/logo\\\/image\\\/\",\"url\":\"https:\\\/\\\/www.icahd.fi\\\/wp-content\\\/uploads\\\/2020\\\/01\\\/logo-teksti.png\",\"contentUrl\":\"https:\\\/\\\/www.icahd.fi\\\/wp-content\\\/uploads\\\/2020\\\/01\\\/logo-teksti.png\",\"width\":300,\"height\":109,\"caption\":\"ICAHD Finland\"},\"image\":{\"@id\":\"https:\\\/\\\/www.icahd.fi\\\/#\\\/schema\\\/logo\\\/image\\\/\"},\"sameAs\":[\"https:\\\/\\\/www.facebook.com\\\/icahdfinland\",\"https:\\\/\\\/x.com\\\/icahdfinland\"]},{\"@type\":\"Person\",\"@id\":\"https:\\\/\\\/www.icahd.fi\\\/#\\\/schema\\\/person\\\/1c69d30d135114d7a3a5d5454cf901f8\",\"name\":\"Syksy\",\"image\":{\"@type\":\"ImageObject\",\"inLanguage\":\"en-GB\",\"@id\":\"https:\\\/\\\/secure.gravatar.com\\\/avatar\\\/c8d8a8636968d9ebbc65828564da9c07ccf771e59b4ee6c4c57fde52c70ab3dc?s=96&d=mm&r=g\",\"url\":\"https:\\\/\\\/secure.gravatar.com\\\/avatar\\\/c8d8a8636968d9ebbc65828564da9c07ccf771e59b4ee6c4c57fde52c70ab3dc?s=96&d=mm&r=g\",\"contentUrl\":\"https:\\\/\\\/secure.gravatar.com\\\/avatar\\\/c8d8a8636968d9ebbc65828564da9c07ccf771e59b4ee6c4c57fde52c70ab3dc?s=96&d=mm&r=g\",\"caption\":\"Syksy\"}}]}<\/script>\n<!-- \/ Yoast SEO plugin. -->","yoast_head_json":{"title":"ICAHD Finland tukee kansainv\u00e4list\u00e4 aloitetta Israeliin kohdistuvan asevienti- ja ostosaarron aloittamiseksi. - ICAHD Finland","robots":{"index":"index","follow":"follow","max-snippet":"max-snippet:-1","max-image-preview":"max-image-preview:large","max-video-preview":"max-video-preview:-1"},"canonical":"https:\/\/www.icahd.fi\/en\/icahd-finland-tukee-kansainvalista-aloitetta-israeliin-kohdistuvan-asevienti-ja-ostosaarron-aloittamiseksi\/","og_locale":"en_GB","og_type":"article","og_title":"ICAHD Finland tukee kansainv\u00e4list\u00e4 aloitetta Israeliin kohdistuvan asevienti- ja ostosaarron aloittamiseksi. - ICAHD Finland","og_description":"Lehdist\u00f6tiedote &#8211; vapaasti julkaistavaksi ja k\u00e4ytett\u00e4v\u00e4ksi.","og_url":"https:\/\/www.icahd.fi\/en\/icahd-finland-tukee-kansainvalista-aloitetta-israeliin-kohdistuvan-asevienti-ja-ostosaarron-aloittamiseksi\/","og_site_name":"ICAHD Finland","article_publisher":"https:\/\/www.facebook.com\/icahdfinland","article_published_time":"2011-07-11T19:22:53+00:00","og_image":[{"width":300,"height":109,"url":"https:\/\/www.icahd.fi\/wp-content\/uploads\/2020\/01\/logo-teksti.png","type":"image\/png"}],"author":"Syksy","twitter_card":"summary_large_image","twitter_creator":"@icahdfinland","twitter_site":"@icahdfinland","twitter_misc":{"Written by":"Syksy","Estimated reading time":"2 minutes"},"schema":{"@context":"https:\/\/schema.org","@graph":[{"@type":"Article","@id":"https:\/\/www.icahd.fi\/en\/icahd-finland-tukee-kansainvalista-aloitetta-israeliin-kohdistuvan-asevienti-ja-ostosaarron-aloittamiseksi\/#article","isPartOf":{"@id":"https:\/\/www.icahd.fi\/en\/icahd-finland-tukee-kansainvalista-aloitetta-israeliin-kohdistuvan-asevienti-ja-ostosaarron-aloittamiseksi\/"},"author":{"name":"Syksy","@id":"https:\/\/www.icahd.fi\/#\/schema\/person\/1c69d30d135114d7a3a5d5454cf901f8"},"headline":"ICAHD Finland tukee kansainv\u00e4list\u00e4 aloitetta Israeliin kohdistuvan asevienti- ja ostosaarron aloittamiseksi.","datePublished":"2011-07-11T19:22:53+00:00","mainEntityOfPage":{"@id":"https:\/\/www.icahd.fi\/en\/icahd-finland-tukee-kansainvalista-aloitetta-israeliin-kohdistuvan-asevienti-ja-ostosaarron-aloittamiseksi\/"},"wordCount":459,"commentCount":0,"publisher":{"@id":"https:\/\/www.icahd.fi\/#organization"},"articleSection":["Uutiset"],"inLanguage":"en-GB","potentialAction":[{"@type":"CommentAction","name":"Comment","target":["https:\/\/www.icahd.fi\/en\/icahd-finland-tukee-kansainvalista-aloitetta-israeliin-kohdistuvan-asevienti-ja-ostosaarron-aloittamiseksi\/#respond"]}]},{"@type":"WebPage","@id":"https:\/\/www.icahd.fi\/en\/icahd-finland-tukee-kansainvalista-aloitetta-israeliin-kohdistuvan-asevienti-ja-ostosaarron-aloittamiseksi\/","url":"https:\/\/www.icahd.fi\/en\/icahd-finland-tukee-kansainvalista-aloitetta-israeliin-kohdistuvan-asevienti-ja-ostosaarron-aloittamiseksi\/","name":"ICAHD Finland tukee kansainv\u00e4list\u00e4 aloitetta Israeliin kohdistuvan asevienti- ja ostosaarron aloittamiseksi. - ICAHD Finland","isPartOf":{"@id":"https:\/\/www.icahd.fi\/#website"},"datePublished":"2011-07-11T19:22:53+00:00","breadcrumb":{"@id":"https:\/\/www.icahd.fi\/en\/icahd-finland-tukee-kansainvalista-aloitetta-israeliin-kohdistuvan-asevienti-ja-ostosaarron-aloittamiseksi\/#breadcrumb"},"inLanguage":"en-GB","potentialAction":[{"@type":"ReadAction","target":["https:\/\/www.icahd.fi\/en\/icahd-finland-tukee-kansainvalista-aloitetta-israeliin-kohdistuvan-asevienti-ja-ostosaarron-aloittamiseksi\/"]}]},{"@type":"BreadcrumbList","@id":"https:\/\/www.icahd.fi\/en\/icahd-finland-tukee-kansainvalista-aloitetta-israeliin-kohdistuvan-asevienti-ja-ostosaarron-aloittamiseksi\/#breadcrumb","itemListElement":[{"@type":"ListItem","position":1,"name":"Home","item":"https:\/\/www.icahd.fi\/"},{"@type":"ListItem","position":2,"name":"ICAHD Finland tukee kansainv\u00e4list\u00e4 aloitetta Israeliin kohdistuvan asevienti- ja ostosaarron aloittamiseksi."}]},{"@type":"WebSite","@id":"https:\/\/www.icahd.fi\/#website","url":"https:\/\/www.icahd.fi\/","name":"In 2012, ICAHD Finland","description":"Yht&auml;l&auml;isten oikeuksien puolesta, Israelin apartheidia vastaan","publisher":{"@id":"https:\/\/www.icahd.fi\/#organization"},"potentialAction":[{"@type":"SearchAction","target":{"@type":"EntryPoint","urlTemplate":"https:\/\/www.icahd.fi\/?s={search_term_string}"},"query-input":{"@type":"PropertyValueSpecification","valueRequired":true,"valueName":"search_term_string"}}],"inLanguage":"en-GB"},{"@type":"Organization","@id":"https:\/\/www.icahd.fi\/#organization","name":"In 2012, ICAHD Finland","url":"https:\/\/www.icahd.fi\/","logo":{"@type":"ImageObject","inLanguage":"en-GB","@id":"https:\/\/www.icahd.fi\/#\/schema\/logo\/image\/","url":"https:\/\/www.icahd.fi\/wp-content\/uploads\/2020\/01\/logo-teksti.png","contentUrl":"https:\/\/www.icahd.fi\/wp-content\/uploads\/2020\/01\/logo-teksti.png","width":300,"height":109,"caption":"ICAHD Finland"},"image":{"@id":"https:\/\/www.icahd.fi\/#\/schema\/logo\/image\/"},"sameAs":["https:\/\/www.facebook.com\/icahdfinland","https:\/\/x.com\/icahdfinland"]},{"@type":"Person","@id":"https:\/\/www.icahd.fi\/#\/schema\/person\/1c69d30d135114d7a3a5d5454cf901f8","name":"Syksy","image":{"@type":"ImageObject","inLanguage":"en-GB","@id":"https:\/\/secure.gravatar.com\/avatar\/c8d8a8636968d9ebbc65828564da9c07ccf771e59b4ee6c4c57fde52c70ab3dc?s=96&d=mm&r=g","url":"https:\/\/secure.gravatar.com\/avatar\/c8d8a8636968d9ebbc65828564da9c07ccf771e59b4ee6c4c57fde52c70ab3dc?s=96&d=mm&r=g","contentUrl":"https:\/\/secure.gravatar.com\/avatar\/c8d8a8636968d9ebbc65828564da9c07ccf771e59b4ee6c4c57fde52c70ab3dc?s=96&d=mm&r=g","caption":"Syksy"}}]}},"acf":[],"_links":{"self":[{"href":"https:\/\/www.icahd.fi\/en\/wp-json\/wp\/v2\/posts\/2433","targetHints":{"allow":["GET"]}}],"collection":[{"href":"https:\/\/www.icahd.fi\/en\/wp-json\/wp\/v2\/posts"}],"about":[{"href":"https:\/\/www.icahd.fi\/en\/wp-json\/wp\/v2\/types\/post"}],"author":[{"embeddable":true,"href":"https:\/\/www.icahd.fi\/en\/wp-json\/wp\/v2\/users\/9"}],"replies":[{"embeddable":true,"href":"https:\/\/www.icahd.fi\/en\/wp-json\/wp\/v2\/comments?post=2433"}],"version-history":[{"count":0,"href":"https:\/\/www.icahd.fi\/en\/wp-json\/wp\/v2\/posts\/2433\/revisions"}],"wp:attachment":[{"href":"https:\/\/www.icahd.fi\/en\/wp-json\/wp\/v2\/media?parent=2433"}],"wp:term":[{"taxonomy":"category","embeddable":true,"href":"https:\/\/www.icahd.fi\/en\/wp-json\/wp\/v2\/categories?post=2433"},{"taxonomy":"post_tag","embeddable":true,"href":"https:\/\/www.icahd.fi\/en\/wp-json\/wp\/v2\/tags?post=2433"}],"curies":[{"name":"wp","href":"https:\/\/api.w.org\/{rel}","templated":true}]}}