{"id":1740,"date":"2010-10-05T21:45:54","date_gmt":"2010-10-05T18:45:54","guid":{"rendered":"http:\/\/icahd.fi\/?p=1740"},"modified":"2010-10-05T21:45:54","modified_gmt":"2010-10-05T18:45:54","slug":"bunta-inte-ihop-kritik-med-antisemitism-goteborgs-posten-23-8-2010","status":"publish","type":"post","link":"https:\/\/www.icahd.fi\/en\/bunta-inte-ihop-kritik-med-antisemitism-goteborgs-posten-23-8-2010\/","title":{"rendered":"Bunta inte ihop kritik med antisemitism (G\u00f6teborgs-Posten 23.8.2010)"},"content":{"rendered":"<p><span style=\"color: #515151;\"><strong>Kommentten :: <\/strong>Medlemmar fr\u00e5n organisationerna, Ship to Gaza och Judar f\u00f6r israelisk-palestinsk fred, kritiserar anv\u00e4ndningen av begreppet antisemitism.<\/span><\/p>\n<div><a href=\"http:\/\/www.gp.se\/nyheter\/debatt\/1.429500-bunta-inte-ihop-kritik-med-antisemitism?articleRenderMode=image&amp;image=bigTop\" rel=\"modal\"><img fetchpriority=\"high\" decoding=\"async\" title=\"Kritik mot Israel utg\u00f6r inte antisemitism, skriver debatt\u00f6rerna. P\u00e5 bilden talar en av artikelns undertecknare, Staffan Gran\u00e9r, vid en manifestation i v\u00e5ras.\" alt=\"Kritik mot Israel utg\u00f6r inte antisemitism, skriver debatt\u00f6rerna. P\u00e5 bilden talar en av artikelns undertecknare, Staffan Gran\u00e9r, vid en manifestation i v\u00e5ras.\" src=\"http:\/\/www.gp.se\/image_processor\/1.429502.1282304618%21\/image\/543772399.jpg_gen\/derivatives\/wide\/543772399.jpg?maxWidth=440\" width=\"440\" height=\"294\" \/><\/a><\/p>\n<div>\n<p>Kritik mot Israel utg\u00f6r inte antisemitism, skriver debatt\u00f6rerna. P\u00e5 bilden talar en av artikelns undertecknare, Staffan Gran\u00e9r, vid en manifestation i v\u00e5ras.<\/p>\n<p><!--more-->Att antisemitiska f\u00f6rest\u00e4llningar breder ut sig i den muslimska v\u00e4rlden liksom att de d\u00e5 och d\u00e5 sticker fram i den israelkritiska r\u00f6relsen \u00e4r allvarligt, men inget sk\u00e4l f\u00f6r att avveckla v\u00e5rt engagemang mot israeliska \u00f6vergrepp. Dock ser vi det som en viktig uppgift att bek\u00e4mpa s\u00e5dana f\u00f6rest\u00e4llningar. Det g\u00e4ller ocks\u00e5 f\u00f6rdomsfullhet och sv\u00e5righeter att skilja mellan begrepp som den israeliska staten, israeler och judar, skriver tre representanter f\u00f6r <strong>Ship to Gaza<\/strong>.<\/p>\n<\/div>\n<\/div>\n<div>\n<h2>Relaterat<\/h2>\n<\/div>\n<div>\n<p>Som engagerade i Mellan\u00f6sternkonflikten sl\u00e5s vi av hur m\u00e5nga som buntar ihop kritik mot Israels \u00f6vergrepp med antisemitism. I den mest extrema argumentationen anklagas kritiken f\u00f6r att utg\u00f6ra en l\u00e4tt f\u00f6rt\u00e4ckt variant av en l\u00e5ng antisemitisk tradition. Mer moderata debatt\u00f6rer kan medge att det finns goda sk\u00e4l att kritisera den israeliska politiken men vill inte engagera sig i fr\u00e5gan eftersom de d\u00e5 ob\u00f6nh\u00f6rligen skulle alliera sig med antisemitism och Israelhat. S\u00e5 resonerade exempelvis Ingrid Lomfors i en ledarkr\u00f6nika i GP f\u00f6r n\u00e5gra veckor sedan. F\u00f6r oss, vars engagemang bland annat grundar sig i v\u00e5r judiska bakgrund och identitet, \u00e4r det en viktig debatt som f\u00e5tt ny aktualitet med frihetsflottiljen till Gaza, den v\u00e4pnade israeliska attacken och det propagandakrig som f\u00f6ljde p\u00e5 den.<\/p>\n<p>Antisemitismen \u00e4r inget hj\u00e4rnsp\u00f6ke. Den har djupa historiska r\u00f6tter som bevattnats av de senaste \u00e5rhundradenas nationella, etniska och religi\u00f6sa chauvinism. Att antisemitiska f\u00f6rest\u00e4llningar breder ut sig i den muslimska v\u00e4rlden liksom att de d\u00e5 och d\u00e5 sticker fram i den israelkritiska r\u00f6relsen \u00e4r allvarligt, men inget sk\u00e4l f\u00f6r att avveckla v\u00e5rt engagemang mot israeliska \u00f6vergrepp. Dock ser vi det som en viktig uppgift att bek\u00e4mpa s\u00e5dana f\u00f6rest\u00e4llningar. Det g\u00e4ller ocks\u00e5 f\u00f6rdomsfullhet och sv\u00e5righeter att skilja mellan begrepp som den israeliska staten, israeler och judar. Det \u00e4r inte s\u00e5 sv\u00e5rt, som somliga verkar tro. Vi \u00e4r ju l\u00e5ngt ifr\u00e5n ensamma.<\/p>\n<p><strong>I spetsen f\u00f6r att bek\u00e4mpa antisemitism<\/strong><\/p>\n<p>De allra flesta vi m\u00f6ter inom den israelkritiska r\u00f6relsen i Sverige delar v\u00e5r uppfattning. Vid \u00e5tskilliga tillf\u00e4llen \u00e4r det palestinska f\u00f6retr\u00e4dare som g\u00e5tt i spetsen f\u00f6r att bek\u00e4mpa varje tendens till antisemitism. Ett av m\u00e5nga exempel \u00e4r Monzer El Sabinis tal i G\u00f6teborg vid manifestationen p\u00e5 Gustav Adolfs torg efter Ship to Gaza-resen\u00e4rernas hemkomst den 4 juni.<\/p>\n<p>Motst\u00e5ndet kommer ofta fr\u00e5n andra h\u00e5ll, inte s\u00e4llan fr\u00e5n judiska organisationer och f\u00f6rsamlingar som g\u00e4rna beskriver Israels regering som f\u00f6retr\u00e4dare f\u00f6r v\u00e4rldens judenhet och d\u00e4rigenom drar slutsatsen att kritik mot Israel har sin grund i antisemitism \u2013 eller \u2013 om den kommer fr\u00e5n judar \u2013 i den dubi\u00f6sa diagnosen judiskt sj\u00e4lvhat. Det drabbar inte bara oss, utan ocks\u00e5 uttalade sionister som exempelvis FN:s utredare av kriget mot Gaza, Richard Goldstone. Det \u00e4r ett h\u00f6gt, cyniskt spel som riskerar att urvattna och trivialisera sj\u00e4lva begreppet antisemitism.<\/p>\n<p>Sammankopplingen av judisk identitet och israelisk politik \u00e4r inte den enda fr\u00e5ga d\u00e4r till synes motsatta positioner i den h\u00e4r konflikten kommer till likartade st\u00e4llningstaganden.<\/p>\n<p><strong>Humanit\u00e4r n\u00f6d<\/strong><\/p>\n<p>Det g\u00e4ller ocks\u00e5 hur man ser p\u00e5 begrepp som stat, nation och medborgarskap. Id\u00e9n om medborgarskap grundat p\u00e5 etnisk och religi\u00f6s konformitet st\u00e5r mot tanken p\u00e5 etnisk och kulturell m\u00e5ngfald, alla m\u00e4nniskors lika r\u00e4ttigheter och samexistens. Historiskt har f\u00f6retr\u00e4dare f\u00f6r v\u00e4rldens judar, av l\u00e4ttf\u00f6rst\u00e5liga sk\u00e4l, ofta argumenterat f\u00f6r den senare linjen. Vi vill g\u00e4rna knyta an till och bygga vidare p\u00e5 denna tradition, n\u00e5got som k\u00e4nns s\u00e4rskilt angel\u00e4get i dessa dagar.<\/p>\n<p>Kollektiv bestraffning \u00e4r fel, oavsett om det g\u00e4ller raketer, artilleribeskjutningar eller vit fosfor riktad mot civilbefolkningen. Det g\u00e4ller ocks\u00e5 den utsv\u00e4ltningspolitik som blockaden av Gaza inneb\u00e4r, d\u00e4r m\u00e5nga palestinier drivs till djup humanit\u00e4r n\u00f6d som vederg\u00e4llning f\u00f6r v\u00e5ld ut\u00f6vat av ett f\u00e5tal och f\u00f6r att vissa av dem f\u00f6ljde Israels och omv\u00e4rldens uppmaningar inf\u00f6r valet 2006, att r\u00f6sta bort den korrupta Fatahregeringen.<\/p>\n<p>F\u00f6r alla som f\u00f6ljer fr\u00e5gan \u00e4r det uppenbart att palestinier drabbas mycket h\u00e5rdare av s\u00e5dan bestraffning. Men varje civil som uts\u00e4tts f\u00f6r vederg\u00e4llning \u00e4r en f\u00f6r mycket. Man beh\u00f6ver inte v\u00e4lja bort sina v\u00e4nner i Tel Aviv f\u00f6r att man engagerar sig mot \u00f6vergreppen i Gaza. Deras s\u00e4kerhet har inte f\u00f6rst\u00e4rks det minsta av att Gazaborna f\u00f6rv\u00e4gras livsmedel, rent vatten, elektricitet, skolb\u00f6cker och \u00e5teruppbyggnad.<\/p>\n<p><strong>Kontraproduktiv blockad<\/strong><\/p>\n<p>Tv\u00e4rtom p\u00e5pekar m\u00e5nga bed\u00f6mare att blockaden av Gaza varit fullst\u00e4ndigt kontraproduktiv. De som f\u00f6respr\u00e5kat, och tj\u00e4nat p\u00e5, det oresonliga hatet och konfrontationen har st\u00e4rkt varandra p\u00e5 b\u00e4gge sidor och f\u00f6ruts\u00e4ttningar f\u00f6r dialog och avsp\u00e4nning har undergr\u00e4vts. N\u00e5gra av f\u00f6ruts\u00e4ttningarna f\u00f6r dialog \u00e4r mat, bost\u00e4der och h\u00e4lsov\u00e5rd, fungerande skolor, att man kan resa och ha ett kulturellt utbyte med omv\u00e4rlden. D\u00e4rf\u00f6r m\u00e5ste vi som vill fred och s\u00e4kerhet f\u00f6r palestinier och israeler konfrontera den olagliga och inhumana blockaden med ickev\u00e5ldsaktioner.<\/p>\n<p><strong>Henry Ascher<\/strong><\/p>\n<p>medlem i Ship to Gaza och i Judar f\u00f6r israelisk-palestinsk fred<\/p>\n<p><strong>Dror Feiler<\/strong><\/p>\n<p>talesperson f\u00f6r Ship to Gaza samt ordf\u00f6rande f\u00f6r Judar f\u00f6r israelisk-palestinsk fred och European Jews for Just Peace<\/p>\n<p><strong>Staffan Gran\u00e9r<\/strong><\/p>\n<p>medlem i Ship to Gaza och i Judar f\u00f6r israelisk-palestinsk fred<\/p>\n<\/div>","protected":false},"excerpt":{"rendered":"<p>Kommentten :: Medlemmar fr\u00e5n organisationerna, Ship to Gaza och Judar f\u00f6r israelisk-palestinsk fred, kritiserar anv\u00e4ndningen av begreppet antisemitism. Kritik mot Israel utg\u00f6r inte antisemitism, skriver debatt\u00f6rerna. P\u00e5 bilden talar en av artikelns undertecknare, Staffan Gran\u00e9r, vid en manifestation i v\u00e5ras.<\/p>","protected":false},"author":9,"featured_media":0,"comment_status":"open","ping_status":"closed","sticky":false,"template":"","format":"standard","meta":{"zakra_page_container_layout":"customizer","zakra_page_sidebar_layout":"customizer","zakra_remove_content_margin":false,"zakra_sidebar":"customizer","zakra_transparent_header":"customizer","zakra_logo":0,"zakra_main_header_style":"default","zakra_menu_item_color":"","zakra_menu_item_hover_color":"","zakra_menu_item_active_color":"","zakra_menu_active_style":"","zakra_page_header":true,"footnotes":""},"categories":[25,28],"tags":[],"class_list":["post-1740","post","type-post","status-publish","format-standard","hentry","category-muut-toimijat","category-svenska"],"yoast_head":"<!-- This site is optimized with the Yoast SEO plugin v27.5 - https:\/\/yoast.com\/product\/yoast-seo-wordpress\/ -->\n<title>Bunta inte ihop kritik med antisemitism (G\u00f6teborgs-Posten 23.8.2010) - ICAHD Finland<\/title>\n<meta name=\"robots\" content=\"index, follow, max-snippet:-1, max-image-preview:large, max-video-preview:-1\" \/>\n<link rel=\"canonical\" href=\"https:\/\/www.icahd.fi\/en\/bunta-inte-ihop-kritik-med-antisemitism-goteborgs-posten-23-8-2010\/\" \/>\n<meta property=\"og:locale\" content=\"en_GB\" \/>\n<meta property=\"og:type\" content=\"article\" \/>\n<meta property=\"og:title\" content=\"Bunta inte ihop kritik med antisemitism (G\u00f6teborgs-Posten 23.8.2010) - ICAHD Finland\" \/>\n<meta property=\"og:description\" content=\"Kommentten :: Medlemmar fr\u00e5n organisationerna, Ship to Gaza och Judar f\u00f6r israelisk-palestinsk fred, kritiserar anv\u00e4ndningen av begreppet antisemitism. Kritik mot Israel utg\u00f6r inte antisemitism, skriver debatt\u00f6rerna. P\u00e5 bilden talar en av artikelns undertecknare, Staffan Gran\u00e9r, vid en manifestation i v\u00e5ras.\" \/>\n<meta property=\"og:url\" content=\"https:\/\/www.icahd.fi\/en\/bunta-inte-ihop-kritik-med-antisemitism-goteborgs-posten-23-8-2010\/\" \/>\n<meta property=\"og:site_name\" content=\"ICAHD Finland\" \/>\n<meta property=\"article:publisher\" content=\"https:\/\/www.facebook.com\/icahdfinland\" \/>\n<meta property=\"article:published_time\" content=\"2010-10-05T18:45:54+00:00\" \/>\n<meta property=\"og:image\" content=\"http:\/\/www.gp.se\/image_processor\/1.429502.1282304618%21\/image\/543772399.jpg_gen\/derivatives\/wide\/543772399.jpg?maxWidth=440\" \/>\n<meta name=\"author\" content=\"Syksy\" \/>\n<meta name=\"twitter:card\" content=\"summary_large_image\" \/>\n<meta name=\"twitter:creator\" content=\"@icahdfinland\" \/>\n<meta name=\"twitter:site\" content=\"@icahdfinland\" \/>\n<meta name=\"twitter:label1\" content=\"Written by\" \/>\n\t<meta name=\"twitter:data1\" content=\"Syksy\" \/>\n\t<meta name=\"twitter:label2\" content=\"Estimated reading time\" \/>\n\t<meta name=\"twitter:data2\" content=\"5 minutes\" \/>\n<script type=\"application\/ld+json\" class=\"yoast-schema-graph\">{\"@context\":\"https:\\\/\\\/schema.org\",\"@graph\":[{\"@type\":\"Article\",\"@id\":\"https:\\\/\\\/www.icahd.fi\\\/en\\\/bunta-inte-ihop-kritik-med-antisemitism-goteborgs-posten-23-8-2010\\\/#article\",\"isPartOf\":{\"@id\":\"https:\\\/\\\/www.icahd.fi\\\/en\\\/bunta-inte-ihop-kritik-med-antisemitism-goteborgs-posten-23-8-2010\\\/\"},\"author\":{\"name\":\"Syksy\",\"@id\":\"https:\\\/\\\/www.icahd.fi\\\/#\\\/schema\\\/person\\\/1c69d30d135114d7a3a5d5454cf901f8\"},\"headline\":\"Bunta inte ihop kritik med antisemitism (G\u00f6teborgs-Posten 23.8.2010)\",\"datePublished\":\"2010-10-05T18:45:54+00:00\",\"mainEntityOfPage\":{\"@id\":\"https:\\\/\\\/www.icahd.fi\\\/en\\\/bunta-inte-ihop-kritik-med-antisemitism-goteborgs-posten-23-8-2010\\\/\"},\"wordCount\":1031,\"commentCount\":0,\"publisher\":{\"@id\":\"https:\\\/\\\/www.icahd.fi\\\/#organization\"},\"image\":{\"@id\":\"https:\\\/\\\/www.icahd.fi\\\/en\\\/bunta-inte-ihop-kritik-med-antisemitism-goteborgs-posten-23-8-2010\\\/#primaryimage\"},\"thumbnailUrl\":\"http:\\\/\\\/www.gp.se\\\/image_processor\\\/1.429502.1282304618%21\\\/image\\\/543772399.jpg_gen\\\/derivatives\\\/wide\\\/543772399.jpg?maxWidth=440\",\"articleSection\":[\"Muut toimijat\",\"Svenska\"],\"inLanguage\":\"en-GB\",\"potentialAction\":[{\"@type\":\"CommentAction\",\"name\":\"Comment\",\"target\":[\"https:\\\/\\\/www.icahd.fi\\\/en\\\/bunta-inte-ihop-kritik-med-antisemitism-goteborgs-posten-23-8-2010\\\/#respond\"]}]},{\"@type\":\"WebPage\",\"@id\":\"https:\\\/\\\/www.icahd.fi\\\/en\\\/bunta-inte-ihop-kritik-med-antisemitism-goteborgs-posten-23-8-2010\\\/\",\"url\":\"https:\\\/\\\/www.icahd.fi\\\/en\\\/bunta-inte-ihop-kritik-med-antisemitism-goteborgs-posten-23-8-2010\\\/\",\"name\":\"Bunta inte ihop kritik med antisemitism (G\u00f6teborgs-Posten 23.8.2010) - ICAHD Finland\",\"isPartOf\":{\"@id\":\"https:\\\/\\\/www.icahd.fi\\\/#website\"},\"primaryImageOfPage\":{\"@id\":\"https:\\\/\\\/www.icahd.fi\\\/en\\\/bunta-inte-ihop-kritik-med-antisemitism-goteborgs-posten-23-8-2010\\\/#primaryimage\"},\"image\":{\"@id\":\"https:\\\/\\\/www.icahd.fi\\\/en\\\/bunta-inte-ihop-kritik-med-antisemitism-goteborgs-posten-23-8-2010\\\/#primaryimage\"},\"thumbnailUrl\":\"http:\\\/\\\/www.gp.se\\\/image_processor\\\/1.429502.1282304618%21\\\/image\\\/543772399.jpg_gen\\\/derivatives\\\/wide\\\/543772399.jpg?maxWidth=440\",\"datePublished\":\"2010-10-05T18:45:54+00:00\",\"breadcrumb\":{\"@id\":\"https:\\\/\\\/www.icahd.fi\\\/en\\\/bunta-inte-ihop-kritik-med-antisemitism-goteborgs-posten-23-8-2010\\\/#breadcrumb\"},\"inLanguage\":\"en-GB\",\"potentialAction\":[{\"@type\":\"ReadAction\",\"target\":[\"https:\\\/\\\/www.icahd.fi\\\/en\\\/bunta-inte-ihop-kritik-med-antisemitism-goteborgs-posten-23-8-2010\\\/\"]}]},{\"@type\":\"ImageObject\",\"inLanguage\":\"en-GB\",\"@id\":\"https:\\\/\\\/www.icahd.fi\\\/en\\\/bunta-inte-ihop-kritik-med-antisemitism-goteborgs-posten-23-8-2010\\\/#primaryimage\",\"url\":\"http:\\\/\\\/www.gp.se\\\/image_processor\\\/1.429502.1282304618%21\\\/image\\\/543772399.jpg_gen\\\/derivatives\\\/wide\\\/543772399.jpg?maxWidth=440\",\"contentUrl\":\"http:\\\/\\\/www.gp.se\\\/image_processor\\\/1.429502.1282304618%21\\\/image\\\/543772399.jpg_gen\\\/derivatives\\\/wide\\\/543772399.jpg?maxWidth=440\"},{\"@type\":\"BreadcrumbList\",\"@id\":\"https:\\\/\\\/www.icahd.fi\\\/en\\\/bunta-inte-ihop-kritik-med-antisemitism-goteborgs-posten-23-8-2010\\\/#breadcrumb\",\"itemListElement\":[{\"@type\":\"ListItem\",\"position\":1,\"name\":\"Home\",\"item\":\"https:\\\/\\\/www.icahd.fi\\\/\"},{\"@type\":\"ListItem\",\"position\":2,\"name\":\"Bunta inte ihop kritik med antisemitism (G\u00f6teborgs-Posten 23.8.2010)\"}]},{\"@type\":\"WebSite\",\"@id\":\"https:\\\/\\\/www.icahd.fi\\\/#website\",\"url\":\"https:\\\/\\\/www.icahd.fi\\\/\",\"name\":\"ICAHD Finland\",\"description\":\"Yht&auml;l&auml;isten oikeuksien puolesta, Israelin apartheidia vastaan\",\"publisher\":{\"@id\":\"https:\\\/\\\/www.icahd.fi\\\/#organization\"},\"potentialAction\":[{\"@type\":\"SearchAction\",\"target\":{\"@type\":\"EntryPoint\",\"urlTemplate\":\"https:\\\/\\\/www.icahd.fi\\\/?s={search_term_string}\"},\"query-input\":{\"@type\":\"PropertyValueSpecification\",\"valueRequired\":true,\"valueName\":\"search_term_string\"}}],\"inLanguage\":\"en-GB\"},{\"@type\":\"Organization\",\"@id\":\"https:\\\/\\\/www.icahd.fi\\\/#organization\",\"name\":\"ICAHD Finland\",\"url\":\"https:\\\/\\\/www.icahd.fi\\\/\",\"logo\":{\"@type\":\"ImageObject\",\"inLanguage\":\"en-GB\",\"@id\":\"https:\\\/\\\/www.icahd.fi\\\/#\\\/schema\\\/logo\\\/image\\\/\",\"url\":\"https:\\\/\\\/www.icahd.fi\\\/wp-content\\\/uploads\\\/2020\\\/01\\\/logo-teksti.png\",\"contentUrl\":\"https:\\\/\\\/www.icahd.fi\\\/wp-content\\\/uploads\\\/2020\\\/01\\\/logo-teksti.png\",\"width\":300,\"height\":109,\"caption\":\"ICAHD Finland\"},\"image\":{\"@id\":\"https:\\\/\\\/www.icahd.fi\\\/#\\\/schema\\\/logo\\\/image\\\/\"},\"sameAs\":[\"https:\\\/\\\/www.facebook.com\\\/icahdfinland\",\"https:\\\/\\\/x.com\\\/icahdfinland\"]},{\"@type\":\"Person\",\"@id\":\"https:\\\/\\\/www.icahd.fi\\\/#\\\/schema\\\/person\\\/1c69d30d135114d7a3a5d5454cf901f8\",\"name\":\"Syksy\",\"image\":{\"@type\":\"ImageObject\",\"inLanguage\":\"en-GB\",\"@id\":\"https:\\\/\\\/secure.gravatar.com\\\/avatar\\\/c8d8a8636968d9ebbc65828564da9c07ccf771e59b4ee6c4c57fde52c70ab3dc?s=96&d=mm&r=g\",\"url\":\"https:\\\/\\\/secure.gravatar.com\\\/avatar\\\/c8d8a8636968d9ebbc65828564da9c07ccf771e59b4ee6c4c57fde52c70ab3dc?s=96&d=mm&r=g\",\"contentUrl\":\"https:\\\/\\\/secure.gravatar.com\\\/avatar\\\/c8d8a8636968d9ebbc65828564da9c07ccf771e59b4ee6c4c57fde52c70ab3dc?s=96&d=mm&r=g\",\"caption\":\"Syksy\"}}]}<\/script>\n<!-- \/ Yoast SEO plugin. -->","yoast_head_json":{"title":"Bunta inte ihop kritik med antisemitism (G\u00f6teborgs-Posten 23.8.2010) - ICAHD Finland","robots":{"index":"index","follow":"follow","max-snippet":"max-snippet:-1","max-image-preview":"max-image-preview:large","max-video-preview":"max-video-preview:-1"},"canonical":"https:\/\/www.icahd.fi\/en\/bunta-inte-ihop-kritik-med-antisemitism-goteborgs-posten-23-8-2010\/","og_locale":"en_GB","og_type":"article","og_title":"Bunta inte ihop kritik med antisemitism (G\u00f6teborgs-Posten 23.8.2010) - ICAHD Finland","og_description":"Kommentten :: Medlemmar fr\u00e5n organisationerna, Ship to Gaza och Judar f\u00f6r israelisk-palestinsk fred, kritiserar anv\u00e4ndningen av begreppet antisemitism. Kritik mot Israel utg\u00f6r inte antisemitism, skriver debatt\u00f6rerna. P\u00e5 bilden talar en av artikelns undertecknare, Staffan Gran\u00e9r, vid en manifestation i v\u00e5ras.","og_url":"https:\/\/www.icahd.fi\/en\/bunta-inte-ihop-kritik-med-antisemitism-goteborgs-posten-23-8-2010\/","og_site_name":"ICAHD Finland","article_publisher":"https:\/\/www.facebook.com\/icahdfinland","article_published_time":"2010-10-05T18:45:54+00:00","og_image":[{"url":"http:\/\/www.gp.se\/image_processor\/1.429502.1282304618%21\/image\/543772399.jpg_gen\/derivatives\/wide\/543772399.jpg?maxWidth=440","type":"","width":"","height":""}],"author":"Syksy","twitter_card":"summary_large_image","twitter_creator":"@icahdfinland","twitter_site":"@icahdfinland","twitter_misc":{"Written by":"Syksy","Estimated reading time":"5 minutes"},"schema":{"@context":"https:\/\/schema.org","@graph":[{"@type":"Article","@id":"https:\/\/www.icahd.fi\/en\/bunta-inte-ihop-kritik-med-antisemitism-goteborgs-posten-23-8-2010\/#article","isPartOf":{"@id":"https:\/\/www.icahd.fi\/en\/bunta-inte-ihop-kritik-med-antisemitism-goteborgs-posten-23-8-2010\/"},"author":{"name":"Syksy","@id":"https:\/\/www.icahd.fi\/#\/schema\/person\/1c69d30d135114d7a3a5d5454cf901f8"},"headline":"Bunta inte ihop kritik med antisemitism (G\u00f6teborgs-Posten 23.8.2010)","datePublished":"2010-10-05T18:45:54+00:00","mainEntityOfPage":{"@id":"https:\/\/www.icahd.fi\/en\/bunta-inte-ihop-kritik-med-antisemitism-goteborgs-posten-23-8-2010\/"},"wordCount":1031,"commentCount":0,"publisher":{"@id":"https:\/\/www.icahd.fi\/#organization"},"image":{"@id":"https:\/\/www.icahd.fi\/en\/bunta-inte-ihop-kritik-med-antisemitism-goteborgs-posten-23-8-2010\/#primaryimage"},"thumbnailUrl":"http:\/\/www.gp.se\/image_processor\/1.429502.1282304618%21\/image\/543772399.jpg_gen\/derivatives\/wide\/543772399.jpg?maxWidth=440","articleSection":["Muut toimijat","Svenska"],"inLanguage":"en-GB","potentialAction":[{"@type":"CommentAction","name":"Comment","target":["https:\/\/www.icahd.fi\/en\/bunta-inte-ihop-kritik-med-antisemitism-goteborgs-posten-23-8-2010\/#respond"]}]},{"@type":"WebPage","@id":"https:\/\/www.icahd.fi\/en\/bunta-inte-ihop-kritik-med-antisemitism-goteborgs-posten-23-8-2010\/","url":"https:\/\/www.icahd.fi\/en\/bunta-inte-ihop-kritik-med-antisemitism-goteborgs-posten-23-8-2010\/","name":"Bunta inte ihop kritik med antisemitism (G\u00f6teborgs-Posten 23.8.2010) - ICAHD Finland","isPartOf":{"@id":"https:\/\/www.icahd.fi\/#website"},"primaryImageOfPage":{"@id":"https:\/\/www.icahd.fi\/en\/bunta-inte-ihop-kritik-med-antisemitism-goteborgs-posten-23-8-2010\/#primaryimage"},"image":{"@id":"https:\/\/www.icahd.fi\/en\/bunta-inte-ihop-kritik-med-antisemitism-goteborgs-posten-23-8-2010\/#primaryimage"},"thumbnailUrl":"http:\/\/www.gp.se\/image_processor\/1.429502.1282304618%21\/image\/543772399.jpg_gen\/derivatives\/wide\/543772399.jpg?maxWidth=440","datePublished":"2010-10-05T18:45:54+00:00","breadcrumb":{"@id":"https:\/\/www.icahd.fi\/en\/bunta-inte-ihop-kritik-med-antisemitism-goteborgs-posten-23-8-2010\/#breadcrumb"},"inLanguage":"en-GB","potentialAction":[{"@type":"ReadAction","target":["https:\/\/www.icahd.fi\/en\/bunta-inte-ihop-kritik-med-antisemitism-goteborgs-posten-23-8-2010\/"]}]},{"@type":"ImageObject","inLanguage":"en-GB","@id":"https:\/\/www.icahd.fi\/en\/bunta-inte-ihop-kritik-med-antisemitism-goteborgs-posten-23-8-2010\/#primaryimage","url":"http:\/\/www.gp.se\/image_processor\/1.429502.1282304618%21\/image\/543772399.jpg_gen\/derivatives\/wide\/543772399.jpg?maxWidth=440","contentUrl":"http:\/\/www.gp.se\/image_processor\/1.429502.1282304618%21\/image\/543772399.jpg_gen\/derivatives\/wide\/543772399.jpg?maxWidth=440"},{"@type":"BreadcrumbList","@id":"https:\/\/www.icahd.fi\/en\/bunta-inte-ihop-kritik-med-antisemitism-goteborgs-posten-23-8-2010\/#breadcrumb","itemListElement":[{"@type":"ListItem","position":1,"name":"Home","item":"https:\/\/www.icahd.fi\/"},{"@type":"ListItem","position":2,"name":"Bunta inte ihop kritik med antisemitism (G\u00f6teborgs-Posten 23.8.2010)"}]},{"@type":"WebSite","@id":"https:\/\/www.icahd.fi\/#website","url":"https:\/\/www.icahd.fi\/","name":"In 2012, ICAHD Finland","description":"Yht&auml;l&auml;isten oikeuksien puolesta, Israelin apartheidia vastaan","publisher":{"@id":"https:\/\/www.icahd.fi\/#organization"},"potentialAction":[{"@type":"SearchAction","target":{"@type":"EntryPoint","urlTemplate":"https:\/\/www.icahd.fi\/?s={search_term_string}"},"query-input":{"@type":"PropertyValueSpecification","valueRequired":true,"valueName":"search_term_string"}}],"inLanguage":"en-GB"},{"@type":"Organization","@id":"https:\/\/www.icahd.fi\/#organization","name":"In 2012, ICAHD Finland","url":"https:\/\/www.icahd.fi\/","logo":{"@type":"ImageObject","inLanguage":"en-GB","@id":"https:\/\/www.icahd.fi\/#\/schema\/logo\/image\/","url":"https:\/\/www.icahd.fi\/wp-content\/uploads\/2020\/01\/logo-teksti.png","contentUrl":"https:\/\/www.icahd.fi\/wp-content\/uploads\/2020\/01\/logo-teksti.png","width":300,"height":109,"caption":"ICAHD Finland"},"image":{"@id":"https:\/\/www.icahd.fi\/#\/schema\/logo\/image\/"},"sameAs":["https:\/\/www.facebook.com\/icahdfinland","https:\/\/x.com\/icahdfinland"]},{"@type":"Person","@id":"https:\/\/www.icahd.fi\/#\/schema\/person\/1c69d30d135114d7a3a5d5454cf901f8","name":"Syksy","image":{"@type":"ImageObject","inLanguage":"en-GB","@id":"https:\/\/secure.gravatar.com\/avatar\/c8d8a8636968d9ebbc65828564da9c07ccf771e59b4ee6c4c57fde52c70ab3dc?s=96&d=mm&r=g","url":"https:\/\/secure.gravatar.com\/avatar\/c8d8a8636968d9ebbc65828564da9c07ccf771e59b4ee6c4c57fde52c70ab3dc?s=96&d=mm&r=g","contentUrl":"https:\/\/secure.gravatar.com\/avatar\/c8d8a8636968d9ebbc65828564da9c07ccf771e59b4ee6c4c57fde52c70ab3dc?s=96&d=mm&r=g","caption":"Syksy"}}]}},"acf":[],"_links":{"self":[{"href":"https:\/\/www.icahd.fi\/en\/wp-json\/wp\/v2\/posts\/1740","targetHints":{"allow":["GET"]}}],"collection":[{"href":"https:\/\/www.icahd.fi\/en\/wp-json\/wp\/v2\/posts"}],"about":[{"href":"https:\/\/www.icahd.fi\/en\/wp-json\/wp\/v2\/types\/post"}],"author":[{"embeddable":true,"href":"https:\/\/www.icahd.fi\/en\/wp-json\/wp\/v2\/users\/9"}],"replies":[{"embeddable":true,"href":"https:\/\/www.icahd.fi\/en\/wp-json\/wp\/v2\/comments?post=1740"}],"version-history":[{"count":0,"href":"https:\/\/www.icahd.fi\/en\/wp-json\/wp\/v2\/posts\/1740\/revisions"}],"wp:attachment":[{"href":"https:\/\/www.icahd.fi\/en\/wp-json\/wp\/v2\/media?parent=1740"}],"wp:term":[{"taxonomy":"category","embeddable":true,"href":"https:\/\/www.icahd.fi\/en\/wp-json\/wp\/v2\/categories?post=1740"},{"taxonomy":"post_tag","embeddable":true,"href":"https:\/\/www.icahd.fi\/en\/wp-json\/wp\/v2\/tags?post=1740"}],"curies":[{"name":"wp","href":"https:\/\/api.w.org\/{rel}","templated":true}]}}