{"id":15817,"date":"2024-11-08T00:51:54","date_gmt":"2024-11-07T22:51:54","guid":{"rendered":"https:\/\/www.icahd.fi\/?p=15817"},"modified":"2024-11-11T13:09:59","modified_gmt":"2024-11-11T11:09:59","slug":"tiedote-israelilainen-ja-palestiinalainen-asiantuntija-puhuvat-suomessa-demokratiasta-palestiina-jarjesto-icahd-finland-tayttaa-15-vuotta-ja-lakkautetaan","status":"publish","type":"post","link":"https:\/\/www.icahd.fi\/en\/tiedote-israelilainen-ja-palestiinalainen-asiantuntija-puhuvat-suomessa-demokratiasta-palestiina-jarjesto-icahd-finland-tayttaa-15-vuotta-ja-lakkautetaan\/","title":{"rendered":"Tiedote: Israelilainen ja palestiinalainen asiantuntija puhuvat Suomessa demokratiasta \u2013 Palestiina-j\u00e4rjest\u00f6 ICAHD Finland t\u00e4ytt\u00e4\u00e4 15 vuotta ja lakkautetaan"},"content":{"rendered":"<p><strong><u>TIEDOTE<\/u><\/strong><\/p>\n\n\n\n<p>Julkaisuvapaa 11.11.2024<\/p>\n\n\n\n<p><strong>Israelilainen ja palestiinalainen asiantuntija puhuvat Suomessa demokratiasta \u2013 Palestiina-j\u00e4rjest\u00f6 ICAHD Finland t\u00e4ytt\u00e4\u00e4 15 vuotta ja lakkautetaan<\/strong><\/p>\n\n\n\n<p>Mit\u00e4 tapahtuu, kun kansanmurha Gazassa loppuu? Mik\u00e4 on Palestiinan tulevaisuus? Suomi, EU ja YK puhuvat kahden valtion mallista, miss\u00e4 Israelin miehitysvalta lopetetaan ja perustetaan palestiinalaisvaltio Gazaan, L\u00e4nsirannalle ja It\u00e4-Jerusalemiin. T\u00e4m\u00e4n toteutuminen vaikuttaa kuitenkin olevan yh\u00e4 kauempana.<\/p>\n\n\n\n<p>Toinen esitetty vaihtoehto on Etel\u00e4-Afrikan mallin mukainen ratkaisu, miss\u00e4 koko alueelle perustetaan yksi demokraattinen valtio, jossa kaikilla on yht\u00e4l\u00e4iset oikeudet ja mihin palestiinalaiset pakolaiset saavat palata. Onko t\u00e4m\u00e4 sen realistisempaa?<\/p>\n\n\n\n<p>Asiasta on k\u00e4yty pitk\u00e4\u00e4n keskustelua, ja marraskuun 18.-19. p\u00e4iv\u00e4 Suomessa vierailee kaksi aiheeseen perehtynytt\u00e4 tutkijaa, <strong>Nadia Naser-Najjab<\/strong> and the <strong>Jeff Halper<\/strong>, jotka ovat my\u00f6s mukana demokratiaa ajavassa liikkeess\u00e4.<\/p>\n\n\n\n<p>Nadia Naser-Najjab on Exeterin yliopiston tutkija, joka on perehtynyt rauhanprosessiin ja kansalaisyhteiskunnan rooliin, ja oli 90-luvulla koordinoimassa palestiinalaisia ja israelilaisia yhteen tuoneita dialogihankkeita. Jeff Halper on antropologi ja pitk\u00e4n linjan israelilainen aktivisti, joka on j\u00e4rjest\u00f6n Israeli Committee Against House Demolitions (ICAHD) johtaja ja perustajaj\u00e4sen.<\/p>\n\n\n\n<p>Molemmat ovat mukana liikkeess\u00e4 <a href=\"https:\/\/onestatecampaign.org\/en\/\">One Democratic State Campaign<\/a>, joka pyrkii muuttamaan Israelin apartheid-valtion demokratiaksi ja purkamaan kolonialismin Palestiinassa. Liike toimii Israelissa ja Miehitetyill\u00e4 palestiinalaisalueilla, ja se on muun muassa luonnostellut demokraattisen valtion perustuslakia.<\/p>\n\n\n\n<p>Naser-Najjab ja Halper puhuvat <strong>maanantaina 18.11. kello 17<\/strong> Helsingiss\u00e4 Tekstin talon Parvisalissa. Nadia Naser-Najjab puhuu otsikolla <em>The mirage of the two-state Solution: Future Prospects<\/em> ja Jeff Halper otsikolla <em>From Genocide in Gaza to One Democratic State<\/em>.<\/p>\n\n\n\n<p>Tilaisuudessa puhuu my\u00f6s kansanedustaja <strong>Veronika Honkasalo<\/strong> (vas). Honkasalo on eduskunnan Palestiina-ryhm\u00e4n puheenjohtaja, ja on tuonut vuonna <a href=\"https:\/\/www.eduskunta.fi\/FI\/vaski\/Lakialoite\/Sivut\/LA_3+2022.aspx\">2022<\/a> and the <a href=\"https:\/\/www.ku.fi\/artikkeli\/5008902-vastaisku-israelin-harjoittamalle-miehitykselle-honkasalo-esittaa-tuontikieltoa-siirtokunnille\">t\u00e4n\u00e4 vuonna 2024<\/a> eduskuntaan lakiesityksen tuonnin kielt\u00e4misest\u00e4 laittomista siirtokunnista. Suomi oli toinen Euroopan maa (Irlannin j\u00e4lkeen), miss\u00e4 t\u00e4llaista lakialoitetta k\u00e4siteltiin parlamentissa.<\/p>\n\n\n\n<p>ICAHD Finlandin perustaja ja ensimm\u00e4inen puheenjohtaja <strong>Bruno J\u00e4ntti<\/strong> ja sen nykyinen puheenjohtaja <strong>Syksy R\u00e4s\u00e4nen<\/strong> puhuvat tilaisuudessa vuonna 2009 perustetun ICAHDin Suomen haaran ICAHD Finland toiminnasta ja saavutuksista, ja k\u00e4yv\u00e4t l\u00e4pi Palestiina-solidaarisuusty\u00f6n kehityst\u00e4 viimeisten 15 vuoden ajalta. ICAHD Finland lakkautetaan vuoden loppuun menness\u00e4, koska solidaarisuustoiminta on siirtynyt palestiinalaisvetoiseen j\u00e4rjest\u00f6\u00f6n Sumud.<\/p>\n\n\n\n<p>Tilaisuuden j\u00e4rjest\u00e4v\u00e4t yhteisty\u00f6ss\u00e4 Israeli Committee Against House Demolitions (ICAHD) Finland ja Sumud \u2013 Suomen Palestiina-verkosto.<\/p>\n\n\n\n<p>Naser-Najjab ja Halper tapaavat Suomessa my\u00f6s arkkipiispa Tapio Luoman neuvonantajan ja puhuvat eduskunnan Palestiina-ryhm\u00e4n ja ihmisoikeusverkoston tilaisuudessa kansanedustajille.<\/p>\n\n\n\n<p>Naser-Najjabia, Halperia ja R\u00e4s\u00e4st\u00e4 on <strong>mahdollista haastatella 18.-19. marraskuuta<\/strong>.<\/p>\n\n\n\n<p>Haastattelupyynn\u00f6t ja lis\u00e4tiedot: Syksy R\u00e4s\u00e4nen, syksy.rasanen@iki.fi.<\/p>\n\n\n\n<p>Tapahtuman Facebook-sivu: <a href=\"https:\/\/www.facebook.com\/events\/8021727767928475\/\">https:\/\/www.facebook.com\/events\/8021727767928475\/<\/a><\/p>\n\n\n\n<p><strong>Lis\u00e4tietoa puhujista<\/strong><\/p>\n\n\n\n<p><span style=\"text-decoration: underline;\">Nadia Naser-Najjab<\/span><\/p>\n\n\n\n<p>Nadia Naser-Najjab on palestiinantutkimuksen vanhempi luennoitsija Iso-Britannian Exeterin yliopiston European Centre for Palestinian Studies -tutkimuslaitoksessa sek\u00e4 arabian ja islamintutkimuksen instituutissa. H\u00e4n oli aiemmin apulaisprofessori Birzeitin yliopiston filosofian ja kulttuurintutkimuksen osastolla miehitetyll\u00e4 L\u00e4nsirannalla. Naser-Najjab on tutkinut erityisesti rauhanprosessia, vastarintaa ja kansalaisyhteiskunnan roolia.<\/p>\n\n\n\n<p>H\u00e4n on mukana palestiinalaisvetoisessa <a href=\"https:\/\/onestatecampaign.org\/en\/\">One Democratic State Campaign<\/a> -liikkeess\u00e4. Liike pyrkii muuttamaan Israelin ja Miehitetyt palestiinalaisalueet demokraattiseksi valtioksi.<\/p>\n\n\n\n<p>Naser-Najjabin uusin, tammikuussa 2024 ilmestynyt, kirja on <em>Covid-19 in Palestine: The Settler Colonial Context<\/em>. Kirjassa h\u00e4n k\u00e4sittelee sit\u00e4, miten Israel k\u00e4ytti pandemiaa tiukentaakseen valtaansa palestiinalaisten el\u00e4m\u00e4\u00e4n, mm. tuhoamalla terveysklinikoita ja ottamalla k\u00e4ytt\u00f6\u00f6n terrorismin uhalla oikeutetun tietokannan palestiinalaisten seuraamiseen.<\/p>\n\n\n\n<p>H\u00e4nen edellinen kirjansa oli vuonna 2020 julkaistu <em>Dialogue in Palestine: The People-to-People Diplomacy Programme and the Israeli-Palestinian Conflict<\/em>. Kirjassa h\u00e4n k\u00e4sittelee sit\u00e4, miten EU:n ja muiden toimijoiden rahoittama hankkeet israelilaisten ja palestiinalaisten saattamiseksi dialogiin ovat yll\u00e4pit\u00e4neet miehityksen valtarakenteita. Nasser-Najab oli mukana koordinoimassa t\u00e4llaisia hankkeita 1990-luvulla.<\/p>\n\n\n\n<p><span style=\"text-decoration: underline;\">Jeff Halper<\/span><\/p>\n\n\n\n<p>Jeff Halper on israelilainen antropologi sek\u00e4 ICAHDin (Israeli Committee Against House Demolitions) perustajaj\u00e4sen ja johtaja. H\u00e4nen on toiminut Israelin miehityksen vastaisen liikkeen keski\u00f6ss\u00e4. H\u00e4n on my\u00f6s palestiinalaisvetoisen <a href=\"https:\/\/onestatecampaign.org\/en\/\">One Democratic State Campaign<\/a> -liikkeen perustajaj\u00e4sen. Liike pyrkii muuttamaan Israelin ja Miehitetyt palestiinalaisalueet demokraattiseksi valtioksi.<\/p>\n\n\n\n<p>H\u00e4n on kirjoittanut useita kirjoja, muun muassa h\u00e4nen miehityksen vastaista ty\u00f6t\u00e4\u00e4n k\u00e4sittelev\u00e4n <em>An Israeli in Palestine <\/em>sek\u00e4 Palestiinaa, asekauppoja ja globaalia turvallistamisen ideologiaa k\u00e4sittelev\u00e4n<em>War Against the People: Israel, the Palestinians and Global Pacification<\/em>. H\u00e4nen uusin kirjansa <em>Decolonizing Israel, Liberating Palestine: Zionism, Settler Colonialism and the Case for One Democratic State<\/em> k\u00e4sittelee sit\u00e4, millaisten periaatteiden varaan demokraattinen valtio Israelissa\/Palestiinassa pit\u00e4isi rakentaa, ja miten siihen p\u00e4\u00e4st\u00e4\u00e4n.<\/p>\n\n\n\n<p>Vuonna 2008 Jeff Halper oli mukana ensimm\u00e4isess\u00e4 yrityksess\u00e4 murtaa Gazan saarto merelt\u00e4 k\u00e4sin purjehtimalla Gazaan. Yritys onnistui, ja h\u00e4n vieraili Gazassa vaikka Israelin hallitus oli tehnyt siit\u00e4 laitonta.<\/p>\n\n\n\n<p>Halper on ollut YK:n palestiinalaisten luovuttamattomien oikeuksien komiteassa (United Nations Committee on the Exercise of the Inalienable Rights of the Palestinian People). H\u00e4n oli Bertrand Russellin mukaan nimetyn kansalaisyhteiskunnan Palestiina-tuomioistuimen kansainv\u00e4lisen tukikomitean j\u00e4sen. Tuomioistuimella oli merkitt\u00e4v\u00e4 rooli Israelin sotarikosten ja apartheidin dokumentoimisessa ja analysoimisessa. Vuonna 2006 American Friends Service Committee nimitti Jeff Halperin ehdokkaaksi Nobelin rauhanpalkinnolle, yhdess\u00e4 palestiinalaisen Ghassan Andonin kanssa.<\/p>\n\n\n\n<p><strong>Lis\u00e4tietoja j\u00e4rjest\u00e4jist\u00e4<\/strong><\/p>\n\n\n\n<p>Israeli Committee Against House Demolitions (ICAHD) on 1997 perustettu israelilainen j\u00e4rjest\u00f6. Se toimii yhteisty\u00f6ss\u00e4 palestiinalaisten kanssa Israelin miehityksen ja apartheidin lopettamiseksi tavalla, joka noudattaisi kansainv\u00e4list\u00e4 oikeutta ja takaisi kaikkien Israelin\/Palestiinan alueella asuvien oikeudet. ICAHD Finland on vuonna 2009 perustettu Suomen haara. ICAHDilla on Israelin ja Suomen lis\u00e4ksi haarat my\u00f6s, Iso-Britanniassa, Saksassa ja Yhdysvalloissa.<\/p>\n\n\n\n<p>Sumud \u2013 Suomen Palestiina-verkosto on kes\u00e4ll\u00e4 2023 perustettu intersektionaalinen yhdistys, joka ty\u00f6skentelee Israelin apartheidin, miehityksen, kolonialismin ja kansanmurhan lopettamiseksi sek\u00e4 palestiinalaisten ihmisoikeuksien ja poliittisten oikeuksien toteuttamiseksi. Se on johtava Palestiina-solidaarisuusj\u00e4rjest\u00f6 Suomessa.<\/p>","protected":false},"excerpt":{"rendered":"<p>TIEDOTE Julkaisuvapaa 11.11.2024 Israelilainen ja palestiinalainen asiantuntija puhuvat Suomessa demokratiasta \u2013 Palestiina-j\u00e4rjest\u00f6 ICAHD Finland t\u00e4ytt\u00e4\u00e4 15 vuotta ja lakkautetaan Mit\u00e4 tapahtuu, kun kansanmurha Gazassa loppuu? Mik\u00e4 on Palestiinan tulevaisuus? Suomi, EU ja YK puhuvat kahden valtion mallista, miss\u00e4 Israelin miehitysvalta lopetetaan ja perustetaan palestiinalaisvaltio Gazaan, L\u00e4nsirannalle ja It\u00e4-Jerusalemiin. T\u00e4m\u00e4n toteutuminen vaikuttaa kuitenkin olevan yh\u00e4 kauempana. [&hellip;]<\/p>\n","protected":false},"author":9,"featured_media":15818,"comment_status":"closed","ping_status":"closed","sticky":false,"template":"","format":"standard","meta":{"zakra_page_container_layout":"customizer","zakra_page_sidebar_layout":"customizer","zakra_remove_content_margin":false,"zakra_sidebar":"customizer","zakra_transparent_header":"customizer","zakra_logo":0,"zakra_main_header_style":"default","zakra_menu_item_color":"","zakra_menu_item_hover_color":"","zakra_menu_item_active_color":"","zakra_menu_active_style":"","zakra_page_header":true,"footnotes":""},"categories":[33,240,29],"tags":[],"class_list":["post-15817","post","type-post","status-publish","format-standard","has-post-thumbnail","hentry","category-tapahtumat","category-tiedotteet","category-uutiset"],"yoast_head":"<!-- This site is optimized with the Yoast SEO plugin v27.5 - https:\/\/yoast.com\/product\/yoast-seo-wordpress\/ -->\n<title>Tiedote: Israelilainen ja palestiinalainen asiantuntija puhuvat Suomessa demokratiasta \u2013 Palestiina-j\u00e4rjest\u00f6 ICAHD Finland t\u00e4ytt\u00e4\u00e4 15 vuotta ja lakkautetaan - ICAHD Finland<\/title>\n<meta name=\"robots\" content=\"index, follow, max-snippet:-1, max-image-preview:large, max-video-preview:-1\" \/>\n<link rel=\"canonical\" href=\"https:\/\/www.icahd.fi\/en\/tiedote-israelilainen-ja-palestiinalainen-asiantuntija-puhuvat-suomessa-demokratiasta-palestiina-jarjesto-icahd-finland-tayttaa-15-vuotta-ja-lakkautetaan\/\" \/>\n<meta property=\"og:locale\" content=\"en_GB\" \/>\n<meta property=\"og:type\" content=\"article\" \/>\n<meta property=\"og:title\" content=\"Tiedote: Israelilainen ja palestiinalainen asiantuntija puhuvat Suomessa demokratiasta \u2013 Palestiina-j\u00e4rjest\u00f6 ICAHD Finland t\u00e4ytt\u00e4\u00e4 15 vuotta ja lakkautetaan - ICAHD Finland\" \/>\n<meta property=\"og:description\" content=\"TIEDOTE Julkaisuvapaa 11.11.2024 Israelilainen ja palestiinalainen asiantuntija puhuvat Suomessa demokratiasta \u2013 Palestiina-j\u00e4rjest\u00f6 ICAHD Finland t\u00e4ytt\u00e4\u00e4 15 vuotta ja lakkautetaan Mit\u00e4 tapahtuu, kun kansanmurha Gazassa loppuu? Mik\u00e4 on Palestiinan tulevaisuus? Suomi, EU ja YK puhuvat kahden valtion mallista, miss\u00e4 Israelin miehitysvalta lopetetaan ja perustetaan palestiinalaisvaltio Gazaan, L\u00e4nsirannalle ja It\u00e4-Jerusalemiin. T\u00e4m\u00e4n toteutuminen vaikuttaa kuitenkin olevan yh\u00e4 kauempana. [&hellip;]\" \/>\n<meta property=\"og:url\" content=\"https:\/\/www.icahd.fi\/en\/tiedote-israelilainen-ja-palestiinalainen-asiantuntija-puhuvat-suomessa-demokratiasta-palestiina-jarjesto-icahd-finland-tayttaa-15-vuotta-ja-lakkautetaan\/\" \/>\n<meta property=\"og:site_name\" content=\"ICAHD Finland\" \/>\n<meta property=\"article:publisher\" content=\"https:\/\/www.facebook.com\/icahdfinland\" \/>\n<meta property=\"article:published_time\" content=\"2024-11-07T22:51:54+00:00\" \/>\n<meta property=\"article:modified_time\" content=\"2024-11-11T11:09:59+00:00\" \/>\n<meta property=\"og:image\" content=\"https:\/\/www.icahd.fi\/wp-content\/uploads\/2024\/11\/netti.png\" \/>\n\t<meta property=\"og:image:width\" content=\"1080\" \/>\n\t<meta property=\"og:image:height\" content=\"1080\" \/>\n\t<meta property=\"og:image:type\" content=\"image\/png\" \/>\n<meta name=\"author\" content=\"Syksy\" \/>\n<meta name=\"twitter:card\" content=\"summary_large_image\" \/>\n<meta name=\"twitter:creator\" content=\"@icahdfinland\" \/>\n<meta name=\"twitter:site\" content=\"@icahdfinland\" \/>\n<meta name=\"twitter:label1\" content=\"Written by\" \/>\n\t<meta name=\"twitter:data1\" content=\"Syksy\" \/>\n\t<meta name=\"twitter:label2\" content=\"Estimated reading time\" \/>\n\t<meta name=\"twitter:data2\" content=\"6 minutes\" \/>\n<script type=\"application\/ld+json\" class=\"yoast-schema-graph\">{\"@context\":\"https:\\\/\\\/schema.org\",\"@graph\":[{\"@type\":\"Article\",\"@id\":\"https:\\\/\\\/www.icahd.fi\\\/tiedote-israelilainen-ja-palestiinalainen-asiantuntija-puhuvat-suomessa-demokratiasta-palestiina-jarjesto-icahd-finland-tayttaa-15-vuotta-ja-lakkautetaan\\\/#article\",\"isPartOf\":{\"@id\":\"https:\\\/\\\/www.icahd.fi\\\/tiedote-israelilainen-ja-palestiinalainen-asiantuntija-puhuvat-suomessa-demokratiasta-palestiina-jarjesto-icahd-finland-tayttaa-15-vuotta-ja-lakkautetaan\\\/\"},\"author\":{\"name\":\"Syksy\",\"@id\":\"https:\\\/\\\/www.icahd.fi\\\/#\\\/schema\\\/person\\\/1c69d30d135114d7a3a5d5454cf901f8\"},\"headline\":\"Tiedote: Israelilainen ja palestiinalainen asiantuntija puhuvat Suomessa demokratiasta \u2013 Palestiina-j\u00e4rjest\u00f6 ICAHD Finland t\u00e4ytt\u00e4\u00e4 15 vuotta ja lakkautetaan\",\"datePublished\":\"2024-11-07T22:51:54+00:00\",\"dateModified\":\"2024-11-11T11:09:59+00:00\",\"mainEntityOfPage\":{\"@id\":\"https:\\\/\\\/www.icahd.fi\\\/tiedote-israelilainen-ja-palestiinalainen-asiantuntija-puhuvat-suomessa-demokratiasta-palestiina-jarjesto-icahd-finland-tayttaa-15-vuotta-ja-lakkautetaan\\\/\"},\"wordCount\":904,\"publisher\":{\"@id\":\"https:\\\/\\\/www.icahd.fi\\\/#organization\"},\"image\":{\"@id\":\"https:\\\/\\\/www.icahd.fi\\\/tiedote-israelilainen-ja-palestiinalainen-asiantuntija-puhuvat-suomessa-demokratiasta-palestiina-jarjesto-icahd-finland-tayttaa-15-vuotta-ja-lakkautetaan\\\/#primaryimage\"},\"thumbnailUrl\":\"https:\\\/\\\/www.icahd.fi\\\/wp-content\\\/uploads\\\/2024\\\/11\\\/netti.png\",\"articleSection\":[\"Tapahtumat\",\"Tiedotteet\",\"Uutiset\"],\"inLanguage\":\"en-GB\"},{\"@type\":\"WebPage\",\"@id\":\"https:\\\/\\\/www.icahd.fi\\\/tiedote-israelilainen-ja-palestiinalainen-asiantuntija-puhuvat-suomessa-demokratiasta-palestiina-jarjesto-icahd-finland-tayttaa-15-vuotta-ja-lakkautetaan\\\/\",\"url\":\"https:\\\/\\\/www.icahd.fi\\\/tiedote-israelilainen-ja-palestiinalainen-asiantuntija-puhuvat-suomessa-demokratiasta-palestiina-jarjesto-icahd-finland-tayttaa-15-vuotta-ja-lakkautetaan\\\/\",\"name\":\"Tiedote: Israelilainen ja palestiinalainen asiantuntija puhuvat Suomessa demokratiasta \u2013 Palestiina-j\u00e4rjest\u00f6 ICAHD Finland t\u00e4ytt\u00e4\u00e4 15 vuotta ja lakkautetaan - ICAHD Finland\",\"isPartOf\":{\"@id\":\"https:\\\/\\\/www.icahd.fi\\\/#website\"},\"primaryImageOfPage\":{\"@id\":\"https:\\\/\\\/www.icahd.fi\\\/tiedote-israelilainen-ja-palestiinalainen-asiantuntija-puhuvat-suomessa-demokratiasta-palestiina-jarjesto-icahd-finland-tayttaa-15-vuotta-ja-lakkautetaan\\\/#primaryimage\"},\"image\":{\"@id\":\"https:\\\/\\\/www.icahd.fi\\\/tiedote-israelilainen-ja-palestiinalainen-asiantuntija-puhuvat-suomessa-demokratiasta-palestiina-jarjesto-icahd-finland-tayttaa-15-vuotta-ja-lakkautetaan\\\/#primaryimage\"},\"thumbnailUrl\":\"https:\\\/\\\/www.icahd.fi\\\/wp-content\\\/uploads\\\/2024\\\/11\\\/netti.png\",\"datePublished\":\"2024-11-07T22:51:54+00:00\",\"dateModified\":\"2024-11-11T11:09:59+00:00\",\"breadcrumb\":{\"@id\":\"https:\\\/\\\/www.icahd.fi\\\/tiedote-israelilainen-ja-palestiinalainen-asiantuntija-puhuvat-suomessa-demokratiasta-palestiina-jarjesto-icahd-finland-tayttaa-15-vuotta-ja-lakkautetaan\\\/#breadcrumb\"},\"inLanguage\":\"en-GB\",\"potentialAction\":[{\"@type\":\"ReadAction\",\"target\":[\"https:\\\/\\\/www.icahd.fi\\\/tiedote-israelilainen-ja-palestiinalainen-asiantuntija-puhuvat-suomessa-demokratiasta-palestiina-jarjesto-icahd-finland-tayttaa-15-vuotta-ja-lakkautetaan\\\/\"]}]},{\"@type\":\"ImageObject\",\"inLanguage\":\"en-GB\",\"@id\":\"https:\\\/\\\/www.icahd.fi\\\/tiedote-israelilainen-ja-palestiinalainen-asiantuntija-puhuvat-suomessa-demokratiasta-palestiina-jarjesto-icahd-finland-tayttaa-15-vuotta-ja-lakkautetaan\\\/#primaryimage\",\"url\":\"https:\\\/\\\/www.icahd.fi\\\/wp-content\\\/uploads\\\/2024\\\/11\\\/netti.png\",\"contentUrl\":\"https:\\\/\\\/www.icahd.fi\\\/wp-content\\\/uploads\\\/2024\\\/11\\\/netti.png\",\"width\":1080,\"height\":1080},{\"@type\":\"BreadcrumbList\",\"@id\":\"https:\\\/\\\/www.icahd.fi\\\/tiedote-israelilainen-ja-palestiinalainen-asiantuntija-puhuvat-suomessa-demokratiasta-palestiina-jarjesto-icahd-finland-tayttaa-15-vuotta-ja-lakkautetaan\\\/#breadcrumb\",\"itemListElement\":[{\"@type\":\"ListItem\",\"position\":1,\"name\":\"Home\",\"item\":\"https:\\\/\\\/www.icahd.fi\\\/\"},{\"@type\":\"ListItem\",\"position\":2,\"name\":\"Tiedote: Israelilainen ja palestiinalainen asiantuntija puhuvat Suomessa demokratiasta \u2013 Palestiina-j\u00e4rjest\u00f6 ICAHD Finland t\u00e4ytt\u00e4\u00e4 15 vuotta ja lakkautetaan\"}]},{\"@type\":\"WebSite\",\"@id\":\"https:\\\/\\\/www.icahd.fi\\\/#website\",\"url\":\"https:\\\/\\\/www.icahd.fi\\\/\",\"name\":\"ICAHD Finland\",\"description\":\"Yht&auml;l&auml;isten oikeuksien puolesta, Israelin apartheidia vastaan\",\"publisher\":{\"@id\":\"https:\\\/\\\/www.icahd.fi\\\/#organization\"},\"potentialAction\":[{\"@type\":\"SearchAction\",\"target\":{\"@type\":\"EntryPoint\",\"urlTemplate\":\"https:\\\/\\\/www.icahd.fi\\\/?s={search_term_string}\"},\"query-input\":{\"@type\":\"PropertyValueSpecification\",\"valueRequired\":true,\"valueName\":\"search_term_string\"}}],\"inLanguage\":\"en-GB\"},{\"@type\":\"Organization\",\"@id\":\"https:\\\/\\\/www.icahd.fi\\\/#organization\",\"name\":\"ICAHD Finland\",\"url\":\"https:\\\/\\\/www.icahd.fi\\\/\",\"logo\":{\"@type\":\"ImageObject\",\"inLanguage\":\"en-GB\",\"@id\":\"https:\\\/\\\/www.icahd.fi\\\/#\\\/schema\\\/logo\\\/image\\\/\",\"url\":\"https:\\\/\\\/www.icahd.fi\\\/wp-content\\\/uploads\\\/2020\\\/01\\\/logo-teksti.png\",\"contentUrl\":\"https:\\\/\\\/www.icahd.fi\\\/wp-content\\\/uploads\\\/2020\\\/01\\\/logo-teksti.png\",\"width\":300,\"height\":109,\"caption\":\"ICAHD Finland\"},\"image\":{\"@id\":\"https:\\\/\\\/www.icahd.fi\\\/#\\\/schema\\\/logo\\\/image\\\/\"},\"sameAs\":[\"https:\\\/\\\/www.facebook.com\\\/icahdfinland\",\"https:\\\/\\\/x.com\\\/icahdfinland\"]},{\"@type\":\"Person\",\"@id\":\"https:\\\/\\\/www.icahd.fi\\\/#\\\/schema\\\/person\\\/1c69d30d135114d7a3a5d5454cf901f8\",\"name\":\"Syksy\",\"image\":{\"@type\":\"ImageObject\",\"inLanguage\":\"en-GB\",\"@id\":\"https:\\\/\\\/secure.gravatar.com\\\/avatar\\\/c8d8a8636968d9ebbc65828564da9c07ccf771e59b4ee6c4c57fde52c70ab3dc?s=96&d=mm&r=g\",\"url\":\"https:\\\/\\\/secure.gravatar.com\\\/avatar\\\/c8d8a8636968d9ebbc65828564da9c07ccf771e59b4ee6c4c57fde52c70ab3dc?s=96&d=mm&r=g\",\"contentUrl\":\"https:\\\/\\\/secure.gravatar.com\\\/avatar\\\/c8d8a8636968d9ebbc65828564da9c07ccf771e59b4ee6c4c57fde52c70ab3dc?s=96&d=mm&r=g\",\"caption\":\"Syksy\"}}]}<\/script>\n<!-- \/ Yoast SEO plugin. -->","yoast_head_json":{"title":"Tiedote: Israelilainen ja palestiinalainen asiantuntija puhuvat Suomessa demokratiasta \u2013 Palestiina-j\u00e4rjest\u00f6 ICAHD Finland t\u00e4ytt\u00e4\u00e4 15 vuotta ja lakkautetaan - ICAHD Finland","robots":{"index":"index","follow":"follow","max-snippet":"max-snippet:-1","max-image-preview":"max-image-preview:large","max-video-preview":"max-video-preview:-1"},"canonical":"https:\/\/www.icahd.fi\/en\/tiedote-israelilainen-ja-palestiinalainen-asiantuntija-puhuvat-suomessa-demokratiasta-palestiina-jarjesto-icahd-finland-tayttaa-15-vuotta-ja-lakkautetaan\/","og_locale":"en_GB","og_type":"article","og_title":"Tiedote: Israelilainen ja palestiinalainen asiantuntija puhuvat Suomessa demokratiasta \u2013 Palestiina-j\u00e4rjest\u00f6 ICAHD Finland t\u00e4ytt\u00e4\u00e4 15 vuotta ja lakkautetaan - ICAHD Finland","og_description":"TIEDOTE Julkaisuvapaa 11.11.2024 Israelilainen ja palestiinalainen asiantuntija puhuvat Suomessa demokratiasta \u2013 Palestiina-j\u00e4rjest\u00f6 ICAHD Finland t\u00e4ytt\u00e4\u00e4 15 vuotta ja lakkautetaan Mit\u00e4 tapahtuu, kun kansanmurha Gazassa loppuu? Mik\u00e4 on Palestiinan tulevaisuus? Suomi, EU ja YK puhuvat kahden valtion mallista, miss\u00e4 Israelin miehitysvalta lopetetaan ja perustetaan palestiinalaisvaltio Gazaan, L\u00e4nsirannalle ja It\u00e4-Jerusalemiin. T\u00e4m\u00e4n toteutuminen vaikuttaa kuitenkin olevan yh\u00e4 kauempana. [&hellip;]","og_url":"https:\/\/www.icahd.fi\/en\/tiedote-israelilainen-ja-palestiinalainen-asiantuntija-puhuvat-suomessa-demokratiasta-palestiina-jarjesto-icahd-finland-tayttaa-15-vuotta-ja-lakkautetaan\/","og_site_name":"ICAHD Finland","article_publisher":"https:\/\/www.facebook.com\/icahdfinland","article_published_time":"2024-11-07T22:51:54+00:00","article_modified_time":"2024-11-11T11:09:59+00:00","og_image":[{"width":1080,"height":1080,"url":"https:\/\/www.icahd.fi\/wp-content\/uploads\/2024\/11\/netti.png","type":"image\/png"}],"author":"Syksy","twitter_card":"summary_large_image","twitter_creator":"@icahdfinland","twitter_site":"@icahdfinland","twitter_misc":{"Written by":"Syksy","Estimated reading time":"6 minutes"},"schema":{"@context":"https:\/\/schema.org","@graph":[{"@type":"Article","@id":"https:\/\/www.icahd.fi\/tiedote-israelilainen-ja-palestiinalainen-asiantuntija-puhuvat-suomessa-demokratiasta-palestiina-jarjesto-icahd-finland-tayttaa-15-vuotta-ja-lakkautetaan\/#article","isPartOf":{"@id":"https:\/\/www.icahd.fi\/tiedote-israelilainen-ja-palestiinalainen-asiantuntija-puhuvat-suomessa-demokratiasta-palestiina-jarjesto-icahd-finland-tayttaa-15-vuotta-ja-lakkautetaan\/"},"author":{"name":"Syksy","@id":"https:\/\/www.icahd.fi\/#\/schema\/person\/1c69d30d135114d7a3a5d5454cf901f8"},"headline":"Tiedote: Israelilainen ja palestiinalainen asiantuntija puhuvat Suomessa demokratiasta \u2013 Palestiina-j\u00e4rjest\u00f6 ICAHD Finland t\u00e4ytt\u00e4\u00e4 15 vuotta ja lakkautetaan","datePublished":"2024-11-07T22:51:54+00:00","dateModified":"2024-11-11T11:09:59+00:00","mainEntityOfPage":{"@id":"https:\/\/www.icahd.fi\/tiedote-israelilainen-ja-palestiinalainen-asiantuntija-puhuvat-suomessa-demokratiasta-palestiina-jarjesto-icahd-finland-tayttaa-15-vuotta-ja-lakkautetaan\/"},"wordCount":904,"publisher":{"@id":"https:\/\/www.icahd.fi\/#organization"},"image":{"@id":"https:\/\/www.icahd.fi\/tiedote-israelilainen-ja-palestiinalainen-asiantuntija-puhuvat-suomessa-demokratiasta-palestiina-jarjesto-icahd-finland-tayttaa-15-vuotta-ja-lakkautetaan\/#primaryimage"},"thumbnailUrl":"https:\/\/www.icahd.fi\/wp-content\/uploads\/2024\/11\/netti.png","articleSection":["Tapahtumat","Tiedotteet","Uutiset"],"inLanguage":"en-GB"},{"@type":"WebPage","@id":"https:\/\/www.icahd.fi\/tiedote-israelilainen-ja-palestiinalainen-asiantuntija-puhuvat-suomessa-demokratiasta-palestiina-jarjesto-icahd-finland-tayttaa-15-vuotta-ja-lakkautetaan\/","url":"https:\/\/www.icahd.fi\/tiedote-israelilainen-ja-palestiinalainen-asiantuntija-puhuvat-suomessa-demokratiasta-palestiina-jarjesto-icahd-finland-tayttaa-15-vuotta-ja-lakkautetaan\/","name":"Tiedote: Israelilainen ja palestiinalainen asiantuntija puhuvat Suomessa demokratiasta \u2013 Palestiina-j\u00e4rjest\u00f6 ICAHD Finland t\u00e4ytt\u00e4\u00e4 15 vuotta ja lakkautetaan - ICAHD Finland","isPartOf":{"@id":"https:\/\/www.icahd.fi\/#website"},"primaryImageOfPage":{"@id":"https:\/\/www.icahd.fi\/tiedote-israelilainen-ja-palestiinalainen-asiantuntija-puhuvat-suomessa-demokratiasta-palestiina-jarjesto-icahd-finland-tayttaa-15-vuotta-ja-lakkautetaan\/#primaryimage"},"image":{"@id":"https:\/\/www.icahd.fi\/tiedote-israelilainen-ja-palestiinalainen-asiantuntija-puhuvat-suomessa-demokratiasta-palestiina-jarjesto-icahd-finland-tayttaa-15-vuotta-ja-lakkautetaan\/#primaryimage"},"thumbnailUrl":"https:\/\/www.icahd.fi\/wp-content\/uploads\/2024\/11\/netti.png","datePublished":"2024-11-07T22:51:54+00:00","dateModified":"2024-11-11T11:09:59+00:00","breadcrumb":{"@id":"https:\/\/www.icahd.fi\/tiedote-israelilainen-ja-palestiinalainen-asiantuntija-puhuvat-suomessa-demokratiasta-palestiina-jarjesto-icahd-finland-tayttaa-15-vuotta-ja-lakkautetaan\/#breadcrumb"},"inLanguage":"en-GB","potentialAction":[{"@type":"ReadAction","target":["https:\/\/www.icahd.fi\/tiedote-israelilainen-ja-palestiinalainen-asiantuntija-puhuvat-suomessa-demokratiasta-palestiina-jarjesto-icahd-finland-tayttaa-15-vuotta-ja-lakkautetaan\/"]}]},{"@type":"ImageObject","inLanguage":"en-GB","@id":"https:\/\/www.icahd.fi\/tiedote-israelilainen-ja-palestiinalainen-asiantuntija-puhuvat-suomessa-demokratiasta-palestiina-jarjesto-icahd-finland-tayttaa-15-vuotta-ja-lakkautetaan\/#primaryimage","url":"https:\/\/www.icahd.fi\/wp-content\/uploads\/2024\/11\/netti.png","contentUrl":"https:\/\/www.icahd.fi\/wp-content\/uploads\/2024\/11\/netti.png","width":1080,"height":1080},{"@type":"BreadcrumbList","@id":"https:\/\/www.icahd.fi\/tiedote-israelilainen-ja-palestiinalainen-asiantuntija-puhuvat-suomessa-demokratiasta-palestiina-jarjesto-icahd-finland-tayttaa-15-vuotta-ja-lakkautetaan\/#breadcrumb","itemListElement":[{"@type":"ListItem","position":1,"name":"Home","item":"https:\/\/www.icahd.fi\/"},{"@type":"ListItem","position":2,"name":"Tiedote: Israelilainen ja palestiinalainen asiantuntija puhuvat Suomessa demokratiasta \u2013 Palestiina-j\u00e4rjest\u00f6 ICAHD Finland t\u00e4ytt\u00e4\u00e4 15 vuotta ja lakkautetaan"}]},{"@type":"WebSite","@id":"https:\/\/www.icahd.fi\/#website","url":"https:\/\/www.icahd.fi\/","name":"In 2012, ICAHD Finland","description":"Yht&auml;l&auml;isten oikeuksien puolesta, Israelin apartheidia vastaan","publisher":{"@id":"https:\/\/www.icahd.fi\/#organization"},"potentialAction":[{"@type":"SearchAction","target":{"@type":"EntryPoint","urlTemplate":"https:\/\/www.icahd.fi\/?s={search_term_string}"},"query-input":{"@type":"PropertyValueSpecification","valueRequired":true,"valueName":"search_term_string"}}],"inLanguage":"en-GB"},{"@type":"Organization","@id":"https:\/\/www.icahd.fi\/#organization","name":"In 2012, ICAHD Finland","url":"https:\/\/www.icahd.fi\/","logo":{"@type":"ImageObject","inLanguage":"en-GB","@id":"https:\/\/www.icahd.fi\/#\/schema\/logo\/image\/","url":"https:\/\/www.icahd.fi\/wp-content\/uploads\/2020\/01\/logo-teksti.png","contentUrl":"https:\/\/www.icahd.fi\/wp-content\/uploads\/2020\/01\/logo-teksti.png","width":300,"height":109,"caption":"ICAHD Finland"},"image":{"@id":"https:\/\/www.icahd.fi\/#\/schema\/logo\/image\/"},"sameAs":["https:\/\/www.facebook.com\/icahdfinland","https:\/\/x.com\/icahdfinland"]},{"@type":"Person","@id":"https:\/\/www.icahd.fi\/#\/schema\/person\/1c69d30d135114d7a3a5d5454cf901f8","name":"Syksy","image":{"@type":"ImageObject","inLanguage":"en-GB","@id":"https:\/\/secure.gravatar.com\/avatar\/c8d8a8636968d9ebbc65828564da9c07ccf771e59b4ee6c4c57fde52c70ab3dc?s=96&d=mm&r=g","url":"https:\/\/secure.gravatar.com\/avatar\/c8d8a8636968d9ebbc65828564da9c07ccf771e59b4ee6c4c57fde52c70ab3dc?s=96&d=mm&r=g","contentUrl":"https:\/\/secure.gravatar.com\/avatar\/c8d8a8636968d9ebbc65828564da9c07ccf771e59b4ee6c4c57fde52c70ab3dc?s=96&d=mm&r=g","caption":"Syksy"}}]}},"acf":[],"_links":{"self":[{"href":"https:\/\/www.icahd.fi\/en\/wp-json\/wp\/v2\/posts\/15817","targetHints":{"allow":["GET"]}}],"collection":[{"href":"https:\/\/www.icahd.fi\/en\/wp-json\/wp\/v2\/posts"}],"about":[{"href":"https:\/\/www.icahd.fi\/en\/wp-json\/wp\/v2\/types\/post"}],"author":[{"embeddable":true,"href":"https:\/\/www.icahd.fi\/en\/wp-json\/wp\/v2\/users\/9"}],"replies":[{"embeddable":true,"href":"https:\/\/www.icahd.fi\/en\/wp-json\/wp\/v2\/comments?post=15817"}],"version-history":[{"count":4,"href":"https:\/\/www.icahd.fi\/en\/wp-json\/wp\/v2\/posts\/15817\/revisions"}],"predecessor-version":[{"id":15825,"href":"https:\/\/www.icahd.fi\/en\/wp-json\/wp\/v2\/posts\/15817\/revisions\/15825"}],"wp:featuredmedia":[{"embeddable":true,"href":"https:\/\/www.icahd.fi\/en\/wp-json\/wp\/v2\/media\/15818"}],"wp:attachment":[{"href":"https:\/\/www.icahd.fi\/en\/wp-json\/wp\/v2\/media?parent=15817"}],"wp:term":[{"taxonomy":"category","embeddable":true,"href":"https:\/\/www.icahd.fi\/en\/wp-json\/wp\/v2\/categories?post=15817"},{"taxonomy":"post_tag","embeddable":true,"href":"https:\/\/www.icahd.fi\/en\/wp-json\/wp\/v2\/tags?post=15817"}],"curies":[{"name":"wp","href":"https:\/\/api.w.org\/{rel}","templated":true}]}}