{"id":15772,"date":"2024-05-08T11:33:43","date_gmt":"2024-05-08T08:33:43","guid":{"rendered":"https:\/\/www.icahd.fi\/?p=15772"},"modified":"2024-05-08T11:35:51","modified_gmt":"2024-05-08T08:35:51","slug":"syksy-rasanen-suomen-kuvalehdessa-yliopiston-vastuunpakoilu-jatkuu","status":"publish","type":"post","link":"https:\/\/www.icahd.fi\/en\/syksy-rasanen-suomen-kuvalehdessa-yliopiston-vastuunpakoilu-jatkuu\/","title":{"rendered":"Syksy R\u00e4s\u00e4nen Suomen Kuvalehdess\u00e4: Yliopiston vastuunpakoilu jatkuu"},"content":{"rendered":"<p><em>18.5.2024<\/em><\/p>\n\n\n\n<p>Yliopiston pit\u00e4\u00e4 vastata kritiikkiin faktapohjaisella keskustelulla ja arvopohjaisilla teoilla, ei poliiseilla ja h\u00e4m\u00e4rt\u00e4misell\u00e4, kirjoittaa ICAHD Finlandin puheenjohtaja Syksy R\u00e4s\u00e4nen Suomen Kuvalehdess\u00e4 18.4.2024.<\/p>\n\n\n\n<p><strong>Lue koko teksti <a href=\"https:\/\/suomenkuvalehti.fi\/mielipide\/yliopiston-vastuunpakoilu-jatkuu\/\">lehden verkkosivuilta<\/a>.<\/strong><\/p>","protected":false},"excerpt":{"rendered":"<p>18.5.2024 Yliopiston pit\u00e4\u00e4 vastata kritiikkiin faktapohjaisella keskustelulla ja arvopohjaisilla teoilla, ei poliiseilla ja h\u00e4m\u00e4rt\u00e4misell\u00e4, kirjoittaa ICAHD Finlandin puheenjohtaja Syksy R\u00e4s\u00e4nen Suomen Kuvalehdess\u00e4 18.4.2024. Lue koko teksti lehden verkkosivuilta.<\/p>","protected":false},"author":18,"featured_media":14885,"comment_status":"closed","ping_status":"closed","sticky":false,"template":"","format":"standard","meta":{"zakra_page_container_layout":"customizer","zakra_page_sidebar_layout":"customizer","zakra_remove_content_margin":false,"zakra_sidebar":"customizer","zakra_transparent_header":"customizer","zakra_logo":0,"zakra_main_header_style":"default","zakra_menu_item_color":"","zakra_menu_item_hover_color":"","zakra_menu_item_active_color":"","zakra_menu_active_style":"","zakra_page_header":true,"footnotes":""},"categories":[29],"tags":[],"class_list":["post-15772","post","type-post","status-publish","format-standard","has-post-thumbnail","hentry","category-uutiset"],"yoast_head":"<!-- This site is optimized with the Yoast SEO plugin v27.5 - https:\/\/yoast.com\/product\/yoast-seo-wordpress\/ -->\n<title>Syksy R\u00e4s\u00e4nen Suomen Kuvalehdess\u00e4: Yliopiston vastuunpakoilu jatkuu - ICAHD Finland<\/title>\n<meta name=\"robots\" content=\"index, follow, max-snippet:-1, max-image-preview:large, max-video-preview:-1\" \/>\n<link rel=\"canonical\" href=\"https:\/\/www.icahd.fi\/en\/syksy-rasanen-suomen-kuvalehdessa-yliopiston-vastuunpakoilu-jatkuu\/\" \/>\n<meta property=\"og:locale\" content=\"en_GB\" \/>\n<meta property=\"og:type\" content=\"article\" \/>\n<meta property=\"og:title\" content=\"Syksy R\u00e4s\u00e4nen Suomen Kuvalehdess\u00e4: Yliopiston vastuunpakoilu jatkuu - ICAHD Finland\" \/>\n<meta property=\"og:description\" content=\"18.5.2024 Yliopiston pit\u00e4\u00e4 vastata kritiikkiin faktapohjaisella keskustelulla ja arvopohjaisilla teoilla, ei poliiseilla ja h\u00e4m\u00e4rt\u00e4misell\u00e4, kirjoittaa ICAHD Finlandin puheenjohtaja Syksy R\u00e4s\u00e4nen Suomen Kuvalehdess\u00e4 18.4.2024. Lue koko teksti lehden verkkosivuilta.\" \/>\n<meta property=\"og:url\" content=\"https:\/\/www.icahd.fi\/en\/syksy-rasanen-suomen-kuvalehdessa-yliopiston-vastuunpakoilu-jatkuu\/\" \/>\n<meta property=\"og:site_name\" content=\"ICAHD Finland\" \/>\n<meta property=\"article:publisher\" content=\"https:\/\/www.facebook.com\/icahdfinland\" \/>\n<meta property=\"article:published_time\" content=\"2024-05-08T08:33:43+00:00\" \/>\n<meta property=\"article:modified_time\" content=\"2024-05-08T08:35:51+00:00\" \/>\n<meta property=\"og:image\" content=\"https:\/\/www.icahd.fi\/wp-content\/uploads\/2020\/12\/syksy_mv-1038x576-1.jpg\" \/>\n\t<meta property=\"og:image:width\" content=\"1038\" \/>\n\t<meta property=\"og:image:height\" content=\"576\" \/>\n\t<meta property=\"og:image:type\" content=\"image\/jpeg\" \/>\n<meta name=\"author\" content=\"Pinja\" \/>\n<meta name=\"twitter:card\" content=\"summary_large_image\" \/>\n<meta name=\"twitter:creator\" content=\"@icahdfinland\" \/>\n<meta name=\"twitter:site\" content=\"@icahdfinland\" \/>\n<meta name=\"twitter:label1\" content=\"Written by\" \/>\n\t<meta name=\"twitter:data1\" content=\"Pinja\" \/>\n\t<meta name=\"twitter:label2\" content=\"Estimated reading time\" \/>\n\t<meta name=\"twitter:data2\" content=\"1 minute\" \/>\n<script type=\"application\/ld+json\" class=\"yoast-schema-graph\">{\"@context\":\"https:\\\/\\\/schema.org\",\"@graph\":[{\"@type\":\"Article\",\"@id\":\"https:\\\/\\\/www.icahd.fi\\\/syksy-rasanen-suomen-kuvalehdessa-yliopiston-vastuunpakoilu-jatkuu\\\/#article\",\"isPartOf\":{\"@id\":\"https:\\\/\\\/www.icahd.fi\\\/syksy-rasanen-suomen-kuvalehdessa-yliopiston-vastuunpakoilu-jatkuu\\\/\"},\"author\":{\"name\":\"Pinja\",\"@id\":\"https:\\\/\\\/www.icahd.fi\\\/#\\\/schema\\\/person\\\/6b6e77aa265c0f1c3bf8cdfc8d49b5bd\"},\"headline\":\"Syksy R\u00e4s\u00e4nen Suomen Kuvalehdess\u00e4: Yliopiston vastuunpakoilu jatkuu\",\"datePublished\":\"2024-05-08T08:33:43+00:00\",\"dateModified\":\"2024-05-08T08:35:51+00:00\",\"mainEntityOfPage\":{\"@id\":\"https:\\\/\\\/www.icahd.fi\\\/syksy-rasanen-suomen-kuvalehdessa-yliopiston-vastuunpakoilu-jatkuu\\\/\"},\"wordCount\":40,\"publisher\":{\"@id\":\"https:\\\/\\\/www.icahd.fi\\\/#organization\"},\"image\":{\"@id\":\"https:\\\/\\\/www.icahd.fi\\\/syksy-rasanen-suomen-kuvalehdessa-yliopiston-vastuunpakoilu-jatkuu\\\/#primaryimage\"},\"thumbnailUrl\":\"https:\\\/\\\/www.icahd.fi\\\/wp-content\\\/uploads\\\/2020\\\/12\\\/syksy_mv-1038x576-1.jpg\",\"articleSection\":[\"Uutiset\"],\"inLanguage\":\"en-GB\"},{\"@type\":\"WebPage\",\"@id\":\"https:\\\/\\\/www.icahd.fi\\\/syksy-rasanen-suomen-kuvalehdessa-yliopiston-vastuunpakoilu-jatkuu\\\/\",\"url\":\"https:\\\/\\\/www.icahd.fi\\\/syksy-rasanen-suomen-kuvalehdessa-yliopiston-vastuunpakoilu-jatkuu\\\/\",\"name\":\"Syksy R\u00e4s\u00e4nen Suomen Kuvalehdess\u00e4: Yliopiston vastuunpakoilu jatkuu - ICAHD Finland\",\"isPartOf\":{\"@id\":\"https:\\\/\\\/www.icahd.fi\\\/#website\"},\"primaryImageOfPage\":{\"@id\":\"https:\\\/\\\/www.icahd.fi\\\/syksy-rasanen-suomen-kuvalehdessa-yliopiston-vastuunpakoilu-jatkuu\\\/#primaryimage\"},\"image\":{\"@id\":\"https:\\\/\\\/www.icahd.fi\\\/syksy-rasanen-suomen-kuvalehdessa-yliopiston-vastuunpakoilu-jatkuu\\\/#primaryimage\"},\"thumbnailUrl\":\"https:\\\/\\\/www.icahd.fi\\\/wp-content\\\/uploads\\\/2020\\\/12\\\/syksy_mv-1038x576-1.jpg\",\"datePublished\":\"2024-05-08T08:33:43+00:00\",\"dateModified\":\"2024-05-08T08:35:51+00:00\",\"breadcrumb\":{\"@id\":\"https:\\\/\\\/www.icahd.fi\\\/syksy-rasanen-suomen-kuvalehdessa-yliopiston-vastuunpakoilu-jatkuu\\\/#breadcrumb\"},\"inLanguage\":\"en-GB\",\"potentialAction\":[{\"@type\":\"ReadAction\",\"target\":[\"https:\\\/\\\/www.icahd.fi\\\/syksy-rasanen-suomen-kuvalehdessa-yliopiston-vastuunpakoilu-jatkuu\\\/\"]}]},{\"@type\":\"ImageObject\",\"inLanguage\":\"en-GB\",\"@id\":\"https:\\\/\\\/www.icahd.fi\\\/syksy-rasanen-suomen-kuvalehdessa-yliopiston-vastuunpakoilu-jatkuu\\\/#primaryimage\",\"url\":\"https:\\\/\\\/www.icahd.fi\\\/wp-content\\\/uploads\\\/2020\\\/12\\\/syksy_mv-1038x576-1.jpg\",\"contentUrl\":\"https:\\\/\\\/www.icahd.fi\\\/wp-content\\\/uploads\\\/2020\\\/12\\\/syksy_mv-1038x576-1.jpg\",\"width\":1038,\"height\":576,\"caption\":\"R\u00e4s\u00e4nen katsoo kameraan, taustalla kirjahylly.\"},{\"@type\":\"BreadcrumbList\",\"@id\":\"https:\\\/\\\/www.icahd.fi\\\/syksy-rasanen-suomen-kuvalehdessa-yliopiston-vastuunpakoilu-jatkuu\\\/#breadcrumb\",\"itemListElement\":[{\"@type\":\"ListItem\",\"position\":1,\"name\":\"Home\",\"item\":\"https:\\\/\\\/www.icahd.fi\\\/\"},{\"@type\":\"ListItem\",\"position\":2,\"name\":\"Syksy R\u00e4s\u00e4nen Suomen Kuvalehdess\u00e4: Yliopiston vastuunpakoilu jatkuu\"}]},{\"@type\":\"WebSite\",\"@id\":\"https:\\\/\\\/www.icahd.fi\\\/#website\",\"url\":\"https:\\\/\\\/www.icahd.fi\\\/\",\"name\":\"ICAHD Finland\",\"description\":\"Yht&auml;l&auml;isten oikeuksien puolesta, Israelin apartheidia vastaan\",\"publisher\":{\"@id\":\"https:\\\/\\\/www.icahd.fi\\\/#organization\"},\"potentialAction\":[{\"@type\":\"SearchAction\",\"target\":{\"@type\":\"EntryPoint\",\"urlTemplate\":\"https:\\\/\\\/www.icahd.fi\\\/?s={search_term_string}\"},\"query-input\":{\"@type\":\"PropertyValueSpecification\",\"valueRequired\":true,\"valueName\":\"search_term_string\"}}],\"inLanguage\":\"en-GB\"},{\"@type\":\"Organization\",\"@id\":\"https:\\\/\\\/www.icahd.fi\\\/#organization\",\"name\":\"ICAHD Finland\",\"url\":\"https:\\\/\\\/www.icahd.fi\\\/\",\"logo\":{\"@type\":\"ImageObject\",\"inLanguage\":\"en-GB\",\"@id\":\"https:\\\/\\\/www.icahd.fi\\\/#\\\/schema\\\/logo\\\/image\\\/\",\"url\":\"https:\\\/\\\/www.icahd.fi\\\/wp-content\\\/uploads\\\/2020\\\/01\\\/logo-teksti.png\",\"contentUrl\":\"https:\\\/\\\/www.icahd.fi\\\/wp-content\\\/uploads\\\/2020\\\/01\\\/logo-teksti.png\",\"width\":300,\"height\":109,\"caption\":\"ICAHD Finland\"},\"image\":{\"@id\":\"https:\\\/\\\/www.icahd.fi\\\/#\\\/schema\\\/logo\\\/image\\\/\"},\"sameAs\":[\"https:\\\/\\\/www.facebook.com\\\/icahdfinland\",\"https:\\\/\\\/x.com\\\/icahdfinland\"]},{\"@type\":\"Person\",\"@id\":\"https:\\\/\\\/www.icahd.fi\\\/#\\\/schema\\\/person\\\/6b6e77aa265c0f1c3bf8cdfc8d49b5bd\",\"name\":\"Pinja\",\"image\":{\"@type\":\"ImageObject\",\"inLanguage\":\"en-GB\",\"@id\":\"https:\\\/\\\/secure.gravatar.com\\\/avatar\\\/e52e6ae81f8c5a4a4d3efa83e6a376599ff1368a71c388ec0781c8f3e6584d2d?s=96&d=mm&r=g\",\"url\":\"https:\\\/\\\/secure.gravatar.com\\\/avatar\\\/e52e6ae81f8c5a4a4d3efa83e6a376599ff1368a71c388ec0781c8f3e6584d2d?s=96&d=mm&r=g\",\"contentUrl\":\"https:\\\/\\\/secure.gravatar.com\\\/avatar\\\/e52e6ae81f8c5a4a4d3efa83e6a376599ff1368a71c388ec0781c8f3e6584d2d?s=96&d=mm&r=g\",\"caption\":\"Pinja\"}}]}<\/script>\n<!-- \/ Yoast SEO plugin. -->","yoast_head_json":{"title":"Syksy R\u00e4s\u00e4nen Suomen Kuvalehdess\u00e4: Yliopiston vastuunpakoilu jatkuu - ICAHD Finland","robots":{"index":"index","follow":"follow","max-snippet":"max-snippet:-1","max-image-preview":"max-image-preview:large","max-video-preview":"max-video-preview:-1"},"canonical":"https:\/\/www.icahd.fi\/en\/syksy-rasanen-suomen-kuvalehdessa-yliopiston-vastuunpakoilu-jatkuu\/","og_locale":"en_GB","og_type":"article","og_title":"Syksy R\u00e4s\u00e4nen Suomen Kuvalehdess\u00e4: Yliopiston vastuunpakoilu jatkuu - ICAHD Finland","og_description":"18.5.2024 Yliopiston pit\u00e4\u00e4 vastata kritiikkiin faktapohjaisella keskustelulla ja arvopohjaisilla teoilla, ei poliiseilla ja h\u00e4m\u00e4rt\u00e4misell\u00e4, kirjoittaa ICAHD Finlandin puheenjohtaja Syksy R\u00e4s\u00e4nen Suomen Kuvalehdess\u00e4 18.4.2024. Lue koko teksti lehden verkkosivuilta.","og_url":"https:\/\/www.icahd.fi\/en\/syksy-rasanen-suomen-kuvalehdessa-yliopiston-vastuunpakoilu-jatkuu\/","og_site_name":"ICAHD Finland","article_publisher":"https:\/\/www.facebook.com\/icahdfinland","article_published_time":"2024-05-08T08:33:43+00:00","article_modified_time":"2024-05-08T08:35:51+00:00","og_image":[{"width":1038,"height":576,"url":"https:\/\/www.icahd.fi\/wp-content\/uploads\/2020\/12\/syksy_mv-1038x576-1.jpg","type":"image\/jpeg"}],"author":"Pinja","twitter_card":"summary_large_image","twitter_creator":"@icahdfinland","twitter_site":"@icahdfinland","twitter_misc":{"Written by":"Pinja","Estimated reading time":"1 minute"},"schema":{"@context":"https:\/\/schema.org","@graph":[{"@type":"Article","@id":"https:\/\/www.icahd.fi\/syksy-rasanen-suomen-kuvalehdessa-yliopiston-vastuunpakoilu-jatkuu\/#article","isPartOf":{"@id":"https:\/\/www.icahd.fi\/syksy-rasanen-suomen-kuvalehdessa-yliopiston-vastuunpakoilu-jatkuu\/"},"author":{"name":"Pinja","@id":"https:\/\/www.icahd.fi\/#\/schema\/person\/6b6e77aa265c0f1c3bf8cdfc8d49b5bd"},"headline":"Syksy R\u00e4s\u00e4nen Suomen Kuvalehdess\u00e4: Yliopiston vastuunpakoilu jatkuu","datePublished":"2024-05-08T08:33:43+00:00","dateModified":"2024-05-08T08:35:51+00:00","mainEntityOfPage":{"@id":"https:\/\/www.icahd.fi\/syksy-rasanen-suomen-kuvalehdessa-yliopiston-vastuunpakoilu-jatkuu\/"},"wordCount":40,"publisher":{"@id":"https:\/\/www.icahd.fi\/#organization"},"image":{"@id":"https:\/\/www.icahd.fi\/syksy-rasanen-suomen-kuvalehdessa-yliopiston-vastuunpakoilu-jatkuu\/#primaryimage"},"thumbnailUrl":"https:\/\/www.icahd.fi\/wp-content\/uploads\/2020\/12\/syksy_mv-1038x576-1.jpg","articleSection":["Uutiset"],"inLanguage":"en-GB"},{"@type":"WebPage","@id":"https:\/\/www.icahd.fi\/syksy-rasanen-suomen-kuvalehdessa-yliopiston-vastuunpakoilu-jatkuu\/","url":"https:\/\/www.icahd.fi\/syksy-rasanen-suomen-kuvalehdessa-yliopiston-vastuunpakoilu-jatkuu\/","name":"Syksy R\u00e4s\u00e4nen Suomen Kuvalehdess\u00e4: Yliopiston vastuunpakoilu jatkuu - ICAHD Finland","isPartOf":{"@id":"https:\/\/www.icahd.fi\/#website"},"primaryImageOfPage":{"@id":"https:\/\/www.icahd.fi\/syksy-rasanen-suomen-kuvalehdessa-yliopiston-vastuunpakoilu-jatkuu\/#primaryimage"},"image":{"@id":"https:\/\/www.icahd.fi\/syksy-rasanen-suomen-kuvalehdessa-yliopiston-vastuunpakoilu-jatkuu\/#primaryimage"},"thumbnailUrl":"https:\/\/www.icahd.fi\/wp-content\/uploads\/2020\/12\/syksy_mv-1038x576-1.jpg","datePublished":"2024-05-08T08:33:43+00:00","dateModified":"2024-05-08T08:35:51+00:00","breadcrumb":{"@id":"https:\/\/www.icahd.fi\/syksy-rasanen-suomen-kuvalehdessa-yliopiston-vastuunpakoilu-jatkuu\/#breadcrumb"},"inLanguage":"en-GB","potentialAction":[{"@type":"ReadAction","target":["https:\/\/www.icahd.fi\/syksy-rasanen-suomen-kuvalehdessa-yliopiston-vastuunpakoilu-jatkuu\/"]}]},{"@type":"ImageObject","inLanguage":"en-GB","@id":"https:\/\/www.icahd.fi\/syksy-rasanen-suomen-kuvalehdessa-yliopiston-vastuunpakoilu-jatkuu\/#primaryimage","url":"https:\/\/www.icahd.fi\/wp-content\/uploads\/2020\/12\/syksy_mv-1038x576-1.jpg","contentUrl":"https:\/\/www.icahd.fi\/wp-content\/uploads\/2020\/12\/syksy_mv-1038x576-1.jpg","width":1038,"height":576,"caption":"R\u00e4s\u00e4nen katsoo kameraan, taustalla kirjahylly."},{"@type":"BreadcrumbList","@id":"https:\/\/www.icahd.fi\/syksy-rasanen-suomen-kuvalehdessa-yliopiston-vastuunpakoilu-jatkuu\/#breadcrumb","itemListElement":[{"@type":"ListItem","position":1,"name":"Home","item":"https:\/\/www.icahd.fi\/"},{"@type":"ListItem","position":2,"name":"Syksy R\u00e4s\u00e4nen Suomen Kuvalehdess\u00e4: Yliopiston vastuunpakoilu jatkuu"}]},{"@type":"WebSite","@id":"https:\/\/www.icahd.fi\/#website","url":"https:\/\/www.icahd.fi\/","name":"In 2012, ICAHD Finland","description":"Yht&auml;l&auml;isten oikeuksien puolesta, Israelin apartheidia vastaan","publisher":{"@id":"https:\/\/www.icahd.fi\/#organization"},"potentialAction":[{"@type":"SearchAction","target":{"@type":"EntryPoint","urlTemplate":"https:\/\/www.icahd.fi\/?s={search_term_string}"},"query-input":{"@type":"PropertyValueSpecification","valueRequired":true,"valueName":"search_term_string"}}],"inLanguage":"en-GB"},{"@type":"Organization","@id":"https:\/\/www.icahd.fi\/#organization","name":"In 2012, ICAHD Finland","url":"https:\/\/www.icahd.fi\/","logo":{"@type":"ImageObject","inLanguage":"en-GB","@id":"https:\/\/www.icahd.fi\/#\/schema\/logo\/image\/","url":"https:\/\/www.icahd.fi\/wp-content\/uploads\/2020\/01\/logo-teksti.png","contentUrl":"https:\/\/www.icahd.fi\/wp-content\/uploads\/2020\/01\/logo-teksti.png","width":300,"height":109,"caption":"ICAHD Finland"},"image":{"@id":"https:\/\/www.icahd.fi\/#\/schema\/logo\/image\/"},"sameAs":["https:\/\/www.facebook.com\/icahdfinland","https:\/\/x.com\/icahdfinland"]},{"@type":"Person","@id":"https:\/\/www.icahd.fi\/#\/schema\/person\/6b6e77aa265c0f1c3bf8cdfc8d49b5bd","name":"Pinja","image":{"@type":"ImageObject","inLanguage":"en-GB","@id":"https:\/\/secure.gravatar.com\/avatar\/e52e6ae81f8c5a4a4d3efa83e6a376599ff1368a71c388ec0781c8f3e6584d2d?s=96&d=mm&r=g","url":"https:\/\/secure.gravatar.com\/avatar\/e52e6ae81f8c5a4a4d3efa83e6a376599ff1368a71c388ec0781c8f3e6584d2d?s=96&d=mm&r=g","contentUrl":"https:\/\/secure.gravatar.com\/avatar\/e52e6ae81f8c5a4a4d3efa83e6a376599ff1368a71c388ec0781c8f3e6584d2d?s=96&d=mm&r=g","caption":"Pinja"}}]}},"acf":[],"_links":{"self":[{"href":"https:\/\/www.icahd.fi\/en\/wp-json\/wp\/v2\/posts\/15772","targetHints":{"allow":["GET"]}}],"collection":[{"href":"https:\/\/www.icahd.fi\/en\/wp-json\/wp\/v2\/posts"}],"about":[{"href":"https:\/\/www.icahd.fi\/en\/wp-json\/wp\/v2\/types\/post"}],"author":[{"embeddable":true,"href":"https:\/\/www.icahd.fi\/en\/wp-json\/wp\/v2\/users\/18"}],"replies":[{"embeddable":true,"href":"https:\/\/www.icahd.fi\/en\/wp-json\/wp\/v2\/comments?post=15772"}],"version-history":[{"count":3,"href":"https:\/\/www.icahd.fi\/en\/wp-json\/wp\/v2\/posts\/15772\/revisions"}],"predecessor-version":[{"id":15775,"href":"https:\/\/www.icahd.fi\/en\/wp-json\/wp\/v2\/posts\/15772\/revisions\/15775"}],"wp:featuredmedia":[{"embeddable":true,"href":"https:\/\/www.icahd.fi\/en\/wp-json\/wp\/v2\/media\/14885"}],"wp:attachment":[{"href":"https:\/\/www.icahd.fi\/en\/wp-json\/wp\/v2\/media?parent=15772"}],"wp:term":[{"taxonomy":"category","embeddable":true,"href":"https:\/\/www.icahd.fi\/en\/wp-json\/wp\/v2\/categories?post=15772"},{"taxonomy":"post_tag","embeddable":true,"href":"https:\/\/www.icahd.fi\/en\/wp-json\/wp\/v2\/tags?post=15772"}],"curies":[{"name":"wp","href":"https:\/\/api.w.org\/{rel}","templated":true}]}}