{"id":15511,"date":"2023-03-15T20:34:01","date_gmt":"2023-03-15T18:34:01","guid":{"rendered":"https:\/\/www.icahd.fi\/?p=15511"},"modified":"2023-03-15T20:36:16","modified_gmt":"2023-03-15T18:36:16","slug":"helsingin-yliopiston-tiedekulman-edustaja-vaati-vuonna-2020-israeli-apartheid-week-tilaisuuteen-antisemitistien-ja-tutkijoiden-vangitsemista-kannattavien-puheenvuoroja","status":"publish","type":"post","link":"https:\/\/www.icahd.fi\/en\/helsingin-yliopiston-tiedekulman-edustaja-vaati-vuonna-2020-israeli-apartheid-week-tilaisuuteen-antisemitistien-ja-tutkijoiden-vangitsemista-kannattavien-puheenvuoroja\/","title":{"rendered":"Helsingin yliopiston Tiedekulman edustaja vaati vuonna 2020 Israeli Apartheid Week -tilaisuuteen antisemitistien ja tutkijoiden vangitsemista kannattavien puheenvuoroja"},"content":{"rendered":"<p>ICAHD Finland oli j\u00e4rjest\u00e4m\u00e4ss\u00e4 maaliskuussa 2020 tilaisuutta, jossa oli tarkoitus puhua akateemisesta vapaudesta ja vastuusta osana maailmanlaajuista Israeli Apartheid Week -tapahtumakokonaisuutta. T\u00e4m\u00e4 Israelin apartheid-j\u00e4rjestelm\u00e4\u00e4 eri tavoin k\u00e4sittelev\u00e4 tapahtuma j\u00e4rjestettiin ensimm\u00e4isen kerran Toronton yliopistossa vuonna 2005, ja sit\u00e4 vietet\u00e4\u00e4n nyky\u00e4\u00e4n vuosittain yli 200 kaupungissa.<\/p>\n\n\n\n<p>Tilaisuus oli tarkoitus j\u00e4rjest\u00e4\u00e4 Helsingin yliopiston Tiedekulmassa. Yll\u00e4tt\u00e4en sain Tiedekulman edustajalta h\u00e4mment\u00e4v\u00e4n puhelun. H\u00e4n vaati, ett\u00e4 tilaisuudessa pit\u00e4\u00e4 olla puhujia, jotka tukevat tutkijoiden vangitsemista poliittisin perustein ja kannattavat juutalaisvastaisuutta \u2013 niin uskomattomalta kuin se kuulostaakin. Tiedekulman edustaja varoitti, ett\u00e4 jos n\u00e4in ei tehd\u00e4, he saattavat perua tilaisuuden.<\/p>\n\n\n\n<p>Oudon puhelun tarina alkaa vuonna 2018, kun j\u00e4rjestimme Tiedekulmassa tapahtuman tutkimuksen ja aktivismin risteyksest\u00e4 osana Israeli Apartheid Weeki\u00e4. Puhujina olivat Norjan arktisen yliopiston politiikan ja kulttuurin tutkija&nbsp;<strong>Laura Junka-Aikio<\/strong>, Helsingin yliopiston L\u00e4hi-id\u00e4n tutkija&nbsp;<strong>Hannu Juusola<\/strong>, feministi ja tutkija&nbsp;<strong>Saara S\u00e4rm\u00e4<\/strong>&nbsp;sek\u00e4 Birzeitin yliopistosta Miehitetyilt\u00e4 palestiinalaisalueilta tutkija, joka turvallisuussyist\u00e4 ei halua nime\u00e4\u00e4n julki tilaisuuden j\u00e4lkeen. He pohtivat tieteen ja politiikan suhdetta mit\u00e4 tulee naisten, saamelaisten ja palestiinalaisten oikeuksiin. Viimeksi mainitun kohdalla keskusteltiin erityisesti Israelin akateemisesta boikotista.<\/p>\n\n\n\n<p>Israelin suurl\u00e4hetyst\u00f6 ja apartheidin tukijat vetosivat etuk\u00e4teen yliopiston rehtoriin ja valittivat lehdist\u00f6lle, ett\u00e4 tilaisuutta ei saisi j\u00e4rjest\u00e4\u00e4, koska se on propagandaa. Kun rehtorin kanslia oli meihin yhteydess\u00e4, selvitimme mist\u00e4 tilaisuudessa on kyse. Kerroimme my\u00f6s, ett\u00e4 Israelin hallituksen&nbsp; ja sen tukijoiden strategia ymp\u00e4ri maailmaa on vaientaa kriittisi\u00e4 \u00e4\u00e4ni\u00e4 est\u00e4m\u00e4ll\u00e4 tilojen ja rahoituksen saamista. T\u00e4m\u00e4 ei ollut ensimm\u00e4inen kerta kun olimme Israelin hallituksen h\u00e4irinn\u00e4n kohteena, ja yliopiston johto vaikutti tyytyv\u00e4n selitykseen. Tutkijoiden keskustelu oli menestys ja sali oli tupaten t\u00e4ynn\u00e4.<\/p>\n\n\n\n<p>Vuonna 2020 j\u00e4timme tilahakemuksen Tiedekulmalle samantyyppisest\u00e4 tilaisuudesta. Sielt\u00e4 sitten soitettiin ja sanottiin, ett\u00e4 he ovat keskustelleet yliopiston hallintojohtajan kanssa ja todenneet, ett\u00e4 Tiedekulmassa j\u00e4rjestett\u00e4vien tapahtumien pit\u00e4\u00e4 hyv\u00e4n tieteellisen tavan mukaan olla moni\u00e4\u00e4nisi\u00e4, eik\u00e4 niiss\u00e4 saa olla vain yht\u00e4 n\u00e4k\u00f6kulmaa.<\/p>\n\n\n\n<p>Yksi kutsumistamme puhujista oli Turkin Bo\u011fazi\u00e7in yliopistosta valmistunut Helsingin yliopiston tutkija&nbsp;<strong>Halil G\u00fcrhanl\u0131<\/strong>. Turkin hallitus on pannut tutkijoita vankilaan siksi, ett\u00e4 he ovat kirjoittaneet poliittisista mielipiteist\u00e4\u00e4n Facebookissa. Kysyin Tiedekulman edustajalta, ett\u00e4 jos G\u00fcrhanl\u0131 arvostelee t\u00e4t\u00e4, niin pit\u00e4isik\u00f6 meill\u00e4 olla my\u00f6s puhuja, joka kannattaa tutkijoiden vangitsemista poliittisin perustein. Vastaus oli my\u00f6nt\u00e4v\u00e4. En ollut uskoa korviani, joten varmistin, ett\u00e4 h\u00e4n oli ymm\u00e4rt\u00e4nyt ja min\u00e4 olin kuullut oikein.<\/p>\n\n\n\n<p>Toinen kutsuttu puhujamme oli&nbsp;<strong>George Sorosin<\/strong>&nbsp;rahoittamasta Central European Universityst\u00e4 (CEU) Unkarissa valmistunut Helsingin yliopiston tutkija&nbsp;<strong>Annastiina Kallius<\/strong>, joka joutui l\u00e4htem\u00e4\u00e4n maasta, kun h\u00e4net oli valtion televisiokanavalla julistettu valtion viholliseksi. Unkarin hallitus sulki CEU:n ja mustamaalasi Sorosia kampanjalla, jossa oli juutalaisvastaisia piirteit\u00e4. Kysyin Tiedekulman edustajalta, ett\u00e4 jos Kallius arvostelee t\u00e4t\u00e4, niin pit\u00e4isik\u00f6 meill\u00e4 olla puhuja, joka kannattaa yliopistojen sulkemista poliittisin perustein ja antisemitistisi\u00e4 kampanjoita. Vastaus oli taas my\u00f6nt\u00e4v\u00e4 \u2013 yliopiston edustaja korosti, ett\u00e4 tieteellisen tasapuolisuuden ja moni\u00e4\u00e4nisyyden periaate vaatii sit\u00e4.<\/p>\n\n\n\n<p>Oikeasti Helsingin yliopisto ei tietenk\u00e4\u00e4n halua t\u00e4llaista. Jos tilaisuus olisi k\u00e4sitellyt vain Turkkia ja Unkaria, vaatimuksia ei olisi esitetty, eik\u00e4 tilaisuutta olisi uhattu peruuttaa.<\/p>\n\n\n\n<p>Todellinen ongelma oli kolmas kutsuvieraamme, L\u00e4hi-it\u00e4\u00e4n erikoistunut antropologi&nbsp;<strong>Lori Allen&nbsp;<\/strong>Lontoon yliopiston School of Oriental and African Studiesista (SOAS), ja yleens\u00e4kin Israelin politiikan arvosteleminen. Tiedekulma kielsi, ett\u00e4 tilaisuus ei saa olla osa Israeli Apartheid Weeki\u00e4 (mink\u00e4 tapahtumia on j\u00e4rjestetty kymmeniss\u00e4 yliopistoissa ymp\u00e4ri maailmaa), koska tiloissa ei saa j\u00e4rjest\u00e4\u00e4 poliittisia tilaisuuksia, ja tilaisuuksien pit\u00e4\u00e4 liitty\u00e4 tutkimukseen.<\/p>\n\n\n\n<p>Samoihin aikoihin Tiedekulmassa oli Israelin apartheidia tukevan ja ihmisoikeuspuolustajia mustamaalaavan j\u00e4rjest\u00f6n tapahtuma. Tiedekulma ei osannut selitt\u00e4\u00e4, miten ihmisoikeuspuolustajien mustamaalaaminen liittyy tieteeseen. Kirjoitin asiasta yliopiston kanslerille, joka sanoi, ett\u00e4 koska tapahtuma on Tiedekulman yl\u00e4kerrassa, linjauksia voidaan tulkita v\u00e4ljemmin. Meid\u00e4n tilaisuutemme oli tulossa samaan tilaan.<\/p>\n\n\n\n<p><strong>Nikolai Gogolin<\/strong>&nbsp;pietarilaisnovellien suomentaja&nbsp;<strong>Esa Adrian<\/strong>&nbsp;on todennut, ett\u00e4 olosuhteet ja yksityiskohdat vaihtelevat ajan my\u00f6t\u00e4, mutta sensoreiden typeryys on ajatonta ja ikuista. Ennemmin kuin sensuurista tai suosituksi tulleesta \u201dcancel-kulttuurista\u201d on kuitenkin selvemp\u00e4\u00e4 puhua kulttuurisen ja mediatilan vallank\u00e4yt\u00f6st\u00e4. Tiedekulma salli meid\u00e4n vuokrata tiloja, mutta vaikka se olisi kielt\u00e4ytynyt, en kutsuisi sit\u00e4 sensuuriksi, mik\u00e4 Suomessa miellet\u00e4\u00e4n poikkeukselliseksi puuttumiseksi normaaliin toimintaan. Ennemmin se olisi \u2013 kuten nyt asetetut kummalliset vuokraehdot \u2013 osa arkisen poliittisen vallank\u00e4yt\u00f6n jatkumoa, t\u00e4ss\u00e4 tapauksessa ep\u00e4poliittisen tasapuolisuuden kaapuun puettuna.<\/p>\n\n\n\n<p>Tiedekulma my\u00f6nsi, ett\u00e4 syyn\u00e4 heid\u00e4n vaatimuksiinsa oli vuoden 2018 tilaisuuden kohtaama arvostelu. Sill\u00e4, ett\u00e4 arvostelu oli per\u00e4t\u00f6nt\u00e4, ei ollut merkityst\u00e4. Kyse oli vain siit\u00e4, ett\u00e4 yliopisto ei uskaltanut puolustaa kriittist\u00e4 keskustelua.<\/p>\n\n\n\n<p>Suostuimme pit\u00e4m\u00e4\u00e4n tilaisuuden erill\u00e4\u00e4n Israeli Apartheid Weekist\u00e4. Tiedekulma p\u00e4\u00e4tti, ett\u00e4 tilaisuus on turvallisuusriski, ja vaati meit\u00e4 hankkimaan kaksi vartijaa heid\u00e4n osoittamaltaan yritykselt\u00e4 496 euron hintaan. Yliopisto siis reagoi siihen, ett\u00e4 sen tiloissa esiintyviin rodullistettuihin henkil\u00f6ihin kohdistuu sen mielest\u00e4 uhka lis\u00e4\u00e4m\u00e4ll\u00e4 j\u00e4rjest\u00e4j\u00e4n taloudellista taakkaa. Yliopiston tasa-arvovaltuutettu katsoi, ett\u00e4 t\u00e4m\u00e4 ei riko yliopiston sitoutumista tasa-arvon edist\u00e4miseen, koska lis\u00e4kustannusten tavoitteena on tapahtuman toteutumisen ja osallistujien turvallisuuden takaaminen.<\/p>\n\n\n\n<p>Maaliskuulle 2020 sovittu tilaisuus siirtyi pandemian takia ja pidettiin lopulta lokakuussa 2022. Allenin tilalla keskusteluun osallistui Tampereen yliopiston tutkija&nbsp;<strong>Wassim Ghantous<\/strong>. Yliopiston vaatimus tasapuolisuudesta otettiin keskustelussa esimerkiksi siit\u00e4, miten ep\u00e4poliittisuuden ja tasapuolisuuden k\u00e4sitteit\u00e4 k\u00e4ytet\u00e4\u00e4n poliittisten tarkoitusperien ajamiseen ja keskustelun tukahduttamiseen.<\/p>\n\n\n\n<p>Helsingin yliopisto on profiloinut itsens\u00e4 \u201drohkean ajattelun keskustelevaksi yhteis\u00f6ksi\u201d. Se, ett\u00e4 yliopiston hallinto Israelin tapauksessa sen sijaan nostaa esteit\u00e4 kriittisen keskustelun tielle, ei ole Helsingin ominaispiirre vaan tavallista ymp\u00e4ri maailmaa. Helsingin yliopiston kunniaksi on sanottava, ett\u00e4 se ei sent\u00e4\u00e4n kielt\u00e4nyt tilaisuuden j\u00e4rjest\u00e4mist\u00e4.<\/p>\n\n\n\n<p>Isossa-Britanniassa ja Yhdysvalloissa apartheidin tukijat ovat yliopistoissa saaneet tilaisuuksia ja puhujia peruutettua, opiskelijaj\u00e4rjest\u00f6j\u00e4 kielletty\u00e4 ja tutkijoita erotettua, joskus yhteisty\u00f6ss\u00e4 Israelin hallituksen kanssa. Yksi viimeisimpi\u00e4 kohteita on professori&nbsp;<strong>David Miller<\/strong>, joka tutki ja arvosteli Israelin vaikutusoperaatioita Isossa-Britanniassa. Apartheidin kannattajat levittiv\u00e4t h\u00e4nest\u00e4 v\u00e4itteit\u00e4 antisemitismist\u00e4, jotka kaksi yliopiston tilaamaa riippumatonta selvityst\u00e4 totesi per\u00e4tt\u00f6miksi. T\u00e4st\u00e4 huolimatta yliopisto erotti Millerin lokakuussa 2021.<\/p>\n\n\n\n<p>Jos Ven\u00e4j\u00e4n propagandaan erikoistunut professori irtisanottaisiin yliopistosta siksi, ett\u00e4 Ven\u00e4j\u00e4n hallitus ja sen tukijat levitt\u00e4v\u00e4t h\u00e4nest\u00e4 valheita, se olisi oikeutetusti skandaali. Israelin kohdalla se on osa eurooppalaisten ja pohjoisamerikkalaisten instituutioiden tavallista tukea apartheidille. My\u00f6s Suomen hallitus p\u00f6nkitt\u00e4\u00e4 apartheidia muun muassa asekaupoilla ja sallimalla siirtokuntatuotteiden tuonnin, vaikka se on laitonta.<\/p>\n\n\n\n<p>Ehdottoman tuen seurauksena Israel on syvent\u00e4nyt apartheidia ja on nyt matkalla kohti fasismia. Israelin uudessa hallituksessa on ensimm\u00e4ist\u00e4 kertaa mukana \u00e4\u00e4rioikeistolainen Juutalainen voima -puolue. Puolueesta ja Israelin poliittisesta tilanteesta kertoo paljon se, ett\u00e4 sit\u00e4 edustava tuore talousministeri&nbsp;<strong>Bezalel Smotrich<\/strong>&nbsp;sanoo olevansa \u201dfasistinen homovihaaja\u201d.<br><\/p>\n\n\n\n<p><em><strong>Teksti: Syksy R\u00e4s\u00e4nen<\/strong><\/em><\/p>\n\n\n\n<p><em><strong>Kirjoittaja on ICAHD Finlandin puheenjohtaja. H\u00e4n on kirjoittanut kirjan&nbsp;<a href=\"https:\/\/rauhanpuolustajat.org\/kirja\/israelin-apartheid\/\">Israelin apartheid (Israeli Apartheid)<\/a>.<\/strong><\/em><\/p>\n\n\n\n<p><em><strong>Teksti on julkaistu ensimm\u00e4isen\u00e4 <a href=\"https:\/\/rauhanpuolustajat.org\/israeli-apartheid-week-2020-ja-helsingin-yliopiston-tiedekulman-erikoinen-toiminta\/\">Suomen rauhanpuolustajien verkkosivuilla<\/a> 14.3.2023.<\/strong><\/em><\/p>","protected":false},"excerpt":{"rendered":"<p>ICAHD Finland oli j\u00e4rjest\u00e4m\u00e4ss\u00e4 maaliskuussa 2020 tilaisuutta, jossa oli tarkoitus puhua akateemisesta vapaudesta ja vastuusta osana maailmanlaajuista Israeli Apartheid Week -tapahtumakokonaisuutta. T\u00e4m\u00e4 Israelin apartheid-j\u00e4rjestelm\u00e4\u00e4 eri tavoin k\u00e4sittelev\u00e4 tapahtuma j\u00e4rjestettiin ensimm\u00e4isen kerran Toronton yliopistossa vuonna 2005, ja sit\u00e4 vietet\u00e4\u00e4n nyky\u00e4\u00e4n vuosittain yli 200 kaupungissa. Tilaisuus oli tarkoitus j\u00e4rjest\u00e4\u00e4 Helsingin yliopiston Tiedekulmassa. Yll\u00e4tt\u00e4en sain Tiedekulman edustajalta h\u00e4mment\u00e4v\u00e4n [&hellip;]<\/p>\n","protected":false},"author":18,"featured_media":15512,"comment_status":"closed","ping_status":"closed","sticky":false,"template":"","format":"standard","meta":{"zakra_page_container_layout":"customizer","zakra_page_sidebar_layout":"customizer","zakra_remove_content_margin":false,"zakra_sidebar":"customizer","zakra_transparent_header":"customizer","zakra_logo":0,"zakra_main_header_style":"default","zakra_menu_item_color":"","zakra_menu_item_hover_color":"","zakra_menu_item_active_color":"","zakra_menu_active_style":"","zakra_page_header":true,"footnotes":""},"categories":[29,92],"tags":[],"class_list":["post-15511","post","type-post","status-publish","format-standard","has-post-thumbnail","hentry","category-uutiset","category-yleinen-fi"],"yoast_head":"<!-- This site is optimized with the Yoast SEO plugin v27.5 - https:\/\/yoast.com\/product\/yoast-seo-wordpress\/ -->\n<title>Helsingin yliopiston Tiedekulman edustaja vaati vuonna 2020 Israeli Apartheid Week -tilaisuuteen antisemitistien ja tutkijoiden vangitsemista kannattavien puheenvuoroja - ICAHD Finland<\/title>\n<meta name=\"robots\" content=\"index, follow, max-snippet:-1, max-image-preview:large, max-video-preview:-1\" \/>\n<link rel=\"canonical\" href=\"https:\/\/www.icahd.fi\/en\/helsingin-yliopiston-tiedekulman-edustaja-vaati-vuonna-2020-israeli-apartheid-week-tilaisuuteen-antisemitistien-ja-tutkijoiden-vangitsemista-kannattavien-puheenvuoroja\/\" \/>\n<meta property=\"og:locale\" content=\"en_GB\" \/>\n<meta property=\"og:type\" content=\"article\" \/>\n<meta property=\"og:title\" content=\"Helsingin yliopiston Tiedekulman edustaja vaati vuonna 2020 Israeli Apartheid Week -tilaisuuteen antisemitistien ja tutkijoiden vangitsemista kannattavien puheenvuoroja - ICAHD Finland\" \/>\n<meta property=\"og:description\" content=\"ICAHD Finland oli j\u00e4rjest\u00e4m\u00e4ss\u00e4 maaliskuussa 2020 tilaisuutta, jossa oli tarkoitus puhua akateemisesta vapaudesta ja vastuusta osana maailmanlaajuista Israeli Apartheid Week -tapahtumakokonaisuutta. T\u00e4m\u00e4 Israelin apartheid-j\u00e4rjestelm\u00e4\u00e4 eri tavoin k\u00e4sittelev\u00e4 tapahtuma j\u00e4rjestettiin ensimm\u00e4isen kerran Toronton yliopistossa vuonna 2005, ja sit\u00e4 vietet\u00e4\u00e4n nyky\u00e4\u00e4n vuosittain yli 200 kaupungissa. Tilaisuus oli tarkoitus j\u00e4rjest\u00e4\u00e4 Helsingin yliopiston Tiedekulmassa. Yll\u00e4tt\u00e4en sain Tiedekulman edustajalta h\u00e4mment\u00e4v\u00e4n [&hellip;]\" \/>\n<meta property=\"og:url\" content=\"https:\/\/www.icahd.fi\/en\/helsingin-yliopiston-tiedekulman-edustaja-vaati-vuonna-2020-israeli-apartheid-week-tilaisuuteen-antisemitistien-ja-tutkijoiden-vangitsemista-kannattavien-puheenvuoroja\/\" \/>\n<meta property=\"og:site_name\" content=\"ICAHD Finland\" \/>\n<meta property=\"article:publisher\" content=\"https:\/\/www.facebook.com\/icahdfinland\" \/>\n<meta property=\"article:published_time\" content=\"2023-03-15T18:34:01+00:00\" \/>\n<meta property=\"article:modified_time\" content=\"2023-03-15T18:36:16+00:00\" \/>\n<meta property=\"og:image\" content=\"https:\/\/www.icahd.fi\/wp-content\/uploads\/2023\/03\/akateeminenvapaus-israel-3.jpg\" \/>\n\t<meta property=\"og:image:width\" content=\"2048\" \/>\n\t<meta property=\"og:image:height\" content=\"1138\" \/>\n\t<meta property=\"og:image:type\" content=\"image\/jpeg\" \/>\n<meta name=\"author\" content=\"Pinja\" \/>\n<meta name=\"twitter:card\" content=\"summary_large_image\" \/>\n<meta name=\"twitter:creator\" content=\"@icahdfinland\" \/>\n<meta name=\"twitter:site\" content=\"@icahdfinland\" \/>\n<meta name=\"twitter:label1\" content=\"Written by\" \/>\n\t<meta name=\"twitter:data1\" content=\"Pinja\" \/>\n\t<meta name=\"twitter:label2\" content=\"Estimated reading time\" \/>\n\t<meta name=\"twitter:data2\" content=\"7 minutes\" \/>\n<script type=\"application\/ld+json\" class=\"yoast-schema-graph\">{\"@context\":\"https:\\\/\\\/schema.org\",\"@graph\":[{\"@type\":\"Article\",\"@id\":\"https:\\\/\\\/www.icahd.fi\\\/helsingin-yliopiston-tiedekulman-edustaja-vaati-vuonna-2020-israeli-apartheid-week-tilaisuuteen-antisemitistien-ja-tutkijoiden-vangitsemista-kannattavien-puheenvuoroja\\\/#article\",\"isPartOf\":{\"@id\":\"https:\\\/\\\/www.icahd.fi\\\/helsingin-yliopiston-tiedekulman-edustaja-vaati-vuonna-2020-israeli-apartheid-week-tilaisuuteen-antisemitistien-ja-tutkijoiden-vangitsemista-kannattavien-puheenvuoroja\\\/\"},\"author\":{\"name\":\"Pinja\",\"@id\":\"https:\\\/\\\/www.icahd.fi\\\/#\\\/schema\\\/person\\\/6b6e77aa265c0f1c3bf8cdfc8d49b5bd\"},\"headline\":\"Helsingin yliopiston Tiedekulman edustaja vaati vuonna 2020 Israeli Apartheid Week -tilaisuuteen antisemitistien ja tutkijoiden vangitsemista kannattavien puheenvuoroja\",\"datePublished\":\"2023-03-15T18:34:01+00:00\",\"dateModified\":\"2023-03-15T18:36:16+00:00\",\"mainEntityOfPage\":{\"@id\":\"https:\\\/\\\/www.icahd.fi\\\/helsingin-yliopiston-tiedekulman-edustaja-vaati-vuonna-2020-israeli-apartheid-week-tilaisuuteen-antisemitistien-ja-tutkijoiden-vangitsemista-kannattavien-puheenvuoroja\\\/\"},\"wordCount\":1139,\"publisher\":{\"@id\":\"https:\\\/\\\/www.icahd.fi\\\/#organization\"},\"image\":{\"@id\":\"https:\\\/\\\/www.icahd.fi\\\/helsingin-yliopiston-tiedekulman-edustaja-vaati-vuonna-2020-israeli-apartheid-week-tilaisuuteen-antisemitistien-ja-tutkijoiden-vangitsemista-kannattavien-puheenvuoroja\\\/#primaryimage\"},\"thumbnailUrl\":\"https:\\\/\\\/www.icahd.fi\\\/wp-content\\\/uploads\\\/2023\\\/03\\\/akateeminenvapaus-israel-3.jpg\",\"articleSection\":[\"Uutiset\",\"Yleinen\"],\"inLanguage\":\"en-GB\"},{\"@type\":\"WebPage\",\"@id\":\"https:\\\/\\\/www.icahd.fi\\\/helsingin-yliopiston-tiedekulman-edustaja-vaati-vuonna-2020-israeli-apartheid-week-tilaisuuteen-antisemitistien-ja-tutkijoiden-vangitsemista-kannattavien-puheenvuoroja\\\/\",\"url\":\"https:\\\/\\\/www.icahd.fi\\\/helsingin-yliopiston-tiedekulman-edustaja-vaati-vuonna-2020-israeli-apartheid-week-tilaisuuteen-antisemitistien-ja-tutkijoiden-vangitsemista-kannattavien-puheenvuoroja\\\/\",\"name\":\"Helsingin yliopiston Tiedekulman edustaja vaati vuonna 2020 Israeli Apartheid Week -tilaisuuteen antisemitistien ja tutkijoiden vangitsemista kannattavien puheenvuoroja - ICAHD Finland\",\"isPartOf\":{\"@id\":\"https:\\\/\\\/www.icahd.fi\\\/#website\"},\"primaryImageOfPage\":{\"@id\":\"https:\\\/\\\/www.icahd.fi\\\/helsingin-yliopiston-tiedekulman-edustaja-vaati-vuonna-2020-israeli-apartheid-week-tilaisuuteen-antisemitistien-ja-tutkijoiden-vangitsemista-kannattavien-puheenvuoroja\\\/#primaryimage\"},\"image\":{\"@id\":\"https:\\\/\\\/www.icahd.fi\\\/helsingin-yliopiston-tiedekulman-edustaja-vaati-vuonna-2020-israeli-apartheid-week-tilaisuuteen-antisemitistien-ja-tutkijoiden-vangitsemista-kannattavien-puheenvuoroja\\\/#primaryimage\"},\"thumbnailUrl\":\"https:\\\/\\\/www.icahd.fi\\\/wp-content\\\/uploads\\\/2023\\\/03\\\/akateeminenvapaus-israel-3.jpg\",\"datePublished\":\"2023-03-15T18:34:01+00:00\",\"dateModified\":\"2023-03-15T18:36:16+00:00\",\"breadcrumb\":{\"@id\":\"https:\\\/\\\/www.icahd.fi\\\/helsingin-yliopiston-tiedekulman-edustaja-vaati-vuonna-2020-israeli-apartheid-week-tilaisuuteen-antisemitistien-ja-tutkijoiden-vangitsemista-kannattavien-puheenvuoroja\\\/#breadcrumb\"},\"inLanguage\":\"en-GB\",\"potentialAction\":[{\"@type\":\"ReadAction\",\"target\":[\"https:\\\/\\\/www.icahd.fi\\\/helsingin-yliopiston-tiedekulman-edustaja-vaati-vuonna-2020-israeli-apartheid-week-tilaisuuteen-antisemitistien-ja-tutkijoiden-vangitsemista-kannattavien-puheenvuoroja\\\/\"]}]},{\"@type\":\"ImageObject\",\"inLanguage\":\"en-GB\",\"@id\":\"https:\\\/\\\/www.icahd.fi\\\/helsingin-yliopiston-tiedekulman-edustaja-vaati-vuonna-2020-israeli-apartheid-week-tilaisuuteen-antisemitistien-ja-tutkijoiden-vangitsemista-kannattavien-puheenvuoroja\\\/#primaryimage\",\"url\":\"https:\\\/\\\/www.icahd.fi\\\/wp-content\\\/uploads\\\/2023\\\/03\\\/akateeminenvapaus-israel-3.jpg\",\"contentUrl\":\"https:\\\/\\\/www.icahd.fi\\\/wp-content\\\/uploads\\\/2023\\\/03\\\/akateeminenvapaus-israel-3.jpg\",\"width\":2048,\"height\":1138},{\"@type\":\"BreadcrumbList\",\"@id\":\"https:\\\/\\\/www.icahd.fi\\\/helsingin-yliopiston-tiedekulman-edustaja-vaati-vuonna-2020-israeli-apartheid-week-tilaisuuteen-antisemitistien-ja-tutkijoiden-vangitsemista-kannattavien-puheenvuoroja\\\/#breadcrumb\",\"itemListElement\":[{\"@type\":\"ListItem\",\"position\":1,\"name\":\"Home\",\"item\":\"https:\\\/\\\/www.icahd.fi\\\/\"},{\"@type\":\"ListItem\",\"position\":2,\"name\":\"Helsingin yliopiston Tiedekulman edustaja vaati vuonna 2020 Israeli Apartheid Week -tilaisuuteen antisemitistien ja tutkijoiden vangitsemista kannattavien puheenvuoroja\"}]},{\"@type\":\"WebSite\",\"@id\":\"https:\\\/\\\/www.icahd.fi\\\/#website\",\"url\":\"https:\\\/\\\/www.icahd.fi\\\/\",\"name\":\"ICAHD Finland\",\"description\":\"Yht&auml;l&auml;isten oikeuksien puolesta, Israelin apartheidia vastaan\",\"publisher\":{\"@id\":\"https:\\\/\\\/www.icahd.fi\\\/#organization\"},\"potentialAction\":[{\"@type\":\"SearchAction\",\"target\":{\"@type\":\"EntryPoint\",\"urlTemplate\":\"https:\\\/\\\/www.icahd.fi\\\/?s={search_term_string}\"},\"query-input\":{\"@type\":\"PropertyValueSpecification\",\"valueRequired\":true,\"valueName\":\"search_term_string\"}}],\"inLanguage\":\"en-GB\"},{\"@type\":\"Organization\",\"@id\":\"https:\\\/\\\/www.icahd.fi\\\/#organization\",\"name\":\"ICAHD Finland\",\"url\":\"https:\\\/\\\/www.icahd.fi\\\/\",\"logo\":{\"@type\":\"ImageObject\",\"inLanguage\":\"en-GB\",\"@id\":\"https:\\\/\\\/www.icahd.fi\\\/#\\\/schema\\\/logo\\\/image\\\/\",\"url\":\"https:\\\/\\\/www.icahd.fi\\\/wp-content\\\/uploads\\\/2020\\\/01\\\/logo-teksti.png\",\"contentUrl\":\"https:\\\/\\\/www.icahd.fi\\\/wp-content\\\/uploads\\\/2020\\\/01\\\/logo-teksti.png\",\"width\":300,\"height\":109,\"caption\":\"ICAHD Finland\"},\"image\":{\"@id\":\"https:\\\/\\\/www.icahd.fi\\\/#\\\/schema\\\/logo\\\/image\\\/\"},\"sameAs\":[\"https:\\\/\\\/www.facebook.com\\\/icahdfinland\",\"https:\\\/\\\/x.com\\\/icahdfinland\"]},{\"@type\":\"Person\",\"@id\":\"https:\\\/\\\/www.icahd.fi\\\/#\\\/schema\\\/person\\\/6b6e77aa265c0f1c3bf8cdfc8d49b5bd\",\"name\":\"Pinja\",\"image\":{\"@type\":\"ImageObject\",\"inLanguage\":\"en-GB\",\"@id\":\"https:\\\/\\\/secure.gravatar.com\\\/avatar\\\/e52e6ae81f8c5a4a4d3efa83e6a376599ff1368a71c388ec0781c8f3e6584d2d?s=96&d=mm&r=g\",\"url\":\"https:\\\/\\\/secure.gravatar.com\\\/avatar\\\/e52e6ae81f8c5a4a4d3efa83e6a376599ff1368a71c388ec0781c8f3e6584d2d?s=96&d=mm&r=g\",\"contentUrl\":\"https:\\\/\\\/secure.gravatar.com\\\/avatar\\\/e52e6ae81f8c5a4a4d3efa83e6a376599ff1368a71c388ec0781c8f3e6584d2d?s=96&d=mm&r=g\",\"caption\":\"Pinja\"}}]}<\/script>\n<!-- \/ Yoast SEO plugin. -->","yoast_head_json":{"title":"Helsingin yliopiston Tiedekulman edustaja vaati vuonna 2020 Israeli Apartheid Week -tilaisuuteen antisemitistien ja tutkijoiden vangitsemista kannattavien puheenvuoroja - ICAHD Finland","robots":{"index":"index","follow":"follow","max-snippet":"max-snippet:-1","max-image-preview":"max-image-preview:large","max-video-preview":"max-video-preview:-1"},"canonical":"https:\/\/www.icahd.fi\/en\/helsingin-yliopiston-tiedekulman-edustaja-vaati-vuonna-2020-israeli-apartheid-week-tilaisuuteen-antisemitistien-ja-tutkijoiden-vangitsemista-kannattavien-puheenvuoroja\/","og_locale":"en_GB","og_type":"article","og_title":"Helsingin yliopiston Tiedekulman edustaja vaati vuonna 2020 Israeli Apartheid Week -tilaisuuteen antisemitistien ja tutkijoiden vangitsemista kannattavien puheenvuoroja - ICAHD Finland","og_description":"ICAHD Finland oli j\u00e4rjest\u00e4m\u00e4ss\u00e4 maaliskuussa 2020 tilaisuutta, jossa oli tarkoitus puhua akateemisesta vapaudesta ja vastuusta osana maailmanlaajuista Israeli Apartheid Week -tapahtumakokonaisuutta. T\u00e4m\u00e4 Israelin apartheid-j\u00e4rjestelm\u00e4\u00e4 eri tavoin k\u00e4sittelev\u00e4 tapahtuma j\u00e4rjestettiin ensimm\u00e4isen kerran Toronton yliopistossa vuonna 2005, ja sit\u00e4 vietet\u00e4\u00e4n nyky\u00e4\u00e4n vuosittain yli 200 kaupungissa. Tilaisuus oli tarkoitus j\u00e4rjest\u00e4\u00e4 Helsingin yliopiston Tiedekulmassa. Yll\u00e4tt\u00e4en sain Tiedekulman edustajalta h\u00e4mment\u00e4v\u00e4n [&hellip;]","og_url":"https:\/\/www.icahd.fi\/en\/helsingin-yliopiston-tiedekulman-edustaja-vaati-vuonna-2020-israeli-apartheid-week-tilaisuuteen-antisemitistien-ja-tutkijoiden-vangitsemista-kannattavien-puheenvuoroja\/","og_site_name":"ICAHD Finland","article_publisher":"https:\/\/www.facebook.com\/icahdfinland","article_published_time":"2023-03-15T18:34:01+00:00","article_modified_time":"2023-03-15T18:36:16+00:00","og_image":[{"width":2048,"height":1138,"url":"https:\/\/www.icahd.fi\/wp-content\/uploads\/2023\/03\/akateeminenvapaus-israel-3.jpg","type":"image\/jpeg"}],"author":"Pinja","twitter_card":"summary_large_image","twitter_creator":"@icahdfinland","twitter_site":"@icahdfinland","twitter_misc":{"Written by":"Pinja","Estimated reading time":"7 minutes"},"schema":{"@context":"https:\/\/schema.org","@graph":[{"@type":"Article","@id":"https:\/\/www.icahd.fi\/helsingin-yliopiston-tiedekulman-edustaja-vaati-vuonna-2020-israeli-apartheid-week-tilaisuuteen-antisemitistien-ja-tutkijoiden-vangitsemista-kannattavien-puheenvuoroja\/#article","isPartOf":{"@id":"https:\/\/www.icahd.fi\/helsingin-yliopiston-tiedekulman-edustaja-vaati-vuonna-2020-israeli-apartheid-week-tilaisuuteen-antisemitistien-ja-tutkijoiden-vangitsemista-kannattavien-puheenvuoroja\/"},"author":{"name":"Pinja","@id":"https:\/\/www.icahd.fi\/#\/schema\/person\/6b6e77aa265c0f1c3bf8cdfc8d49b5bd"},"headline":"Helsingin yliopiston Tiedekulman edustaja vaati vuonna 2020 Israeli Apartheid Week -tilaisuuteen antisemitistien ja tutkijoiden vangitsemista kannattavien puheenvuoroja","datePublished":"2023-03-15T18:34:01+00:00","dateModified":"2023-03-15T18:36:16+00:00","mainEntityOfPage":{"@id":"https:\/\/www.icahd.fi\/helsingin-yliopiston-tiedekulman-edustaja-vaati-vuonna-2020-israeli-apartheid-week-tilaisuuteen-antisemitistien-ja-tutkijoiden-vangitsemista-kannattavien-puheenvuoroja\/"},"wordCount":1139,"publisher":{"@id":"https:\/\/www.icahd.fi\/#organization"},"image":{"@id":"https:\/\/www.icahd.fi\/helsingin-yliopiston-tiedekulman-edustaja-vaati-vuonna-2020-israeli-apartheid-week-tilaisuuteen-antisemitistien-ja-tutkijoiden-vangitsemista-kannattavien-puheenvuoroja\/#primaryimage"},"thumbnailUrl":"https:\/\/www.icahd.fi\/wp-content\/uploads\/2023\/03\/akateeminenvapaus-israel-3.jpg","articleSection":["Uutiset","Yleinen"],"inLanguage":"en-GB"},{"@type":"WebPage","@id":"https:\/\/www.icahd.fi\/helsingin-yliopiston-tiedekulman-edustaja-vaati-vuonna-2020-israeli-apartheid-week-tilaisuuteen-antisemitistien-ja-tutkijoiden-vangitsemista-kannattavien-puheenvuoroja\/","url":"https:\/\/www.icahd.fi\/helsingin-yliopiston-tiedekulman-edustaja-vaati-vuonna-2020-israeli-apartheid-week-tilaisuuteen-antisemitistien-ja-tutkijoiden-vangitsemista-kannattavien-puheenvuoroja\/","name":"Helsingin yliopiston Tiedekulman edustaja vaati vuonna 2020 Israeli Apartheid Week -tilaisuuteen antisemitistien ja tutkijoiden vangitsemista kannattavien puheenvuoroja - ICAHD Finland","isPartOf":{"@id":"https:\/\/www.icahd.fi\/#website"},"primaryImageOfPage":{"@id":"https:\/\/www.icahd.fi\/helsingin-yliopiston-tiedekulman-edustaja-vaati-vuonna-2020-israeli-apartheid-week-tilaisuuteen-antisemitistien-ja-tutkijoiden-vangitsemista-kannattavien-puheenvuoroja\/#primaryimage"},"image":{"@id":"https:\/\/www.icahd.fi\/helsingin-yliopiston-tiedekulman-edustaja-vaati-vuonna-2020-israeli-apartheid-week-tilaisuuteen-antisemitistien-ja-tutkijoiden-vangitsemista-kannattavien-puheenvuoroja\/#primaryimage"},"thumbnailUrl":"https:\/\/www.icahd.fi\/wp-content\/uploads\/2023\/03\/akateeminenvapaus-israel-3.jpg","datePublished":"2023-03-15T18:34:01+00:00","dateModified":"2023-03-15T18:36:16+00:00","breadcrumb":{"@id":"https:\/\/www.icahd.fi\/helsingin-yliopiston-tiedekulman-edustaja-vaati-vuonna-2020-israeli-apartheid-week-tilaisuuteen-antisemitistien-ja-tutkijoiden-vangitsemista-kannattavien-puheenvuoroja\/#breadcrumb"},"inLanguage":"en-GB","potentialAction":[{"@type":"ReadAction","target":["https:\/\/www.icahd.fi\/helsingin-yliopiston-tiedekulman-edustaja-vaati-vuonna-2020-israeli-apartheid-week-tilaisuuteen-antisemitistien-ja-tutkijoiden-vangitsemista-kannattavien-puheenvuoroja\/"]}]},{"@type":"ImageObject","inLanguage":"en-GB","@id":"https:\/\/www.icahd.fi\/helsingin-yliopiston-tiedekulman-edustaja-vaati-vuonna-2020-israeli-apartheid-week-tilaisuuteen-antisemitistien-ja-tutkijoiden-vangitsemista-kannattavien-puheenvuoroja\/#primaryimage","url":"https:\/\/www.icahd.fi\/wp-content\/uploads\/2023\/03\/akateeminenvapaus-israel-3.jpg","contentUrl":"https:\/\/www.icahd.fi\/wp-content\/uploads\/2023\/03\/akateeminenvapaus-israel-3.jpg","width":2048,"height":1138},{"@type":"BreadcrumbList","@id":"https:\/\/www.icahd.fi\/helsingin-yliopiston-tiedekulman-edustaja-vaati-vuonna-2020-israeli-apartheid-week-tilaisuuteen-antisemitistien-ja-tutkijoiden-vangitsemista-kannattavien-puheenvuoroja\/#breadcrumb","itemListElement":[{"@type":"ListItem","position":1,"name":"Home","item":"https:\/\/www.icahd.fi\/"},{"@type":"ListItem","position":2,"name":"Helsingin yliopiston Tiedekulman edustaja vaati vuonna 2020 Israeli Apartheid Week -tilaisuuteen antisemitistien ja tutkijoiden vangitsemista kannattavien puheenvuoroja"}]},{"@type":"WebSite","@id":"https:\/\/www.icahd.fi\/#website","url":"https:\/\/www.icahd.fi\/","name":"In 2012, ICAHD Finland","description":"Yht&auml;l&auml;isten oikeuksien puolesta, Israelin apartheidia vastaan","publisher":{"@id":"https:\/\/www.icahd.fi\/#organization"},"potentialAction":[{"@type":"SearchAction","target":{"@type":"EntryPoint","urlTemplate":"https:\/\/www.icahd.fi\/?s={search_term_string}"},"query-input":{"@type":"PropertyValueSpecification","valueRequired":true,"valueName":"search_term_string"}}],"inLanguage":"en-GB"},{"@type":"Organization","@id":"https:\/\/www.icahd.fi\/#organization","name":"In 2012, ICAHD Finland","url":"https:\/\/www.icahd.fi\/","logo":{"@type":"ImageObject","inLanguage":"en-GB","@id":"https:\/\/www.icahd.fi\/#\/schema\/logo\/image\/","url":"https:\/\/www.icahd.fi\/wp-content\/uploads\/2020\/01\/logo-teksti.png","contentUrl":"https:\/\/www.icahd.fi\/wp-content\/uploads\/2020\/01\/logo-teksti.png","width":300,"height":109,"caption":"ICAHD Finland"},"image":{"@id":"https:\/\/www.icahd.fi\/#\/schema\/logo\/image\/"},"sameAs":["https:\/\/www.facebook.com\/icahdfinland","https:\/\/x.com\/icahdfinland"]},{"@type":"Person","@id":"https:\/\/www.icahd.fi\/#\/schema\/person\/6b6e77aa265c0f1c3bf8cdfc8d49b5bd","name":"Pinja","image":{"@type":"ImageObject","inLanguage":"en-GB","@id":"https:\/\/secure.gravatar.com\/avatar\/e52e6ae81f8c5a4a4d3efa83e6a376599ff1368a71c388ec0781c8f3e6584d2d?s=96&d=mm&r=g","url":"https:\/\/secure.gravatar.com\/avatar\/e52e6ae81f8c5a4a4d3efa83e6a376599ff1368a71c388ec0781c8f3e6584d2d?s=96&d=mm&r=g","contentUrl":"https:\/\/secure.gravatar.com\/avatar\/e52e6ae81f8c5a4a4d3efa83e6a376599ff1368a71c388ec0781c8f3e6584d2d?s=96&d=mm&r=g","caption":"Pinja"}}]}},"acf":[],"_links":{"self":[{"href":"https:\/\/www.icahd.fi\/en\/wp-json\/wp\/v2\/posts\/15511","targetHints":{"allow":["GET"]}}],"collection":[{"href":"https:\/\/www.icahd.fi\/en\/wp-json\/wp\/v2\/posts"}],"about":[{"href":"https:\/\/www.icahd.fi\/en\/wp-json\/wp\/v2\/types\/post"}],"author":[{"embeddable":true,"href":"https:\/\/www.icahd.fi\/en\/wp-json\/wp\/v2\/users\/18"}],"replies":[{"embeddable":true,"href":"https:\/\/www.icahd.fi\/en\/wp-json\/wp\/v2\/comments?post=15511"}],"version-history":[{"count":2,"href":"https:\/\/www.icahd.fi\/en\/wp-json\/wp\/v2\/posts\/15511\/revisions"}],"predecessor-version":[{"id":15514,"href":"https:\/\/www.icahd.fi\/en\/wp-json\/wp\/v2\/posts\/15511\/revisions\/15514"}],"wp:featuredmedia":[{"embeddable":true,"href":"https:\/\/www.icahd.fi\/en\/wp-json\/wp\/v2\/media\/15512"}],"wp:attachment":[{"href":"https:\/\/www.icahd.fi\/en\/wp-json\/wp\/v2\/media?parent=15511"}],"wp:term":[{"taxonomy":"category","embeddable":true,"href":"https:\/\/www.icahd.fi\/en\/wp-json\/wp\/v2\/categories?post=15511"},{"taxonomy":"post_tag","embeddable":true,"href":"https:\/\/www.icahd.fi\/en\/wp-json\/wp\/v2\/tags?post=15511"}],"curies":[{"name":"wp","href":"https:\/\/api.w.org\/{rel}","templated":true}]}}