{"id":15501,"date":"2022-12-22T19:38:59","date_gmt":"2022-12-22T17:38:59","guid":{"rendered":"https:\/\/www.icahd.fi\/?p=15501"},"modified":"2022-12-22T21:12:05","modified_gmt":"2022-12-22T19:12:05","slug":"kuuntele-haastattelu-terike-haapoja-ja-icahd-finlandin-syksy-rasanen-yhdysvaltalaisen-radioaseman-vieraana","status":"publish","type":"post","link":"https:\/\/www.icahd.fi\/en\/kuuntele-haastattelu-terike-haapoja-ja-icahd-finlandin-syksy-rasanen-yhdysvaltalaisen-radioaseman-vieraana\/","title":{"rendered":"Kuuntele haastattelu: taiteilija Terike Haapoja ja ICAHD Finlandin Syksy R\u00e4s\u00e4nen yhdysvaltalaisen radioaseman vieraana"},"content":{"rendered":"<p>Yhdysvaltalaisen radioaseman KPFK:n ohjelma <em>Middle East in Focus<\/em> haastattelee Kiasman ty\u00f6nseisaukseen osallistuvaa taiteilijaa <strong>Terike Haapojaa<\/strong> ja ICAHD Finlandin puheenjohtaja<strong> Syksy R\u00e4s\u00e4st\u00e4<\/strong>. Haastattelijana <strong>Estee Chandler<\/strong>.<\/p>\n\n\n\n<p><strong>Kuuntele haastattelu: <\/strong>valitse<a href=\"https:\/\/archive.kpfk.org\/index.php?shokey=meif\"> ohjelman verkkosivuilta<\/a> jakso, joka on julkaistu 18.12.2022. Voit kuunnella tallenteen my\u00f6s <a href=\"https:\/\/drive.google.com\/file\/d\/1Vx-97NbsYASV4FYlSvOIwNTehZqMYxJh\/view?usp=sharing\">Google Drivess\u00e4<\/a>.<\/p>\n\n\n\n<p><strong>Lue lis\u00e4\u00e4: <\/strong><a href=\"https:\/\/kiasmastrike.art\/\">Kiasma Striken verkkosivut<\/a> &amp; <a href=\"https:\/\/voima.fi\/blogit\/vieraskirja\/2022\/avoin-kirje-kiasmalle-chaim-poju-zabludowiczin-hallitusjasenyys-kiasman-tukisaatiossa-purettava\/\"><em>Voimassa<\/em> julkaistu avoin kirje<\/a><\/p>","protected":false},"excerpt":{"rendered":"<p>Yhdysvaltalaisen radioaseman KPFK:n ohjelma Middle East in Focus haastattelee Kiasman ty\u00f6nseisaukseen osallistuvaa taiteilijaa Terike Haapojaa ja ICAHD Finlandin puheenjohtaja Syksy R\u00e4s\u00e4st\u00e4. Haastattelijana Estee Chandler. Kuuntele haastattelu: valitse ohjelman verkkosivuilta jakso, joka on julkaistu 18.12.2022. Voit kuunnella tallenteen my\u00f6s Google Drivess\u00e4. Lue lis\u00e4\u00e4: Kiasma Striken verkkosivut &amp; Voimassa julkaistu avoin kirje<\/p>","protected":false},"author":18,"featured_media":15503,"comment_status":"closed","ping_status":"closed","sticky":false,"template":"","format":"standard","meta":{"zakra_page_container_layout":"customizer","zakra_page_sidebar_layout":"customizer","zakra_remove_content_margin":false,"zakra_sidebar":"customizer","zakra_transparent_header":"customizer","zakra_logo":0,"zakra_main_header_style":"default","zakra_menu_item_color":"","zakra_menu_item_hover_color":"","zakra_menu_item_active_color":"","zakra_menu_active_style":"","zakra_page_header":true,"footnotes":""},"categories":[29],"tags":[],"class_list":["post-15501","post","type-post","status-publish","format-standard","has-post-thumbnail","hentry","category-uutiset"],"yoast_head":"<!-- This site is optimized with the Yoast SEO plugin v27.5 - https:\/\/yoast.com\/product\/yoast-seo-wordpress\/ -->\n<title>Kuuntele haastattelu: taiteilija Terike Haapoja ja ICAHD Finlandin Syksy R\u00e4s\u00e4nen yhdysvaltalaisen radioaseman vieraana - ICAHD Finland<\/title>\n<meta name=\"robots\" content=\"index, follow, max-snippet:-1, max-image-preview:large, max-video-preview:-1\" \/>\n<link rel=\"canonical\" href=\"https:\/\/www.icahd.fi\/en\/kuuntele-haastattelu-terike-haapoja-ja-icahd-finlandin-syksy-rasanen-yhdysvaltalaisen-radioaseman-vieraana\/\" \/>\n<meta property=\"og:locale\" content=\"en_GB\" \/>\n<meta property=\"og:type\" content=\"article\" \/>\n<meta property=\"og:title\" content=\"Kuuntele haastattelu: taiteilija Terike Haapoja ja ICAHD Finlandin Syksy R\u00e4s\u00e4nen yhdysvaltalaisen radioaseman vieraana - ICAHD Finland\" \/>\n<meta property=\"og:description\" content=\"Yhdysvaltalaisen radioaseman KPFK:n ohjelma Middle East in Focus haastattelee Kiasman ty\u00f6nseisaukseen osallistuvaa taiteilijaa Terike Haapojaa ja ICAHD Finlandin puheenjohtaja Syksy R\u00e4s\u00e4st\u00e4. Haastattelijana Estee Chandler. Kuuntele haastattelu: valitse ohjelman verkkosivuilta jakso, joka on julkaistu 18.12.2022. Voit kuunnella tallenteen my\u00f6s Google Drivess\u00e4. Lue lis\u00e4\u00e4: Kiasma Striken verkkosivut &amp; Voimassa julkaistu avoin kirje\" \/>\n<meta property=\"og:url\" content=\"https:\/\/www.icahd.fi\/en\/kuuntele-haastattelu-terike-haapoja-ja-icahd-finlandin-syksy-rasanen-yhdysvaltalaisen-radioaseman-vieraana\/\" \/>\n<meta property=\"og:site_name\" content=\"ICAHD Finland\" \/>\n<meta property=\"article:publisher\" content=\"https:\/\/www.facebook.com\/icahdfinland\" \/>\n<meta property=\"article:published_time\" content=\"2022-12-22T17:38:59+00:00\" \/>\n<meta property=\"article:modified_time\" content=\"2022-12-22T19:12:05+00:00\" \/>\n<meta property=\"og:image\" content=\"https:\/\/www.icahd.fi\/wp-content\/uploads\/2022\/12\/will-francis-ZDNyhmgkZlQ-unsplash.jpg\" \/>\n\t<meta property=\"og:image:width\" content=\"2000\" \/>\n\t<meta property=\"og:image:height\" content=\"1334\" \/>\n\t<meta property=\"og:image:type\" content=\"image\/jpeg\" \/>\n<meta name=\"author\" content=\"Pinja\" \/>\n<meta name=\"twitter:card\" content=\"summary_large_image\" \/>\n<meta name=\"twitter:creator\" content=\"@icahdfinland\" \/>\n<meta name=\"twitter:site\" content=\"@icahdfinland\" \/>\n<meta name=\"twitter:label1\" content=\"Written by\" \/>\n\t<meta name=\"twitter:data1\" content=\"Pinja\" \/>\n\t<meta name=\"twitter:label2\" content=\"Estimated reading time\" \/>\n\t<meta name=\"twitter:data2\" content=\"1 minute\" \/>\n<script type=\"application\/ld+json\" class=\"yoast-schema-graph\">{\"@context\":\"https:\\\/\\\/schema.org\",\"@graph\":[{\"@type\":\"Article\",\"@id\":\"https:\\\/\\\/www.icahd.fi\\\/kuuntele-haastattelu-terike-haapoja-ja-icahd-finlandin-syksy-rasanen-yhdysvaltalaisen-radioaseman-vieraana\\\/#article\",\"isPartOf\":{\"@id\":\"https:\\\/\\\/www.icahd.fi\\\/kuuntele-haastattelu-terike-haapoja-ja-icahd-finlandin-syksy-rasanen-yhdysvaltalaisen-radioaseman-vieraana\\\/\"},\"author\":{\"name\":\"Pinja\",\"@id\":\"https:\\\/\\\/www.icahd.fi\\\/#\\\/schema\\\/person\\\/6b6e77aa265c0f1c3bf8cdfc8d49b5bd\"},\"headline\":\"Kuuntele haastattelu: taiteilija Terike Haapoja ja ICAHD Finlandin Syksy R\u00e4s\u00e4nen yhdysvaltalaisen radioaseman vieraana\",\"datePublished\":\"2022-12-22T17:38:59+00:00\",\"dateModified\":\"2022-12-22T19:12:05+00:00\",\"mainEntityOfPage\":{\"@id\":\"https:\\\/\\\/www.icahd.fi\\\/kuuntele-haastattelu-terike-haapoja-ja-icahd-finlandin-syksy-rasanen-yhdysvaltalaisen-radioaseman-vieraana\\\/\"},\"wordCount\":69,\"publisher\":{\"@id\":\"https:\\\/\\\/www.icahd.fi\\\/#organization\"},\"image\":{\"@id\":\"https:\\\/\\\/www.icahd.fi\\\/kuuntele-haastattelu-terike-haapoja-ja-icahd-finlandin-syksy-rasanen-yhdysvaltalaisen-radioaseman-vieraana\\\/#primaryimage\"},\"thumbnailUrl\":\"https:\\\/\\\/www.icahd.fi\\\/wp-content\\\/uploads\\\/2022\\\/12\\\/will-francis-ZDNyhmgkZlQ-unsplash.jpg\",\"articleSection\":[\"Uutiset\"],\"inLanguage\":\"en-GB\"},{\"@type\":\"WebPage\",\"@id\":\"https:\\\/\\\/www.icahd.fi\\\/kuuntele-haastattelu-terike-haapoja-ja-icahd-finlandin-syksy-rasanen-yhdysvaltalaisen-radioaseman-vieraana\\\/\",\"url\":\"https:\\\/\\\/www.icahd.fi\\\/kuuntele-haastattelu-terike-haapoja-ja-icahd-finlandin-syksy-rasanen-yhdysvaltalaisen-radioaseman-vieraana\\\/\",\"name\":\"Kuuntele haastattelu: taiteilija Terike Haapoja ja ICAHD Finlandin Syksy R\u00e4s\u00e4nen yhdysvaltalaisen radioaseman vieraana - ICAHD Finland\",\"isPartOf\":{\"@id\":\"https:\\\/\\\/www.icahd.fi\\\/#website\"},\"primaryImageOfPage\":{\"@id\":\"https:\\\/\\\/www.icahd.fi\\\/kuuntele-haastattelu-terike-haapoja-ja-icahd-finlandin-syksy-rasanen-yhdysvaltalaisen-radioaseman-vieraana\\\/#primaryimage\"},\"image\":{\"@id\":\"https:\\\/\\\/www.icahd.fi\\\/kuuntele-haastattelu-terike-haapoja-ja-icahd-finlandin-syksy-rasanen-yhdysvaltalaisen-radioaseman-vieraana\\\/#primaryimage\"},\"thumbnailUrl\":\"https:\\\/\\\/www.icahd.fi\\\/wp-content\\\/uploads\\\/2022\\\/12\\\/will-francis-ZDNyhmgkZlQ-unsplash.jpg\",\"datePublished\":\"2022-12-22T17:38:59+00:00\",\"dateModified\":\"2022-12-22T19:12:05+00:00\",\"breadcrumb\":{\"@id\":\"https:\\\/\\\/www.icahd.fi\\\/kuuntele-haastattelu-terike-haapoja-ja-icahd-finlandin-syksy-rasanen-yhdysvaltalaisen-radioaseman-vieraana\\\/#breadcrumb\"},\"inLanguage\":\"en-GB\",\"potentialAction\":[{\"@type\":\"ReadAction\",\"target\":[\"https:\\\/\\\/www.icahd.fi\\\/kuuntele-haastattelu-terike-haapoja-ja-icahd-finlandin-syksy-rasanen-yhdysvaltalaisen-radioaseman-vieraana\\\/\"]}]},{\"@type\":\"ImageObject\",\"inLanguage\":\"en-GB\",\"@id\":\"https:\\\/\\\/www.icahd.fi\\\/kuuntele-haastattelu-terike-haapoja-ja-icahd-finlandin-syksy-rasanen-yhdysvaltalaisen-radioaseman-vieraana\\\/#primaryimage\",\"url\":\"https:\\\/\\\/www.icahd.fi\\\/wp-content\\\/uploads\\\/2022\\\/12\\\/will-francis-ZDNyhmgkZlQ-unsplash.jpg\",\"contentUrl\":\"https:\\\/\\\/www.icahd.fi\\\/wp-content\\\/uploads\\\/2022\\\/12\\\/will-francis-ZDNyhmgkZlQ-unsplash.jpg\",\"width\":2000,\"height\":1334},{\"@type\":\"BreadcrumbList\",\"@id\":\"https:\\\/\\\/www.icahd.fi\\\/kuuntele-haastattelu-terike-haapoja-ja-icahd-finlandin-syksy-rasanen-yhdysvaltalaisen-radioaseman-vieraana\\\/#breadcrumb\",\"itemListElement\":[{\"@type\":\"ListItem\",\"position\":1,\"name\":\"Home\",\"item\":\"https:\\\/\\\/www.icahd.fi\\\/\"},{\"@type\":\"ListItem\",\"position\":2,\"name\":\"Kuuntele haastattelu: taiteilija Terike Haapoja ja ICAHD Finlandin Syksy R\u00e4s\u00e4nen yhdysvaltalaisen radioaseman vieraana\"}]},{\"@type\":\"WebSite\",\"@id\":\"https:\\\/\\\/www.icahd.fi\\\/#website\",\"url\":\"https:\\\/\\\/www.icahd.fi\\\/\",\"name\":\"ICAHD Finland\",\"description\":\"Yht&auml;l&auml;isten oikeuksien puolesta, Israelin apartheidia vastaan\",\"publisher\":{\"@id\":\"https:\\\/\\\/www.icahd.fi\\\/#organization\"},\"potentialAction\":[{\"@type\":\"SearchAction\",\"target\":{\"@type\":\"EntryPoint\",\"urlTemplate\":\"https:\\\/\\\/www.icahd.fi\\\/?s={search_term_string}\"},\"query-input\":{\"@type\":\"PropertyValueSpecification\",\"valueRequired\":true,\"valueName\":\"search_term_string\"}}],\"inLanguage\":\"en-GB\"},{\"@type\":\"Organization\",\"@id\":\"https:\\\/\\\/www.icahd.fi\\\/#organization\",\"name\":\"ICAHD Finland\",\"url\":\"https:\\\/\\\/www.icahd.fi\\\/\",\"logo\":{\"@type\":\"ImageObject\",\"inLanguage\":\"en-GB\",\"@id\":\"https:\\\/\\\/www.icahd.fi\\\/#\\\/schema\\\/logo\\\/image\\\/\",\"url\":\"https:\\\/\\\/www.icahd.fi\\\/wp-content\\\/uploads\\\/2020\\\/01\\\/logo-teksti.png\",\"contentUrl\":\"https:\\\/\\\/www.icahd.fi\\\/wp-content\\\/uploads\\\/2020\\\/01\\\/logo-teksti.png\",\"width\":300,\"height\":109,\"caption\":\"ICAHD Finland\"},\"image\":{\"@id\":\"https:\\\/\\\/www.icahd.fi\\\/#\\\/schema\\\/logo\\\/image\\\/\"},\"sameAs\":[\"https:\\\/\\\/www.facebook.com\\\/icahdfinland\",\"https:\\\/\\\/x.com\\\/icahdfinland\"]},{\"@type\":\"Person\",\"@id\":\"https:\\\/\\\/www.icahd.fi\\\/#\\\/schema\\\/person\\\/6b6e77aa265c0f1c3bf8cdfc8d49b5bd\",\"name\":\"Pinja\",\"image\":{\"@type\":\"ImageObject\",\"inLanguage\":\"en-GB\",\"@id\":\"https:\\\/\\\/secure.gravatar.com\\\/avatar\\\/e52e6ae81f8c5a4a4d3efa83e6a376599ff1368a71c388ec0781c8f3e6584d2d?s=96&d=mm&r=g\",\"url\":\"https:\\\/\\\/secure.gravatar.com\\\/avatar\\\/e52e6ae81f8c5a4a4d3efa83e6a376599ff1368a71c388ec0781c8f3e6584d2d?s=96&d=mm&r=g\",\"contentUrl\":\"https:\\\/\\\/secure.gravatar.com\\\/avatar\\\/e52e6ae81f8c5a4a4d3efa83e6a376599ff1368a71c388ec0781c8f3e6584d2d?s=96&d=mm&r=g\",\"caption\":\"Pinja\"}}]}<\/script>\n<!-- \/ Yoast SEO plugin. -->","yoast_head_json":{"title":"Kuuntele haastattelu: taiteilija Terike Haapoja ja ICAHD Finlandin Syksy R\u00e4s\u00e4nen yhdysvaltalaisen radioaseman vieraana - ICAHD Finland","robots":{"index":"index","follow":"follow","max-snippet":"max-snippet:-1","max-image-preview":"max-image-preview:large","max-video-preview":"max-video-preview:-1"},"canonical":"https:\/\/www.icahd.fi\/en\/kuuntele-haastattelu-terike-haapoja-ja-icahd-finlandin-syksy-rasanen-yhdysvaltalaisen-radioaseman-vieraana\/","og_locale":"en_GB","og_type":"article","og_title":"Kuuntele haastattelu: taiteilija Terike Haapoja ja ICAHD Finlandin Syksy R\u00e4s\u00e4nen yhdysvaltalaisen radioaseman vieraana - ICAHD Finland","og_description":"Yhdysvaltalaisen radioaseman KPFK:n ohjelma Middle East in Focus haastattelee Kiasman ty\u00f6nseisaukseen osallistuvaa taiteilijaa Terike Haapojaa ja ICAHD Finlandin puheenjohtaja Syksy R\u00e4s\u00e4st\u00e4. Haastattelijana Estee Chandler. Kuuntele haastattelu: valitse ohjelman verkkosivuilta jakso, joka on julkaistu 18.12.2022. Voit kuunnella tallenteen my\u00f6s Google Drivess\u00e4. Lue lis\u00e4\u00e4: Kiasma Striken verkkosivut &amp; Voimassa julkaistu avoin kirje","og_url":"https:\/\/www.icahd.fi\/en\/kuuntele-haastattelu-terike-haapoja-ja-icahd-finlandin-syksy-rasanen-yhdysvaltalaisen-radioaseman-vieraana\/","og_site_name":"ICAHD Finland","article_publisher":"https:\/\/www.facebook.com\/icahdfinland","article_published_time":"2022-12-22T17:38:59+00:00","article_modified_time":"2022-12-22T19:12:05+00:00","og_image":[{"width":2000,"height":1334,"url":"https:\/\/www.icahd.fi\/wp-content\/uploads\/2022\/12\/will-francis-ZDNyhmgkZlQ-unsplash.jpg","type":"image\/jpeg"}],"author":"Pinja","twitter_card":"summary_large_image","twitter_creator":"@icahdfinland","twitter_site":"@icahdfinland","twitter_misc":{"Written by":"Pinja","Estimated reading time":"1 minute"},"schema":{"@context":"https:\/\/schema.org","@graph":[{"@type":"Article","@id":"https:\/\/www.icahd.fi\/kuuntele-haastattelu-terike-haapoja-ja-icahd-finlandin-syksy-rasanen-yhdysvaltalaisen-radioaseman-vieraana\/#article","isPartOf":{"@id":"https:\/\/www.icahd.fi\/kuuntele-haastattelu-terike-haapoja-ja-icahd-finlandin-syksy-rasanen-yhdysvaltalaisen-radioaseman-vieraana\/"},"author":{"name":"Pinja","@id":"https:\/\/www.icahd.fi\/#\/schema\/person\/6b6e77aa265c0f1c3bf8cdfc8d49b5bd"},"headline":"Kuuntele haastattelu: taiteilija Terike Haapoja ja ICAHD Finlandin Syksy R\u00e4s\u00e4nen yhdysvaltalaisen radioaseman vieraana","datePublished":"2022-12-22T17:38:59+00:00","dateModified":"2022-12-22T19:12:05+00:00","mainEntityOfPage":{"@id":"https:\/\/www.icahd.fi\/kuuntele-haastattelu-terike-haapoja-ja-icahd-finlandin-syksy-rasanen-yhdysvaltalaisen-radioaseman-vieraana\/"},"wordCount":69,"publisher":{"@id":"https:\/\/www.icahd.fi\/#organization"},"image":{"@id":"https:\/\/www.icahd.fi\/kuuntele-haastattelu-terike-haapoja-ja-icahd-finlandin-syksy-rasanen-yhdysvaltalaisen-radioaseman-vieraana\/#primaryimage"},"thumbnailUrl":"https:\/\/www.icahd.fi\/wp-content\/uploads\/2022\/12\/will-francis-ZDNyhmgkZlQ-unsplash.jpg","articleSection":["Uutiset"],"inLanguage":"en-GB"},{"@type":"WebPage","@id":"https:\/\/www.icahd.fi\/kuuntele-haastattelu-terike-haapoja-ja-icahd-finlandin-syksy-rasanen-yhdysvaltalaisen-radioaseman-vieraana\/","url":"https:\/\/www.icahd.fi\/kuuntele-haastattelu-terike-haapoja-ja-icahd-finlandin-syksy-rasanen-yhdysvaltalaisen-radioaseman-vieraana\/","name":"Kuuntele haastattelu: taiteilija Terike Haapoja ja ICAHD Finlandin Syksy R\u00e4s\u00e4nen yhdysvaltalaisen radioaseman vieraana - ICAHD Finland","isPartOf":{"@id":"https:\/\/www.icahd.fi\/#website"},"primaryImageOfPage":{"@id":"https:\/\/www.icahd.fi\/kuuntele-haastattelu-terike-haapoja-ja-icahd-finlandin-syksy-rasanen-yhdysvaltalaisen-radioaseman-vieraana\/#primaryimage"},"image":{"@id":"https:\/\/www.icahd.fi\/kuuntele-haastattelu-terike-haapoja-ja-icahd-finlandin-syksy-rasanen-yhdysvaltalaisen-radioaseman-vieraana\/#primaryimage"},"thumbnailUrl":"https:\/\/www.icahd.fi\/wp-content\/uploads\/2022\/12\/will-francis-ZDNyhmgkZlQ-unsplash.jpg","datePublished":"2022-12-22T17:38:59+00:00","dateModified":"2022-12-22T19:12:05+00:00","breadcrumb":{"@id":"https:\/\/www.icahd.fi\/kuuntele-haastattelu-terike-haapoja-ja-icahd-finlandin-syksy-rasanen-yhdysvaltalaisen-radioaseman-vieraana\/#breadcrumb"},"inLanguage":"en-GB","potentialAction":[{"@type":"ReadAction","target":["https:\/\/www.icahd.fi\/kuuntele-haastattelu-terike-haapoja-ja-icahd-finlandin-syksy-rasanen-yhdysvaltalaisen-radioaseman-vieraana\/"]}]},{"@type":"ImageObject","inLanguage":"en-GB","@id":"https:\/\/www.icahd.fi\/kuuntele-haastattelu-terike-haapoja-ja-icahd-finlandin-syksy-rasanen-yhdysvaltalaisen-radioaseman-vieraana\/#primaryimage","url":"https:\/\/www.icahd.fi\/wp-content\/uploads\/2022\/12\/will-francis-ZDNyhmgkZlQ-unsplash.jpg","contentUrl":"https:\/\/www.icahd.fi\/wp-content\/uploads\/2022\/12\/will-francis-ZDNyhmgkZlQ-unsplash.jpg","width":2000,"height":1334},{"@type":"BreadcrumbList","@id":"https:\/\/www.icahd.fi\/kuuntele-haastattelu-terike-haapoja-ja-icahd-finlandin-syksy-rasanen-yhdysvaltalaisen-radioaseman-vieraana\/#breadcrumb","itemListElement":[{"@type":"ListItem","position":1,"name":"Home","item":"https:\/\/www.icahd.fi\/"},{"@type":"ListItem","position":2,"name":"Kuuntele haastattelu: taiteilija Terike Haapoja ja ICAHD Finlandin Syksy R\u00e4s\u00e4nen yhdysvaltalaisen radioaseman vieraana"}]},{"@type":"WebSite","@id":"https:\/\/www.icahd.fi\/#website","url":"https:\/\/www.icahd.fi\/","name":"In 2012, ICAHD Finland","description":"Yht&auml;l&auml;isten oikeuksien puolesta, Israelin apartheidia vastaan","publisher":{"@id":"https:\/\/www.icahd.fi\/#organization"},"potentialAction":[{"@type":"SearchAction","target":{"@type":"EntryPoint","urlTemplate":"https:\/\/www.icahd.fi\/?s={search_term_string}"},"query-input":{"@type":"PropertyValueSpecification","valueRequired":true,"valueName":"search_term_string"}}],"inLanguage":"en-GB"},{"@type":"Organization","@id":"https:\/\/www.icahd.fi\/#organization","name":"In 2012, ICAHD Finland","url":"https:\/\/www.icahd.fi\/","logo":{"@type":"ImageObject","inLanguage":"en-GB","@id":"https:\/\/www.icahd.fi\/#\/schema\/logo\/image\/","url":"https:\/\/www.icahd.fi\/wp-content\/uploads\/2020\/01\/logo-teksti.png","contentUrl":"https:\/\/www.icahd.fi\/wp-content\/uploads\/2020\/01\/logo-teksti.png","width":300,"height":109,"caption":"ICAHD Finland"},"image":{"@id":"https:\/\/www.icahd.fi\/#\/schema\/logo\/image\/"},"sameAs":["https:\/\/www.facebook.com\/icahdfinland","https:\/\/x.com\/icahdfinland"]},{"@type":"Person","@id":"https:\/\/www.icahd.fi\/#\/schema\/person\/6b6e77aa265c0f1c3bf8cdfc8d49b5bd","name":"Pinja","image":{"@type":"ImageObject","inLanguage":"en-GB","@id":"https:\/\/secure.gravatar.com\/avatar\/e52e6ae81f8c5a4a4d3efa83e6a376599ff1368a71c388ec0781c8f3e6584d2d?s=96&d=mm&r=g","url":"https:\/\/secure.gravatar.com\/avatar\/e52e6ae81f8c5a4a4d3efa83e6a376599ff1368a71c388ec0781c8f3e6584d2d?s=96&d=mm&r=g","contentUrl":"https:\/\/secure.gravatar.com\/avatar\/e52e6ae81f8c5a4a4d3efa83e6a376599ff1368a71c388ec0781c8f3e6584d2d?s=96&d=mm&r=g","caption":"Pinja"}}]}},"acf":[],"_links":{"self":[{"href":"https:\/\/www.icahd.fi\/en\/wp-json\/wp\/v2\/posts\/15501","targetHints":{"allow":["GET"]}}],"collection":[{"href":"https:\/\/www.icahd.fi\/en\/wp-json\/wp\/v2\/posts"}],"about":[{"href":"https:\/\/www.icahd.fi\/en\/wp-json\/wp\/v2\/types\/post"}],"author":[{"embeddable":true,"href":"https:\/\/www.icahd.fi\/en\/wp-json\/wp\/v2\/users\/18"}],"replies":[{"embeddable":true,"href":"https:\/\/www.icahd.fi\/en\/wp-json\/wp\/v2\/comments?post=15501"}],"version-history":[{"count":5,"href":"https:\/\/www.icahd.fi\/en\/wp-json\/wp\/v2\/posts\/15501\/revisions"}],"predecessor-version":[{"id":15510,"href":"https:\/\/www.icahd.fi\/en\/wp-json\/wp\/v2\/posts\/15501\/revisions\/15510"}],"wp:featuredmedia":[{"embeddable":true,"href":"https:\/\/www.icahd.fi\/en\/wp-json\/wp\/v2\/media\/15503"}],"wp:attachment":[{"href":"https:\/\/www.icahd.fi\/en\/wp-json\/wp\/v2\/media?parent=15501"}],"wp:term":[{"taxonomy":"category","embeddable":true,"href":"https:\/\/www.icahd.fi\/en\/wp-json\/wp\/v2\/categories?post=15501"},{"taxonomy":"post_tag","embeddable":true,"href":"https:\/\/www.icahd.fi\/en\/wp-json\/wp\/v2\/tags?post=15501"}],"curies":[{"name":"wp","href":"https:\/\/api.w.org\/{rel}","templated":true}]}}