{"id":15496,"date":"2022-12-13T17:06:25","date_gmt":"2022-12-13T15:06:25","guid":{"rendered":"https:\/\/www.icahd.fi\/?p=15496"},"modified":"2022-12-13T17:06:26","modified_gmt":"2022-12-13T15:06:26","slug":"lue-rauhanfoorumin-vieraiden-estee-chandlerin-ja-majed-abusalaman-haastattelu-maailma-netissa","status":"publish","type":"post","link":"https:\/\/www.icahd.fi\/en\/lue-rauhanfoorumin-vieraiden-estee-chandlerin-ja-majed-abusalaman-haastattelu-maailma-netissa\/","title":{"rendered":"Lue Rauhanfoorumin vieraiden Estee Chandlerin ja Majed Abusalaman haastattelu maailma.netiss\u00e4"},"content":{"rendered":"<p><strong>Teija Laakso<\/strong> haastatteli Rauhanfoorumin vieraita <strong>Estee Chandleria<\/strong> and the <strong>Majed Abusalamaa<\/strong> maailma.net-sivustolle: <\/p>\n\n\n\n<p>&#8221;Abusalama puhuu paljon kolonialismin ja imperialismin purkamisesta. Uuden sukupolven aktivismissa on h\u00e4nen mukaansa keskeist\u00e4 se, ett\u00e4 nyt palestiinalaiset puhuvat itse omasta puolestaan. &#8217;Emme odota, ett\u00e4 suomalaiset tai muut valkoisten edustamat j\u00e4rjest\u00f6t tekev\u00e4t sen. Nyt on meid\u00e4n aikamme puhua.'&#8221;<\/p>\n\n\n\n<p>&#8221;Chandlerin mukaan my\u00f6s amerikkalaiset ovat alkaneet her\u00e4t\u00e4 Palestiinan-kysymykseen viime vuosina.<\/p>\n\n\n\n<p>\u201dEtenkin juutalaisten nuorten kiinnostus on lis\u00e4\u00e4ntynyt, ja pari-kolmekymppisist\u00e4 on tullut aktiivisempia. Moni on collegeen p\u00e4\u00e4sty\u00e4\u00e4n vihainen kuullessaan totuuden ja ymm\u00e4rretty\u00e4\u00e4n, ett\u00e4 heille on valehdeltu.'&#8221;<br><br><strong>Lue artikkeli: <a href=\"https:\/\/www.maailma.net\/uutiset\/palestiinalaisaktivistien-uusi-sukupolvi-on-kyllastynyt-seka-israelin-miehitykseen-etta\">Palestiinalaisaktivistien uusi sukupolvi on kyll\u00e4stynyt sek\u00e4 Israelin miehitykseen ett\u00e4 omaan hallintoonsa \u2013 \u201dOn meid\u00e4n aikamme puhua\u201d, sanoo Gazassa kasvanut tutkija Majed Abusalama<\/a><\/strong> (maailma.net 13.12.2022)<\/p>\n\n\n\n<p><strong>Tapahtuma j\u00e4rjestettiin 29.11. Lue lis\u00e4\u00e4:<\/strong> <a href=\"https:\/\/www.icahd.fi\/en\/kansainvalisena-palestiina-solidaarisuuspaivana-puhutaan-palestiinalaisten-pakolaisten-ja-israelin-ulkopuolisten-juutalaisten-vastarinnasta-israelin-apartheidille\/\">icahd.fi<\/a><\/p>","protected":false},"excerpt":{"rendered":"<p>Teija Laakso haastatteli Rauhanfoorumin vieraita Estee Chandleria ja Majed Abusalamaa maailma.net-sivustolle: &#8221;Abusalama puhuu paljon kolonialismin ja imperialismin purkamisesta. Uuden sukupolven aktivismissa on h\u00e4nen mukaansa keskeist\u00e4 se, ett\u00e4 nyt palestiinalaiset puhuvat itse omasta puolestaan. &#8217;Emme odota, ett\u00e4 suomalaiset tai muut valkoisten edustamat j\u00e4rjest\u00f6t tekev\u00e4t sen. Nyt on meid\u00e4n aikamme puhua.&#8217;&#8221; &#8221;Chandlerin mukaan my\u00f6s amerikkalaiset ovat alkaneet [&hellip;]<\/p>\n","protected":false},"author":18,"featured_media":15500,"comment_status":"closed","ping_status":"closed","sticky":false,"template":"","format":"standard","meta":{"zakra_page_container_layout":"customizer","zakra_page_sidebar_layout":"customizer","zakra_remove_content_margin":false,"zakra_sidebar":"customizer","zakra_transparent_header":"customizer","zakra_logo":0,"zakra_main_header_style":"default","zakra_menu_item_color":"","zakra_menu_item_hover_color":"","zakra_menu_item_active_color":"","zakra_menu_active_style":"","zakra_page_header":true,"footnotes":""},"categories":[29],"tags":[],"class_list":["post-15496","post","type-post","status-publish","format-standard","has-post-thumbnail","hentry","category-uutiset"],"yoast_head":"<!-- This site is optimized with the Yoast SEO plugin v27.5 - https:\/\/yoast.com\/product\/yoast-seo-wordpress\/ -->\n<title>Lue Rauhanfoorumin vieraiden Estee Chandlerin ja Majed Abusalaman haastattelu maailma.netiss\u00e4 - ICAHD Finland<\/title>\n<meta name=\"robots\" content=\"index, follow, max-snippet:-1, max-image-preview:large, max-video-preview:-1\" \/>\n<link rel=\"canonical\" href=\"https:\/\/www.icahd.fi\/en\/lue-rauhanfoorumin-vieraiden-estee-chandlerin-ja-majed-abusalaman-haastattelu-maailma-netissa\/\" \/>\n<meta property=\"og:locale\" content=\"en_GB\" \/>\n<meta property=\"og:type\" content=\"article\" \/>\n<meta property=\"og:title\" content=\"Lue Rauhanfoorumin vieraiden Estee Chandlerin ja Majed Abusalaman haastattelu maailma.netiss\u00e4 - ICAHD Finland\" \/>\n<meta property=\"og:description\" content=\"Teija Laakso haastatteli Rauhanfoorumin vieraita Estee Chandleria ja Majed Abusalamaa maailma.net-sivustolle: &#8221;Abusalama puhuu paljon kolonialismin ja imperialismin purkamisesta. Uuden sukupolven aktivismissa on h\u00e4nen mukaansa keskeist\u00e4 se, ett\u00e4 nyt palestiinalaiset puhuvat itse omasta puolestaan. &#8217;Emme odota, ett\u00e4 suomalaiset tai muut valkoisten edustamat j\u00e4rjest\u00f6t tekev\u00e4t sen. Nyt on meid\u00e4n aikamme puhua.&#039;&#8221; &#8221;Chandlerin mukaan my\u00f6s amerikkalaiset ovat alkaneet [&hellip;]\" \/>\n<meta property=\"og:url\" content=\"https:\/\/www.icahd.fi\/en\/lue-rauhanfoorumin-vieraiden-estee-chandlerin-ja-majed-abusalaman-haastattelu-maailma-netissa\/\" \/>\n<meta property=\"og:site_name\" content=\"ICAHD Finland\" \/>\n<meta property=\"article:publisher\" content=\"https:\/\/www.facebook.com\/icahdfinland\" \/>\n<meta property=\"article:published_time\" content=\"2022-12-13T15:06:25+00:00\" \/>\n<meta property=\"article:modified_time\" content=\"2022-12-13T15:06:26+00:00\" \/>\n<meta property=\"og:image\" content=\"https:\/\/www.icahd.fi\/wp-content\/uploads\/2022\/12\/FB_IMG_15900594992361.jpg\" \/>\n\t<meta property=\"og:image:width\" content=\"1133\" \/>\n\t<meta property=\"og:image:height\" content=\"685\" \/>\n\t<meta property=\"og:image:type\" content=\"image\/jpeg\" \/>\n<meta name=\"author\" content=\"Pinja\" \/>\n<meta name=\"twitter:card\" content=\"summary_large_image\" \/>\n<meta name=\"twitter:creator\" content=\"@icahdfinland\" \/>\n<meta name=\"twitter:site\" content=\"@icahdfinland\" \/>\n<meta name=\"twitter:label1\" content=\"Written by\" \/>\n\t<meta name=\"twitter:data1\" content=\"Pinja\" \/>\n\t<meta name=\"twitter:label2\" content=\"Estimated reading time\" \/>\n\t<meta name=\"twitter:data2\" content=\"1 minute\" \/>\n<script type=\"application\/ld+json\" class=\"yoast-schema-graph\">{\"@context\":\"https:\\\/\\\/schema.org\",\"@graph\":[{\"@type\":\"Article\",\"@id\":\"https:\\\/\\\/www.icahd.fi\\\/lue-rauhanfoorumin-vieraiden-estee-chandlerin-ja-majed-abusalaman-haastattelu-maailma-netissa\\\/#article\",\"isPartOf\":{\"@id\":\"https:\\\/\\\/www.icahd.fi\\\/lue-rauhanfoorumin-vieraiden-estee-chandlerin-ja-majed-abusalaman-haastattelu-maailma-netissa\\\/\"},\"author\":{\"name\":\"Pinja\",\"@id\":\"https:\\\/\\\/www.icahd.fi\\\/#\\\/schema\\\/person\\\/6b6e77aa265c0f1c3bf8cdfc8d49b5bd\"},\"headline\":\"Lue Rauhanfoorumin vieraiden Estee Chandlerin ja Majed Abusalaman haastattelu maailma.netiss\u00e4\",\"datePublished\":\"2022-12-13T15:06:25+00:00\",\"dateModified\":\"2022-12-13T15:06:26+00:00\",\"mainEntityOfPage\":{\"@id\":\"https:\\\/\\\/www.icahd.fi\\\/lue-rauhanfoorumin-vieraiden-estee-chandlerin-ja-majed-abusalaman-haastattelu-maailma-netissa\\\/\"},\"wordCount\":141,\"publisher\":{\"@id\":\"https:\\\/\\\/www.icahd.fi\\\/#organization\"},\"image\":{\"@id\":\"https:\\\/\\\/www.icahd.fi\\\/lue-rauhanfoorumin-vieraiden-estee-chandlerin-ja-majed-abusalaman-haastattelu-maailma-netissa\\\/#primaryimage\"},\"thumbnailUrl\":\"https:\\\/\\\/www.icahd.fi\\\/wp-content\\\/uploads\\\/2022\\\/12\\\/FB_IMG_15900594992361.jpg\",\"articleSection\":[\"Uutiset\"],\"inLanguage\":\"en-GB\"},{\"@type\":\"WebPage\",\"@id\":\"https:\\\/\\\/www.icahd.fi\\\/lue-rauhanfoorumin-vieraiden-estee-chandlerin-ja-majed-abusalaman-haastattelu-maailma-netissa\\\/\",\"url\":\"https:\\\/\\\/www.icahd.fi\\\/lue-rauhanfoorumin-vieraiden-estee-chandlerin-ja-majed-abusalaman-haastattelu-maailma-netissa\\\/\",\"name\":\"Lue Rauhanfoorumin vieraiden Estee Chandlerin ja Majed Abusalaman haastattelu maailma.netiss\u00e4 - ICAHD Finland\",\"isPartOf\":{\"@id\":\"https:\\\/\\\/www.icahd.fi\\\/#website\"},\"primaryImageOfPage\":{\"@id\":\"https:\\\/\\\/www.icahd.fi\\\/lue-rauhanfoorumin-vieraiden-estee-chandlerin-ja-majed-abusalaman-haastattelu-maailma-netissa\\\/#primaryimage\"},\"image\":{\"@id\":\"https:\\\/\\\/www.icahd.fi\\\/lue-rauhanfoorumin-vieraiden-estee-chandlerin-ja-majed-abusalaman-haastattelu-maailma-netissa\\\/#primaryimage\"},\"thumbnailUrl\":\"https:\\\/\\\/www.icahd.fi\\\/wp-content\\\/uploads\\\/2022\\\/12\\\/FB_IMG_15900594992361.jpg\",\"datePublished\":\"2022-12-13T15:06:25+00:00\",\"dateModified\":\"2022-12-13T15:06:26+00:00\",\"breadcrumb\":{\"@id\":\"https:\\\/\\\/www.icahd.fi\\\/lue-rauhanfoorumin-vieraiden-estee-chandlerin-ja-majed-abusalaman-haastattelu-maailma-netissa\\\/#breadcrumb\"},\"inLanguage\":\"en-GB\",\"potentialAction\":[{\"@type\":\"ReadAction\",\"target\":[\"https:\\\/\\\/www.icahd.fi\\\/lue-rauhanfoorumin-vieraiden-estee-chandlerin-ja-majed-abusalaman-haastattelu-maailma-netissa\\\/\"]}]},{\"@type\":\"ImageObject\",\"inLanguage\":\"en-GB\",\"@id\":\"https:\\\/\\\/www.icahd.fi\\\/lue-rauhanfoorumin-vieraiden-estee-chandlerin-ja-majed-abusalaman-haastattelu-maailma-netissa\\\/#primaryimage\",\"url\":\"https:\\\/\\\/www.icahd.fi\\\/wp-content\\\/uploads\\\/2022\\\/12\\\/FB_IMG_15900594992361.jpg\",\"contentUrl\":\"https:\\\/\\\/www.icahd.fi\\\/wp-content\\\/uploads\\\/2022\\\/12\\\/FB_IMG_15900594992361.jpg\",\"width\":1133,\"height\":685},{\"@type\":\"BreadcrumbList\",\"@id\":\"https:\\\/\\\/www.icahd.fi\\\/lue-rauhanfoorumin-vieraiden-estee-chandlerin-ja-majed-abusalaman-haastattelu-maailma-netissa\\\/#breadcrumb\",\"itemListElement\":[{\"@type\":\"ListItem\",\"position\":1,\"name\":\"Home\",\"item\":\"https:\\\/\\\/www.icahd.fi\\\/\"},{\"@type\":\"ListItem\",\"position\":2,\"name\":\"Lue Rauhanfoorumin vieraiden Estee Chandlerin ja Majed Abusalaman haastattelu maailma.netiss\u00e4\"}]},{\"@type\":\"WebSite\",\"@id\":\"https:\\\/\\\/www.icahd.fi\\\/#website\",\"url\":\"https:\\\/\\\/www.icahd.fi\\\/\",\"name\":\"ICAHD Finland\",\"description\":\"Yht&auml;l&auml;isten oikeuksien puolesta, Israelin apartheidia vastaan\",\"publisher\":{\"@id\":\"https:\\\/\\\/www.icahd.fi\\\/#organization\"},\"potentialAction\":[{\"@type\":\"SearchAction\",\"target\":{\"@type\":\"EntryPoint\",\"urlTemplate\":\"https:\\\/\\\/www.icahd.fi\\\/?s={search_term_string}\"},\"query-input\":{\"@type\":\"PropertyValueSpecification\",\"valueRequired\":true,\"valueName\":\"search_term_string\"}}],\"inLanguage\":\"en-GB\"},{\"@type\":\"Organization\",\"@id\":\"https:\\\/\\\/www.icahd.fi\\\/#organization\",\"name\":\"ICAHD Finland\",\"url\":\"https:\\\/\\\/www.icahd.fi\\\/\",\"logo\":{\"@type\":\"ImageObject\",\"inLanguage\":\"en-GB\",\"@id\":\"https:\\\/\\\/www.icahd.fi\\\/#\\\/schema\\\/logo\\\/image\\\/\",\"url\":\"https:\\\/\\\/www.icahd.fi\\\/wp-content\\\/uploads\\\/2020\\\/01\\\/logo-teksti.png\",\"contentUrl\":\"https:\\\/\\\/www.icahd.fi\\\/wp-content\\\/uploads\\\/2020\\\/01\\\/logo-teksti.png\",\"width\":300,\"height\":109,\"caption\":\"ICAHD Finland\"},\"image\":{\"@id\":\"https:\\\/\\\/www.icahd.fi\\\/#\\\/schema\\\/logo\\\/image\\\/\"},\"sameAs\":[\"https:\\\/\\\/www.facebook.com\\\/icahdfinland\",\"https:\\\/\\\/x.com\\\/icahdfinland\"]},{\"@type\":\"Person\",\"@id\":\"https:\\\/\\\/www.icahd.fi\\\/#\\\/schema\\\/person\\\/6b6e77aa265c0f1c3bf8cdfc8d49b5bd\",\"name\":\"Pinja\",\"image\":{\"@type\":\"ImageObject\",\"inLanguage\":\"en-GB\",\"@id\":\"https:\\\/\\\/secure.gravatar.com\\\/avatar\\\/e52e6ae81f8c5a4a4d3efa83e6a376599ff1368a71c388ec0781c8f3e6584d2d?s=96&d=mm&r=g\",\"url\":\"https:\\\/\\\/secure.gravatar.com\\\/avatar\\\/e52e6ae81f8c5a4a4d3efa83e6a376599ff1368a71c388ec0781c8f3e6584d2d?s=96&d=mm&r=g\",\"contentUrl\":\"https:\\\/\\\/secure.gravatar.com\\\/avatar\\\/e52e6ae81f8c5a4a4d3efa83e6a376599ff1368a71c388ec0781c8f3e6584d2d?s=96&d=mm&r=g\",\"caption\":\"Pinja\"}}]}<\/script>\n<!-- \/ Yoast SEO plugin. -->","yoast_head_json":{"title":"Lue Rauhanfoorumin vieraiden Estee Chandlerin ja Majed Abusalaman haastattelu maailma.netiss\u00e4 - ICAHD Finland","robots":{"index":"index","follow":"follow","max-snippet":"max-snippet:-1","max-image-preview":"max-image-preview:large","max-video-preview":"max-video-preview:-1"},"canonical":"https:\/\/www.icahd.fi\/en\/lue-rauhanfoorumin-vieraiden-estee-chandlerin-ja-majed-abusalaman-haastattelu-maailma-netissa\/","og_locale":"en_GB","og_type":"article","og_title":"Lue Rauhanfoorumin vieraiden Estee Chandlerin ja Majed Abusalaman haastattelu maailma.netiss\u00e4 - ICAHD Finland","og_description":"Teija Laakso haastatteli Rauhanfoorumin vieraita Estee Chandleria ja Majed Abusalamaa maailma.net-sivustolle: &#8221;Abusalama puhuu paljon kolonialismin ja imperialismin purkamisesta. Uuden sukupolven aktivismissa on h\u00e4nen mukaansa keskeist\u00e4 se, ett\u00e4 nyt palestiinalaiset puhuvat itse omasta puolestaan. &#8217;Emme odota, ett\u00e4 suomalaiset tai muut valkoisten edustamat j\u00e4rjest\u00f6t tekev\u00e4t sen. Nyt on meid\u00e4n aikamme puhua.'&#8221; &#8221;Chandlerin mukaan my\u00f6s amerikkalaiset ovat alkaneet [&hellip;]","og_url":"https:\/\/www.icahd.fi\/en\/lue-rauhanfoorumin-vieraiden-estee-chandlerin-ja-majed-abusalaman-haastattelu-maailma-netissa\/","og_site_name":"ICAHD Finland","article_publisher":"https:\/\/www.facebook.com\/icahdfinland","article_published_time":"2022-12-13T15:06:25+00:00","article_modified_time":"2022-12-13T15:06:26+00:00","og_image":[{"width":1133,"height":685,"url":"https:\/\/www.icahd.fi\/wp-content\/uploads\/2022\/12\/FB_IMG_15900594992361.jpg","type":"image\/jpeg"}],"author":"Pinja","twitter_card":"summary_large_image","twitter_creator":"@icahdfinland","twitter_site":"@icahdfinland","twitter_misc":{"Written by":"Pinja","Estimated reading time":"1 minute"},"schema":{"@context":"https:\/\/schema.org","@graph":[{"@type":"Article","@id":"https:\/\/www.icahd.fi\/lue-rauhanfoorumin-vieraiden-estee-chandlerin-ja-majed-abusalaman-haastattelu-maailma-netissa\/#article","isPartOf":{"@id":"https:\/\/www.icahd.fi\/lue-rauhanfoorumin-vieraiden-estee-chandlerin-ja-majed-abusalaman-haastattelu-maailma-netissa\/"},"author":{"name":"Pinja","@id":"https:\/\/www.icahd.fi\/#\/schema\/person\/6b6e77aa265c0f1c3bf8cdfc8d49b5bd"},"headline":"Lue Rauhanfoorumin vieraiden Estee Chandlerin ja Majed Abusalaman haastattelu maailma.netiss\u00e4","datePublished":"2022-12-13T15:06:25+00:00","dateModified":"2022-12-13T15:06:26+00:00","mainEntityOfPage":{"@id":"https:\/\/www.icahd.fi\/lue-rauhanfoorumin-vieraiden-estee-chandlerin-ja-majed-abusalaman-haastattelu-maailma-netissa\/"},"wordCount":141,"publisher":{"@id":"https:\/\/www.icahd.fi\/#organization"},"image":{"@id":"https:\/\/www.icahd.fi\/lue-rauhanfoorumin-vieraiden-estee-chandlerin-ja-majed-abusalaman-haastattelu-maailma-netissa\/#primaryimage"},"thumbnailUrl":"https:\/\/www.icahd.fi\/wp-content\/uploads\/2022\/12\/FB_IMG_15900594992361.jpg","articleSection":["Uutiset"],"inLanguage":"en-GB"},{"@type":"WebPage","@id":"https:\/\/www.icahd.fi\/lue-rauhanfoorumin-vieraiden-estee-chandlerin-ja-majed-abusalaman-haastattelu-maailma-netissa\/","url":"https:\/\/www.icahd.fi\/lue-rauhanfoorumin-vieraiden-estee-chandlerin-ja-majed-abusalaman-haastattelu-maailma-netissa\/","name":"Lue Rauhanfoorumin vieraiden Estee Chandlerin ja Majed Abusalaman haastattelu maailma.netiss\u00e4 - ICAHD Finland","isPartOf":{"@id":"https:\/\/www.icahd.fi\/#website"},"primaryImageOfPage":{"@id":"https:\/\/www.icahd.fi\/lue-rauhanfoorumin-vieraiden-estee-chandlerin-ja-majed-abusalaman-haastattelu-maailma-netissa\/#primaryimage"},"image":{"@id":"https:\/\/www.icahd.fi\/lue-rauhanfoorumin-vieraiden-estee-chandlerin-ja-majed-abusalaman-haastattelu-maailma-netissa\/#primaryimage"},"thumbnailUrl":"https:\/\/www.icahd.fi\/wp-content\/uploads\/2022\/12\/FB_IMG_15900594992361.jpg","datePublished":"2022-12-13T15:06:25+00:00","dateModified":"2022-12-13T15:06:26+00:00","breadcrumb":{"@id":"https:\/\/www.icahd.fi\/lue-rauhanfoorumin-vieraiden-estee-chandlerin-ja-majed-abusalaman-haastattelu-maailma-netissa\/#breadcrumb"},"inLanguage":"en-GB","potentialAction":[{"@type":"ReadAction","target":["https:\/\/www.icahd.fi\/lue-rauhanfoorumin-vieraiden-estee-chandlerin-ja-majed-abusalaman-haastattelu-maailma-netissa\/"]}]},{"@type":"ImageObject","inLanguage":"en-GB","@id":"https:\/\/www.icahd.fi\/lue-rauhanfoorumin-vieraiden-estee-chandlerin-ja-majed-abusalaman-haastattelu-maailma-netissa\/#primaryimage","url":"https:\/\/www.icahd.fi\/wp-content\/uploads\/2022\/12\/FB_IMG_15900594992361.jpg","contentUrl":"https:\/\/www.icahd.fi\/wp-content\/uploads\/2022\/12\/FB_IMG_15900594992361.jpg","width":1133,"height":685},{"@type":"BreadcrumbList","@id":"https:\/\/www.icahd.fi\/lue-rauhanfoorumin-vieraiden-estee-chandlerin-ja-majed-abusalaman-haastattelu-maailma-netissa\/#breadcrumb","itemListElement":[{"@type":"ListItem","position":1,"name":"Home","item":"https:\/\/www.icahd.fi\/"},{"@type":"ListItem","position":2,"name":"Lue Rauhanfoorumin vieraiden Estee Chandlerin ja Majed Abusalaman haastattelu maailma.netiss\u00e4"}]},{"@type":"WebSite","@id":"https:\/\/www.icahd.fi\/#website","url":"https:\/\/www.icahd.fi\/","name":"In 2012, ICAHD Finland","description":"Yht&auml;l&auml;isten oikeuksien puolesta, Israelin apartheidia vastaan","publisher":{"@id":"https:\/\/www.icahd.fi\/#organization"},"potentialAction":[{"@type":"SearchAction","target":{"@type":"EntryPoint","urlTemplate":"https:\/\/www.icahd.fi\/?s={search_term_string}"},"query-input":{"@type":"PropertyValueSpecification","valueRequired":true,"valueName":"search_term_string"}}],"inLanguage":"en-GB"},{"@type":"Organization","@id":"https:\/\/www.icahd.fi\/#organization","name":"In 2012, ICAHD Finland","url":"https:\/\/www.icahd.fi\/","logo":{"@type":"ImageObject","inLanguage":"en-GB","@id":"https:\/\/www.icahd.fi\/#\/schema\/logo\/image\/","url":"https:\/\/www.icahd.fi\/wp-content\/uploads\/2020\/01\/logo-teksti.png","contentUrl":"https:\/\/www.icahd.fi\/wp-content\/uploads\/2020\/01\/logo-teksti.png","width":300,"height":109,"caption":"ICAHD Finland"},"image":{"@id":"https:\/\/www.icahd.fi\/#\/schema\/logo\/image\/"},"sameAs":["https:\/\/www.facebook.com\/icahdfinland","https:\/\/x.com\/icahdfinland"]},{"@type":"Person","@id":"https:\/\/www.icahd.fi\/#\/schema\/person\/6b6e77aa265c0f1c3bf8cdfc8d49b5bd","name":"Pinja","image":{"@type":"ImageObject","inLanguage":"en-GB","@id":"https:\/\/secure.gravatar.com\/avatar\/e52e6ae81f8c5a4a4d3efa83e6a376599ff1368a71c388ec0781c8f3e6584d2d?s=96&d=mm&r=g","url":"https:\/\/secure.gravatar.com\/avatar\/e52e6ae81f8c5a4a4d3efa83e6a376599ff1368a71c388ec0781c8f3e6584d2d?s=96&d=mm&r=g","contentUrl":"https:\/\/secure.gravatar.com\/avatar\/e52e6ae81f8c5a4a4d3efa83e6a376599ff1368a71c388ec0781c8f3e6584d2d?s=96&d=mm&r=g","caption":"Pinja"}}]}},"acf":[],"_links":{"self":[{"href":"https:\/\/www.icahd.fi\/en\/wp-json\/wp\/v2\/posts\/15496","targetHints":{"allow":["GET"]}}],"collection":[{"href":"https:\/\/www.icahd.fi\/en\/wp-json\/wp\/v2\/posts"}],"about":[{"href":"https:\/\/www.icahd.fi\/en\/wp-json\/wp\/v2\/types\/post"}],"author":[{"embeddable":true,"href":"https:\/\/www.icahd.fi\/en\/wp-json\/wp\/v2\/users\/18"}],"replies":[{"embeddable":true,"href":"https:\/\/www.icahd.fi\/en\/wp-json\/wp\/v2\/comments?post=15496"}],"version-history":[{"count":3,"href":"https:\/\/www.icahd.fi\/en\/wp-json\/wp\/v2\/posts\/15496\/revisions"}],"predecessor-version":[{"id":15499,"href":"https:\/\/www.icahd.fi\/en\/wp-json\/wp\/v2\/posts\/15496\/revisions\/15499"}],"wp:featuredmedia":[{"embeddable":true,"href":"https:\/\/www.icahd.fi\/en\/wp-json\/wp\/v2\/media\/15500"}],"wp:attachment":[{"href":"https:\/\/www.icahd.fi\/en\/wp-json\/wp\/v2\/media?parent=15496"}],"wp:term":[{"taxonomy":"category","embeddable":true,"href":"https:\/\/www.icahd.fi\/en\/wp-json\/wp\/v2\/categories?post=15496"},{"taxonomy":"post_tag","embeddable":true,"href":"https:\/\/www.icahd.fi\/en\/wp-json\/wp\/v2\/tags?post=15496"}],"curies":[{"name":"wp","href":"https:\/\/api.w.org\/{rel}","templated":true}]}}