{"id":15488,"date":"2022-11-19T13:39:40","date_gmt":"2022-11-19T11:39:40","guid":{"rendered":"https:\/\/www.icahd.fi\/?p=15488"},"modified":"2022-11-19T13:39:42","modified_gmt":"2022-11-19T11:39:42","slug":"kansainvalisena-palestiina-solidaarisuuspaivana-puhutaan-palestiinalaisten-pakolaisten-ja-israelin-ulkopuolisten-juutalaisten-vastarinnasta-israelin-apartheidille","status":"publish","type":"post","link":"https:\/\/www.icahd.fi\/en\/kansainvalisena-palestiina-solidaarisuuspaivana-puhutaan-palestiinalaisten-pakolaisten-ja-israelin-ulkopuolisten-juutalaisten-vastarinnasta-israelin-apartheidille\/","title":{"rendered":"Kansainv\u00e4lisen\u00e4 Palestiina-solidaarisuusp\u00e4iv\u00e4n\u00e4 puhutaan palestiinalaisten pakolaisten ja Israelin ulkopuolisten juutalaisten vastarinnasta Israelin apartheidille"},"content":{"rendered":"<p><strong>Majed Abusalaman<\/strong>&nbsp;tie on kulkenut Gazan kansalaisyhteiskunnasta Tampereen yliopiston v\u00e4it\u00f6skirjatutkijaksi. H\u00e4n on palestiinalaisten uuden sukupolven keskeinen toimija Euroopassa. H\u00e4n on mm. perustanut Saksassa palestiinalaisj\u00e4rjest\u00f6n<a href=\"https:\/\/www.palaestinaspricht.de\/\">Palestine Speaks<\/a>.<\/p>\n\n\n\n<p><strong>Estee Chandler<\/strong>&nbsp;on pitk\u00e4n linjan media-ammattilainen, joka on p\u00e4\u00e4tt\u00e4nyt ottaa ty\u00f6ns\u00e4 keski\u00f6\u00f6n ihmisoikeudet. Sen lis\u00e4ksi h\u00e4n vuonna 2010 h\u00e4n perusti j\u00e4rjest\u00f6n&nbsp;<a href=\"https:\/\/www.jewishvoiceforpeace.org\/\">Jewish Voice for Peace<\/a>&nbsp;Los Angelesin haaran, ja h\u00e4n on j\u00e4rjest\u00f6n johtokunnassa. Jewish Voice for Peace on kasvanut Yhdysvaltojen (ja luultavasti) koko maailman isoimmaksi Israelin apartheidia vastustavaksi juutalaisj\u00e4rjest\u00f6ksi.<\/p>\n\n\n\n<p><strong>Noora Dadu<\/strong>&nbsp;on n\u00e4yttelij\u00e4 ja k\u00e4sikirjoittaja, jonka henkil\u00f6kohtais-poliittiset n\u00e4ytelm\u00e4t&nbsp;<em>Minun Palestiinani<\/em>&nbsp;and the&nbsp;<em>FAIL-virheellinen esitys<\/em>&nbsp;her\u00e4ttiv\u00e4t Suomessa keskustelua identiteetist\u00e4, toiseuttavista rakenteista ja n\u00e4yttelijyydest\u00e4. Ne julkaistiin t\u00e4n\u00e4 vuonna 2022 kirjana. Vuonna 2021 Dadu oli k\u00e4ynnist\u00e4m\u00e4ss\u00e4 laajaa tukea saanutta Israelin apartheidin vastaista kulttuuri- ja akateemista&nbsp;<a href=\"https:\/\/finlandagainstapartheid.com\/\">boikottia<\/a>&nbsp;Suomessa.<\/p>\n\n\n\n<p>Yksi viime vuosien merkitt\u00e4vi\u00e4 kehityskulkuja Israelin\/Palestiinan tilanteessa on muutos Israelin ulkopuolisissa juutalaisyhteis\u00f6iss\u00e4 Israelin apartheidia vastaan, ja palestiinalaisten uuden sukupolven uusi tapa organisoida ja toimia.<\/p>\n\n\n\n<p>Abusalama, Chandler ja Dadu ovat t\u00e4m\u00e4n kehityksen keski\u00f6ss\u00e4. Kansainv\u00e4lisen\u00e4 Palestiina-solidaarisuusp\u00e4iv\u00e4n\u00e4 29.11. on mahdollisuus kuulla heit\u00e4 puhumassa aiheesta.<\/p>\n\n\n\n<p>Miten n\u00e4m\u00e4 yhteis\u00f6t toimivat apartheidia vastaan? Mik\u00e4 on muutoksen taustalla? Mit\u00e4 Suomessa tapahtuu ja mit\u00e4 voi odottaa tulevaisuudessa?<\/p>\n\n\n\n<p>N\u00e4it\u00e4 kysymyksi\u00e4 pohditaan tiistaina 29.11.&nbsp;<strong>kello 17 Rauhanfoorumissa<\/strong>&nbsp;Helsingin yliopiston Porthania-rakennuksen salissa II. Otsikkona on&nbsp;<strong>Co-Resistance to Apartheid &#8211; role of Palestinian refugees and Jewish diaspora<\/strong>.<\/p>\n\n\n\n<p>Tilaisuuden juontaa ICAHD Finlandin pj&nbsp;<strong>Syksy R\u00e4s\u00e4nen<\/strong>. Lopussa on aikaa kysymyksille.<\/p>\n\n\n\n<p>Facebook-tapahtuma:\u00a0<a href=\"https:\/\/www.facebook.com\/events\/5654322811301925\">https:\/\/www.facebook.com\/events\/5654322811301925<\/a><br>Tilaisuus striimataan liven\u00e4 osoitteessa\u00a0<a href=\"https:\/\/video.helsinki.fi\/unitube\/live-stream.html?room=l21\">https:\/\/video.helsinki.fi\/unitube\/live-stream.html?room=l21<\/a><\/p>\n\n\n\n<p><br>Abusalama ja Chandler puhuvat my\u00f6s&nbsp;<a href=\"https:\/\/www.facebook.com\/events\/1308633023217611\/\">Turussa<\/a>&nbsp;torstaina 1.12. kello 18 Kirjakahvilassa, sek\u00e4&nbsp;<a href=\"https:\/\/www.facebook.com\/events\/5188111781292969\/\">Tampereella<\/a>&nbsp;perjantaina 2.12. kello 14 Tampereen yliopistolla.<\/p>\n\n\n\n<p>Majed Abusalamaa on mahdollista haastatella 29.11.-2.12. ja Estee Chandleria 29.11.-3.12..<\/p>\n\n\n\n<p><br>Haastattelupyynn\u00f6t ja lis\u00e4tiedot: Syksy R\u00e4s\u00e4nen,&nbsp;<a href=\"mailto:syksy.rasanen@iki.fi\">syksy.rasanen@iki.fi<\/a>.<\/p>\n\n\n\n<p><br><strong>Lis\u00e4tietoa puhujista<\/strong><br><\/p>\n\n\n\n<p><strong>Majed Abusalama<\/strong><\/p>\n\n\n\n<p>Majed Abusalama on syntynyt Jabalian pakolaisleiriss\u00e4 Gazan kaistalla Miehitetyill\u00e4 palestiinalaisalueilla, mutta h\u00e4nen el\u00e4m\u00e4ns\u00e4 kulkee t\u00e4ll\u00e4 hetkell\u00e4 Berliinin ja Tampereen v\u00e4lill\u00e4. H\u00e4n on pitk\u00e4aikainen poliittinen aktivisti ja kirjoittaja.<\/p>\n\n\n\n<p>Abusalama on saanut toiminnastaan vuonna 2011 UNESCOn kansallisen ilmaisunvapauspalkinnon Palestiinassa. Vuonna 2019 h\u00e4net palkittiin yhdess\u00e4 israelilaisten toisinajattelijoiden&nbsp;<strong>Ronnie Barkanin<\/strong>&nbsp;and the&nbsp;<strong>Stavit Sinain<\/strong>&nbsp;kanssa&nbsp;<a href=\"https:\/\/mondoweiss.net\/2019\/02\/copenhagen-activists-courage\/\">K\u00f6\u00f6penhaminan kaupungin rohkeuspalkinnolla<\/a>&nbsp;\u201dIsraelin j\u00e4rjestelm\u00e4n apartheidinkaltaisen luonteen ja kansainv\u00e4lisen oikeuden j\u00e4rjestelm\u00e4llisen rikkomisen paljastamisesta\u201d.<\/p>\n\n\n\n<p>Abusalama on ollut mukana johtamassa monia kampanjoita palestiinalaisten oikeuksien puolesta ja Israelin apartheidia vastaan Euroopassa, ja perustamassa asian puolesta toimivia j\u00e4rjest\u00f6j\u00e4. Hiljattain h\u00e4n perusti Saksassa j\u00e4rjest\u00f6n&nbsp;<em>Palestine Speaks &#8211; Coalition for Palestinian Rights and Against Racism,<\/em>&nbsp;mik\u00e4 on yksi vahvimpia palestiinalaisj\u00e4rjest\u00f6j\u00e4 Euroopassa.<\/p>\n\n\n\n<p>Abusalama on v\u00e4it\u00f6skirjatutkija Tampereen yliopiston rauhantutkimusyksikk\u00f6 Taprissa.<\/p>\n\n\n\n<p>Palestine Speaks:&nbsp;<a href=\"https:\/\/www.palaestinaspricht.de\/\">https:\/\/www.palaestinaspricht.de\/<\/a><\/p>\n\n\n\n<p><br><strong>Estee Chandler<\/strong><\/p>\n\n\n\n<p>Estee Chandler on elokuva- ja media-alan pitk\u00e4n linjan ammattilainen, joka keskittyy nyky\u00e4\u00e4n ty\u00f6ss\u00e4\u00e4n ihmisoikeuksiin. Yhdess\u00e4 Nagwa Ibrahimin kanssa h\u00e4n tuottaa ja juontaa radioasema KPFK:n ohjelmaa&nbsp;<em>Middle East in Focus<\/em>.<\/p>\n\n\n\n<p>Vuonna 2010 h\u00e4n perusti j\u00e4rjest\u00f6n&nbsp;<em>Jewish Voice for Peace<\/em>&nbsp;Los Angelesin haaran. Jewish Voice for Peace on isoin Israelin apartheidia vastustava juutalainen j\u00e4rjest\u00f6 Yhdysvalloissa (ja luultavasti koko maailmassa). Se tavoittelee kansainv\u00e4liseen oikeuteen ja ihmisoikeuksiin pohjaavaa ratkaisua Israelissa\/Palestiinassa israelinjuutalaisille ja palestiinalaisille.<\/p>\n\n\n\n<p>Chandler on Jewish Voice for Peacen johtokunnan j\u00e4sen ja on sisarj\u00e4rjest\u00f6&nbsp;<em>Jewish Voice for Peace Actionin<\/em>&nbsp;johtokunnan puheenjohtaja.<\/p>\n\n\n\n<p>Jewish Voice for Peace:&nbsp;<a href=\"https:\/\/www.jewishvoiceforpeace.org\/\">https:\/\/www.jewishvoiceforpeace.org\/<\/a><\/p>\n\n\n\n<p>Jewish Voice for Peace Action:&nbsp;<a href=\"https:\/\/www.jvpaction.org\/\">https:\/\/www.jvpaction.org\/<\/a><\/p>\n\n\n\n<p><br><strong>Noora Dadu<\/strong><\/p>\n\n\n\n<p>Noora Dadu on suomalais-palestiinalainen n\u00e4yttelij\u00e4 ja k\u00e4sikirjoittaja. Dadu on ty\u00f6skennellyt mm. Teatteri Takomossa, Kansallisteatterissa, Ryhm\u00e4teatterissa sek\u00e4 monissa n\u00e4ytt\u00e4m\u00f6\u00e4 \u2013 sen hierarkioita, estetiikkaa ja etiikkaa \u2013 uudistavissa vapaissa ryhmiss\u00e4.&nbsp;<\/p>\n\n\n\n<p>Vuosina 2015 ja 2016 h\u00e4n kirjoitti ja ohjasi henkil\u00f6kohtais-poliittiset monologiesitykset&nbsp;<em>Minun Palestiinani<\/em>&nbsp;and the&nbsp;<em>FAIL-virheellinen esitys<\/em>, jotka julkaistiin t\u00e4n\u00e4 vuonna 2022 kirjana. Esitykset her\u00e4ttiv\u00e4t runsaasti keskustelua kansallisesta identiteetist\u00e4, toiseuttavista rakenteista ja n\u00e4yttelijyydest\u00e4.<\/p>\n\n\n\n<p>Dadu on ollut mukana monissa palestiinalaisten oikeuksia puolustavissa ja \u00e4\u00e4nt\u00e4 nostavissa taide- ja aktivismiprojekteissa vuodesta 2008. H\u00e4n oli vuonna 2021 mukana k\u00e4ynnist\u00e4m\u00e4ss\u00e4 Israelin valtion tukemiin kulttuuritoimijoihin kohdistuvaa boikottia, joka sai Suomessa laajan kannatuksen eri taiteen alojen keskuudessa.<\/p>\n\n\n\n<p>Lis\u00e4tietoja boikotista:&nbsp;<a href=\"https:\/\/finlandagainstapartheid.com\/\">https:\/\/finlandagainstapartheid.com\/<\/a><\/p>\n\n\n\n<p><br><strong>Lis\u00e4tietoja j\u00e4rjest\u00e4jist\u00e4<\/strong><br><br>Hakunilan kansainv\u00e4linen yhdistys ry on rekister\u00f6ity vuonna 1998. Sen tarkoituksena on auttaa maahanmuuttajia, edist\u00e4\u00e4 monikulttuurista toimintaa, lis\u00e4t\u00e4 vieraiden kulttuurien tuntemusta ja vastustaa rasismia. Yhdistyksen toimintaan kuuluu tilaisuuksien j\u00e4rjest\u00e4misen lis\u00e4ksi mm. maahanmuuttajille tarkoitetun neuvontatoimiston pit\u00e4minen.<br><br>Israeli Committee Against House Demolitions (ICAHD) ry on vuonna 1997 perustettu israelilainen j\u00e4rjest\u00f6. Se toimii yhteisty\u00f6ss\u00e4 palestiinalaisten kanssa Israelin miehityksen ja apartheidin lopettamiseksi tavalla, joka noudattaisi kansainv\u00e4list\u00e4 oikeutta ja takaisi kaikkien Israelin\/Palestiinan alueella asuvien oikeudet. ICAHD Finland on vuonna 2009 perustettu Suomen haara. ICAHDilla on Israelin ja Suomen lis\u00e4ksi haarat Iso-Britanniassa, Saksassa ja Yhdysvalloissa.<br><br>Suomen Rauhanpuolustajat &#8211; Fredsk\u00e4mparna i Finland ry on vuonna 1949 perustettu kansalaisj\u00e4rjest\u00f6, joka toimii rauhan, aseidenriisunnan, suvaitsevaisuuden, ihmisoikeuksien ja maailmanlaajuisen tasa-arvon puolesta.<\/p>","protected":false},"excerpt":{"rendered":"<p>Majed Abusalaman&nbsp;tie on kulkenut Gazan kansalaisyhteiskunnasta Tampereen yliopiston v\u00e4it\u00f6skirjatutkijaksi. H\u00e4n on palestiinalaisten uuden sukupolven keskeinen toimija Euroopassa. H\u00e4n on mm. perustanut Saksassa palestiinalaisj\u00e4rjest\u00f6nPalestine Speaks. Estee Chandler&nbsp;on pitk\u00e4n linjan media-ammattilainen, joka on p\u00e4\u00e4tt\u00e4nyt ottaa ty\u00f6ns\u00e4 keski\u00f6\u00f6n ihmisoikeudet. Sen lis\u00e4ksi h\u00e4n vuonna 2010 h\u00e4n perusti j\u00e4rjest\u00f6n&nbsp;Jewish Voice for Peace&nbsp;Los Angelesin haaran, ja h\u00e4n on j\u00e4rjest\u00f6n johtokunnassa. Jewish [&hellip;]<\/p>\n","protected":false},"author":18,"featured_media":15489,"comment_status":"closed","ping_status":"closed","sticky":false,"template":"","format":"standard","meta":{"zakra_page_container_layout":"customizer","zakra_page_sidebar_layout":"customizer","zakra_remove_content_margin":false,"zakra_sidebar":"customizer","zakra_transparent_header":"customizer","zakra_logo":0,"zakra_main_header_style":"default","zakra_menu_item_color":"","zakra_menu_item_hover_color":"","zakra_menu_item_active_color":"","zakra_menu_active_style":"","zakra_page_header":true,"footnotes":""},"categories":[33,29],"tags":[],"class_list":["post-15488","post","type-post","status-publish","format-standard","has-post-thumbnail","hentry","category-tapahtumat","category-uutiset"],"yoast_head":"<!-- This site is optimized with the Yoast SEO plugin v27.5 - https:\/\/yoast.com\/product\/yoast-seo-wordpress\/ -->\n<title>Kansainv\u00e4lisen\u00e4 Palestiina-solidaarisuusp\u00e4iv\u00e4n\u00e4 puhutaan palestiinalaisten pakolaisten ja Israelin ulkopuolisten juutalaisten vastarinnasta Israelin apartheidille - ICAHD Finland<\/title>\n<meta name=\"robots\" content=\"index, follow, max-snippet:-1, max-image-preview:large, max-video-preview:-1\" \/>\n<link rel=\"canonical\" href=\"https:\/\/www.icahd.fi\/en\/kansainvalisena-palestiina-solidaarisuuspaivana-puhutaan-palestiinalaisten-pakolaisten-ja-israelin-ulkopuolisten-juutalaisten-vastarinnasta-israelin-apartheidille\/\" \/>\n<meta property=\"og:locale\" content=\"en_GB\" \/>\n<meta property=\"og:type\" content=\"article\" \/>\n<meta property=\"og:title\" content=\"Kansainv\u00e4lisen\u00e4 Palestiina-solidaarisuusp\u00e4iv\u00e4n\u00e4 puhutaan palestiinalaisten pakolaisten ja Israelin ulkopuolisten juutalaisten vastarinnasta Israelin apartheidille - ICAHD Finland\" \/>\n<meta property=\"og:description\" content=\"Majed Abusalaman&nbsp;tie on kulkenut Gazan kansalaisyhteiskunnasta Tampereen yliopiston v\u00e4it\u00f6skirjatutkijaksi. H\u00e4n on palestiinalaisten uuden sukupolven keskeinen toimija Euroopassa. H\u00e4n on mm. perustanut Saksassa palestiinalaisj\u00e4rjest\u00f6nPalestine Speaks. Estee Chandler&nbsp;on pitk\u00e4n linjan media-ammattilainen, joka on p\u00e4\u00e4tt\u00e4nyt ottaa ty\u00f6ns\u00e4 keski\u00f6\u00f6n ihmisoikeudet. Sen lis\u00e4ksi h\u00e4n vuonna 2010 h\u00e4n perusti j\u00e4rjest\u00f6n&nbsp;Jewish Voice for Peace&nbsp;Los Angelesin haaran, ja h\u00e4n on j\u00e4rjest\u00f6n johtokunnassa. Jewish [&hellip;]\" \/>\n<meta property=\"og:url\" content=\"https:\/\/www.icahd.fi\/en\/kansainvalisena-palestiina-solidaarisuuspaivana-puhutaan-palestiinalaisten-pakolaisten-ja-israelin-ulkopuolisten-juutalaisten-vastarinnasta-israelin-apartheidille\/\" \/>\n<meta property=\"og:site_name\" content=\"ICAHD Finland\" \/>\n<meta property=\"article:publisher\" content=\"https:\/\/www.facebook.com\/icahdfinland\" \/>\n<meta property=\"article:published_time\" content=\"2022-11-19T11:39:40+00:00\" \/>\n<meta property=\"article:modified_time\" content=\"2022-11-19T11:39:42+00:00\" \/>\n<meta property=\"og:image\" content=\"https:\/\/www.icahd.fi\/wp-content\/uploads\/2022\/11\/tapahtuma-icahd.jpg\" \/>\n\t<meta property=\"og:image:width\" content=\"2000\" \/>\n\t<meta property=\"og:image:height\" content=\"1047\" \/>\n\t<meta property=\"og:image:type\" content=\"image\/jpeg\" \/>\n<meta name=\"author\" content=\"Pinja\" \/>\n<meta name=\"twitter:card\" content=\"summary_large_image\" \/>\n<meta name=\"twitter:creator\" content=\"@icahdfinland\" \/>\n<meta name=\"twitter:site\" content=\"@icahdfinland\" \/>\n<meta name=\"twitter:label1\" content=\"Written by\" \/>\n\t<meta name=\"twitter:data1\" content=\"Pinja\" \/>\n\t<meta name=\"twitter:label2\" content=\"Estimated reading time\" \/>\n\t<meta name=\"twitter:data2\" content=\"5 minutes\" \/>\n<script type=\"application\/ld+json\" class=\"yoast-schema-graph\">{\"@context\":\"https:\\\/\\\/schema.org\",\"@graph\":[{\"@type\":\"Article\",\"@id\":\"https:\\\/\\\/www.icahd.fi\\\/kansainvalisena-palestiina-solidaarisuuspaivana-puhutaan-palestiinalaisten-pakolaisten-ja-israelin-ulkopuolisten-juutalaisten-vastarinnasta-israelin-apartheidille\\\/#article\",\"isPartOf\":{\"@id\":\"https:\\\/\\\/www.icahd.fi\\\/kansainvalisena-palestiina-solidaarisuuspaivana-puhutaan-palestiinalaisten-pakolaisten-ja-israelin-ulkopuolisten-juutalaisten-vastarinnasta-israelin-apartheidille\\\/\"},\"author\":{\"name\":\"Pinja\",\"@id\":\"https:\\\/\\\/www.icahd.fi\\\/#\\\/schema\\\/person\\\/6b6e77aa265c0f1c3bf8cdfc8d49b5bd\"},\"headline\":\"Kansainv\u00e4lisen\u00e4 Palestiina-solidaarisuusp\u00e4iv\u00e4n\u00e4 puhutaan palestiinalaisten pakolaisten ja Israelin ulkopuolisten juutalaisten vastarinnasta Israelin apartheidille\",\"datePublished\":\"2022-11-19T11:39:40+00:00\",\"dateModified\":\"2022-11-19T11:39:42+00:00\",\"mainEntityOfPage\":{\"@id\":\"https:\\\/\\\/www.icahd.fi\\\/kansainvalisena-palestiina-solidaarisuuspaivana-puhutaan-palestiinalaisten-pakolaisten-ja-israelin-ulkopuolisten-juutalaisten-vastarinnasta-israelin-apartheidille\\\/\"},\"wordCount\":870,\"publisher\":{\"@id\":\"https:\\\/\\\/www.icahd.fi\\\/#organization\"},\"image\":{\"@id\":\"https:\\\/\\\/www.icahd.fi\\\/kansainvalisena-palestiina-solidaarisuuspaivana-puhutaan-palestiinalaisten-pakolaisten-ja-israelin-ulkopuolisten-juutalaisten-vastarinnasta-israelin-apartheidille\\\/#primaryimage\"},\"thumbnailUrl\":\"https:\\\/\\\/www.icahd.fi\\\/wp-content\\\/uploads\\\/2022\\\/11\\\/tapahtuma-icahd.jpg\",\"articleSection\":[\"Tapahtumat\",\"Uutiset\"],\"inLanguage\":\"en-GB\"},{\"@type\":\"WebPage\",\"@id\":\"https:\\\/\\\/www.icahd.fi\\\/kansainvalisena-palestiina-solidaarisuuspaivana-puhutaan-palestiinalaisten-pakolaisten-ja-israelin-ulkopuolisten-juutalaisten-vastarinnasta-israelin-apartheidille\\\/\",\"url\":\"https:\\\/\\\/www.icahd.fi\\\/kansainvalisena-palestiina-solidaarisuuspaivana-puhutaan-palestiinalaisten-pakolaisten-ja-israelin-ulkopuolisten-juutalaisten-vastarinnasta-israelin-apartheidille\\\/\",\"name\":\"Kansainv\u00e4lisen\u00e4 Palestiina-solidaarisuusp\u00e4iv\u00e4n\u00e4 puhutaan palestiinalaisten pakolaisten ja Israelin ulkopuolisten juutalaisten vastarinnasta Israelin apartheidille - ICAHD Finland\",\"isPartOf\":{\"@id\":\"https:\\\/\\\/www.icahd.fi\\\/#website\"},\"primaryImageOfPage\":{\"@id\":\"https:\\\/\\\/www.icahd.fi\\\/kansainvalisena-palestiina-solidaarisuuspaivana-puhutaan-palestiinalaisten-pakolaisten-ja-israelin-ulkopuolisten-juutalaisten-vastarinnasta-israelin-apartheidille\\\/#primaryimage\"},\"image\":{\"@id\":\"https:\\\/\\\/www.icahd.fi\\\/kansainvalisena-palestiina-solidaarisuuspaivana-puhutaan-palestiinalaisten-pakolaisten-ja-israelin-ulkopuolisten-juutalaisten-vastarinnasta-israelin-apartheidille\\\/#primaryimage\"},\"thumbnailUrl\":\"https:\\\/\\\/www.icahd.fi\\\/wp-content\\\/uploads\\\/2022\\\/11\\\/tapahtuma-icahd.jpg\",\"datePublished\":\"2022-11-19T11:39:40+00:00\",\"dateModified\":\"2022-11-19T11:39:42+00:00\",\"breadcrumb\":{\"@id\":\"https:\\\/\\\/www.icahd.fi\\\/kansainvalisena-palestiina-solidaarisuuspaivana-puhutaan-palestiinalaisten-pakolaisten-ja-israelin-ulkopuolisten-juutalaisten-vastarinnasta-israelin-apartheidille\\\/#breadcrumb\"},\"inLanguage\":\"en-GB\",\"potentialAction\":[{\"@type\":\"ReadAction\",\"target\":[\"https:\\\/\\\/www.icahd.fi\\\/kansainvalisena-palestiina-solidaarisuuspaivana-puhutaan-palestiinalaisten-pakolaisten-ja-israelin-ulkopuolisten-juutalaisten-vastarinnasta-israelin-apartheidille\\\/\"]}]},{\"@type\":\"ImageObject\",\"inLanguage\":\"en-GB\",\"@id\":\"https:\\\/\\\/www.icahd.fi\\\/kansainvalisena-palestiina-solidaarisuuspaivana-puhutaan-palestiinalaisten-pakolaisten-ja-israelin-ulkopuolisten-juutalaisten-vastarinnasta-israelin-apartheidille\\\/#primaryimage\",\"url\":\"https:\\\/\\\/www.icahd.fi\\\/wp-content\\\/uploads\\\/2022\\\/11\\\/tapahtuma-icahd.jpg\",\"contentUrl\":\"https:\\\/\\\/www.icahd.fi\\\/wp-content\\\/uploads\\\/2022\\\/11\\\/tapahtuma-icahd.jpg\",\"width\":2000,\"height\":1047},{\"@type\":\"BreadcrumbList\",\"@id\":\"https:\\\/\\\/www.icahd.fi\\\/kansainvalisena-palestiina-solidaarisuuspaivana-puhutaan-palestiinalaisten-pakolaisten-ja-israelin-ulkopuolisten-juutalaisten-vastarinnasta-israelin-apartheidille\\\/#breadcrumb\",\"itemListElement\":[{\"@type\":\"ListItem\",\"position\":1,\"name\":\"Home\",\"item\":\"https:\\\/\\\/www.icahd.fi\\\/\"},{\"@type\":\"ListItem\",\"position\":2,\"name\":\"Kansainv\u00e4lisen\u00e4 Palestiina-solidaarisuusp\u00e4iv\u00e4n\u00e4 puhutaan palestiinalaisten pakolaisten ja Israelin ulkopuolisten juutalaisten vastarinnasta Israelin apartheidille\"}]},{\"@type\":\"WebSite\",\"@id\":\"https:\\\/\\\/www.icahd.fi\\\/#website\",\"url\":\"https:\\\/\\\/www.icahd.fi\\\/\",\"name\":\"ICAHD Finland\",\"description\":\"Yht&auml;l&auml;isten oikeuksien puolesta, Israelin apartheidia vastaan\",\"publisher\":{\"@id\":\"https:\\\/\\\/www.icahd.fi\\\/#organization\"},\"potentialAction\":[{\"@type\":\"SearchAction\",\"target\":{\"@type\":\"EntryPoint\",\"urlTemplate\":\"https:\\\/\\\/www.icahd.fi\\\/?s={search_term_string}\"},\"query-input\":{\"@type\":\"PropertyValueSpecification\",\"valueRequired\":true,\"valueName\":\"search_term_string\"}}],\"inLanguage\":\"en-GB\"},{\"@type\":\"Organization\",\"@id\":\"https:\\\/\\\/www.icahd.fi\\\/#organization\",\"name\":\"ICAHD Finland\",\"url\":\"https:\\\/\\\/www.icahd.fi\\\/\",\"logo\":{\"@type\":\"ImageObject\",\"inLanguage\":\"en-GB\",\"@id\":\"https:\\\/\\\/www.icahd.fi\\\/#\\\/schema\\\/logo\\\/image\\\/\",\"url\":\"https:\\\/\\\/www.icahd.fi\\\/wp-content\\\/uploads\\\/2020\\\/01\\\/logo-teksti.png\",\"contentUrl\":\"https:\\\/\\\/www.icahd.fi\\\/wp-content\\\/uploads\\\/2020\\\/01\\\/logo-teksti.png\",\"width\":300,\"height\":109,\"caption\":\"ICAHD Finland\"},\"image\":{\"@id\":\"https:\\\/\\\/www.icahd.fi\\\/#\\\/schema\\\/logo\\\/image\\\/\"},\"sameAs\":[\"https:\\\/\\\/www.facebook.com\\\/icahdfinland\",\"https:\\\/\\\/x.com\\\/icahdfinland\"]},{\"@type\":\"Person\",\"@id\":\"https:\\\/\\\/www.icahd.fi\\\/#\\\/schema\\\/person\\\/6b6e77aa265c0f1c3bf8cdfc8d49b5bd\",\"name\":\"Pinja\",\"image\":{\"@type\":\"ImageObject\",\"inLanguage\":\"en-GB\",\"@id\":\"https:\\\/\\\/secure.gravatar.com\\\/avatar\\\/e52e6ae81f8c5a4a4d3efa83e6a376599ff1368a71c388ec0781c8f3e6584d2d?s=96&d=mm&r=g\",\"url\":\"https:\\\/\\\/secure.gravatar.com\\\/avatar\\\/e52e6ae81f8c5a4a4d3efa83e6a376599ff1368a71c388ec0781c8f3e6584d2d?s=96&d=mm&r=g\",\"contentUrl\":\"https:\\\/\\\/secure.gravatar.com\\\/avatar\\\/e52e6ae81f8c5a4a4d3efa83e6a376599ff1368a71c388ec0781c8f3e6584d2d?s=96&d=mm&r=g\",\"caption\":\"Pinja\"}}]}<\/script>\n<!-- \/ Yoast SEO plugin. -->","yoast_head_json":{"title":"Kansainv\u00e4lisen\u00e4 Palestiina-solidaarisuusp\u00e4iv\u00e4n\u00e4 puhutaan palestiinalaisten pakolaisten ja Israelin ulkopuolisten juutalaisten vastarinnasta Israelin apartheidille - ICAHD Finland","robots":{"index":"index","follow":"follow","max-snippet":"max-snippet:-1","max-image-preview":"max-image-preview:large","max-video-preview":"max-video-preview:-1"},"canonical":"https:\/\/www.icahd.fi\/en\/kansainvalisena-palestiina-solidaarisuuspaivana-puhutaan-palestiinalaisten-pakolaisten-ja-israelin-ulkopuolisten-juutalaisten-vastarinnasta-israelin-apartheidille\/","og_locale":"en_GB","og_type":"article","og_title":"Kansainv\u00e4lisen\u00e4 Palestiina-solidaarisuusp\u00e4iv\u00e4n\u00e4 puhutaan palestiinalaisten pakolaisten ja Israelin ulkopuolisten juutalaisten vastarinnasta Israelin apartheidille - ICAHD Finland","og_description":"Majed Abusalaman&nbsp;tie on kulkenut Gazan kansalaisyhteiskunnasta Tampereen yliopiston v\u00e4it\u00f6skirjatutkijaksi. H\u00e4n on palestiinalaisten uuden sukupolven keskeinen toimija Euroopassa. H\u00e4n on mm. perustanut Saksassa palestiinalaisj\u00e4rjest\u00f6nPalestine Speaks. Estee Chandler&nbsp;on pitk\u00e4n linjan media-ammattilainen, joka on p\u00e4\u00e4tt\u00e4nyt ottaa ty\u00f6ns\u00e4 keski\u00f6\u00f6n ihmisoikeudet. Sen lis\u00e4ksi h\u00e4n vuonna 2010 h\u00e4n perusti j\u00e4rjest\u00f6n&nbsp;Jewish Voice for Peace&nbsp;Los Angelesin haaran, ja h\u00e4n on j\u00e4rjest\u00f6n johtokunnassa. Jewish [&hellip;]","og_url":"https:\/\/www.icahd.fi\/en\/kansainvalisena-palestiina-solidaarisuuspaivana-puhutaan-palestiinalaisten-pakolaisten-ja-israelin-ulkopuolisten-juutalaisten-vastarinnasta-israelin-apartheidille\/","og_site_name":"ICAHD Finland","article_publisher":"https:\/\/www.facebook.com\/icahdfinland","article_published_time":"2022-11-19T11:39:40+00:00","article_modified_time":"2022-11-19T11:39:42+00:00","og_image":[{"width":2000,"height":1047,"url":"https:\/\/www.icahd.fi\/wp-content\/uploads\/2022\/11\/tapahtuma-icahd.jpg","type":"image\/jpeg"}],"author":"Pinja","twitter_card":"summary_large_image","twitter_creator":"@icahdfinland","twitter_site":"@icahdfinland","twitter_misc":{"Written by":"Pinja","Estimated reading time":"5 minutes"},"schema":{"@context":"https:\/\/schema.org","@graph":[{"@type":"Article","@id":"https:\/\/www.icahd.fi\/kansainvalisena-palestiina-solidaarisuuspaivana-puhutaan-palestiinalaisten-pakolaisten-ja-israelin-ulkopuolisten-juutalaisten-vastarinnasta-israelin-apartheidille\/#article","isPartOf":{"@id":"https:\/\/www.icahd.fi\/kansainvalisena-palestiina-solidaarisuuspaivana-puhutaan-palestiinalaisten-pakolaisten-ja-israelin-ulkopuolisten-juutalaisten-vastarinnasta-israelin-apartheidille\/"},"author":{"name":"Pinja","@id":"https:\/\/www.icahd.fi\/#\/schema\/person\/6b6e77aa265c0f1c3bf8cdfc8d49b5bd"},"headline":"Kansainv\u00e4lisen\u00e4 Palestiina-solidaarisuusp\u00e4iv\u00e4n\u00e4 puhutaan palestiinalaisten pakolaisten ja Israelin ulkopuolisten juutalaisten vastarinnasta Israelin apartheidille","datePublished":"2022-11-19T11:39:40+00:00","dateModified":"2022-11-19T11:39:42+00:00","mainEntityOfPage":{"@id":"https:\/\/www.icahd.fi\/kansainvalisena-palestiina-solidaarisuuspaivana-puhutaan-palestiinalaisten-pakolaisten-ja-israelin-ulkopuolisten-juutalaisten-vastarinnasta-israelin-apartheidille\/"},"wordCount":870,"publisher":{"@id":"https:\/\/www.icahd.fi\/#organization"},"image":{"@id":"https:\/\/www.icahd.fi\/kansainvalisena-palestiina-solidaarisuuspaivana-puhutaan-palestiinalaisten-pakolaisten-ja-israelin-ulkopuolisten-juutalaisten-vastarinnasta-israelin-apartheidille\/#primaryimage"},"thumbnailUrl":"https:\/\/www.icahd.fi\/wp-content\/uploads\/2022\/11\/tapahtuma-icahd.jpg","articleSection":["Tapahtumat","Uutiset"],"inLanguage":"en-GB"},{"@type":"WebPage","@id":"https:\/\/www.icahd.fi\/kansainvalisena-palestiina-solidaarisuuspaivana-puhutaan-palestiinalaisten-pakolaisten-ja-israelin-ulkopuolisten-juutalaisten-vastarinnasta-israelin-apartheidille\/","url":"https:\/\/www.icahd.fi\/kansainvalisena-palestiina-solidaarisuuspaivana-puhutaan-palestiinalaisten-pakolaisten-ja-israelin-ulkopuolisten-juutalaisten-vastarinnasta-israelin-apartheidille\/","name":"Kansainv\u00e4lisen\u00e4 Palestiina-solidaarisuusp\u00e4iv\u00e4n\u00e4 puhutaan palestiinalaisten pakolaisten ja Israelin ulkopuolisten juutalaisten vastarinnasta Israelin apartheidille - ICAHD Finland","isPartOf":{"@id":"https:\/\/www.icahd.fi\/#website"},"primaryImageOfPage":{"@id":"https:\/\/www.icahd.fi\/kansainvalisena-palestiina-solidaarisuuspaivana-puhutaan-palestiinalaisten-pakolaisten-ja-israelin-ulkopuolisten-juutalaisten-vastarinnasta-israelin-apartheidille\/#primaryimage"},"image":{"@id":"https:\/\/www.icahd.fi\/kansainvalisena-palestiina-solidaarisuuspaivana-puhutaan-palestiinalaisten-pakolaisten-ja-israelin-ulkopuolisten-juutalaisten-vastarinnasta-israelin-apartheidille\/#primaryimage"},"thumbnailUrl":"https:\/\/www.icahd.fi\/wp-content\/uploads\/2022\/11\/tapahtuma-icahd.jpg","datePublished":"2022-11-19T11:39:40+00:00","dateModified":"2022-11-19T11:39:42+00:00","breadcrumb":{"@id":"https:\/\/www.icahd.fi\/kansainvalisena-palestiina-solidaarisuuspaivana-puhutaan-palestiinalaisten-pakolaisten-ja-israelin-ulkopuolisten-juutalaisten-vastarinnasta-israelin-apartheidille\/#breadcrumb"},"inLanguage":"en-GB","potentialAction":[{"@type":"ReadAction","target":["https:\/\/www.icahd.fi\/kansainvalisena-palestiina-solidaarisuuspaivana-puhutaan-palestiinalaisten-pakolaisten-ja-israelin-ulkopuolisten-juutalaisten-vastarinnasta-israelin-apartheidille\/"]}]},{"@type":"ImageObject","inLanguage":"en-GB","@id":"https:\/\/www.icahd.fi\/kansainvalisena-palestiina-solidaarisuuspaivana-puhutaan-palestiinalaisten-pakolaisten-ja-israelin-ulkopuolisten-juutalaisten-vastarinnasta-israelin-apartheidille\/#primaryimage","url":"https:\/\/www.icahd.fi\/wp-content\/uploads\/2022\/11\/tapahtuma-icahd.jpg","contentUrl":"https:\/\/www.icahd.fi\/wp-content\/uploads\/2022\/11\/tapahtuma-icahd.jpg","width":2000,"height":1047},{"@type":"BreadcrumbList","@id":"https:\/\/www.icahd.fi\/kansainvalisena-palestiina-solidaarisuuspaivana-puhutaan-palestiinalaisten-pakolaisten-ja-israelin-ulkopuolisten-juutalaisten-vastarinnasta-israelin-apartheidille\/#breadcrumb","itemListElement":[{"@type":"ListItem","position":1,"name":"Home","item":"https:\/\/www.icahd.fi\/"},{"@type":"ListItem","position":2,"name":"Kansainv\u00e4lisen\u00e4 Palestiina-solidaarisuusp\u00e4iv\u00e4n\u00e4 puhutaan palestiinalaisten pakolaisten ja Israelin ulkopuolisten juutalaisten vastarinnasta Israelin apartheidille"}]},{"@type":"WebSite","@id":"https:\/\/www.icahd.fi\/#website","url":"https:\/\/www.icahd.fi\/","name":"In 2012, ICAHD Finland","description":"Yht&auml;l&auml;isten oikeuksien puolesta, Israelin apartheidia vastaan","publisher":{"@id":"https:\/\/www.icahd.fi\/#organization"},"potentialAction":[{"@type":"SearchAction","target":{"@type":"EntryPoint","urlTemplate":"https:\/\/www.icahd.fi\/?s={search_term_string}"},"query-input":{"@type":"PropertyValueSpecification","valueRequired":true,"valueName":"search_term_string"}}],"inLanguage":"en-GB"},{"@type":"Organization","@id":"https:\/\/www.icahd.fi\/#organization","name":"In 2012, ICAHD Finland","url":"https:\/\/www.icahd.fi\/","logo":{"@type":"ImageObject","inLanguage":"en-GB","@id":"https:\/\/www.icahd.fi\/#\/schema\/logo\/image\/","url":"https:\/\/www.icahd.fi\/wp-content\/uploads\/2020\/01\/logo-teksti.png","contentUrl":"https:\/\/www.icahd.fi\/wp-content\/uploads\/2020\/01\/logo-teksti.png","width":300,"height":109,"caption":"ICAHD Finland"},"image":{"@id":"https:\/\/www.icahd.fi\/#\/schema\/logo\/image\/"},"sameAs":["https:\/\/www.facebook.com\/icahdfinland","https:\/\/x.com\/icahdfinland"]},{"@type":"Person","@id":"https:\/\/www.icahd.fi\/#\/schema\/person\/6b6e77aa265c0f1c3bf8cdfc8d49b5bd","name":"Pinja","image":{"@type":"ImageObject","inLanguage":"en-GB","@id":"https:\/\/secure.gravatar.com\/avatar\/e52e6ae81f8c5a4a4d3efa83e6a376599ff1368a71c388ec0781c8f3e6584d2d?s=96&d=mm&r=g","url":"https:\/\/secure.gravatar.com\/avatar\/e52e6ae81f8c5a4a4d3efa83e6a376599ff1368a71c388ec0781c8f3e6584d2d?s=96&d=mm&r=g","contentUrl":"https:\/\/secure.gravatar.com\/avatar\/e52e6ae81f8c5a4a4d3efa83e6a376599ff1368a71c388ec0781c8f3e6584d2d?s=96&d=mm&r=g","caption":"Pinja"}}]}},"acf":[],"_links":{"self":[{"href":"https:\/\/www.icahd.fi\/en\/wp-json\/wp\/v2\/posts\/15488","targetHints":{"allow":["GET"]}}],"collection":[{"href":"https:\/\/www.icahd.fi\/en\/wp-json\/wp\/v2\/posts"}],"about":[{"href":"https:\/\/www.icahd.fi\/en\/wp-json\/wp\/v2\/types\/post"}],"author":[{"embeddable":true,"href":"https:\/\/www.icahd.fi\/en\/wp-json\/wp\/v2\/users\/18"}],"replies":[{"embeddable":true,"href":"https:\/\/www.icahd.fi\/en\/wp-json\/wp\/v2\/comments?post=15488"}],"version-history":[{"count":2,"href":"https:\/\/www.icahd.fi\/en\/wp-json\/wp\/v2\/posts\/15488\/revisions"}],"predecessor-version":[{"id":15491,"href":"https:\/\/www.icahd.fi\/en\/wp-json\/wp\/v2\/posts\/15488\/revisions\/15491"}],"wp:featuredmedia":[{"embeddable":true,"href":"https:\/\/www.icahd.fi\/en\/wp-json\/wp\/v2\/media\/15489"}],"wp:attachment":[{"href":"https:\/\/www.icahd.fi\/en\/wp-json\/wp\/v2\/media?parent=15488"}],"wp:term":[{"taxonomy":"category","embeddable":true,"href":"https:\/\/www.icahd.fi\/en\/wp-json\/wp\/v2\/categories?post=15488"},{"taxonomy":"post_tag","embeddable":true,"href":"https:\/\/www.icahd.fi\/en\/wp-json\/wp\/v2\/tags?post=15488"}],"curies":[{"name":"wp","href":"https:\/\/api.w.org\/{rel}","templated":true}]}}