{"id":15473,"date":"2022-08-19T20:04:18","date_gmt":"2022-08-19T17:04:18","guid":{"rendered":"https:\/\/www.icahd.fi\/?p=15473"},"modified":"2022-08-19T20:05:14","modified_gmt":"2022-08-19T17:05:14","slug":"palestinian-voices-in-finland-emme-voi-jattaytya-hiljaisiksi-sivustakatsojiksi-kohdatessamme-vaaryyksia-avoin-kirje-kansanedustajille-ja-sanna-marinin-hallitukselle","status":"publish","type":"post","link":"https:\/\/www.icahd.fi\/en\/palestinian-voices-in-finland-emme-voi-jattaytya-hiljaisiksi-sivustakatsojiksi-kohdatessamme-vaaryyksia-avoin-kirje-kansanedustajille-ja-sanna-marinin-hallitukselle\/","title":{"rendered":"Palestinian Voices in Finland: &#8221;Emme voi j\u00e4tt\u00e4yty\u00e4 hiljaisiksi sivustakatsojiksi kohdatessamme v\u00e4\u00e4ryyksi\u00e4: Avoin kirje kansanedustajille ja Sanna Marinin hallitukselle&#8221;"},"content":{"rendered":"<p>Suomessa asuvien palestiinalaisten yhteis\u00f6 Palestinian Voices in Finland on kirjoittanut avoimen kirjeen kansanedustajille ja hallitukselle, jossa he vaativat tekoja Gazan pommitusten j\u00e4lkeen.<\/p>\n\n\n\n<p>&#8221;Suomen nopea reaktio Ven\u00e4j\u00e4n helmikuussa 2022 aloittamaan laittomaan hy\u00f6kk\u00e4yssotaan ja tuki Ukrainalle osoitti, ett\u00e4 Suomella on my\u00f6t\u00e4tuntoa ihmisille, jotka ovat kolonisoivien valtioiden valloituksen ja v\u00e4kivallan kohteena.&#8221;<\/p>\n\n\n\n<p><strong>Kirjeen voit allekirjoittaa <a href=\"https:\/\/docs.google.com\/forms\/d\/e\/1FAIpQLSfgm7xcC1pYezumTAPRLMpOWNojfZI5f86pN5x6lqQMzIMdaQ\/viewform\">t\u00e4\u00e4ll\u00e4<\/a>.<\/strong><\/p>\n\n\n\n<p><strong>He my\u00f6s pyyt\u00e4v\u00e4t kirjoittamaan suoraan kansanedustajille, l\u00f6yd\u00e4t <a href=\"https:\/\/docs.google.com\/document\/d\/1QqcKeN1VEAOhFdwVN40XoyuO8vugUmIeb2LTn0xDSHc\/edit\">t\u00e4\u00e4lt\u00e4<\/a> valmiin kirjepohjan.<\/strong><\/p>","protected":false},"excerpt":{"rendered":"<p>Suomessa asuvien palestiinalaisten yhteis\u00f6 Palestinian Voices in Finland on kirjoittanut avoimen kirjeen kansanedustajille ja hallitukselle, jossa he vaativat tekoja Gazan pommitusten j\u00e4lkeen. &#8221;Suomen nopea reaktio Ven\u00e4j\u00e4n helmikuussa 2022 aloittamaan laittomaan hy\u00f6kk\u00e4yssotaan ja tuki Ukrainalle osoitti, ett\u00e4 Suomella on my\u00f6t\u00e4tuntoa ihmisille, jotka ovat kolonisoivien valtioiden valloituksen ja v\u00e4kivallan kohteena.&#8221; Kirjeen voit allekirjoittaa t\u00e4\u00e4ll\u00e4. He my\u00f6s pyyt\u00e4v\u00e4t [&hellip;]<\/p>\n","protected":false},"author":18,"featured_media":14794,"comment_status":"closed","ping_status":"closed","sticky":false,"template":"","format":"standard","meta":{"zakra_page_container_layout":"customizer","zakra_page_sidebar_layout":"customizer","zakra_remove_content_margin":false,"zakra_sidebar":"customizer","zakra_transparent_header":"customizer","zakra_logo":0,"zakra_main_header_style":"default","zakra_menu_item_color":"","zakra_menu_item_hover_color":"","zakra_menu_item_active_color":"","zakra_menu_active_style":"","zakra_page_header":true,"footnotes":""},"categories":[29],"tags":[],"class_list":["post-15473","post","type-post","status-publish","format-standard","has-post-thumbnail","hentry","category-uutiset"],"yoast_head":"<!-- This site is optimized with the Yoast SEO plugin v27.5 - https:\/\/yoast.com\/product\/yoast-seo-wordpress\/ -->\n<title>Palestinian Voices in Finland: &quot;Emme voi j\u00e4tt\u00e4yty\u00e4 hiljaisiksi sivustakatsojiksi kohdatessamme v\u00e4\u00e4ryyksi\u00e4: Avoin kirje kansanedustajille ja Sanna Marinin hallitukselle&quot; - ICAHD Finland<\/title>\n<meta name=\"robots\" content=\"index, follow, max-snippet:-1, max-image-preview:large, max-video-preview:-1\" \/>\n<link rel=\"canonical\" href=\"https:\/\/www.icahd.fi\/en\/palestinian-voices-in-finland-emme-voi-jattaytya-hiljaisiksi-sivustakatsojiksi-kohdatessamme-vaaryyksia-avoin-kirje-kansanedustajille-ja-sanna-marinin-hallitukselle\/\" \/>\n<meta property=\"og:locale\" content=\"en_GB\" \/>\n<meta property=\"og:type\" content=\"article\" \/>\n<meta property=\"og:title\" content=\"Palestinian Voices in Finland: &quot;Emme voi j\u00e4tt\u00e4yty\u00e4 hiljaisiksi sivustakatsojiksi kohdatessamme v\u00e4\u00e4ryyksi\u00e4: Avoin kirje kansanedustajille ja Sanna Marinin hallitukselle&quot; - ICAHD Finland\" \/>\n<meta property=\"og:description\" content=\"Suomessa asuvien palestiinalaisten yhteis\u00f6 Palestinian Voices in Finland on kirjoittanut avoimen kirjeen kansanedustajille ja hallitukselle, jossa he vaativat tekoja Gazan pommitusten j\u00e4lkeen. &#8221;Suomen nopea reaktio Ven\u00e4j\u00e4n helmikuussa 2022 aloittamaan laittomaan hy\u00f6kk\u00e4yssotaan ja tuki Ukrainalle osoitti, ett\u00e4 Suomella on my\u00f6t\u00e4tuntoa ihmisille, jotka ovat kolonisoivien valtioiden valloituksen ja v\u00e4kivallan kohteena.&#8221; Kirjeen voit allekirjoittaa t\u00e4\u00e4ll\u00e4. He my\u00f6s pyyt\u00e4v\u00e4t [&hellip;]\" \/>\n<meta property=\"og:url\" content=\"https:\/\/www.icahd.fi\/en\/palestinian-voices-in-finland-emme-voi-jattaytya-hiljaisiksi-sivustakatsojiksi-kohdatessamme-vaaryyksia-avoin-kirje-kansanedustajille-ja-sanna-marinin-hallitukselle\/\" \/>\n<meta property=\"og:site_name\" content=\"ICAHD Finland\" \/>\n<meta property=\"article:publisher\" content=\"https:\/\/www.facebook.com\/icahdfinland\" \/>\n<meta property=\"article:published_time\" content=\"2022-08-19T17:04:18+00:00\" \/>\n<meta property=\"article:modified_time\" content=\"2022-08-19T17:05:14+00:00\" \/>\n<meta property=\"og:image\" content=\"https:\/\/www.icahd.fi\/wp-content\/uploads\/2020\/08\/flags.jpg\" \/>\n\t<meta property=\"og:image:width\" content=\"1290\" \/>\n\t<meta property=\"og:image:height\" content=\"827\" \/>\n\t<meta property=\"og:image:type\" content=\"image\/jpeg\" \/>\n<meta name=\"author\" content=\"Pinja\" \/>\n<meta name=\"twitter:card\" content=\"summary_large_image\" \/>\n<meta name=\"twitter:creator\" content=\"@icahdfinland\" \/>\n<meta name=\"twitter:site\" content=\"@icahdfinland\" \/>\n<meta name=\"twitter:label1\" content=\"Written by\" \/>\n\t<meta name=\"twitter:data1\" content=\"Pinja\" \/>\n\t<meta name=\"twitter:label2\" content=\"Estimated reading time\" \/>\n\t<meta name=\"twitter:data2\" content=\"1 minute\" \/>\n<script type=\"application\/ld+json\" class=\"yoast-schema-graph\">{\"@context\":\"https:\\\/\\\/schema.org\",\"@graph\":[{\"@type\":\"Article\",\"@id\":\"https:\\\/\\\/www.icahd.fi\\\/palestinian-voices-in-finland-emme-voi-jattaytya-hiljaisiksi-sivustakatsojiksi-kohdatessamme-vaaryyksia-avoin-kirje-kansanedustajille-ja-sanna-marinin-hallitukselle\\\/#article\",\"isPartOf\":{\"@id\":\"https:\\\/\\\/www.icahd.fi\\\/palestinian-voices-in-finland-emme-voi-jattaytya-hiljaisiksi-sivustakatsojiksi-kohdatessamme-vaaryyksia-avoin-kirje-kansanedustajille-ja-sanna-marinin-hallitukselle\\\/\"},\"author\":{\"name\":\"Pinja\",\"@id\":\"https:\\\/\\\/www.icahd.fi\\\/#\\\/schema\\\/person\\\/6b6e77aa265c0f1c3bf8cdfc8d49b5bd\"},\"headline\":\"Palestinian Voices in Finland: &#8221;Emme voi j\u00e4tt\u00e4yty\u00e4 hiljaisiksi sivustakatsojiksi kohdatessamme v\u00e4\u00e4ryyksi\u00e4: Avoin kirje kansanedustajille ja Sanna Marinin hallitukselle&#8221;\",\"datePublished\":\"2022-08-19T17:04:18+00:00\",\"dateModified\":\"2022-08-19T17:05:14+00:00\",\"mainEntityOfPage\":{\"@id\":\"https:\\\/\\\/www.icahd.fi\\\/palestinian-voices-in-finland-emme-voi-jattaytya-hiljaisiksi-sivustakatsojiksi-kohdatessamme-vaaryyksia-avoin-kirje-kansanedustajille-ja-sanna-marinin-hallitukselle\\\/\"},\"wordCount\":97,\"publisher\":{\"@id\":\"https:\\\/\\\/www.icahd.fi\\\/#organization\"},\"image\":{\"@id\":\"https:\\\/\\\/www.icahd.fi\\\/palestinian-voices-in-finland-emme-voi-jattaytya-hiljaisiksi-sivustakatsojiksi-kohdatessamme-vaaryyksia-avoin-kirje-kansanedustajille-ja-sanna-marinin-hallitukselle\\\/#primaryimage\"},\"thumbnailUrl\":\"https:\\\/\\\/www.icahd.fi\\\/wp-content\\\/uploads\\\/2020\\\/08\\\/flags.jpg\",\"articleSection\":[\"Uutiset\"],\"inLanguage\":\"en-GB\"},{\"@type\":\"WebPage\",\"@id\":\"https:\\\/\\\/www.icahd.fi\\\/palestinian-voices-in-finland-emme-voi-jattaytya-hiljaisiksi-sivustakatsojiksi-kohdatessamme-vaaryyksia-avoin-kirje-kansanedustajille-ja-sanna-marinin-hallitukselle\\\/\",\"url\":\"https:\\\/\\\/www.icahd.fi\\\/palestinian-voices-in-finland-emme-voi-jattaytya-hiljaisiksi-sivustakatsojiksi-kohdatessamme-vaaryyksia-avoin-kirje-kansanedustajille-ja-sanna-marinin-hallitukselle\\\/\",\"name\":\"Palestinian Voices in Finland: \\\"Emme voi j\u00e4tt\u00e4yty\u00e4 hiljaisiksi sivustakatsojiksi kohdatessamme v\u00e4\u00e4ryyksi\u00e4: Avoin kirje kansanedustajille ja Sanna Marinin hallitukselle\\\" - ICAHD Finland\",\"isPartOf\":{\"@id\":\"https:\\\/\\\/www.icahd.fi\\\/#website\"},\"primaryImageOfPage\":{\"@id\":\"https:\\\/\\\/www.icahd.fi\\\/palestinian-voices-in-finland-emme-voi-jattaytya-hiljaisiksi-sivustakatsojiksi-kohdatessamme-vaaryyksia-avoin-kirje-kansanedustajille-ja-sanna-marinin-hallitukselle\\\/#primaryimage\"},\"image\":{\"@id\":\"https:\\\/\\\/www.icahd.fi\\\/palestinian-voices-in-finland-emme-voi-jattaytya-hiljaisiksi-sivustakatsojiksi-kohdatessamme-vaaryyksia-avoin-kirje-kansanedustajille-ja-sanna-marinin-hallitukselle\\\/#primaryimage\"},\"thumbnailUrl\":\"https:\\\/\\\/www.icahd.fi\\\/wp-content\\\/uploads\\\/2020\\\/08\\\/flags.jpg\",\"datePublished\":\"2022-08-19T17:04:18+00:00\",\"dateModified\":\"2022-08-19T17:05:14+00:00\",\"breadcrumb\":{\"@id\":\"https:\\\/\\\/www.icahd.fi\\\/palestinian-voices-in-finland-emme-voi-jattaytya-hiljaisiksi-sivustakatsojiksi-kohdatessamme-vaaryyksia-avoin-kirje-kansanedustajille-ja-sanna-marinin-hallitukselle\\\/#breadcrumb\"},\"inLanguage\":\"en-GB\",\"potentialAction\":[{\"@type\":\"ReadAction\",\"target\":[\"https:\\\/\\\/www.icahd.fi\\\/palestinian-voices-in-finland-emme-voi-jattaytya-hiljaisiksi-sivustakatsojiksi-kohdatessamme-vaaryyksia-avoin-kirje-kansanedustajille-ja-sanna-marinin-hallitukselle\\\/\"]}]},{\"@type\":\"ImageObject\",\"inLanguage\":\"en-GB\",\"@id\":\"https:\\\/\\\/www.icahd.fi\\\/palestinian-voices-in-finland-emme-voi-jattaytya-hiljaisiksi-sivustakatsojiksi-kohdatessamme-vaaryyksia-avoin-kirje-kansanedustajille-ja-sanna-marinin-hallitukselle\\\/#primaryimage\",\"url\":\"https:\\\/\\\/www.icahd.fi\\\/wp-content\\\/uploads\\\/2020\\\/08\\\/flags.jpg\",\"contentUrl\":\"https:\\\/\\\/www.icahd.fi\\\/wp-content\\\/uploads\\\/2020\\\/08\\\/flags.jpg\",\"width\":1290,\"height\":827,\"caption\":\"Credit: \u00a9 Tonygers | Dreamstime.com\"},{\"@type\":\"BreadcrumbList\",\"@id\":\"https:\\\/\\\/www.icahd.fi\\\/palestinian-voices-in-finland-emme-voi-jattaytya-hiljaisiksi-sivustakatsojiksi-kohdatessamme-vaaryyksia-avoin-kirje-kansanedustajille-ja-sanna-marinin-hallitukselle\\\/#breadcrumb\",\"itemListElement\":[{\"@type\":\"ListItem\",\"position\":1,\"name\":\"Home\",\"item\":\"https:\\\/\\\/www.icahd.fi\\\/\"},{\"@type\":\"ListItem\",\"position\":2,\"name\":\"Palestinian Voices in Finland: &#8220;Emme voi j\u00e4tt\u00e4yty\u00e4 hiljaisiksi sivustakatsojiksi kohdatessamme v\u00e4\u00e4ryyksi\u00e4: Avoin kirje kansanedustajille ja Sanna Marinin hallitukselle&#8221;\"}]},{\"@type\":\"WebSite\",\"@id\":\"https:\\\/\\\/www.icahd.fi\\\/#website\",\"url\":\"https:\\\/\\\/www.icahd.fi\\\/\",\"name\":\"ICAHD Finland\",\"description\":\"Yht&auml;l&auml;isten oikeuksien puolesta, Israelin apartheidia vastaan\",\"publisher\":{\"@id\":\"https:\\\/\\\/www.icahd.fi\\\/#organization\"},\"potentialAction\":[{\"@type\":\"SearchAction\",\"target\":{\"@type\":\"EntryPoint\",\"urlTemplate\":\"https:\\\/\\\/www.icahd.fi\\\/?s={search_term_string}\"},\"query-input\":{\"@type\":\"PropertyValueSpecification\",\"valueRequired\":true,\"valueName\":\"search_term_string\"}}],\"inLanguage\":\"en-GB\"},{\"@type\":\"Organization\",\"@id\":\"https:\\\/\\\/www.icahd.fi\\\/#organization\",\"name\":\"ICAHD Finland\",\"url\":\"https:\\\/\\\/www.icahd.fi\\\/\",\"logo\":{\"@type\":\"ImageObject\",\"inLanguage\":\"en-GB\",\"@id\":\"https:\\\/\\\/www.icahd.fi\\\/#\\\/schema\\\/logo\\\/image\\\/\",\"url\":\"https:\\\/\\\/www.icahd.fi\\\/wp-content\\\/uploads\\\/2020\\\/01\\\/logo-teksti.png\",\"contentUrl\":\"https:\\\/\\\/www.icahd.fi\\\/wp-content\\\/uploads\\\/2020\\\/01\\\/logo-teksti.png\",\"width\":300,\"height\":109,\"caption\":\"ICAHD Finland\"},\"image\":{\"@id\":\"https:\\\/\\\/www.icahd.fi\\\/#\\\/schema\\\/logo\\\/image\\\/\"},\"sameAs\":[\"https:\\\/\\\/www.facebook.com\\\/icahdfinland\",\"https:\\\/\\\/x.com\\\/icahdfinland\"]},{\"@type\":\"Person\",\"@id\":\"https:\\\/\\\/www.icahd.fi\\\/#\\\/schema\\\/person\\\/6b6e77aa265c0f1c3bf8cdfc8d49b5bd\",\"name\":\"Pinja\",\"image\":{\"@type\":\"ImageObject\",\"inLanguage\":\"en-GB\",\"@id\":\"https:\\\/\\\/secure.gravatar.com\\\/avatar\\\/e52e6ae81f8c5a4a4d3efa83e6a376599ff1368a71c388ec0781c8f3e6584d2d?s=96&d=mm&r=g\",\"url\":\"https:\\\/\\\/secure.gravatar.com\\\/avatar\\\/e52e6ae81f8c5a4a4d3efa83e6a376599ff1368a71c388ec0781c8f3e6584d2d?s=96&d=mm&r=g\",\"contentUrl\":\"https:\\\/\\\/secure.gravatar.com\\\/avatar\\\/e52e6ae81f8c5a4a4d3efa83e6a376599ff1368a71c388ec0781c8f3e6584d2d?s=96&d=mm&r=g\",\"caption\":\"Pinja\"}}]}<\/script>\n<!-- \/ Yoast SEO plugin. -->","yoast_head_json":{"title":"Palestinian Voices in Finland: \"Emme voi j\u00e4tt\u00e4yty\u00e4 hiljaisiksi sivustakatsojiksi kohdatessamme v\u00e4\u00e4ryyksi\u00e4: Avoin kirje kansanedustajille ja Sanna Marinin hallitukselle\" - ICAHD Finland","robots":{"index":"index","follow":"follow","max-snippet":"max-snippet:-1","max-image-preview":"max-image-preview:large","max-video-preview":"max-video-preview:-1"},"canonical":"https:\/\/www.icahd.fi\/en\/palestinian-voices-in-finland-emme-voi-jattaytya-hiljaisiksi-sivustakatsojiksi-kohdatessamme-vaaryyksia-avoin-kirje-kansanedustajille-ja-sanna-marinin-hallitukselle\/","og_locale":"en_GB","og_type":"article","og_title":"Palestinian Voices in Finland: \"Emme voi j\u00e4tt\u00e4yty\u00e4 hiljaisiksi sivustakatsojiksi kohdatessamme v\u00e4\u00e4ryyksi\u00e4: Avoin kirje kansanedustajille ja Sanna Marinin hallitukselle\" - ICAHD Finland","og_description":"Suomessa asuvien palestiinalaisten yhteis\u00f6 Palestinian Voices in Finland on kirjoittanut avoimen kirjeen kansanedustajille ja hallitukselle, jossa he vaativat tekoja Gazan pommitusten j\u00e4lkeen. &#8221;Suomen nopea reaktio Ven\u00e4j\u00e4n helmikuussa 2022 aloittamaan laittomaan hy\u00f6kk\u00e4yssotaan ja tuki Ukrainalle osoitti, ett\u00e4 Suomella on my\u00f6t\u00e4tuntoa ihmisille, jotka ovat kolonisoivien valtioiden valloituksen ja v\u00e4kivallan kohteena.&#8221; Kirjeen voit allekirjoittaa t\u00e4\u00e4ll\u00e4. He my\u00f6s pyyt\u00e4v\u00e4t [&hellip;]","og_url":"https:\/\/www.icahd.fi\/en\/palestinian-voices-in-finland-emme-voi-jattaytya-hiljaisiksi-sivustakatsojiksi-kohdatessamme-vaaryyksia-avoin-kirje-kansanedustajille-ja-sanna-marinin-hallitukselle\/","og_site_name":"ICAHD Finland","article_publisher":"https:\/\/www.facebook.com\/icahdfinland","article_published_time":"2022-08-19T17:04:18+00:00","article_modified_time":"2022-08-19T17:05:14+00:00","og_image":[{"width":1290,"height":827,"url":"https:\/\/www.icahd.fi\/wp-content\/uploads\/2020\/08\/flags.jpg","type":"image\/jpeg"}],"author":"Pinja","twitter_card":"summary_large_image","twitter_creator":"@icahdfinland","twitter_site":"@icahdfinland","twitter_misc":{"Written by":"Pinja","Estimated reading time":"1 minute"},"schema":{"@context":"https:\/\/schema.org","@graph":[{"@type":"Article","@id":"https:\/\/www.icahd.fi\/palestinian-voices-in-finland-emme-voi-jattaytya-hiljaisiksi-sivustakatsojiksi-kohdatessamme-vaaryyksia-avoin-kirje-kansanedustajille-ja-sanna-marinin-hallitukselle\/#article","isPartOf":{"@id":"https:\/\/www.icahd.fi\/palestinian-voices-in-finland-emme-voi-jattaytya-hiljaisiksi-sivustakatsojiksi-kohdatessamme-vaaryyksia-avoin-kirje-kansanedustajille-ja-sanna-marinin-hallitukselle\/"},"author":{"name":"Pinja","@id":"https:\/\/www.icahd.fi\/#\/schema\/person\/6b6e77aa265c0f1c3bf8cdfc8d49b5bd"},"headline":"Palestinian Voices in Finland: &#8221;Emme voi j\u00e4tt\u00e4yty\u00e4 hiljaisiksi sivustakatsojiksi kohdatessamme v\u00e4\u00e4ryyksi\u00e4: Avoin kirje kansanedustajille ja Sanna Marinin hallitukselle&#8221;","datePublished":"2022-08-19T17:04:18+00:00","dateModified":"2022-08-19T17:05:14+00:00","mainEntityOfPage":{"@id":"https:\/\/www.icahd.fi\/palestinian-voices-in-finland-emme-voi-jattaytya-hiljaisiksi-sivustakatsojiksi-kohdatessamme-vaaryyksia-avoin-kirje-kansanedustajille-ja-sanna-marinin-hallitukselle\/"},"wordCount":97,"publisher":{"@id":"https:\/\/www.icahd.fi\/#organization"},"image":{"@id":"https:\/\/www.icahd.fi\/palestinian-voices-in-finland-emme-voi-jattaytya-hiljaisiksi-sivustakatsojiksi-kohdatessamme-vaaryyksia-avoin-kirje-kansanedustajille-ja-sanna-marinin-hallitukselle\/#primaryimage"},"thumbnailUrl":"https:\/\/www.icahd.fi\/wp-content\/uploads\/2020\/08\/flags.jpg","articleSection":["Uutiset"],"inLanguage":"en-GB"},{"@type":"WebPage","@id":"https:\/\/www.icahd.fi\/palestinian-voices-in-finland-emme-voi-jattaytya-hiljaisiksi-sivustakatsojiksi-kohdatessamme-vaaryyksia-avoin-kirje-kansanedustajille-ja-sanna-marinin-hallitukselle\/","url":"https:\/\/www.icahd.fi\/palestinian-voices-in-finland-emme-voi-jattaytya-hiljaisiksi-sivustakatsojiksi-kohdatessamme-vaaryyksia-avoin-kirje-kansanedustajille-ja-sanna-marinin-hallitukselle\/","name":"Palestinian Voices in Finland: \"Emme voi j\u00e4tt\u00e4yty\u00e4 hiljaisiksi sivustakatsojiksi kohdatessamme v\u00e4\u00e4ryyksi\u00e4: Avoin kirje kansanedustajille ja Sanna Marinin hallitukselle\" - ICAHD Finland","isPartOf":{"@id":"https:\/\/www.icahd.fi\/#website"},"primaryImageOfPage":{"@id":"https:\/\/www.icahd.fi\/palestinian-voices-in-finland-emme-voi-jattaytya-hiljaisiksi-sivustakatsojiksi-kohdatessamme-vaaryyksia-avoin-kirje-kansanedustajille-ja-sanna-marinin-hallitukselle\/#primaryimage"},"image":{"@id":"https:\/\/www.icahd.fi\/palestinian-voices-in-finland-emme-voi-jattaytya-hiljaisiksi-sivustakatsojiksi-kohdatessamme-vaaryyksia-avoin-kirje-kansanedustajille-ja-sanna-marinin-hallitukselle\/#primaryimage"},"thumbnailUrl":"https:\/\/www.icahd.fi\/wp-content\/uploads\/2020\/08\/flags.jpg","datePublished":"2022-08-19T17:04:18+00:00","dateModified":"2022-08-19T17:05:14+00:00","breadcrumb":{"@id":"https:\/\/www.icahd.fi\/palestinian-voices-in-finland-emme-voi-jattaytya-hiljaisiksi-sivustakatsojiksi-kohdatessamme-vaaryyksia-avoin-kirje-kansanedustajille-ja-sanna-marinin-hallitukselle\/#breadcrumb"},"inLanguage":"en-GB","potentialAction":[{"@type":"ReadAction","target":["https:\/\/www.icahd.fi\/palestinian-voices-in-finland-emme-voi-jattaytya-hiljaisiksi-sivustakatsojiksi-kohdatessamme-vaaryyksia-avoin-kirje-kansanedustajille-ja-sanna-marinin-hallitukselle\/"]}]},{"@type":"ImageObject","inLanguage":"en-GB","@id":"https:\/\/www.icahd.fi\/palestinian-voices-in-finland-emme-voi-jattaytya-hiljaisiksi-sivustakatsojiksi-kohdatessamme-vaaryyksia-avoin-kirje-kansanedustajille-ja-sanna-marinin-hallitukselle\/#primaryimage","url":"https:\/\/www.icahd.fi\/wp-content\/uploads\/2020\/08\/flags.jpg","contentUrl":"https:\/\/www.icahd.fi\/wp-content\/uploads\/2020\/08\/flags.jpg","width":1290,"height":827,"caption":"Credit: \u00a9 Tonygers | Dreamstime.com"},{"@type":"BreadcrumbList","@id":"https:\/\/www.icahd.fi\/palestinian-voices-in-finland-emme-voi-jattaytya-hiljaisiksi-sivustakatsojiksi-kohdatessamme-vaaryyksia-avoin-kirje-kansanedustajille-ja-sanna-marinin-hallitukselle\/#breadcrumb","itemListElement":[{"@type":"ListItem","position":1,"name":"Home","item":"https:\/\/www.icahd.fi\/"},{"@type":"ListItem","position":2,"name":"Palestinian Voices in Finland: &#8220;Emme voi j\u00e4tt\u00e4yty\u00e4 hiljaisiksi sivustakatsojiksi kohdatessamme v\u00e4\u00e4ryyksi\u00e4: Avoin kirje kansanedustajille ja Sanna Marinin hallitukselle&#8221;"}]},{"@type":"WebSite","@id":"https:\/\/www.icahd.fi\/#website","url":"https:\/\/www.icahd.fi\/","name":"In 2012, ICAHD Finland","description":"Yht&auml;l&auml;isten oikeuksien puolesta, Israelin apartheidia vastaan","publisher":{"@id":"https:\/\/www.icahd.fi\/#organization"},"potentialAction":[{"@type":"SearchAction","target":{"@type":"EntryPoint","urlTemplate":"https:\/\/www.icahd.fi\/?s={search_term_string}"},"query-input":{"@type":"PropertyValueSpecification","valueRequired":true,"valueName":"search_term_string"}}],"inLanguage":"en-GB"},{"@type":"Organization","@id":"https:\/\/www.icahd.fi\/#organization","name":"In 2012, ICAHD Finland","url":"https:\/\/www.icahd.fi\/","logo":{"@type":"ImageObject","inLanguage":"en-GB","@id":"https:\/\/www.icahd.fi\/#\/schema\/logo\/image\/","url":"https:\/\/www.icahd.fi\/wp-content\/uploads\/2020\/01\/logo-teksti.png","contentUrl":"https:\/\/www.icahd.fi\/wp-content\/uploads\/2020\/01\/logo-teksti.png","width":300,"height":109,"caption":"ICAHD Finland"},"image":{"@id":"https:\/\/www.icahd.fi\/#\/schema\/logo\/image\/"},"sameAs":["https:\/\/www.facebook.com\/icahdfinland","https:\/\/x.com\/icahdfinland"]},{"@type":"Person","@id":"https:\/\/www.icahd.fi\/#\/schema\/person\/6b6e77aa265c0f1c3bf8cdfc8d49b5bd","name":"Pinja","image":{"@type":"ImageObject","inLanguage":"en-GB","@id":"https:\/\/secure.gravatar.com\/avatar\/e52e6ae81f8c5a4a4d3efa83e6a376599ff1368a71c388ec0781c8f3e6584d2d?s=96&d=mm&r=g","url":"https:\/\/secure.gravatar.com\/avatar\/e52e6ae81f8c5a4a4d3efa83e6a376599ff1368a71c388ec0781c8f3e6584d2d?s=96&d=mm&r=g","contentUrl":"https:\/\/secure.gravatar.com\/avatar\/e52e6ae81f8c5a4a4d3efa83e6a376599ff1368a71c388ec0781c8f3e6584d2d?s=96&d=mm&r=g","caption":"Pinja"}}]}},"acf":[],"_links":{"self":[{"href":"https:\/\/www.icahd.fi\/en\/wp-json\/wp\/v2\/posts\/15473","targetHints":{"allow":["GET"]}}],"collection":[{"href":"https:\/\/www.icahd.fi\/en\/wp-json\/wp\/v2\/posts"}],"about":[{"href":"https:\/\/www.icahd.fi\/en\/wp-json\/wp\/v2\/types\/post"}],"author":[{"embeddable":true,"href":"https:\/\/www.icahd.fi\/en\/wp-json\/wp\/v2\/users\/18"}],"replies":[{"embeddable":true,"href":"https:\/\/www.icahd.fi\/en\/wp-json\/wp\/v2\/comments?post=15473"}],"version-history":[{"count":3,"href":"https:\/\/www.icahd.fi\/en\/wp-json\/wp\/v2\/posts\/15473\/revisions"}],"predecessor-version":[{"id":15476,"href":"https:\/\/www.icahd.fi\/en\/wp-json\/wp\/v2\/posts\/15473\/revisions\/15476"}],"wp:featuredmedia":[{"embeddable":true,"href":"https:\/\/www.icahd.fi\/en\/wp-json\/wp\/v2\/media\/14794"}],"wp:attachment":[{"href":"https:\/\/www.icahd.fi\/en\/wp-json\/wp\/v2\/media?parent=15473"}],"wp:term":[{"taxonomy":"category","embeddable":true,"href":"https:\/\/www.icahd.fi\/en\/wp-json\/wp\/v2\/categories?post=15473"},{"taxonomy":"post_tag","embeddable":true,"href":"https:\/\/www.icahd.fi\/en\/wp-json\/wp\/v2\/tags?post=15473"}],"curies":[{"name":"wp","href":"https:\/\/api.w.org\/{rel}","templated":true}]}}