{"id":15319,"date":"2021-12-19T15:32:56","date_gmt":"2021-12-19T13:32:56","guid":{"rendered":"https:\/\/www.icahd.fi\/?p=15319"},"modified":"2021-12-19T15:52:49","modified_gmt":"2021-12-19T13:52:49","slug":"puhe-mielenosoituksessa-turvapaikanhakijoiden-tueksi","status":"publish","type":"post","link":"https:\/\/www.icahd.fi\/en\/puhe-mielenosoituksessa-turvapaikanhakijoiden-tueksi\/","title":{"rendered":"Puhe mielenosoituksessa turvapaikanhakijoiden tueksi"},"content":{"rendered":"<p><\/p>\n\n\n\n<p><em><em>I<em>CAHD Finlandin puheenjohtaja Syksy R\u00e4s\u00e4sen puhe <a href=\"https:\/\/www.facebook.com\/events\/1652997854875199?ref=newsfeed\">mielenosoituksessa<\/a> \u201dEi takaisinty\u00f6nn\u00f6ille! \/\/ No to pushbacks!\u201d kansainv\u00e4lisen\u00e4 siirtolaisten p\u00e4iv\u00e4n\u00e4 18.12.2021<\/em><\/em><\/em>.<\/p>\n\n\n\n<p>Marraskuun 9. p\u00e4iv\u00e4 palestiinalainen Anas \u2013tarkemmin sanottuna h\u00e4nen ruumiinsa\u2013 <a href=\"https:\/\/english.alaraby.co.uk\/opinion\/why-gazans-are-dying-sea-be-free\">l\u00f6ydettiin<\/a> Turkin rannalta. Kaksi p\u00e4iv\u00e4\u00e4 aiemmin h\u00e4nen naapurinsa Abu Adham al-Farran ruumis oli l\u00f6ytynyt Turkin rannalta.<\/p>\n\n\n\n<p>Anas ja Abu Adham al-Farra olivat kotoisin Gazasta. Gazasta, joka on Israelin miehityksen ja saarron alla, ja jonka YK on todennut elinkelvottomaksi. Anas ja Abu Adham al-Farra olivat paenneet Egyptin kautta Turkkiin, ja yrittiv\u00e4t sielt\u00e4 Eurooppaan.<\/p>\n\n\n\n<p>Hukkuessaan V\u00e4limereen Anas soitti \u00e4idilleen Gazaan, kertoi yst\u00e4v\u00e4ns\u00e4 Abu Adham al-Farran jo hukkuneen, ja sanoi ett\u00e4 h\u00e4nkin on kuolemassa.<\/p>\n\n\n\n<p>Israel piti Anasia ja Abu Adham al-Farraa Gazassa, avovankilassa saarron ja pommitusten alla, vain yhdest\u00e4 syyst\u00e4: he kuuluvat v\u00e4\u00e4r\u00e4\u00e4n etniseen ryhm\u00e4\u00e4n.<\/p>\n\n\n\n<p>Gazan asukkaista kaksi kolmasosaa on pakolaisia, joiden koti on Israelin alueella. Israel est\u00e4\u00e4 heit\u00e4 k\u00e4ytt\u00e4m\u00e4st\u00e4 kansainv\u00e4lisen oikeuden mukaista oikeuttaan palata kotiin, koska he kuuluvat v\u00e4\u00e4r\u00e4\u00e4n etniseen ryhm\u00e4\u00e4n.<\/p>\n\n\n\n<p>Samoin kuin Israel on karkottanut v\u00e4\u00e4r\u00e4\u00e4n etniseen ryhm\u00e4\u00e4n kuuluvia ihmisi\u00e4 Gazaan muurien taakse, Eurooppa rakentaa muureja pit\u00e4\u00e4kseen kriisej\u00e4 pakenevat ihmiset poissa.<\/p>\n\n\n\n<p>Samoja kriisej\u00e4, joita Eurooppa ruokkii.<\/p>\n\n\n\n<p>Suomi tukee Israelin rotuerottelupolitiikkaa ja Gazan saartoa muun muassa siirtokuntatuotteiden tuonnilla sek\u00e4 asekaupoilla, jotka ovat viime vuosina kasvaneet.<\/p>\n\n\n\n<p>T\u00e4m\u00e4 ei ole poikkeus. Suomi osallistui yli kymmenen vuotta Afganistanin sotaan, joka tuhosi afganistanilaisten el\u00e4m\u00e4\u00e4 entisest\u00e4\u00e4n.<\/p>\n\n\n\n<p>Suurin konflikteja ja pakolaisuutta lis\u00e4\u00e4v\u00e4 tekij\u00e4 on ilmastonmuutos, joka on vaikuttanut kuivuuden kautta muun muassa Syyrian sodan syttymiseen.<\/p>\n\n\n\n<p>Suomen hallitus <a href=\"https:\/\/blogi.elokapina.me\/viimeiset-sata-sekuntia\/\">kiihdytt\u00e4\u00e4 ilmastonmuutosta<\/a> avaamalla Datteln4-hiilivoimalan Saksaan ja tukemalla turpeenpolttoa.<\/p>\n\n\n\n<p>Oikeus hakea turvapaikkaa ja velvollisuus kohdella pakolaisia inhimillisesti kirjattiin kansainv\u00e4liseen oikeuteen toisesta maailmansodasta oppineena. Nyt kun meit\u00e4 kohtaa ilmastonmuutoksen my\u00f6t\u00e4 uusi maailmanlaajuinen kriisi ajaa, niin Euroopan hallitukset, Suomen hallitus mukaan lukien, haluavat k\u00e4\u00e4nt\u00e4\u00e4 selk\u00e4ns\u00e4 kansainv\u00e4lisen oikeuden vaatimuksille ja est\u00e4\u00e4 ihmisi\u00e4 hakemasta turvaa.<\/p>\n\n\n\n<p>Kansalaisten \u00e4\u00e4nen, meid\u00e4n \u00e4\u00e4nemme, pit\u00e4\u00e4 kuulua, jotta lakia noudatettaisiin, inhimillisyytt\u00e4 vaalittaisiin, eik\u00e4 kukaan en\u00e4\u00e4 hukkuisi.<\/p>","protected":false},"excerpt":{"rendered":"<p>ICAHD Finlandin puheenjohtaja Syksy R\u00e4s\u00e4sen puhe mielenosoituksessa \u201dEi takaisinty\u00f6nn\u00f6ille! \/\/ No to pushbacks!\u201d kansainv\u00e4lisen\u00e4 siirtolaisten p\u00e4iv\u00e4n\u00e4 18.12.2021. Marraskuun 9. p\u00e4iv\u00e4 palestiinalainen Anas \u2013tarkemmin sanottuna h\u00e4nen ruumiinsa\u2013 l\u00f6ydettiin Turkin rannalta. Kaksi p\u00e4iv\u00e4\u00e4 aiemmin h\u00e4nen naapurinsa Abu Adham al-Farran ruumis oli l\u00f6ytynyt Turkin rannalta. Anas ja Abu Adham al-Farra olivat kotoisin Gazasta. Gazasta, joka on Israelin miehityksen [&hellip;]<\/p>\n","protected":false},"author":9,"featured_media":15322,"comment_status":"closed","ping_status":"closed","sticky":false,"template":"","format":"standard","meta":{"zakra_page_container_layout":"customizer","zakra_page_sidebar_layout":"customizer","zakra_remove_content_margin":false,"zakra_sidebar":"customizer","zakra_transparent_header":"customizer","zakra_logo":0,"zakra_main_header_style":"default","zakra_menu_item_color":"","zakra_menu_item_hover_color":"","zakra_menu_item_active_color":"","zakra_menu_active_style":"","zakra_page_header":true,"footnotes":""},"categories":[154,33,29,92],"tags":[],"class_list":["post-15319","post","type-post","status-publish","format-standard","has-post-thumbnail","hentry","category-mielenosoitukset","category-tapahtumat","category-uutiset","category-yleinen-fi"],"yoast_head":"<!-- This site is optimized with the Yoast SEO plugin v27.5 - https:\/\/yoast.com\/product\/yoast-seo-wordpress\/ -->\n<title>Puhe mielenosoituksessa turvapaikanhakijoiden tueksi - ICAHD Finland<\/title>\n<meta name=\"robots\" content=\"index, follow, max-snippet:-1, max-image-preview:large, max-video-preview:-1\" \/>\n<link rel=\"canonical\" href=\"https:\/\/www.icahd.fi\/en\/puhe-mielenosoituksessa-turvapaikanhakijoiden-tueksi\/\" \/>\n<meta property=\"og:locale\" content=\"en_GB\" \/>\n<meta property=\"og:type\" content=\"article\" \/>\n<meta property=\"og:title\" content=\"Puhe mielenosoituksessa turvapaikanhakijoiden tueksi - ICAHD Finland\" \/>\n<meta property=\"og:description\" content=\"ICAHD Finlandin puheenjohtaja Syksy R\u00e4s\u00e4sen puhe mielenosoituksessa \u201dEi takaisinty\u00f6nn\u00f6ille! \/\/ No to pushbacks!\u201d kansainv\u00e4lisen\u00e4 siirtolaisten p\u00e4iv\u00e4n\u00e4 18.12.2021. Marraskuun 9. p\u00e4iv\u00e4 palestiinalainen Anas \u2013tarkemmin sanottuna h\u00e4nen ruumiinsa\u2013 l\u00f6ydettiin Turkin rannalta. Kaksi p\u00e4iv\u00e4\u00e4 aiemmin h\u00e4nen naapurinsa Abu Adham al-Farran ruumis oli l\u00f6ytynyt Turkin rannalta. Anas ja Abu Adham al-Farra olivat kotoisin Gazasta. Gazasta, joka on Israelin miehityksen [&hellip;]\" \/>\n<meta property=\"og:url\" content=\"https:\/\/www.icahd.fi\/en\/puhe-mielenosoituksessa-turvapaikanhakijoiden-tueksi\/\" \/>\n<meta property=\"og:site_name\" content=\"ICAHD Finland\" \/>\n<meta property=\"article:publisher\" content=\"https:\/\/www.facebook.com\/icahdfinland\" \/>\n<meta property=\"article:published_time\" content=\"2021-12-19T13:32:56+00:00\" \/>\n<meta property=\"article:modified_time\" content=\"2021-12-19T13:52:49+00:00\" \/>\n<meta property=\"og:image\" content=\"https:\/\/www.icahd.fi\/wp-content\/uploads\/2021\/12\/264784444_465646848243021_6801612926494440301_n.jpg\" \/>\n\t<meta property=\"og:image:width\" content=\"1280\" \/>\n\t<meta property=\"og:image:height\" content=\"853\" \/>\n\t<meta property=\"og:image:type\" content=\"image\/jpeg\" \/>\n<meta name=\"author\" content=\"Syksy\" \/>\n<meta name=\"twitter:card\" content=\"summary_large_image\" \/>\n<meta name=\"twitter:creator\" content=\"@icahdfinland\" \/>\n<meta name=\"twitter:site\" content=\"@icahdfinland\" \/>\n<meta name=\"twitter:label1\" content=\"Written by\" \/>\n\t<meta name=\"twitter:data1\" content=\"Syksy\" \/>\n\t<meta name=\"twitter:label2\" content=\"Estimated reading time\" \/>\n\t<meta name=\"twitter:data2\" content=\"2 minutes\" \/>\n<script type=\"application\/ld+json\" class=\"yoast-schema-graph\">{\"@context\":\"https:\\\/\\\/schema.org\",\"@graph\":[{\"@type\":\"Article\",\"@id\":\"https:\\\/\\\/www.icahd.fi\\\/puhe-mielenosoituksessa-turvapaikanhakijoiden-tueksi\\\/#article\",\"isPartOf\":{\"@id\":\"https:\\\/\\\/www.icahd.fi\\\/puhe-mielenosoituksessa-turvapaikanhakijoiden-tueksi\\\/\"},\"author\":{\"name\":\"Syksy\",\"@id\":\"https:\\\/\\\/www.icahd.fi\\\/#\\\/schema\\\/person\\\/1c69d30d135114d7a3a5d5454cf901f8\"},\"headline\":\"Puhe mielenosoituksessa turvapaikanhakijoiden tueksi\",\"datePublished\":\"2021-12-19T13:32:56+00:00\",\"dateModified\":\"2021-12-19T13:52:49+00:00\",\"mainEntityOfPage\":{\"@id\":\"https:\\\/\\\/www.icahd.fi\\\/puhe-mielenosoituksessa-turvapaikanhakijoiden-tueksi\\\/\"},\"wordCount\":334,\"publisher\":{\"@id\":\"https:\\\/\\\/www.icahd.fi\\\/#organization\"},\"image\":{\"@id\":\"https:\\\/\\\/www.icahd.fi\\\/puhe-mielenosoituksessa-turvapaikanhakijoiden-tueksi\\\/#primaryimage\"},\"thumbnailUrl\":\"https:\\\/\\\/www.icahd.fi\\\/wp-content\\\/uploads\\\/2021\\\/12\\\/264784444_465646848243021_6801612926494440301_n.jpg\",\"articleSection\":[\"Mielenosoitukset\",\"Tapahtumat\",\"Uutiset\",\"Yleinen\"],\"inLanguage\":\"en-GB\"},{\"@type\":\"WebPage\",\"@id\":\"https:\\\/\\\/www.icahd.fi\\\/puhe-mielenosoituksessa-turvapaikanhakijoiden-tueksi\\\/\",\"url\":\"https:\\\/\\\/www.icahd.fi\\\/puhe-mielenosoituksessa-turvapaikanhakijoiden-tueksi\\\/\",\"name\":\"Puhe mielenosoituksessa turvapaikanhakijoiden tueksi - ICAHD Finland\",\"isPartOf\":{\"@id\":\"https:\\\/\\\/www.icahd.fi\\\/#website\"},\"primaryImageOfPage\":{\"@id\":\"https:\\\/\\\/www.icahd.fi\\\/puhe-mielenosoituksessa-turvapaikanhakijoiden-tueksi\\\/#primaryimage\"},\"image\":{\"@id\":\"https:\\\/\\\/www.icahd.fi\\\/puhe-mielenosoituksessa-turvapaikanhakijoiden-tueksi\\\/#primaryimage\"},\"thumbnailUrl\":\"https:\\\/\\\/www.icahd.fi\\\/wp-content\\\/uploads\\\/2021\\\/12\\\/264784444_465646848243021_6801612926494440301_n.jpg\",\"datePublished\":\"2021-12-19T13:32:56+00:00\",\"dateModified\":\"2021-12-19T13:52:49+00:00\",\"breadcrumb\":{\"@id\":\"https:\\\/\\\/www.icahd.fi\\\/puhe-mielenosoituksessa-turvapaikanhakijoiden-tueksi\\\/#breadcrumb\"},\"inLanguage\":\"en-GB\",\"potentialAction\":[{\"@type\":\"ReadAction\",\"target\":[\"https:\\\/\\\/www.icahd.fi\\\/puhe-mielenosoituksessa-turvapaikanhakijoiden-tueksi\\\/\"]}]},{\"@type\":\"ImageObject\",\"inLanguage\":\"en-GB\",\"@id\":\"https:\\\/\\\/www.icahd.fi\\\/puhe-mielenosoituksessa-turvapaikanhakijoiden-tueksi\\\/#primaryimage\",\"url\":\"https:\\\/\\\/www.icahd.fi\\\/wp-content\\\/uploads\\\/2021\\\/12\\\/264784444_465646848243021_6801612926494440301_n.jpg\",\"contentUrl\":\"https:\\\/\\\/www.icahd.fi\\\/wp-content\\\/uploads\\\/2021\\\/12\\\/264784444_465646848243021_6801612926494440301_n.jpg\",\"width\":1280,\"height\":853},{\"@type\":\"BreadcrumbList\",\"@id\":\"https:\\\/\\\/www.icahd.fi\\\/puhe-mielenosoituksessa-turvapaikanhakijoiden-tueksi\\\/#breadcrumb\",\"itemListElement\":[{\"@type\":\"ListItem\",\"position\":1,\"name\":\"Home\",\"item\":\"https:\\\/\\\/www.icahd.fi\\\/\"},{\"@type\":\"ListItem\",\"position\":2,\"name\":\"Puhe mielenosoituksessa turvapaikanhakijoiden tueksi\"}]},{\"@type\":\"WebSite\",\"@id\":\"https:\\\/\\\/www.icahd.fi\\\/#website\",\"url\":\"https:\\\/\\\/www.icahd.fi\\\/\",\"name\":\"ICAHD Finland\",\"description\":\"Yht&auml;l&auml;isten oikeuksien puolesta, Israelin apartheidia vastaan\",\"publisher\":{\"@id\":\"https:\\\/\\\/www.icahd.fi\\\/#organization\"},\"potentialAction\":[{\"@type\":\"SearchAction\",\"target\":{\"@type\":\"EntryPoint\",\"urlTemplate\":\"https:\\\/\\\/www.icahd.fi\\\/?s={search_term_string}\"},\"query-input\":{\"@type\":\"PropertyValueSpecification\",\"valueRequired\":true,\"valueName\":\"search_term_string\"}}],\"inLanguage\":\"en-GB\"},{\"@type\":\"Organization\",\"@id\":\"https:\\\/\\\/www.icahd.fi\\\/#organization\",\"name\":\"ICAHD Finland\",\"url\":\"https:\\\/\\\/www.icahd.fi\\\/\",\"logo\":{\"@type\":\"ImageObject\",\"inLanguage\":\"en-GB\",\"@id\":\"https:\\\/\\\/www.icahd.fi\\\/#\\\/schema\\\/logo\\\/image\\\/\",\"url\":\"https:\\\/\\\/www.icahd.fi\\\/wp-content\\\/uploads\\\/2020\\\/01\\\/logo-teksti.png\",\"contentUrl\":\"https:\\\/\\\/www.icahd.fi\\\/wp-content\\\/uploads\\\/2020\\\/01\\\/logo-teksti.png\",\"width\":300,\"height\":109,\"caption\":\"ICAHD Finland\"},\"image\":{\"@id\":\"https:\\\/\\\/www.icahd.fi\\\/#\\\/schema\\\/logo\\\/image\\\/\"},\"sameAs\":[\"https:\\\/\\\/www.facebook.com\\\/icahdfinland\",\"https:\\\/\\\/x.com\\\/icahdfinland\"]},{\"@type\":\"Person\",\"@id\":\"https:\\\/\\\/www.icahd.fi\\\/#\\\/schema\\\/person\\\/1c69d30d135114d7a3a5d5454cf901f8\",\"name\":\"Syksy\",\"image\":{\"@type\":\"ImageObject\",\"inLanguage\":\"en-GB\",\"@id\":\"https:\\\/\\\/secure.gravatar.com\\\/avatar\\\/c8d8a8636968d9ebbc65828564da9c07ccf771e59b4ee6c4c57fde52c70ab3dc?s=96&d=mm&r=g\",\"url\":\"https:\\\/\\\/secure.gravatar.com\\\/avatar\\\/c8d8a8636968d9ebbc65828564da9c07ccf771e59b4ee6c4c57fde52c70ab3dc?s=96&d=mm&r=g\",\"contentUrl\":\"https:\\\/\\\/secure.gravatar.com\\\/avatar\\\/c8d8a8636968d9ebbc65828564da9c07ccf771e59b4ee6c4c57fde52c70ab3dc?s=96&d=mm&r=g\",\"caption\":\"Syksy\"}}]}<\/script>\n<!-- \/ Yoast SEO plugin. -->","yoast_head_json":{"title":"Puhe mielenosoituksessa turvapaikanhakijoiden tueksi - ICAHD Finland","robots":{"index":"index","follow":"follow","max-snippet":"max-snippet:-1","max-image-preview":"max-image-preview:large","max-video-preview":"max-video-preview:-1"},"canonical":"https:\/\/www.icahd.fi\/en\/puhe-mielenosoituksessa-turvapaikanhakijoiden-tueksi\/","og_locale":"en_GB","og_type":"article","og_title":"Puhe mielenosoituksessa turvapaikanhakijoiden tueksi - ICAHD Finland","og_description":"ICAHD Finlandin puheenjohtaja Syksy R\u00e4s\u00e4sen puhe mielenosoituksessa \u201dEi takaisinty\u00f6nn\u00f6ille! \/\/ No to pushbacks!\u201d kansainv\u00e4lisen\u00e4 siirtolaisten p\u00e4iv\u00e4n\u00e4 18.12.2021. Marraskuun 9. p\u00e4iv\u00e4 palestiinalainen Anas \u2013tarkemmin sanottuna h\u00e4nen ruumiinsa\u2013 l\u00f6ydettiin Turkin rannalta. Kaksi p\u00e4iv\u00e4\u00e4 aiemmin h\u00e4nen naapurinsa Abu Adham al-Farran ruumis oli l\u00f6ytynyt Turkin rannalta. Anas ja Abu Adham al-Farra olivat kotoisin Gazasta. Gazasta, joka on Israelin miehityksen [&hellip;]","og_url":"https:\/\/www.icahd.fi\/en\/puhe-mielenosoituksessa-turvapaikanhakijoiden-tueksi\/","og_site_name":"ICAHD Finland","article_publisher":"https:\/\/www.facebook.com\/icahdfinland","article_published_time":"2021-12-19T13:32:56+00:00","article_modified_time":"2021-12-19T13:52:49+00:00","og_image":[{"width":1280,"height":853,"url":"https:\/\/www.icahd.fi\/wp-content\/uploads\/2021\/12\/264784444_465646848243021_6801612926494440301_n.jpg","type":"image\/jpeg"}],"author":"Syksy","twitter_card":"summary_large_image","twitter_creator":"@icahdfinland","twitter_site":"@icahdfinland","twitter_misc":{"Written by":"Syksy","Estimated reading time":"2 minutes"},"schema":{"@context":"https:\/\/schema.org","@graph":[{"@type":"Article","@id":"https:\/\/www.icahd.fi\/puhe-mielenosoituksessa-turvapaikanhakijoiden-tueksi\/#article","isPartOf":{"@id":"https:\/\/www.icahd.fi\/puhe-mielenosoituksessa-turvapaikanhakijoiden-tueksi\/"},"author":{"name":"Syksy","@id":"https:\/\/www.icahd.fi\/#\/schema\/person\/1c69d30d135114d7a3a5d5454cf901f8"},"headline":"Puhe mielenosoituksessa turvapaikanhakijoiden tueksi","datePublished":"2021-12-19T13:32:56+00:00","dateModified":"2021-12-19T13:52:49+00:00","mainEntityOfPage":{"@id":"https:\/\/www.icahd.fi\/puhe-mielenosoituksessa-turvapaikanhakijoiden-tueksi\/"},"wordCount":334,"publisher":{"@id":"https:\/\/www.icahd.fi\/#organization"},"image":{"@id":"https:\/\/www.icahd.fi\/puhe-mielenosoituksessa-turvapaikanhakijoiden-tueksi\/#primaryimage"},"thumbnailUrl":"https:\/\/www.icahd.fi\/wp-content\/uploads\/2021\/12\/264784444_465646848243021_6801612926494440301_n.jpg","articleSection":["Mielenosoitukset","Tapahtumat","Uutiset","Yleinen"],"inLanguage":"en-GB"},{"@type":"WebPage","@id":"https:\/\/www.icahd.fi\/puhe-mielenosoituksessa-turvapaikanhakijoiden-tueksi\/","url":"https:\/\/www.icahd.fi\/puhe-mielenosoituksessa-turvapaikanhakijoiden-tueksi\/","name":"Puhe mielenosoituksessa turvapaikanhakijoiden tueksi - ICAHD Finland","isPartOf":{"@id":"https:\/\/www.icahd.fi\/#website"},"primaryImageOfPage":{"@id":"https:\/\/www.icahd.fi\/puhe-mielenosoituksessa-turvapaikanhakijoiden-tueksi\/#primaryimage"},"image":{"@id":"https:\/\/www.icahd.fi\/puhe-mielenosoituksessa-turvapaikanhakijoiden-tueksi\/#primaryimage"},"thumbnailUrl":"https:\/\/www.icahd.fi\/wp-content\/uploads\/2021\/12\/264784444_465646848243021_6801612926494440301_n.jpg","datePublished":"2021-12-19T13:32:56+00:00","dateModified":"2021-12-19T13:52:49+00:00","breadcrumb":{"@id":"https:\/\/www.icahd.fi\/puhe-mielenosoituksessa-turvapaikanhakijoiden-tueksi\/#breadcrumb"},"inLanguage":"en-GB","potentialAction":[{"@type":"ReadAction","target":["https:\/\/www.icahd.fi\/puhe-mielenosoituksessa-turvapaikanhakijoiden-tueksi\/"]}]},{"@type":"ImageObject","inLanguage":"en-GB","@id":"https:\/\/www.icahd.fi\/puhe-mielenosoituksessa-turvapaikanhakijoiden-tueksi\/#primaryimage","url":"https:\/\/www.icahd.fi\/wp-content\/uploads\/2021\/12\/264784444_465646848243021_6801612926494440301_n.jpg","contentUrl":"https:\/\/www.icahd.fi\/wp-content\/uploads\/2021\/12\/264784444_465646848243021_6801612926494440301_n.jpg","width":1280,"height":853},{"@type":"BreadcrumbList","@id":"https:\/\/www.icahd.fi\/puhe-mielenosoituksessa-turvapaikanhakijoiden-tueksi\/#breadcrumb","itemListElement":[{"@type":"ListItem","position":1,"name":"Home","item":"https:\/\/www.icahd.fi\/"},{"@type":"ListItem","position":2,"name":"Puhe mielenosoituksessa turvapaikanhakijoiden tueksi"}]},{"@type":"WebSite","@id":"https:\/\/www.icahd.fi\/#website","url":"https:\/\/www.icahd.fi\/","name":"In 2012, ICAHD Finland","description":"Yht&auml;l&auml;isten oikeuksien puolesta, Israelin apartheidia vastaan","publisher":{"@id":"https:\/\/www.icahd.fi\/#organization"},"potentialAction":[{"@type":"SearchAction","target":{"@type":"EntryPoint","urlTemplate":"https:\/\/www.icahd.fi\/?s={search_term_string}"},"query-input":{"@type":"PropertyValueSpecification","valueRequired":true,"valueName":"search_term_string"}}],"inLanguage":"en-GB"},{"@type":"Organization","@id":"https:\/\/www.icahd.fi\/#organization","name":"In 2012, ICAHD Finland","url":"https:\/\/www.icahd.fi\/","logo":{"@type":"ImageObject","inLanguage":"en-GB","@id":"https:\/\/www.icahd.fi\/#\/schema\/logo\/image\/","url":"https:\/\/www.icahd.fi\/wp-content\/uploads\/2020\/01\/logo-teksti.png","contentUrl":"https:\/\/www.icahd.fi\/wp-content\/uploads\/2020\/01\/logo-teksti.png","width":300,"height":109,"caption":"ICAHD Finland"},"image":{"@id":"https:\/\/www.icahd.fi\/#\/schema\/logo\/image\/"},"sameAs":["https:\/\/www.facebook.com\/icahdfinland","https:\/\/x.com\/icahdfinland"]},{"@type":"Person","@id":"https:\/\/www.icahd.fi\/#\/schema\/person\/1c69d30d135114d7a3a5d5454cf901f8","name":"Syksy","image":{"@type":"ImageObject","inLanguage":"en-GB","@id":"https:\/\/secure.gravatar.com\/avatar\/c8d8a8636968d9ebbc65828564da9c07ccf771e59b4ee6c4c57fde52c70ab3dc?s=96&d=mm&r=g","url":"https:\/\/secure.gravatar.com\/avatar\/c8d8a8636968d9ebbc65828564da9c07ccf771e59b4ee6c4c57fde52c70ab3dc?s=96&d=mm&r=g","contentUrl":"https:\/\/secure.gravatar.com\/avatar\/c8d8a8636968d9ebbc65828564da9c07ccf771e59b4ee6c4c57fde52c70ab3dc?s=96&d=mm&r=g","caption":"Syksy"}}]}},"acf":[],"_links":{"self":[{"href":"https:\/\/www.icahd.fi\/en\/wp-json\/wp\/v2\/posts\/15319","targetHints":{"allow":["GET"]}}],"collection":[{"href":"https:\/\/www.icahd.fi\/en\/wp-json\/wp\/v2\/posts"}],"about":[{"href":"https:\/\/www.icahd.fi\/en\/wp-json\/wp\/v2\/types\/post"}],"author":[{"embeddable":true,"href":"https:\/\/www.icahd.fi\/en\/wp-json\/wp\/v2\/users\/9"}],"replies":[{"embeddable":true,"href":"https:\/\/www.icahd.fi\/en\/wp-json\/wp\/v2\/comments?post=15319"}],"version-history":[{"count":8,"href":"https:\/\/www.icahd.fi\/en\/wp-json\/wp\/v2\/posts\/15319\/revisions"}],"predecessor-version":[{"id":15328,"href":"https:\/\/www.icahd.fi\/en\/wp-json\/wp\/v2\/posts\/15319\/revisions\/15328"}],"wp:featuredmedia":[{"embeddable":true,"href":"https:\/\/www.icahd.fi\/en\/wp-json\/wp\/v2\/media\/15322"}],"wp:attachment":[{"href":"https:\/\/www.icahd.fi\/en\/wp-json\/wp\/v2\/media?parent=15319"}],"wp:term":[{"taxonomy":"category","embeddable":true,"href":"https:\/\/www.icahd.fi\/en\/wp-json\/wp\/v2\/categories?post=15319"},{"taxonomy":"post_tag","embeddable":true,"href":"https:\/\/www.icahd.fi\/en\/wp-json\/wp\/v2\/tags?post=15319"}],"curies":[{"name":"wp","href":"https:\/\/api.w.org\/{rel}","templated":true}]}}