{"id":15303,"date":"2021-12-17T21:28:15","date_gmt":"2021-12-17T19:28:15","guid":{"rendered":"https:\/\/www.icahd.fi\/?p=15303"},"modified":"2021-12-28T14:36:46","modified_gmt":"2021-12-28T12:36:46","slug":"veronika-honkasalo-jarjesti-tapahtuman-siirtokuntatuotteiden-kieltamisesta","status":"publish","type":"post","link":"https:\/\/www.icahd.fi\/en\/veronika-honkasalo-jarjesti-tapahtuman-siirtokuntatuotteiden-kieltamisesta\/","title":{"rendered":"Veronika Honkasalo j\u00e4rjesti tapahtuman siirtokuntatuotteiden kielt\u00e4misest\u00e4 \u2013\u00a0tapahtumassa puhujina  Michael Lynk, Tom Moerenhout ja Syksy R\u00e4s\u00e4nen"},"content":{"rendered":"<p>Maanantaina 13.12. vasemmistoliiton kansanedustaja <strong>Veronika Honkasalo<\/strong> j\u00e4rjesti kansanedustajille suunnatun tilaisuuden siirtokuntatuotteiden tuonnin kielt\u00e4misest\u00e4.&nbsp;Tilaisuudessa k\u00e4siteltiin asiaa kansainv\u00e4lisen oikeuden kannalta.<\/p>\n\n\n\n<p>Puhujina olivat YK:n Miehitettyjen palestiinalaisalueiden erikoisraportoija <strong>Michael Lynk<\/strong>, miehitysoikeuden asiantuntija <strong>Tom Moerenhout<\/strong> ja ICAHD Finlandin puheenjohtaja <strong>Syksy R\u00e4s\u00e4nen<\/strong>. Tilaisuus on katsottavissa <a href=\"https:\/\/fb.watch\/9YD74vMj-O\/\">Facebook-nauhoituksesta Veronika Honkasalon sivulta<\/a>.<\/p>\n\n\n\n<hr class=\"wp-block-separator\"\/>\n\n\n\n<p>Honkasalo on tehnyt lakialoitteen er\u00e4ilt\u00e4 miehitetyilt\u00e4 alueilta per\u00e4isin olevien tuotteiden maahantuonnin kiellosta.&nbsp; Lue lis\u00e4\u00e4 lakialoitteesta <a href=\"https:\/\/vasemmisto.fi\/israelin-laittomien-siirtokuntien-tukeminen-on-lopetettava\/\">vasemmistoliiton verkkosivuilta<\/a>.<\/p>\n\n\n\n<p><em>Electronic Intifada<\/em> julkaisi Honkasalon tiedotteen ja webinaarin pohjalta <a href=\"https:\/\/electronicintifada.net\/blogs\/ali-abunimah\/finland-bill-would-outlaw-israeli-settlement-goods\">jutun<\/a> siirtokuntalakialoitteesta 22.12.2021.<\/p>\n\n\n\n<p><br><\/p>","protected":false},"excerpt":{"rendered":"<p>Maanantaina 13.12. vasemmistoliiton kansanedustaja Veronika Honkasalo j\u00e4rjesti kansanedustajille suunnatun tilaisuuden siirtokuntatuotteiden tuonnin kielt\u00e4misest\u00e4.&nbsp;Tilaisuudessa k\u00e4siteltiin asiaa kansainv\u00e4lisen oikeuden kannalta. Puhujina olivat YK:n Miehitettyjen palestiinalaisalueiden erikoisraportoija Michael Lynk, miehitysoikeuden asiantuntija Tom Moerenhout ja ICAHD Finlandin puheenjohtaja Syksy R\u00e4s\u00e4nen. Tilaisuus on katsottavissa Facebook-nauhoituksesta Veronika Honkasalon sivulta. Honkasalo on tehnyt lakialoitteen er\u00e4ilt\u00e4 miehitetyilt\u00e4 alueilta per\u00e4isin olevien tuotteiden maahantuonnin kiellosta.&nbsp; [&hellip;]<\/p>\n","protected":false},"author":18,"featured_media":15310,"comment_status":"closed","ping_status":"closed","sticky":false,"template":"","format":"standard","meta":{"zakra_page_container_layout":"customizer","zakra_page_sidebar_layout":"customizer","zakra_remove_content_margin":false,"zakra_sidebar":"customizer","zakra_transparent_header":"customizer","zakra_logo":0,"zakra_main_header_style":"default","zakra_menu_item_color":"","zakra_menu_item_hover_color":"","zakra_menu_item_active_color":"","zakra_menu_active_style":"","zakra_page_header":true,"footnotes":""},"categories":[29,92],"tags":[],"class_list":["post-15303","post","type-post","status-publish","format-standard","has-post-thumbnail","hentry","category-uutiset","category-yleinen-fi"],"yoast_head":"<!-- This site is optimized with the Yoast SEO plugin v27.5 - https:\/\/yoast.com\/product\/yoast-seo-wordpress\/ -->\n<title>Veronika Honkasalo j\u00e4rjesti tapahtuman siirtokuntatuotteiden kielt\u00e4misest\u00e4 \u2013\u00a0tapahtumassa puhujina Michael Lynk, Tom Moerenhout ja Syksy R\u00e4s\u00e4nen - ICAHD Finland<\/title>\n<meta name=\"robots\" content=\"index, follow, max-snippet:-1, max-image-preview:large, max-video-preview:-1\" \/>\n<link rel=\"canonical\" href=\"https:\/\/www.icahd.fi\/en\/veronika-honkasalo-jarjesti-tapahtuman-siirtokuntatuotteiden-kieltamisesta\/\" \/>\n<meta property=\"og:locale\" content=\"en_GB\" \/>\n<meta property=\"og:type\" content=\"article\" \/>\n<meta property=\"og:title\" content=\"Veronika Honkasalo j\u00e4rjesti tapahtuman siirtokuntatuotteiden kielt\u00e4misest\u00e4 \u2013\u00a0tapahtumassa puhujina Michael Lynk, Tom Moerenhout ja Syksy R\u00e4s\u00e4nen - ICAHD Finland\" \/>\n<meta property=\"og:description\" content=\"Maanantaina 13.12. vasemmistoliiton kansanedustaja Veronika Honkasalo j\u00e4rjesti kansanedustajille suunnatun tilaisuuden siirtokuntatuotteiden tuonnin kielt\u00e4misest\u00e4.&nbsp;Tilaisuudessa k\u00e4siteltiin asiaa kansainv\u00e4lisen oikeuden kannalta. Puhujina olivat YK:n Miehitettyjen palestiinalaisalueiden erikoisraportoija Michael Lynk, miehitysoikeuden asiantuntija Tom Moerenhout ja ICAHD Finlandin puheenjohtaja Syksy R\u00e4s\u00e4nen. Tilaisuus on katsottavissa Facebook-nauhoituksesta Veronika Honkasalon sivulta. Honkasalo on tehnyt lakialoitteen er\u00e4ilt\u00e4 miehitetyilt\u00e4 alueilta per\u00e4isin olevien tuotteiden maahantuonnin kiellosta.&nbsp; [&hellip;]\" \/>\n<meta property=\"og:url\" content=\"https:\/\/www.icahd.fi\/en\/veronika-honkasalo-jarjesti-tapahtuman-siirtokuntatuotteiden-kieltamisesta\/\" \/>\n<meta property=\"og:site_name\" content=\"ICAHD Finland\" \/>\n<meta property=\"article:publisher\" content=\"https:\/\/www.facebook.com\/icahdfinland\" \/>\n<meta property=\"article:published_time\" content=\"2021-12-17T19:28:15+00:00\" \/>\n<meta property=\"article:modified_time\" content=\"2021-12-28T12:36:46+00:00\" \/>\n<meta property=\"og:image\" content=\"https:\/\/www.icahd.fi\/wp-content\/uploads\/2021\/12\/Nimeton-1.jpg\" \/>\n\t<meta property=\"og:image:width\" content=\"2000\" \/>\n\t<meta property=\"og:image:height\" content=\"800\" \/>\n\t<meta property=\"og:image:type\" content=\"image\/jpeg\" \/>\n<meta name=\"author\" content=\"Pinja\" \/>\n<meta name=\"twitter:card\" content=\"summary_large_image\" \/>\n<meta name=\"twitter:creator\" content=\"@icahdfinland\" \/>\n<meta name=\"twitter:site\" content=\"@icahdfinland\" \/>\n<meta name=\"twitter:label1\" content=\"Written by\" \/>\n\t<meta name=\"twitter:data1\" content=\"Pinja\" \/>\n\t<meta name=\"twitter:label2\" content=\"Estimated reading time\" \/>\n\t<meta name=\"twitter:data2\" content=\"1 minute\" \/>\n<script type=\"application\/ld+json\" class=\"yoast-schema-graph\">{\"@context\":\"https:\\\/\\\/schema.org\",\"@graph\":[{\"@type\":\"Article\",\"@id\":\"https:\\\/\\\/www.icahd.fi\\\/veronika-honkasalo-jarjesti-tapahtuman-siirtokuntatuotteiden-kieltamisesta\\\/#article\",\"isPartOf\":{\"@id\":\"https:\\\/\\\/www.icahd.fi\\\/veronika-honkasalo-jarjesti-tapahtuman-siirtokuntatuotteiden-kieltamisesta\\\/\"},\"author\":{\"name\":\"Pinja\",\"@id\":\"https:\\\/\\\/www.icahd.fi\\\/#\\\/schema\\\/person\\\/6b6e77aa265c0f1c3bf8cdfc8d49b5bd\"},\"headline\":\"Veronika Honkasalo j\u00e4rjesti tapahtuman siirtokuntatuotteiden kielt\u00e4misest\u00e4 \u2013\u00a0tapahtumassa puhujina Michael Lynk, Tom Moerenhout ja Syksy R\u00e4s\u00e4nen\",\"datePublished\":\"2021-12-17T19:28:15+00:00\",\"dateModified\":\"2021-12-28T12:36:46+00:00\",\"mainEntityOfPage\":{\"@id\":\"https:\\\/\\\/www.icahd.fi\\\/veronika-honkasalo-jarjesti-tapahtuman-siirtokuntatuotteiden-kieltamisesta\\\/\"},\"wordCount\":100,\"publisher\":{\"@id\":\"https:\\\/\\\/www.icahd.fi\\\/#organization\"},\"image\":{\"@id\":\"https:\\\/\\\/www.icahd.fi\\\/veronika-honkasalo-jarjesti-tapahtuman-siirtokuntatuotteiden-kieltamisesta\\\/#primaryimage\"},\"thumbnailUrl\":\"https:\\\/\\\/www.icahd.fi\\\/wp-content\\\/uploads\\\/2021\\\/12\\\/Nimeton-1.jpg\",\"articleSection\":[\"Uutiset\",\"Yleinen\"],\"inLanguage\":\"en-GB\"},{\"@type\":\"WebPage\",\"@id\":\"https:\\\/\\\/www.icahd.fi\\\/veronika-honkasalo-jarjesti-tapahtuman-siirtokuntatuotteiden-kieltamisesta\\\/\",\"url\":\"https:\\\/\\\/www.icahd.fi\\\/veronika-honkasalo-jarjesti-tapahtuman-siirtokuntatuotteiden-kieltamisesta\\\/\",\"name\":\"Veronika Honkasalo j\u00e4rjesti tapahtuman siirtokuntatuotteiden kielt\u00e4misest\u00e4 \u2013\u00a0tapahtumassa puhujina Michael Lynk, Tom Moerenhout ja Syksy R\u00e4s\u00e4nen - ICAHD Finland\",\"isPartOf\":{\"@id\":\"https:\\\/\\\/www.icahd.fi\\\/#website\"},\"primaryImageOfPage\":{\"@id\":\"https:\\\/\\\/www.icahd.fi\\\/veronika-honkasalo-jarjesti-tapahtuman-siirtokuntatuotteiden-kieltamisesta\\\/#primaryimage\"},\"image\":{\"@id\":\"https:\\\/\\\/www.icahd.fi\\\/veronika-honkasalo-jarjesti-tapahtuman-siirtokuntatuotteiden-kieltamisesta\\\/#primaryimage\"},\"thumbnailUrl\":\"https:\\\/\\\/www.icahd.fi\\\/wp-content\\\/uploads\\\/2021\\\/12\\\/Nimeton-1.jpg\",\"datePublished\":\"2021-12-17T19:28:15+00:00\",\"dateModified\":\"2021-12-28T12:36:46+00:00\",\"breadcrumb\":{\"@id\":\"https:\\\/\\\/www.icahd.fi\\\/veronika-honkasalo-jarjesti-tapahtuman-siirtokuntatuotteiden-kieltamisesta\\\/#breadcrumb\"},\"inLanguage\":\"en-GB\",\"potentialAction\":[{\"@type\":\"ReadAction\",\"target\":[\"https:\\\/\\\/www.icahd.fi\\\/veronika-honkasalo-jarjesti-tapahtuman-siirtokuntatuotteiden-kieltamisesta\\\/\"]}]},{\"@type\":\"ImageObject\",\"inLanguage\":\"en-GB\",\"@id\":\"https:\\\/\\\/www.icahd.fi\\\/veronika-honkasalo-jarjesti-tapahtuman-siirtokuntatuotteiden-kieltamisesta\\\/#primaryimage\",\"url\":\"https:\\\/\\\/www.icahd.fi\\\/wp-content\\\/uploads\\\/2021\\\/12\\\/Nimeton-1.jpg\",\"contentUrl\":\"https:\\\/\\\/www.icahd.fi\\\/wp-content\\\/uploads\\\/2021\\\/12\\\/Nimeton-1.jpg\",\"width\":2000,\"height\":800},{\"@type\":\"BreadcrumbList\",\"@id\":\"https:\\\/\\\/www.icahd.fi\\\/veronika-honkasalo-jarjesti-tapahtuman-siirtokuntatuotteiden-kieltamisesta\\\/#breadcrumb\",\"itemListElement\":[{\"@type\":\"ListItem\",\"position\":1,\"name\":\"Home\",\"item\":\"https:\\\/\\\/www.icahd.fi\\\/\"},{\"@type\":\"ListItem\",\"position\":2,\"name\":\"Veronika Honkasalo j\u00e4rjesti tapahtuman siirtokuntatuotteiden kielt\u00e4misest\u00e4 \u2013\u00a0tapahtumassa puhujina Michael Lynk, Tom Moerenhout ja Syksy R\u00e4s\u00e4nen\"}]},{\"@type\":\"WebSite\",\"@id\":\"https:\\\/\\\/www.icahd.fi\\\/#website\",\"url\":\"https:\\\/\\\/www.icahd.fi\\\/\",\"name\":\"ICAHD Finland\",\"description\":\"Yht&auml;l&auml;isten oikeuksien puolesta, Israelin apartheidia vastaan\",\"publisher\":{\"@id\":\"https:\\\/\\\/www.icahd.fi\\\/#organization\"},\"potentialAction\":[{\"@type\":\"SearchAction\",\"target\":{\"@type\":\"EntryPoint\",\"urlTemplate\":\"https:\\\/\\\/www.icahd.fi\\\/?s={search_term_string}\"},\"query-input\":{\"@type\":\"PropertyValueSpecification\",\"valueRequired\":true,\"valueName\":\"search_term_string\"}}],\"inLanguage\":\"en-GB\"},{\"@type\":\"Organization\",\"@id\":\"https:\\\/\\\/www.icahd.fi\\\/#organization\",\"name\":\"ICAHD Finland\",\"url\":\"https:\\\/\\\/www.icahd.fi\\\/\",\"logo\":{\"@type\":\"ImageObject\",\"inLanguage\":\"en-GB\",\"@id\":\"https:\\\/\\\/www.icahd.fi\\\/#\\\/schema\\\/logo\\\/image\\\/\",\"url\":\"https:\\\/\\\/www.icahd.fi\\\/wp-content\\\/uploads\\\/2020\\\/01\\\/logo-teksti.png\",\"contentUrl\":\"https:\\\/\\\/www.icahd.fi\\\/wp-content\\\/uploads\\\/2020\\\/01\\\/logo-teksti.png\",\"width\":300,\"height\":109,\"caption\":\"ICAHD Finland\"},\"image\":{\"@id\":\"https:\\\/\\\/www.icahd.fi\\\/#\\\/schema\\\/logo\\\/image\\\/\"},\"sameAs\":[\"https:\\\/\\\/www.facebook.com\\\/icahdfinland\",\"https:\\\/\\\/x.com\\\/icahdfinland\"]},{\"@type\":\"Person\",\"@id\":\"https:\\\/\\\/www.icahd.fi\\\/#\\\/schema\\\/person\\\/6b6e77aa265c0f1c3bf8cdfc8d49b5bd\",\"name\":\"Pinja\",\"image\":{\"@type\":\"ImageObject\",\"inLanguage\":\"en-GB\",\"@id\":\"https:\\\/\\\/secure.gravatar.com\\\/avatar\\\/e52e6ae81f8c5a4a4d3efa83e6a376599ff1368a71c388ec0781c8f3e6584d2d?s=96&d=mm&r=g\",\"url\":\"https:\\\/\\\/secure.gravatar.com\\\/avatar\\\/e52e6ae81f8c5a4a4d3efa83e6a376599ff1368a71c388ec0781c8f3e6584d2d?s=96&d=mm&r=g\",\"contentUrl\":\"https:\\\/\\\/secure.gravatar.com\\\/avatar\\\/e52e6ae81f8c5a4a4d3efa83e6a376599ff1368a71c388ec0781c8f3e6584d2d?s=96&d=mm&r=g\",\"caption\":\"Pinja\"}}]}<\/script>\n<!-- \/ Yoast SEO plugin. -->","yoast_head_json":{"title":"Veronika Honkasalo j\u00e4rjesti tapahtuman siirtokuntatuotteiden kielt\u00e4misest\u00e4 \u2013\u00a0tapahtumassa puhujina Michael Lynk, Tom Moerenhout ja Syksy R\u00e4s\u00e4nen - ICAHD Finland","robots":{"index":"index","follow":"follow","max-snippet":"max-snippet:-1","max-image-preview":"max-image-preview:large","max-video-preview":"max-video-preview:-1"},"canonical":"https:\/\/www.icahd.fi\/en\/veronika-honkasalo-jarjesti-tapahtuman-siirtokuntatuotteiden-kieltamisesta\/","og_locale":"en_GB","og_type":"article","og_title":"Veronika Honkasalo j\u00e4rjesti tapahtuman siirtokuntatuotteiden kielt\u00e4misest\u00e4 \u2013\u00a0tapahtumassa puhujina Michael Lynk, Tom Moerenhout ja Syksy R\u00e4s\u00e4nen - ICAHD Finland","og_description":"Maanantaina 13.12. vasemmistoliiton kansanedustaja Veronika Honkasalo j\u00e4rjesti kansanedustajille suunnatun tilaisuuden siirtokuntatuotteiden tuonnin kielt\u00e4misest\u00e4.&nbsp;Tilaisuudessa k\u00e4siteltiin asiaa kansainv\u00e4lisen oikeuden kannalta. Puhujina olivat YK:n Miehitettyjen palestiinalaisalueiden erikoisraportoija Michael Lynk, miehitysoikeuden asiantuntija Tom Moerenhout ja ICAHD Finlandin puheenjohtaja Syksy R\u00e4s\u00e4nen. Tilaisuus on katsottavissa Facebook-nauhoituksesta Veronika Honkasalon sivulta. Honkasalo on tehnyt lakialoitteen er\u00e4ilt\u00e4 miehitetyilt\u00e4 alueilta per\u00e4isin olevien tuotteiden maahantuonnin kiellosta.&nbsp; [&hellip;]","og_url":"https:\/\/www.icahd.fi\/en\/veronika-honkasalo-jarjesti-tapahtuman-siirtokuntatuotteiden-kieltamisesta\/","og_site_name":"ICAHD Finland","article_publisher":"https:\/\/www.facebook.com\/icahdfinland","article_published_time":"2021-12-17T19:28:15+00:00","article_modified_time":"2021-12-28T12:36:46+00:00","og_image":[{"width":2000,"height":800,"url":"https:\/\/www.icahd.fi\/wp-content\/uploads\/2021\/12\/Nimeton-1.jpg","type":"image\/jpeg"}],"author":"Pinja","twitter_card":"summary_large_image","twitter_creator":"@icahdfinland","twitter_site":"@icahdfinland","twitter_misc":{"Written by":"Pinja","Estimated reading time":"1 minute"},"schema":{"@context":"https:\/\/schema.org","@graph":[{"@type":"Article","@id":"https:\/\/www.icahd.fi\/veronika-honkasalo-jarjesti-tapahtuman-siirtokuntatuotteiden-kieltamisesta\/#article","isPartOf":{"@id":"https:\/\/www.icahd.fi\/veronika-honkasalo-jarjesti-tapahtuman-siirtokuntatuotteiden-kieltamisesta\/"},"author":{"name":"Pinja","@id":"https:\/\/www.icahd.fi\/#\/schema\/person\/6b6e77aa265c0f1c3bf8cdfc8d49b5bd"},"headline":"Veronika Honkasalo j\u00e4rjesti tapahtuman siirtokuntatuotteiden kielt\u00e4misest\u00e4 \u2013\u00a0tapahtumassa puhujina Michael Lynk, Tom Moerenhout ja Syksy R\u00e4s\u00e4nen","datePublished":"2021-12-17T19:28:15+00:00","dateModified":"2021-12-28T12:36:46+00:00","mainEntityOfPage":{"@id":"https:\/\/www.icahd.fi\/veronika-honkasalo-jarjesti-tapahtuman-siirtokuntatuotteiden-kieltamisesta\/"},"wordCount":100,"publisher":{"@id":"https:\/\/www.icahd.fi\/#organization"},"image":{"@id":"https:\/\/www.icahd.fi\/veronika-honkasalo-jarjesti-tapahtuman-siirtokuntatuotteiden-kieltamisesta\/#primaryimage"},"thumbnailUrl":"https:\/\/www.icahd.fi\/wp-content\/uploads\/2021\/12\/Nimeton-1.jpg","articleSection":["Uutiset","Yleinen"],"inLanguage":"en-GB"},{"@type":"WebPage","@id":"https:\/\/www.icahd.fi\/veronika-honkasalo-jarjesti-tapahtuman-siirtokuntatuotteiden-kieltamisesta\/","url":"https:\/\/www.icahd.fi\/veronika-honkasalo-jarjesti-tapahtuman-siirtokuntatuotteiden-kieltamisesta\/","name":"Veronika Honkasalo j\u00e4rjesti tapahtuman siirtokuntatuotteiden kielt\u00e4misest\u00e4 \u2013\u00a0tapahtumassa puhujina Michael Lynk, Tom Moerenhout ja Syksy R\u00e4s\u00e4nen - ICAHD Finland","isPartOf":{"@id":"https:\/\/www.icahd.fi\/#website"},"primaryImageOfPage":{"@id":"https:\/\/www.icahd.fi\/veronika-honkasalo-jarjesti-tapahtuman-siirtokuntatuotteiden-kieltamisesta\/#primaryimage"},"image":{"@id":"https:\/\/www.icahd.fi\/veronika-honkasalo-jarjesti-tapahtuman-siirtokuntatuotteiden-kieltamisesta\/#primaryimage"},"thumbnailUrl":"https:\/\/www.icahd.fi\/wp-content\/uploads\/2021\/12\/Nimeton-1.jpg","datePublished":"2021-12-17T19:28:15+00:00","dateModified":"2021-12-28T12:36:46+00:00","breadcrumb":{"@id":"https:\/\/www.icahd.fi\/veronika-honkasalo-jarjesti-tapahtuman-siirtokuntatuotteiden-kieltamisesta\/#breadcrumb"},"inLanguage":"en-GB","potentialAction":[{"@type":"ReadAction","target":["https:\/\/www.icahd.fi\/veronika-honkasalo-jarjesti-tapahtuman-siirtokuntatuotteiden-kieltamisesta\/"]}]},{"@type":"ImageObject","inLanguage":"en-GB","@id":"https:\/\/www.icahd.fi\/veronika-honkasalo-jarjesti-tapahtuman-siirtokuntatuotteiden-kieltamisesta\/#primaryimage","url":"https:\/\/www.icahd.fi\/wp-content\/uploads\/2021\/12\/Nimeton-1.jpg","contentUrl":"https:\/\/www.icahd.fi\/wp-content\/uploads\/2021\/12\/Nimeton-1.jpg","width":2000,"height":800},{"@type":"BreadcrumbList","@id":"https:\/\/www.icahd.fi\/veronika-honkasalo-jarjesti-tapahtuman-siirtokuntatuotteiden-kieltamisesta\/#breadcrumb","itemListElement":[{"@type":"ListItem","position":1,"name":"Home","item":"https:\/\/www.icahd.fi\/"},{"@type":"ListItem","position":2,"name":"Veronika Honkasalo j\u00e4rjesti tapahtuman siirtokuntatuotteiden kielt\u00e4misest\u00e4 \u2013\u00a0tapahtumassa puhujina Michael Lynk, Tom Moerenhout ja Syksy R\u00e4s\u00e4nen"}]},{"@type":"WebSite","@id":"https:\/\/www.icahd.fi\/#website","url":"https:\/\/www.icahd.fi\/","name":"In 2012, ICAHD Finland","description":"Yht&auml;l&auml;isten oikeuksien puolesta, Israelin apartheidia vastaan","publisher":{"@id":"https:\/\/www.icahd.fi\/#organization"},"potentialAction":[{"@type":"SearchAction","target":{"@type":"EntryPoint","urlTemplate":"https:\/\/www.icahd.fi\/?s={search_term_string}"},"query-input":{"@type":"PropertyValueSpecification","valueRequired":true,"valueName":"search_term_string"}}],"inLanguage":"en-GB"},{"@type":"Organization","@id":"https:\/\/www.icahd.fi\/#organization","name":"In 2012, ICAHD Finland","url":"https:\/\/www.icahd.fi\/","logo":{"@type":"ImageObject","inLanguage":"en-GB","@id":"https:\/\/www.icahd.fi\/#\/schema\/logo\/image\/","url":"https:\/\/www.icahd.fi\/wp-content\/uploads\/2020\/01\/logo-teksti.png","contentUrl":"https:\/\/www.icahd.fi\/wp-content\/uploads\/2020\/01\/logo-teksti.png","width":300,"height":109,"caption":"ICAHD Finland"},"image":{"@id":"https:\/\/www.icahd.fi\/#\/schema\/logo\/image\/"},"sameAs":["https:\/\/www.facebook.com\/icahdfinland","https:\/\/x.com\/icahdfinland"]},{"@type":"Person","@id":"https:\/\/www.icahd.fi\/#\/schema\/person\/6b6e77aa265c0f1c3bf8cdfc8d49b5bd","name":"Pinja","image":{"@type":"ImageObject","inLanguage":"en-GB","@id":"https:\/\/secure.gravatar.com\/avatar\/e52e6ae81f8c5a4a4d3efa83e6a376599ff1368a71c388ec0781c8f3e6584d2d?s=96&d=mm&r=g","url":"https:\/\/secure.gravatar.com\/avatar\/e52e6ae81f8c5a4a4d3efa83e6a376599ff1368a71c388ec0781c8f3e6584d2d?s=96&d=mm&r=g","contentUrl":"https:\/\/secure.gravatar.com\/avatar\/e52e6ae81f8c5a4a4d3efa83e6a376599ff1368a71c388ec0781c8f3e6584d2d?s=96&d=mm&r=g","caption":"Pinja"}}]}},"acf":[],"_links":{"self":[{"href":"https:\/\/www.icahd.fi\/en\/wp-json\/wp\/v2\/posts\/15303","targetHints":{"allow":["GET"]}}],"collection":[{"href":"https:\/\/www.icahd.fi\/en\/wp-json\/wp\/v2\/posts"}],"about":[{"href":"https:\/\/www.icahd.fi\/en\/wp-json\/wp\/v2\/types\/post"}],"author":[{"embeddable":true,"href":"https:\/\/www.icahd.fi\/en\/wp-json\/wp\/v2\/users\/18"}],"replies":[{"embeddable":true,"href":"https:\/\/www.icahd.fi\/en\/wp-json\/wp\/v2\/comments?post=15303"}],"version-history":[{"count":13,"href":"https:\/\/www.icahd.fi\/en\/wp-json\/wp\/v2\/posts\/15303\/revisions"}],"predecessor-version":[{"id":15334,"href":"https:\/\/www.icahd.fi\/en\/wp-json\/wp\/v2\/posts\/15303\/revisions\/15334"}],"wp:featuredmedia":[{"embeddable":true,"href":"https:\/\/www.icahd.fi\/en\/wp-json\/wp\/v2\/media\/15310"}],"wp:attachment":[{"href":"https:\/\/www.icahd.fi\/en\/wp-json\/wp\/v2\/media?parent=15303"}],"wp:term":[{"taxonomy":"category","embeddable":true,"href":"https:\/\/www.icahd.fi\/en\/wp-json\/wp\/v2\/categories?post=15303"},{"taxonomy":"post_tag","embeddable":true,"href":"https:\/\/www.icahd.fi\/en\/wp-json\/wp\/v2\/tags?post=15303"}],"curies":[{"name":"wp","href":"https:\/\/api.w.org\/{rel}","templated":true}]}}