{"id":15293,"date":"2022-01-20T15:15:00","date_gmt":"2022-01-20T13:15:00","guid":{"rendered":"https:\/\/www.icahd.fi\/?p=15293"},"modified":"2022-01-20T15:22:53","modified_gmt":"2022-01-20T13:22:53","slug":"karim-maichen-ja-syksy-rasasen-kolmiosainen-juttusarja","status":"publish","type":"post","link":"https:\/\/www.icahd.fi\/en\/karim-maichen-ja-syksy-rasasen-kolmiosainen-juttusarja\/","title":{"rendered":"Karim Maichen ja Syksy R\u00e4s\u00e4sen kolmiosainen juttusarja k\u00e4sittelee kahta miehityst\u00e4 ja kolonialismia \u2013\u00a0lue L\u00e4hi-it\u00e4 NYT -sivustolta"},"content":{"rendered":"<p>L\u00e4hi-id\u00e4n tutkija <strong>Karim Maiche<\/strong> ja ICAHD Finlandin puheenjohtaja <strong>Syksy R\u00e4s\u00e4nen<\/strong> kirjoittavat L\u00e4hi-it\u00e4 NYT -sivustolla Palestiinan ja L\u00e4nsi-Saharan tilanteiden samankaltaisuuksista ja eroista miehityksen ja kolonialismin n\u00e4k\u00f6kulmasta. Kolmiosaisen juttusarjan kaksi ensimm\u00e4ist\u00e4 osaa ovat ilmestyneet.<br><br><strong>Lue ensimm\u00e4inen osa, joka k\u00e4y l\u00e4pi kolonialismin ja miehityksen alkua <a href=\"https:\/\/lahi-itanyt.fi\/nyt\/palestiina-ja-lansi-sahara-kahden-miehityksen-ja-kolonialismin-anatomia\/\">t\u00e4\u00e4lt\u00e4<\/a>.<\/strong><\/p>\n\n\n\n<p><strong>Lue toinen osa, joka k\u00e4sittelee kolonialismin tukemista tarinoilla <a href=\"https:\/\/lahi-itanyt.fi\/nyt\/palestiina-ja-lansi-sahara-kahden-miehityksen-ja-kolonialismin-anatomia-osa-2\/\">t\u00e4\u00e4lt\u00e4<\/a>.<\/strong><\/p>\n\n\n\n<p><strong>Lue juttusarjan kolmas ja viimeinen osa <a href=\"https:\/\/lahi-itanyt.fi\/nyt\/palestiina-ja-lansi-sahara-kahden-miehityksen-ja-kolonialismin-anatomia-osa-3\/\">t\u00e4\u00e4lt\u00e4<\/a>.<\/strong><\/p>","protected":false},"excerpt":{"rendered":"<p>L\u00e4hi-id\u00e4n tutkija Karim Maiche ja ICAHD Finlandin puheenjohtaja Syksy R\u00e4s\u00e4nen kirjoittavat L\u00e4hi-it\u00e4 NYT -sivustolla Palestiinan ja L\u00e4nsi-Saharan tilanteiden samankaltaisuuksista ja eroista miehityksen ja kolonialismin n\u00e4k\u00f6kulmasta. Kolmiosaisen juttusarjan kaksi ensimm\u00e4ist\u00e4 osaa ovat ilmestyneet. Lue ensimm\u00e4inen osa, joka k\u00e4y l\u00e4pi kolonialismin ja miehityksen alkua t\u00e4\u00e4lt\u00e4. Lue toinen osa, joka k\u00e4sittelee kolonialismin tukemista tarinoilla t\u00e4\u00e4lt\u00e4. Lue juttusarjan kolmas [&hellip;]<\/p>\n","protected":false},"author":18,"featured_media":15299,"comment_status":"closed","ping_status":"closed","sticky":false,"template":"","format":"standard","meta":{"zakra_page_container_layout":"customizer","zakra_page_sidebar_layout":"customizer","zakra_remove_content_margin":false,"zakra_sidebar":"customizer","zakra_transparent_header":"customizer","zakra_logo":0,"zakra_main_header_style":"default","zakra_menu_item_color":"","zakra_menu_item_hover_color":"","zakra_menu_item_active_color":"","zakra_menu_active_style":"","zakra_page_header":true,"footnotes":""},"categories":[29,92],"tags":[],"class_list":["post-15293","post","type-post","status-publish","format-standard","has-post-thumbnail","hentry","category-uutiset","category-yleinen-fi"],"yoast_head":"<!-- This site is optimized with the Yoast SEO plugin v27.5 - https:\/\/yoast.com\/product\/yoast-seo-wordpress\/ -->\n<title>Karim Maichen ja Syksy R\u00e4s\u00e4sen kolmiosainen juttusarja k\u00e4sittelee kahta miehityst\u00e4 ja kolonialismia \u2013\u00a0lue L\u00e4hi-it\u00e4 NYT -sivustolta - ICAHD Finland<\/title>\n<meta name=\"robots\" content=\"index, follow, max-snippet:-1, max-image-preview:large, max-video-preview:-1\" \/>\n<link rel=\"canonical\" href=\"https:\/\/www.icahd.fi\/en\/karim-maichen-ja-syksy-rasasen-kolmiosainen-juttusarja\/\" \/>\n<meta property=\"og:locale\" content=\"en_GB\" \/>\n<meta property=\"og:type\" content=\"article\" \/>\n<meta property=\"og:title\" content=\"Karim Maichen ja Syksy R\u00e4s\u00e4sen kolmiosainen juttusarja k\u00e4sittelee kahta miehityst\u00e4 ja kolonialismia \u2013\u00a0lue L\u00e4hi-it\u00e4 NYT -sivustolta - ICAHD Finland\" \/>\n<meta property=\"og:description\" content=\"L\u00e4hi-id\u00e4n tutkija Karim Maiche ja ICAHD Finlandin puheenjohtaja Syksy R\u00e4s\u00e4nen kirjoittavat L\u00e4hi-it\u00e4 NYT -sivustolla Palestiinan ja L\u00e4nsi-Saharan tilanteiden samankaltaisuuksista ja eroista miehityksen ja kolonialismin n\u00e4k\u00f6kulmasta. Kolmiosaisen juttusarjan kaksi ensimm\u00e4ist\u00e4 osaa ovat ilmestyneet. Lue ensimm\u00e4inen osa, joka k\u00e4y l\u00e4pi kolonialismin ja miehityksen alkua t\u00e4\u00e4lt\u00e4. Lue toinen osa, joka k\u00e4sittelee kolonialismin tukemista tarinoilla t\u00e4\u00e4lt\u00e4. Lue juttusarjan kolmas [&hellip;]\" \/>\n<meta property=\"og:url\" content=\"https:\/\/www.icahd.fi\/en\/karim-maichen-ja-syksy-rasasen-kolmiosainen-juttusarja\/\" \/>\n<meta property=\"og:site_name\" content=\"ICAHD Finland\" \/>\n<meta property=\"article:publisher\" content=\"https:\/\/www.facebook.com\/icahdfinland\" \/>\n<meta property=\"article:published_time\" content=\"2022-01-20T13:15:00+00:00\" \/>\n<meta property=\"article:modified_time\" content=\"2022-01-20T13:22:53+00:00\" \/>\n<meta property=\"og:image\" content=\"https:\/\/www.icahd.fi\/wp-content\/uploads\/2021\/12\/Karim-ja-Syksy.jpg\" \/>\n\t<meta property=\"og:image:width\" content=\"2000\" \/>\n\t<meta property=\"og:image:height\" content=\"1600\" \/>\n\t<meta property=\"og:image:type\" content=\"image\/jpeg\" \/>\n<meta name=\"author\" content=\"Pinja\" \/>\n<meta name=\"twitter:card\" content=\"summary_large_image\" \/>\n<meta name=\"twitter:creator\" content=\"@icahdfinland\" \/>\n<meta name=\"twitter:site\" content=\"@icahdfinland\" \/>\n<meta name=\"twitter:label1\" content=\"Written by\" \/>\n\t<meta name=\"twitter:data1\" content=\"Pinja\" \/>\n\t<meta name=\"twitter:label2\" content=\"Estimated reading time\" \/>\n\t<meta name=\"twitter:data2\" content=\"1 minute\" \/>\n<script type=\"application\/ld+json\" class=\"yoast-schema-graph\">{\"@context\":\"https:\\\/\\\/schema.org\",\"@graph\":[{\"@type\":\"Article\",\"@id\":\"https:\\\/\\\/www.icahd.fi\\\/karim-maichen-ja-syksy-rasasen-kolmiosainen-juttusarja\\\/#article\",\"isPartOf\":{\"@id\":\"https:\\\/\\\/www.icahd.fi\\\/karim-maichen-ja-syksy-rasasen-kolmiosainen-juttusarja\\\/\"},\"author\":{\"name\":\"Pinja\",\"@id\":\"https:\\\/\\\/www.icahd.fi\\\/#\\\/schema\\\/person\\\/6b6e77aa265c0f1c3bf8cdfc8d49b5bd\"},\"headline\":\"Karim Maichen ja Syksy R\u00e4s\u00e4sen kolmiosainen juttusarja k\u00e4sittelee kahta miehityst\u00e4 ja kolonialismia \u2013\u00a0lue L\u00e4hi-it\u00e4 NYT -sivustolta\",\"datePublished\":\"2022-01-20T13:15:00+00:00\",\"dateModified\":\"2022-01-20T13:22:53+00:00\",\"mainEntityOfPage\":{\"@id\":\"https:\\\/\\\/www.icahd.fi\\\/karim-maichen-ja-syksy-rasasen-kolmiosainen-juttusarja\\\/\"},\"wordCount\":95,\"publisher\":{\"@id\":\"https:\\\/\\\/www.icahd.fi\\\/#organization\"},\"image\":{\"@id\":\"https:\\\/\\\/www.icahd.fi\\\/karim-maichen-ja-syksy-rasasen-kolmiosainen-juttusarja\\\/#primaryimage\"},\"thumbnailUrl\":\"https:\\\/\\\/www.icahd.fi\\\/wp-content\\\/uploads\\\/2021\\\/12\\\/Karim-ja-Syksy.jpg\",\"articleSection\":[\"Uutiset\",\"Yleinen\"],\"inLanguage\":\"en-GB\"},{\"@type\":\"WebPage\",\"@id\":\"https:\\\/\\\/www.icahd.fi\\\/karim-maichen-ja-syksy-rasasen-kolmiosainen-juttusarja\\\/\",\"url\":\"https:\\\/\\\/www.icahd.fi\\\/karim-maichen-ja-syksy-rasasen-kolmiosainen-juttusarja\\\/\",\"name\":\"Karim Maichen ja Syksy R\u00e4s\u00e4sen kolmiosainen juttusarja k\u00e4sittelee kahta miehityst\u00e4 ja kolonialismia \u2013\u00a0lue L\u00e4hi-it\u00e4 NYT -sivustolta - ICAHD Finland\",\"isPartOf\":{\"@id\":\"https:\\\/\\\/www.icahd.fi\\\/#website\"},\"primaryImageOfPage\":{\"@id\":\"https:\\\/\\\/www.icahd.fi\\\/karim-maichen-ja-syksy-rasasen-kolmiosainen-juttusarja\\\/#primaryimage\"},\"image\":{\"@id\":\"https:\\\/\\\/www.icahd.fi\\\/karim-maichen-ja-syksy-rasasen-kolmiosainen-juttusarja\\\/#primaryimage\"},\"thumbnailUrl\":\"https:\\\/\\\/www.icahd.fi\\\/wp-content\\\/uploads\\\/2021\\\/12\\\/Karim-ja-Syksy.jpg\",\"datePublished\":\"2022-01-20T13:15:00+00:00\",\"dateModified\":\"2022-01-20T13:22:53+00:00\",\"breadcrumb\":{\"@id\":\"https:\\\/\\\/www.icahd.fi\\\/karim-maichen-ja-syksy-rasasen-kolmiosainen-juttusarja\\\/#breadcrumb\"},\"inLanguage\":\"en-GB\",\"potentialAction\":[{\"@type\":\"ReadAction\",\"target\":[\"https:\\\/\\\/www.icahd.fi\\\/karim-maichen-ja-syksy-rasasen-kolmiosainen-juttusarja\\\/\"]}]},{\"@type\":\"ImageObject\",\"inLanguage\":\"en-GB\",\"@id\":\"https:\\\/\\\/www.icahd.fi\\\/karim-maichen-ja-syksy-rasasen-kolmiosainen-juttusarja\\\/#primaryimage\",\"url\":\"https:\\\/\\\/www.icahd.fi\\\/wp-content\\\/uploads\\\/2021\\\/12\\\/Karim-ja-Syksy.jpg\",\"contentUrl\":\"https:\\\/\\\/www.icahd.fi\\\/wp-content\\\/uploads\\\/2021\\\/12\\\/Karim-ja-Syksy.jpg\",\"width\":2000,\"height\":1600},{\"@type\":\"BreadcrumbList\",\"@id\":\"https:\\\/\\\/www.icahd.fi\\\/karim-maichen-ja-syksy-rasasen-kolmiosainen-juttusarja\\\/#breadcrumb\",\"itemListElement\":[{\"@type\":\"ListItem\",\"position\":1,\"name\":\"Home\",\"item\":\"https:\\\/\\\/www.icahd.fi\\\/\"},{\"@type\":\"ListItem\",\"position\":2,\"name\":\"Karim Maichen ja Syksy R\u00e4s\u00e4sen kolmiosainen juttusarja k\u00e4sittelee kahta miehityst\u00e4 ja kolonialismia \u2013\u00a0lue L\u00e4hi-it\u00e4 NYT -sivustolta\"}]},{\"@type\":\"WebSite\",\"@id\":\"https:\\\/\\\/www.icahd.fi\\\/#website\",\"url\":\"https:\\\/\\\/www.icahd.fi\\\/\",\"name\":\"ICAHD Finland\",\"description\":\"Yht&auml;l&auml;isten oikeuksien puolesta, Israelin apartheidia vastaan\",\"publisher\":{\"@id\":\"https:\\\/\\\/www.icahd.fi\\\/#organization\"},\"potentialAction\":[{\"@type\":\"SearchAction\",\"target\":{\"@type\":\"EntryPoint\",\"urlTemplate\":\"https:\\\/\\\/www.icahd.fi\\\/?s={search_term_string}\"},\"query-input\":{\"@type\":\"PropertyValueSpecification\",\"valueRequired\":true,\"valueName\":\"search_term_string\"}}],\"inLanguage\":\"en-GB\"},{\"@type\":\"Organization\",\"@id\":\"https:\\\/\\\/www.icahd.fi\\\/#organization\",\"name\":\"ICAHD Finland\",\"url\":\"https:\\\/\\\/www.icahd.fi\\\/\",\"logo\":{\"@type\":\"ImageObject\",\"inLanguage\":\"en-GB\",\"@id\":\"https:\\\/\\\/www.icahd.fi\\\/#\\\/schema\\\/logo\\\/image\\\/\",\"url\":\"https:\\\/\\\/www.icahd.fi\\\/wp-content\\\/uploads\\\/2020\\\/01\\\/logo-teksti.png\",\"contentUrl\":\"https:\\\/\\\/www.icahd.fi\\\/wp-content\\\/uploads\\\/2020\\\/01\\\/logo-teksti.png\",\"width\":300,\"height\":109,\"caption\":\"ICAHD Finland\"},\"image\":{\"@id\":\"https:\\\/\\\/www.icahd.fi\\\/#\\\/schema\\\/logo\\\/image\\\/\"},\"sameAs\":[\"https:\\\/\\\/www.facebook.com\\\/icahdfinland\",\"https:\\\/\\\/x.com\\\/icahdfinland\"]},{\"@type\":\"Person\",\"@id\":\"https:\\\/\\\/www.icahd.fi\\\/#\\\/schema\\\/person\\\/6b6e77aa265c0f1c3bf8cdfc8d49b5bd\",\"name\":\"Pinja\",\"image\":{\"@type\":\"ImageObject\",\"inLanguage\":\"en-GB\",\"@id\":\"https:\\\/\\\/secure.gravatar.com\\\/avatar\\\/e52e6ae81f8c5a4a4d3efa83e6a376599ff1368a71c388ec0781c8f3e6584d2d?s=96&d=mm&r=g\",\"url\":\"https:\\\/\\\/secure.gravatar.com\\\/avatar\\\/e52e6ae81f8c5a4a4d3efa83e6a376599ff1368a71c388ec0781c8f3e6584d2d?s=96&d=mm&r=g\",\"contentUrl\":\"https:\\\/\\\/secure.gravatar.com\\\/avatar\\\/e52e6ae81f8c5a4a4d3efa83e6a376599ff1368a71c388ec0781c8f3e6584d2d?s=96&d=mm&r=g\",\"caption\":\"Pinja\"}}]}<\/script>\n<!-- \/ Yoast SEO plugin. -->","yoast_head_json":{"title":"Karim Maichen ja Syksy R\u00e4s\u00e4sen kolmiosainen juttusarja k\u00e4sittelee kahta miehityst\u00e4 ja kolonialismia \u2013\u00a0lue L\u00e4hi-it\u00e4 NYT -sivustolta - ICAHD Finland","robots":{"index":"index","follow":"follow","max-snippet":"max-snippet:-1","max-image-preview":"max-image-preview:large","max-video-preview":"max-video-preview:-1"},"canonical":"https:\/\/www.icahd.fi\/en\/karim-maichen-ja-syksy-rasasen-kolmiosainen-juttusarja\/","og_locale":"en_GB","og_type":"article","og_title":"Karim Maichen ja Syksy R\u00e4s\u00e4sen kolmiosainen juttusarja k\u00e4sittelee kahta miehityst\u00e4 ja kolonialismia \u2013\u00a0lue L\u00e4hi-it\u00e4 NYT -sivustolta - ICAHD Finland","og_description":"L\u00e4hi-id\u00e4n tutkija Karim Maiche ja ICAHD Finlandin puheenjohtaja Syksy R\u00e4s\u00e4nen kirjoittavat L\u00e4hi-it\u00e4 NYT -sivustolla Palestiinan ja L\u00e4nsi-Saharan tilanteiden samankaltaisuuksista ja eroista miehityksen ja kolonialismin n\u00e4k\u00f6kulmasta. Kolmiosaisen juttusarjan kaksi ensimm\u00e4ist\u00e4 osaa ovat ilmestyneet. Lue ensimm\u00e4inen osa, joka k\u00e4y l\u00e4pi kolonialismin ja miehityksen alkua t\u00e4\u00e4lt\u00e4. Lue toinen osa, joka k\u00e4sittelee kolonialismin tukemista tarinoilla t\u00e4\u00e4lt\u00e4. Lue juttusarjan kolmas [&hellip;]","og_url":"https:\/\/www.icahd.fi\/en\/karim-maichen-ja-syksy-rasasen-kolmiosainen-juttusarja\/","og_site_name":"ICAHD Finland","article_publisher":"https:\/\/www.facebook.com\/icahdfinland","article_published_time":"2022-01-20T13:15:00+00:00","article_modified_time":"2022-01-20T13:22:53+00:00","og_image":[{"width":2000,"height":1600,"url":"https:\/\/www.icahd.fi\/wp-content\/uploads\/2021\/12\/Karim-ja-Syksy.jpg","type":"image\/jpeg"}],"author":"Pinja","twitter_card":"summary_large_image","twitter_creator":"@icahdfinland","twitter_site":"@icahdfinland","twitter_misc":{"Written by":"Pinja","Estimated reading time":"1 minute"},"schema":{"@context":"https:\/\/schema.org","@graph":[{"@type":"Article","@id":"https:\/\/www.icahd.fi\/karim-maichen-ja-syksy-rasasen-kolmiosainen-juttusarja\/#article","isPartOf":{"@id":"https:\/\/www.icahd.fi\/karim-maichen-ja-syksy-rasasen-kolmiosainen-juttusarja\/"},"author":{"name":"Pinja","@id":"https:\/\/www.icahd.fi\/#\/schema\/person\/6b6e77aa265c0f1c3bf8cdfc8d49b5bd"},"headline":"Karim Maichen ja Syksy R\u00e4s\u00e4sen kolmiosainen juttusarja k\u00e4sittelee kahta miehityst\u00e4 ja kolonialismia \u2013\u00a0lue L\u00e4hi-it\u00e4 NYT -sivustolta","datePublished":"2022-01-20T13:15:00+00:00","dateModified":"2022-01-20T13:22:53+00:00","mainEntityOfPage":{"@id":"https:\/\/www.icahd.fi\/karim-maichen-ja-syksy-rasasen-kolmiosainen-juttusarja\/"},"wordCount":95,"publisher":{"@id":"https:\/\/www.icahd.fi\/#organization"},"image":{"@id":"https:\/\/www.icahd.fi\/karim-maichen-ja-syksy-rasasen-kolmiosainen-juttusarja\/#primaryimage"},"thumbnailUrl":"https:\/\/www.icahd.fi\/wp-content\/uploads\/2021\/12\/Karim-ja-Syksy.jpg","articleSection":["Uutiset","Yleinen"],"inLanguage":"en-GB"},{"@type":"WebPage","@id":"https:\/\/www.icahd.fi\/karim-maichen-ja-syksy-rasasen-kolmiosainen-juttusarja\/","url":"https:\/\/www.icahd.fi\/karim-maichen-ja-syksy-rasasen-kolmiosainen-juttusarja\/","name":"Karim Maichen ja Syksy R\u00e4s\u00e4sen kolmiosainen juttusarja k\u00e4sittelee kahta miehityst\u00e4 ja kolonialismia \u2013\u00a0lue L\u00e4hi-it\u00e4 NYT -sivustolta - ICAHD Finland","isPartOf":{"@id":"https:\/\/www.icahd.fi\/#website"},"primaryImageOfPage":{"@id":"https:\/\/www.icahd.fi\/karim-maichen-ja-syksy-rasasen-kolmiosainen-juttusarja\/#primaryimage"},"image":{"@id":"https:\/\/www.icahd.fi\/karim-maichen-ja-syksy-rasasen-kolmiosainen-juttusarja\/#primaryimage"},"thumbnailUrl":"https:\/\/www.icahd.fi\/wp-content\/uploads\/2021\/12\/Karim-ja-Syksy.jpg","datePublished":"2022-01-20T13:15:00+00:00","dateModified":"2022-01-20T13:22:53+00:00","breadcrumb":{"@id":"https:\/\/www.icahd.fi\/karim-maichen-ja-syksy-rasasen-kolmiosainen-juttusarja\/#breadcrumb"},"inLanguage":"en-GB","potentialAction":[{"@type":"ReadAction","target":["https:\/\/www.icahd.fi\/karim-maichen-ja-syksy-rasasen-kolmiosainen-juttusarja\/"]}]},{"@type":"ImageObject","inLanguage":"en-GB","@id":"https:\/\/www.icahd.fi\/karim-maichen-ja-syksy-rasasen-kolmiosainen-juttusarja\/#primaryimage","url":"https:\/\/www.icahd.fi\/wp-content\/uploads\/2021\/12\/Karim-ja-Syksy.jpg","contentUrl":"https:\/\/www.icahd.fi\/wp-content\/uploads\/2021\/12\/Karim-ja-Syksy.jpg","width":2000,"height":1600},{"@type":"BreadcrumbList","@id":"https:\/\/www.icahd.fi\/karim-maichen-ja-syksy-rasasen-kolmiosainen-juttusarja\/#breadcrumb","itemListElement":[{"@type":"ListItem","position":1,"name":"Home","item":"https:\/\/www.icahd.fi\/"},{"@type":"ListItem","position":2,"name":"Karim Maichen ja Syksy R\u00e4s\u00e4sen kolmiosainen juttusarja k\u00e4sittelee kahta miehityst\u00e4 ja kolonialismia \u2013\u00a0lue L\u00e4hi-it\u00e4 NYT -sivustolta"}]},{"@type":"WebSite","@id":"https:\/\/www.icahd.fi\/#website","url":"https:\/\/www.icahd.fi\/","name":"In 2012, ICAHD Finland","description":"Yht&auml;l&auml;isten oikeuksien puolesta, Israelin apartheidia vastaan","publisher":{"@id":"https:\/\/www.icahd.fi\/#organization"},"potentialAction":[{"@type":"SearchAction","target":{"@type":"EntryPoint","urlTemplate":"https:\/\/www.icahd.fi\/?s={search_term_string}"},"query-input":{"@type":"PropertyValueSpecification","valueRequired":true,"valueName":"search_term_string"}}],"inLanguage":"en-GB"},{"@type":"Organization","@id":"https:\/\/www.icahd.fi\/#organization","name":"In 2012, ICAHD Finland","url":"https:\/\/www.icahd.fi\/","logo":{"@type":"ImageObject","inLanguage":"en-GB","@id":"https:\/\/www.icahd.fi\/#\/schema\/logo\/image\/","url":"https:\/\/www.icahd.fi\/wp-content\/uploads\/2020\/01\/logo-teksti.png","contentUrl":"https:\/\/www.icahd.fi\/wp-content\/uploads\/2020\/01\/logo-teksti.png","width":300,"height":109,"caption":"ICAHD Finland"},"image":{"@id":"https:\/\/www.icahd.fi\/#\/schema\/logo\/image\/"},"sameAs":["https:\/\/www.facebook.com\/icahdfinland","https:\/\/x.com\/icahdfinland"]},{"@type":"Person","@id":"https:\/\/www.icahd.fi\/#\/schema\/person\/6b6e77aa265c0f1c3bf8cdfc8d49b5bd","name":"Pinja","image":{"@type":"ImageObject","inLanguage":"en-GB","@id":"https:\/\/secure.gravatar.com\/avatar\/e52e6ae81f8c5a4a4d3efa83e6a376599ff1368a71c388ec0781c8f3e6584d2d?s=96&d=mm&r=g","url":"https:\/\/secure.gravatar.com\/avatar\/e52e6ae81f8c5a4a4d3efa83e6a376599ff1368a71c388ec0781c8f3e6584d2d?s=96&d=mm&r=g","contentUrl":"https:\/\/secure.gravatar.com\/avatar\/e52e6ae81f8c5a4a4d3efa83e6a376599ff1368a71c388ec0781c8f3e6584d2d?s=96&d=mm&r=g","caption":"Pinja"}}]}},"acf":[],"_links":{"self":[{"href":"https:\/\/www.icahd.fi\/en\/wp-json\/wp\/v2\/posts\/15293","targetHints":{"allow":["GET"]}}],"collection":[{"href":"https:\/\/www.icahd.fi\/en\/wp-json\/wp\/v2\/posts"}],"about":[{"href":"https:\/\/www.icahd.fi\/en\/wp-json\/wp\/v2\/types\/post"}],"author":[{"embeddable":true,"href":"https:\/\/www.icahd.fi\/en\/wp-json\/wp\/v2\/users\/18"}],"replies":[{"embeddable":true,"href":"https:\/\/www.icahd.fi\/en\/wp-json\/wp\/v2\/comments?post=15293"}],"version-history":[{"count":10,"href":"https:\/\/www.icahd.fi\/en\/wp-json\/wp\/v2\/posts\/15293\/revisions"}],"predecessor-version":[{"id":15341,"href":"https:\/\/www.icahd.fi\/en\/wp-json\/wp\/v2\/posts\/15293\/revisions\/15341"}],"wp:featuredmedia":[{"embeddable":true,"href":"https:\/\/www.icahd.fi\/en\/wp-json\/wp\/v2\/media\/15299"}],"wp:attachment":[{"href":"https:\/\/www.icahd.fi\/en\/wp-json\/wp\/v2\/media?parent=15293"}],"wp:term":[{"taxonomy":"category","embeddable":true,"href":"https:\/\/www.icahd.fi\/en\/wp-json\/wp\/v2\/categories?post=15293"},{"taxonomy":"post_tag","embeddable":true,"href":"https:\/\/www.icahd.fi\/en\/wp-json\/wp\/v2\/tags?post=15293"}],"curies":[{"name":"wp","href":"https:\/\/api.w.org\/{rel}","templated":true}]}}