{"id":15224,"date":"2021-08-19T14:31:14","date_gmt":"2021-08-19T11:31:14","guid":{"rendered":"https:\/\/www.icahd.fi\/?p=15224"},"modified":"2021-08-19T14:31:17","modified_gmt":"2021-08-19T11:31:17","slug":"julkilausuma-tuomitsee-palestiinalaisiin-kohdistuvan-sorron-ja-apartheid-politiikan","status":"publish","type":"post","link":"https:\/\/www.icahd.fi\/en\/julkilausuma-tuomitsee-palestiinalaisiin-kohdistuvan-sorron-ja-apartheid-politiikan\/","title":{"rendered":"Suomalaisten taiteen, tieteen ja kulttuurialan tekij\u00f6iden sek\u00e4 organisaatioiden julkilausuma tuomitsee palestiinalaisiin kohdistuvan sorron ja apartheid-politiikan"},"content":{"rendered":"<p>Yli 120 suomalaista taiteen, tieteen ja kulttuurialan tekij\u00e4\u00e4 sek\u00e4 yli 20 organisaatiota on allekirjoittanut Finland Against Apartheid -julkilausuman, joka tuomitsee palestiinalaisiin kohdistuvan sorron ja Israelin valtion harjoittaman apartheid-politiikan. Lue koko lehdist\u00f6tiedote alta!<\/p>\n\n\n\n<hr class=\"wp-block-separator\"\/>\n\n\n\n<p><em>LEHDIST\u00d6TIEDOTE <em>17.8.2021<\/em>, vapaa julkaistavaksi<\/em><\/p>\n\n\n\n<h2 class=\"wp-block-heading\"><strong>Suomalaiset taiteen ja tieteen tekij\u00e4t liittyv\u00e4t Israelin vastaiseen boikottiin<\/strong><\/h2>\n\n\n\n<p>Yli 120 suomalaista taiteen, tieteen ja kulttuurialan tekij\u00e4\u00e4 sek\u00e4 yli 20 organisaatiota on allekirjoittanut Finland Against Apartheid -julkilausuman, joka tuomitsee palestiinalaisiin kohdistuvan sorron ja Israelin valtion harjoittaman apartheid-politiikan. Allekirjoittaneet sitoutuvat olemaan esiintym\u00e4tt\u00e4 Israelissa ja kielt\u00e4ytyv\u00e4t ottamasta vastaan ty\u00f6t\u00e4 Israelin valtion tai sen instituutioiden rahoittamissa projekteissa, kunnes Israelin harjoittama apartheid-politiikka loppuu.<\/p>\n\n\n\n<p>Allekirjoittaneiden joukossa on eri alojen tekij\u00f6it\u00e4 ja instituutioita, esimerkiksi n\u00e4yttelij\u00e4 ja professori <strong>Elina Knihtil\u00e4<\/strong>, muusikko <strong>Samuli Putro<\/strong>, galleristi <strong>Ilona Anhava<\/strong>, valokuvaaja <strong>Meeri Koutaniemi<\/strong>, r\u00e4pp\u00e4ri ja kirjailija <strong>Karri Miettinen<\/strong> alias Paleface, fysiikan tutkija <strong>Syksy R\u00e4s\u00e4nen<\/strong>, n\u00e4yttelij\u00e4-ohjaaja <strong>Noora Dadu<\/strong>, taiteilija <strong>Koko Hubara<\/strong>, HIFF \u2013 Rakkautta &amp; Anarkiaa -elokuvafestivaali, Turun taiteilijaseura, Q-teatteri ja lukuisat muut.<\/p>\n\n\n\n<p>Kulttuuriboikotti on osa kansainv\u00e4list\u00e4, palestiinalaisten johtamaa BDS-kampanjaa, joka pyrkii painostamaan Israelia kunnioittamaan kansainv\u00e4list\u00e4 oikeutta ja ihmisoikeuksia. Kansainv\u00e4liset ihmisoikeusj\u00e4rjest\u00f6t&nbsp;totesivat kev\u00e4\u00e4ll\u00e4, ett\u00e4 Israelin j\u00e4rjestelm\u00e4 t\u00e4ytt\u00e4\u00e4 kansainv\u00e4lisess\u00e4 oikeudessa m\u00e4\u00e4ritellyt apartheidin tunnusmerkit.<\/p>\n\n\n\n<p>Vetoomuksessa kutsutaan suomalaisia ja Suomessa toimivia taiteen, tieteen ja kulttuurin alojen tekij\u00f6it\u00e4 ja organisaatioita liittym\u00e4\u00e4n boikottiin.<\/p>\n\n\n\n<p>Helsingin yliopiston fysiikan tutkija Syksy R\u00e4s\u00e4nen toteaa: \u201dKulttuuriv\u00e4en ja tutkijoiden boikotilla oli t\u00e4rke\u00e4 rooli Etel\u00e4-Afrikan apartheidin korvaamisessa demokratialla. Sama p\u00e4tee Israelin kohdalla. Kulttuuriboikotit viev\u00e4t viestin suurelle yleis\u00f6lle Israelissa: apartheidia ei voi hyv\u00e4ksy\u00e4, yht\u00e4l\u00e4iset oikeudet kuuluvat kaikille.&#8221;<\/p>\n\n\n\n<p>\u201dOsana v\u00e4kivallatonta boikottiliikett\u00e4 teen sen, mit\u00e4 kansalaisena ja taiteilijana pystyn\u201d, sanoo boikottiin sitoutunut suomalais-palestiinalainen n\u00e4yttelij\u00e4-ohjaaja Noora Dadu.&nbsp;\u201dPalestiinalaiset taiteilijat ja tutkijat k\u00e4rsiv\u00e4t miehityksest\u00e4 ja sorrosta monin tavoin sek\u00e4 arkiel\u00e4m\u00e4ss\u00e4\u00e4n ett\u00e4 ty\u00f6ss\u00e4\u00e4n niin Israelissa, It\u00e4- Jerusalemissa, L\u00e4nsirannalla kuin Gazassakin.\u201d<\/p>\n\n\n\n<p>Suomalainen, israelilaistaustainen taiteilija ja aktivisti Koko Hubara kertoo seuraavansa erilaisia ihmisoikeuskeskusteluja suomeksi, englanniksi ja hepreaksi sek\u00e4 vasemmisto- ett\u00e4 oikeistol\u00e4hteist\u00e4: \u201cKaiken informaation valossa n\u00e4en israelilaisten kulttuuri- ja tiedeinstituutioiden boikotoimisen eritt\u00e4in varteenototettavana keinona valottaa palestiinalaisten sortoa ja Israelin heit\u00e4 kohtaan harjoittamaa apartheid-politiikkaa uudesta n\u00e4k\u00f6kulmasta, suomalaisessa kontekstissa.\u201d<\/p>\n\n\n\n<p>Julkilausuman allekirjoittaneen Rakkautta &amp; Anarkiaa elokuvafestivaalin toiminnanjohtaja <strong>Anna M\u00f6tt\u00f6l\u00e4<\/strong> kommentoi: \u201cElokuvan kautta voidaan muuttaa maailmaa ja t\u00e4rke\u00e4\u00e4 on my\u00f6s kiinnitt\u00e4\u00e4 huomiota teosten takaiseen vallank\u00e4ytt\u00f6\u00f6n. Liittym\u00e4ll\u00e4 yhteiseen rintamaan haluamme osaltamme voimistaa sit\u00e4 kansainv\u00e4list\u00e4 \u00e4\u00e4nt\u00e4, joka vaatii ihmisoikeuksia palestiinalaisille ja my\u00f6s Suomen valtiota toimimaan tarmokkaammin t\u00e4m\u00e4n eteen.\u201d<\/p>\n\n\n\n<p>Palestiinalainen, Israeliin kohdistuvaa akateemista ja kulttuurboikottia koordinoiva j\u00e4rjest\u00f6 PACBI kommentoi suomalaisten aloitetta: \u201dPalestiinalaiset arvostavat suomalaisten taiteilijoiden ja tutkijoiden p\u00e4\u00e4t\u00f6st\u00e4 liitty\u00e4 rauhanomaiseen boikottiin. Boikotti kohdistuu Israelin kulttuurisektoriin ja tiedemaailmaan, jotka osaltaan tukevat valtion apartheid-politiikkaa.\u201d<\/p>\n\n\n\n<p><strong>Finland Against Apartheid -julkilausuma, allekirjoitukset ja lis\u00e4tietoja:<\/strong><br><a href=\"http:\/\/www.finlandagainstapartheid.com\/\" target=\"_blank\" rel=\"noreferrer noopener\">www.finlandagainstapartheid.com<\/a><\/p>\n\n\n\n<p><strong>Lis\u00e4tietoja ja haastattelupyynn\u00f6t:<\/strong><br><a href=\"mailto:culturalbdsfinland@gmail.com\" target=\"_blank\" rel=\"noreferrer noopener\">culturalbdsfinland@gmail.com<\/a><br>Terike Haapoja, lehdist\u00f6koordinaattori<\/p>","protected":false},"excerpt":{"rendered":"<p>Yli 120 suomalaista taiteen, tieteen ja kulttuurialan tekij\u00e4\u00e4 sek\u00e4 yli 20 organisaatiota on allekirjoittanut Finland Against Apartheid -julkilausuman, joka tuomitsee palestiinalaisiin kohdistuvan sorron ja Israelin valtion harjoittaman apartheid-politiikan. Lue koko lehdist\u00f6tiedote alta! LEHDIST\u00d6TIEDOTE 17.8.2021, vapaa julkaistavaksi Suomalaiset taiteen ja tieteen tekij\u00e4t liittyv\u00e4t Israelin vastaiseen boikottiin Yli 120 suomalaista taiteen, tieteen ja kulttuurialan tekij\u00e4\u00e4 sek\u00e4 yli [&hellip;]<\/p>\n","protected":false},"author":18,"featured_media":15227,"comment_status":"closed","ping_status":"closed","sticky":false,"template":"","format":"standard","meta":{"zakra_page_container_layout":"customizer","zakra_page_sidebar_layout":"customizer","zakra_remove_content_margin":false,"zakra_sidebar":"customizer","zakra_transparent_header":"customizer","zakra_logo":0,"zakra_main_header_style":"default","zakra_menu_item_color":"","zakra_menu_item_hover_color":"","zakra_menu_item_active_color":"","zakra_menu_active_style":"","zakra_page_header":true,"footnotes":""},"categories":[29,92],"tags":[],"class_list":["post-15224","post","type-post","status-publish","format-standard","has-post-thumbnail","hentry","category-uutiset","category-yleinen-fi"],"yoast_head":"<!-- This site is optimized with the Yoast SEO plugin v27.4 - https:\/\/yoast.com\/product\/yoast-seo-wordpress\/ -->\n<title>Suomalaisten taiteen, tieteen ja kulttuurialan tekij\u00f6iden sek\u00e4 organisaatioiden julkilausuma tuomitsee palestiinalaisiin kohdistuvan sorron ja apartheid-politiikan - ICAHD Finland<\/title>\n<meta name=\"robots\" content=\"index, follow, max-snippet:-1, max-image-preview:large, max-video-preview:-1\" \/>\n<link rel=\"canonical\" href=\"https:\/\/www.icahd.fi\/en\/julkilausuma-tuomitsee-palestiinalaisiin-kohdistuvan-sorron-ja-apartheid-politiikan\/\" \/>\n<meta property=\"og:locale\" content=\"en_GB\" \/>\n<meta property=\"og:type\" content=\"article\" \/>\n<meta property=\"og:title\" content=\"Suomalaisten taiteen, tieteen ja kulttuurialan tekij\u00f6iden sek\u00e4 organisaatioiden julkilausuma tuomitsee palestiinalaisiin kohdistuvan sorron ja apartheid-politiikan - ICAHD Finland\" \/>\n<meta property=\"og:description\" content=\"Yli 120 suomalaista taiteen, tieteen ja kulttuurialan tekij\u00e4\u00e4 sek\u00e4 yli 20 organisaatiota on allekirjoittanut Finland Against Apartheid -julkilausuman, joka tuomitsee palestiinalaisiin kohdistuvan sorron ja Israelin valtion harjoittaman apartheid-politiikan. Lue koko lehdist\u00f6tiedote alta! LEHDIST\u00d6TIEDOTE 17.8.2021, vapaa julkaistavaksi Suomalaiset taiteen ja tieteen tekij\u00e4t liittyv\u00e4t Israelin vastaiseen boikottiin Yli 120 suomalaista taiteen, tieteen ja kulttuurialan tekij\u00e4\u00e4 sek\u00e4 yli [&hellip;]\" \/>\n<meta property=\"og:url\" content=\"https:\/\/www.icahd.fi\/en\/julkilausuma-tuomitsee-palestiinalaisiin-kohdistuvan-sorron-ja-apartheid-politiikan\/\" \/>\n<meta property=\"og:site_name\" content=\"ICAHD Finland\" \/>\n<meta property=\"article:publisher\" content=\"https:\/\/www.facebook.com\/icahdfinland\" \/>\n<meta property=\"article:published_time\" content=\"2021-08-19T11:31:14+00:00\" \/>\n<meta property=\"article:modified_time\" content=\"2021-08-19T11:31:17+00:00\" \/>\n<meta property=\"og:image\" content=\"https:\/\/www.icahd.fi\/wp-content\/uploads\/2021\/08\/Screenshot-2021-08-19-at-14.20.46-1024x446.png\" \/>\n\t<meta property=\"og:image:width\" content=\"1024\" \/>\n\t<meta property=\"og:image:height\" content=\"446\" \/>\n\t<meta property=\"og:image:type\" content=\"image\/png\" \/>\n<meta name=\"author\" content=\"Pinja\" \/>\n<meta name=\"twitter:card\" content=\"summary_large_image\" \/>\n<meta name=\"twitter:creator\" content=\"@icahdfinland\" \/>\n<meta name=\"twitter:site\" content=\"@icahdfinland\" \/>\n<meta name=\"twitter:label1\" content=\"Written by\" \/>\n\t<meta name=\"twitter:data1\" content=\"Pinja\" \/>\n\t<meta name=\"twitter:label2\" content=\"Estimated reading time\" \/>\n\t<meta name=\"twitter:data2\" content=\"2 minutes\" \/>\n<script type=\"application\/ld+json\" class=\"yoast-schema-graph\">{\"@context\":\"https:\\\/\\\/schema.org\",\"@graph\":[{\"@type\":\"Article\",\"@id\":\"https:\\\/\\\/www.icahd.fi\\\/julkilausuma-tuomitsee-palestiinalaisiin-kohdistuvan-sorron-ja-apartheid-politiikan\\\/#article\",\"isPartOf\":{\"@id\":\"https:\\\/\\\/www.icahd.fi\\\/julkilausuma-tuomitsee-palestiinalaisiin-kohdistuvan-sorron-ja-apartheid-politiikan\\\/\"},\"author\":{\"name\":\"Pinja\",\"@id\":\"https:\\\/\\\/www.icahd.fi\\\/#\\\/schema\\\/person\\\/6b6e77aa265c0f1c3bf8cdfc8d49b5bd\"},\"headline\":\"Suomalaisten taiteen, tieteen ja kulttuurialan tekij\u00f6iden sek\u00e4 organisaatioiden julkilausuma tuomitsee palestiinalaisiin kohdistuvan sorron ja apartheid-politiikan\",\"datePublished\":\"2021-08-19T11:31:14+00:00\",\"dateModified\":\"2021-08-19T11:31:17+00:00\",\"mainEntityOfPage\":{\"@id\":\"https:\\\/\\\/www.icahd.fi\\\/julkilausuma-tuomitsee-palestiinalaisiin-kohdistuvan-sorron-ja-apartheid-politiikan\\\/\"},\"wordCount\":493,\"publisher\":{\"@id\":\"https:\\\/\\\/www.icahd.fi\\\/#organization\"},\"image\":{\"@id\":\"https:\\\/\\\/www.icahd.fi\\\/julkilausuma-tuomitsee-palestiinalaisiin-kohdistuvan-sorron-ja-apartheid-politiikan\\\/#primaryimage\"},\"thumbnailUrl\":\"https:\\\/\\\/www.icahd.fi\\\/wp-content\\\/uploads\\\/2021\\\/08\\\/Screenshot-2021-08-19-at-14.20.46.png\",\"articleSection\":[\"Uutiset\",\"Yleinen\"],\"inLanguage\":\"en-GB\"},{\"@type\":\"WebPage\",\"@id\":\"https:\\\/\\\/www.icahd.fi\\\/julkilausuma-tuomitsee-palestiinalaisiin-kohdistuvan-sorron-ja-apartheid-politiikan\\\/\",\"url\":\"https:\\\/\\\/www.icahd.fi\\\/julkilausuma-tuomitsee-palestiinalaisiin-kohdistuvan-sorron-ja-apartheid-politiikan\\\/\",\"name\":\"Suomalaisten taiteen, tieteen ja kulttuurialan tekij\u00f6iden sek\u00e4 organisaatioiden julkilausuma tuomitsee palestiinalaisiin kohdistuvan sorron ja apartheid-politiikan - ICAHD Finland\",\"isPartOf\":{\"@id\":\"https:\\\/\\\/www.icahd.fi\\\/#website\"},\"primaryImageOfPage\":{\"@id\":\"https:\\\/\\\/www.icahd.fi\\\/julkilausuma-tuomitsee-palestiinalaisiin-kohdistuvan-sorron-ja-apartheid-politiikan\\\/#primaryimage\"},\"image\":{\"@id\":\"https:\\\/\\\/www.icahd.fi\\\/julkilausuma-tuomitsee-palestiinalaisiin-kohdistuvan-sorron-ja-apartheid-politiikan\\\/#primaryimage\"},\"thumbnailUrl\":\"https:\\\/\\\/www.icahd.fi\\\/wp-content\\\/uploads\\\/2021\\\/08\\\/Screenshot-2021-08-19-at-14.20.46.png\",\"datePublished\":\"2021-08-19T11:31:14+00:00\",\"dateModified\":\"2021-08-19T11:31:17+00:00\",\"breadcrumb\":{\"@id\":\"https:\\\/\\\/www.icahd.fi\\\/julkilausuma-tuomitsee-palestiinalaisiin-kohdistuvan-sorron-ja-apartheid-politiikan\\\/#breadcrumb\"},\"inLanguage\":\"en-GB\",\"potentialAction\":[{\"@type\":\"ReadAction\",\"target\":[\"https:\\\/\\\/www.icahd.fi\\\/julkilausuma-tuomitsee-palestiinalaisiin-kohdistuvan-sorron-ja-apartheid-politiikan\\\/\"]}]},{\"@type\":\"ImageObject\",\"inLanguage\":\"en-GB\",\"@id\":\"https:\\\/\\\/www.icahd.fi\\\/julkilausuma-tuomitsee-palestiinalaisiin-kohdistuvan-sorron-ja-apartheid-politiikan\\\/#primaryimage\",\"url\":\"https:\\\/\\\/www.icahd.fi\\\/wp-content\\\/uploads\\\/2021\\\/08\\\/Screenshot-2021-08-19-at-14.20.46.png\",\"contentUrl\":\"https:\\\/\\\/www.icahd.fi\\\/wp-content\\\/uploads\\\/2021\\\/08\\\/Screenshot-2021-08-19-at-14.20.46.png\",\"width\":3542,\"height\":1542},{\"@type\":\"BreadcrumbList\",\"@id\":\"https:\\\/\\\/www.icahd.fi\\\/julkilausuma-tuomitsee-palestiinalaisiin-kohdistuvan-sorron-ja-apartheid-politiikan\\\/#breadcrumb\",\"itemListElement\":[{\"@type\":\"ListItem\",\"position\":1,\"name\":\"Home\",\"item\":\"https:\\\/\\\/www.icahd.fi\\\/\"},{\"@type\":\"ListItem\",\"position\":2,\"name\":\"Suomalaisten taiteen, tieteen ja kulttuurialan tekij\u00f6iden sek\u00e4 organisaatioiden julkilausuma tuomitsee palestiinalaisiin kohdistuvan sorron ja apartheid-politiikan\"}]},{\"@type\":\"WebSite\",\"@id\":\"https:\\\/\\\/www.icahd.fi\\\/#website\",\"url\":\"https:\\\/\\\/www.icahd.fi\\\/\",\"name\":\"ICAHD Finland\",\"description\":\"Yht&auml;l&auml;isten oikeuksien puolesta, Israelin apartheidia vastaan\",\"publisher\":{\"@id\":\"https:\\\/\\\/www.icahd.fi\\\/#organization\"},\"potentialAction\":[{\"@type\":\"SearchAction\",\"target\":{\"@type\":\"EntryPoint\",\"urlTemplate\":\"https:\\\/\\\/www.icahd.fi\\\/?s={search_term_string}\"},\"query-input\":{\"@type\":\"PropertyValueSpecification\",\"valueRequired\":true,\"valueName\":\"search_term_string\"}}],\"inLanguage\":\"en-GB\"},{\"@type\":\"Organization\",\"@id\":\"https:\\\/\\\/www.icahd.fi\\\/#organization\",\"name\":\"ICAHD Finland\",\"url\":\"https:\\\/\\\/www.icahd.fi\\\/\",\"logo\":{\"@type\":\"ImageObject\",\"inLanguage\":\"en-GB\",\"@id\":\"https:\\\/\\\/www.icahd.fi\\\/#\\\/schema\\\/logo\\\/image\\\/\",\"url\":\"https:\\\/\\\/www.icahd.fi\\\/wp-content\\\/uploads\\\/2020\\\/01\\\/logo-teksti.png\",\"contentUrl\":\"https:\\\/\\\/www.icahd.fi\\\/wp-content\\\/uploads\\\/2020\\\/01\\\/logo-teksti.png\",\"width\":300,\"height\":109,\"caption\":\"ICAHD Finland\"},\"image\":{\"@id\":\"https:\\\/\\\/www.icahd.fi\\\/#\\\/schema\\\/logo\\\/image\\\/\"},\"sameAs\":[\"https:\\\/\\\/www.facebook.com\\\/icahdfinland\",\"https:\\\/\\\/x.com\\\/icahdfinland\"]},{\"@type\":\"Person\",\"@id\":\"https:\\\/\\\/www.icahd.fi\\\/#\\\/schema\\\/person\\\/6b6e77aa265c0f1c3bf8cdfc8d49b5bd\",\"name\":\"Pinja\",\"image\":{\"@type\":\"ImageObject\",\"inLanguage\":\"en-GB\",\"@id\":\"https:\\\/\\\/secure.gravatar.com\\\/avatar\\\/e52e6ae81f8c5a4a4d3efa83e6a376599ff1368a71c388ec0781c8f3e6584d2d?s=96&d=mm&r=g\",\"url\":\"https:\\\/\\\/secure.gravatar.com\\\/avatar\\\/e52e6ae81f8c5a4a4d3efa83e6a376599ff1368a71c388ec0781c8f3e6584d2d?s=96&d=mm&r=g\",\"contentUrl\":\"https:\\\/\\\/secure.gravatar.com\\\/avatar\\\/e52e6ae81f8c5a4a4d3efa83e6a376599ff1368a71c388ec0781c8f3e6584d2d?s=96&d=mm&r=g\",\"caption\":\"Pinja\"}}]}<\/script>\n<!-- \/ Yoast SEO plugin. -->","yoast_head_json":{"title":"Suomalaisten taiteen, tieteen ja kulttuurialan tekij\u00f6iden sek\u00e4 organisaatioiden julkilausuma tuomitsee palestiinalaisiin kohdistuvan sorron ja apartheid-politiikan - ICAHD Finland","robots":{"index":"index","follow":"follow","max-snippet":"max-snippet:-1","max-image-preview":"max-image-preview:large","max-video-preview":"max-video-preview:-1"},"canonical":"https:\/\/www.icahd.fi\/en\/julkilausuma-tuomitsee-palestiinalaisiin-kohdistuvan-sorron-ja-apartheid-politiikan\/","og_locale":"en_GB","og_type":"article","og_title":"Suomalaisten taiteen, tieteen ja kulttuurialan tekij\u00f6iden sek\u00e4 organisaatioiden julkilausuma tuomitsee palestiinalaisiin kohdistuvan sorron ja apartheid-politiikan - ICAHD Finland","og_description":"Yli 120 suomalaista taiteen, tieteen ja kulttuurialan tekij\u00e4\u00e4 sek\u00e4 yli 20 organisaatiota on allekirjoittanut Finland Against Apartheid -julkilausuman, joka tuomitsee palestiinalaisiin kohdistuvan sorron ja Israelin valtion harjoittaman apartheid-politiikan. Lue koko lehdist\u00f6tiedote alta! LEHDIST\u00d6TIEDOTE 17.8.2021, vapaa julkaistavaksi Suomalaiset taiteen ja tieteen tekij\u00e4t liittyv\u00e4t Israelin vastaiseen boikottiin Yli 120 suomalaista taiteen, tieteen ja kulttuurialan tekij\u00e4\u00e4 sek\u00e4 yli [&hellip;]","og_url":"https:\/\/www.icahd.fi\/en\/julkilausuma-tuomitsee-palestiinalaisiin-kohdistuvan-sorron-ja-apartheid-politiikan\/","og_site_name":"ICAHD Finland","article_publisher":"https:\/\/www.facebook.com\/icahdfinland","article_published_time":"2021-08-19T11:31:14+00:00","article_modified_time":"2021-08-19T11:31:17+00:00","og_image":[{"width":1024,"height":446,"url":"https:\/\/www.icahd.fi\/wp-content\/uploads\/2021\/08\/Screenshot-2021-08-19-at-14.20.46-1024x446.png","type":"image\/png"}],"author":"Pinja","twitter_card":"summary_large_image","twitter_creator":"@icahdfinland","twitter_site":"@icahdfinland","twitter_misc":{"Written by":"Pinja","Estimated reading time":"2 minutes"},"schema":{"@context":"https:\/\/schema.org","@graph":[{"@type":"Article","@id":"https:\/\/www.icahd.fi\/julkilausuma-tuomitsee-palestiinalaisiin-kohdistuvan-sorron-ja-apartheid-politiikan\/#article","isPartOf":{"@id":"https:\/\/www.icahd.fi\/julkilausuma-tuomitsee-palestiinalaisiin-kohdistuvan-sorron-ja-apartheid-politiikan\/"},"author":{"name":"Pinja","@id":"https:\/\/www.icahd.fi\/#\/schema\/person\/6b6e77aa265c0f1c3bf8cdfc8d49b5bd"},"headline":"Suomalaisten taiteen, tieteen ja kulttuurialan tekij\u00f6iden sek\u00e4 organisaatioiden julkilausuma tuomitsee palestiinalaisiin kohdistuvan sorron ja apartheid-politiikan","datePublished":"2021-08-19T11:31:14+00:00","dateModified":"2021-08-19T11:31:17+00:00","mainEntityOfPage":{"@id":"https:\/\/www.icahd.fi\/julkilausuma-tuomitsee-palestiinalaisiin-kohdistuvan-sorron-ja-apartheid-politiikan\/"},"wordCount":493,"publisher":{"@id":"https:\/\/www.icahd.fi\/#organization"},"image":{"@id":"https:\/\/www.icahd.fi\/julkilausuma-tuomitsee-palestiinalaisiin-kohdistuvan-sorron-ja-apartheid-politiikan\/#primaryimage"},"thumbnailUrl":"https:\/\/www.icahd.fi\/wp-content\/uploads\/2021\/08\/Screenshot-2021-08-19-at-14.20.46.png","articleSection":["Uutiset","Yleinen"],"inLanguage":"en-GB"},{"@type":"WebPage","@id":"https:\/\/www.icahd.fi\/julkilausuma-tuomitsee-palestiinalaisiin-kohdistuvan-sorron-ja-apartheid-politiikan\/","url":"https:\/\/www.icahd.fi\/julkilausuma-tuomitsee-palestiinalaisiin-kohdistuvan-sorron-ja-apartheid-politiikan\/","name":"Suomalaisten taiteen, tieteen ja kulttuurialan tekij\u00f6iden sek\u00e4 organisaatioiden julkilausuma tuomitsee palestiinalaisiin kohdistuvan sorron ja apartheid-politiikan - ICAHD Finland","isPartOf":{"@id":"https:\/\/www.icahd.fi\/#website"},"primaryImageOfPage":{"@id":"https:\/\/www.icahd.fi\/julkilausuma-tuomitsee-palestiinalaisiin-kohdistuvan-sorron-ja-apartheid-politiikan\/#primaryimage"},"image":{"@id":"https:\/\/www.icahd.fi\/julkilausuma-tuomitsee-palestiinalaisiin-kohdistuvan-sorron-ja-apartheid-politiikan\/#primaryimage"},"thumbnailUrl":"https:\/\/www.icahd.fi\/wp-content\/uploads\/2021\/08\/Screenshot-2021-08-19-at-14.20.46.png","datePublished":"2021-08-19T11:31:14+00:00","dateModified":"2021-08-19T11:31:17+00:00","breadcrumb":{"@id":"https:\/\/www.icahd.fi\/julkilausuma-tuomitsee-palestiinalaisiin-kohdistuvan-sorron-ja-apartheid-politiikan\/#breadcrumb"},"inLanguage":"en-GB","potentialAction":[{"@type":"ReadAction","target":["https:\/\/www.icahd.fi\/julkilausuma-tuomitsee-palestiinalaisiin-kohdistuvan-sorron-ja-apartheid-politiikan\/"]}]},{"@type":"ImageObject","inLanguage":"en-GB","@id":"https:\/\/www.icahd.fi\/julkilausuma-tuomitsee-palestiinalaisiin-kohdistuvan-sorron-ja-apartheid-politiikan\/#primaryimage","url":"https:\/\/www.icahd.fi\/wp-content\/uploads\/2021\/08\/Screenshot-2021-08-19-at-14.20.46.png","contentUrl":"https:\/\/www.icahd.fi\/wp-content\/uploads\/2021\/08\/Screenshot-2021-08-19-at-14.20.46.png","width":3542,"height":1542},{"@type":"BreadcrumbList","@id":"https:\/\/www.icahd.fi\/julkilausuma-tuomitsee-palestiinalaisiin-kohdistuvan-sorron-ja-apartheid-politiikan\/#breadcrumb","itemListElement":[{"@type":"ListItem","position":1,"name":"Home","item":"https:\/\/www.icahd.fi\/"},{"@type":"ListItem","position":2,"name":"Suomalaisten taiteen, tieteen ja kulttuurialan tekij\u00f6iden sek\u00e4 organisaatioiden julkilausuma tuomitsee palestiinalaisiin kohdistuvan sorron ja apartheid-politiikan"}]},{"@type":"WebSite","@id":"https:\/\/www.icahd.fi\/#website","url":"https:\/\/www.icahd.fi\/","name":"In 2012, ICAHD Finland","description":"Yht&auml;l&auml;isten oikeuksien puolesta, Israelin apartheidia vastaan","publisher":{"@id":"https:\/\/www.icahd.fi\/#organization"},"potentialAction":[{"@type":"SearchAction","target":{"@type":"EntryPoint","urlTemplate":"https:\/\/www.icahd.fi\/?s={search_term_string}"},"query-input":{"@type":"PropertyValueSpecification","valueRequired":true,"valueName":"search_term_string"}}],"inLanguage":"en-GB"},{"@type":"Organization","@id":"https:\/\/www.icahd.fi\/#organization","name":"In 2012, ICAHD Finland","url":"https:\/\/www.icahd.fi\/","logo":{"@type":"ImageObject","inLanguage":"en-GB","@id":"https:\/\/www.icahd.fi\/#\/schema\/logo\/image\/","url":"https:\/\/www.icahd.fi\/wp-content\/uploads\/2020\/01\/logo-teksti.png","contentUrl":"https:\/\/www.icahd.fi\/wp-content\/uploads\/2020\/01\/logo-teksti.png","width":300,"height":109,"caption":"ICAHD Finland"},"image":{"@id":"https:\/\/www.icahd.fi\/#\/schema\/logo\/image\/"},"sameAs":["https:\/\/www.facebook.com\/icahdfinland","https:\/\/x.com\/icahdfinland"]},{"@type":"Person","@id":"https:\/\/www.icahd.fi\/#\/schema\/person\/6b6e77aa265c0f1c3bf8cdfc8d49b5bd","name":"Pinja","image":{"@type":"ImageObject","inLanguage":"en-GB","@id":"https:\/\/secure.gravatar.com\/avatar\/e52e6ae81f8c5a4a4d3efa83e6a376599ff1368a71c388ec0781c8f3e6584d2d?s=96&d=mm&r=g","url":"https:\/\/secure.gravatar.com\/avatar\/e52e6ae81f8c5a4a4d3efa83e6a376599ff1368a71c388ec0781c8f3e6584d2d?s=96&d=mm&r=g","contentUrl":"https:\/\/secure.gravatar.com\/avatar\/e52e6ae81f8c5a4a4d3efa83e6a376599ff1368a71c388ec0781c8f3e6584d2d?s=96&d=mm&r=g","caption":"Pinja"}}]}},"acf":[],"_links":{"self":[{"href":"https:\/\/www.icahd.fi\/en\/wp-json\/wp\/v2\/posts\/15224","targetHints":{"allow":["GET"]}}],"collection":[{"href":"https:\/\/www.icahd.fi\/en\/wp-json\/wp\/v2\/posts"}],"about":[{"href":"https:\/\/www.icahd.fi\/en\/wp-json\/wp\/v2\/types\/post"}],"author":[{"embeddable":true,"href":"https:\/\/www.icahd.fi\/en\/wp-json\/wp\/v2\/users\/18"}],"replies":[{"embeddable":true,"href":"https:\/\/www.icahd.fi\/en\/wp-json\/wp\/v2\/comments?post=15224"}],"version-history":[{"count":9,"href":"https:\/\/www.icahd.fi\/en\/wp-json\/wp\/v2\/posts\/15224\/revisions"}],"predecessor-version":[{"id":15234,"href":"https:\/\/www.icahd.fi\/en\/wp-json\/wp\/v2\/posts\/15224\/revisions\/15234"}],"wp:featuredmedia":[{"embeddable":true,"href":"https:\/\/www.icahd.fi\/en\/wp-json\/wp\/v2\/media\/15227"}],"wp:attachment":[{"href":"https:\/\/www.icahd.fi\/en\/wp-json\/wp\/v2\/media?parent=15224"}],"wp:term":[{"taxonomy":"category","embeddable":true,"href":"https:\/\/www.icahd.fi\/en\/wp-json\/wp\/v2\/categories?post=15224"},{"taxonomy":"post_tag","embeddable":true,"href":"https:\/\/www.icahd.fi\/en\/wp-json\/wp\/v2\/tags?post=15224"}],"curies":[{"name":"wp","href":"https:\/\/api.w.org\/{rel}","templated":true}]}}