{"id":1259,"date":"2010-06-02T17:51:07","date_gmt":"2010-06-02T14:51:07","guid":{"rendered":"http:\/\/icahd.fi\/?p=1259"},"modified":"2010-06-02T17:51:07","modified_gmt":"2010-06-02T14:51:07","slug":"gazan-avustuslaivasaattueeseen-kuulunut-tunnettu-ruotsalainen-kirjailija-ja-teatterivaikuttaja-henning-mankell-meita-vastaan-hyokattiin-helikoptereilla-pikaveneilla-ja-suurella-joukolla-erikois","status":"publish","type":"post","link":"https:\/\/www.icahd.fi\/en\/gazan-avustuslaivasaattueeseen-kuulunut-tunnettu-ruotsalainen-kirjailija-ja-teatterivaikuttaja-henning-mankell-meita-vastaan-hyokattiin-helikoptereilla-pikaveneilla-ja-suurella-joukolla-erikois\/","title":{"rendered":":: Gazan avustuslaivasaattueeseen kuulunut tunnettu ruotsalainen kirjailija ja teatterivaikuttaja Henning Mankell: &#8221;Meit\u00e4 vastaan hy\u00f6k\u00e4ttiin helikoptereilla, pikaveneill\u00e4 ja suurella joukolla erikoisjoukkojen sotilaita, jotka valtasivat laivan toisensa j\u00e4lkeen&#8221;"},"content":{"rendered":"<p><em>Henning Mankell: &#8221;He ampuivat  nukkuvia ihmisi\u00e4&#8221;<\/em> (HS, 2.6.)<\/p>\n<p><!--more--><\/p>\n<div>\n<div>\n<div id=\"toimittaja_1076154594381\">\n<div>\n<div id=\"tooltip_1076154594381\">\n<div>\n<p><span style=\"font-size: small;\">Anna-Liina Kauhanen<\/span><\/p>\n<\/div>\n<\/div>\n<p><span style=\"font-size: small;\"> <\/span><\/div>\n<\/div>\n<p><script type=\"text\/javascript\">\/\/ <![CDATA[\n$(\"#toimittaja_1076154594381\").css(\"cursor\", \"pointer\");\n$(\"#toimittaja_1076154594381 span.journalist\").css(\"color\", \"#06528E\");\n\/\/ ]]><\/script> <script type=\"text\/javascript\">\/\/ <![CDATA[\nvar config = {    \nsensitivity: 3,    \ninterval: 200,    \nover: bloatEditortoimittaja_1076154594381,    \ntimeout: 500,    \nout: shrinkEditortoimittaja_1076154594381\n};\n$(\"#bigpicture_toimittaja_1076154594381\").css(\"background-image\", \"url(http:\/\/www.hs.fi\/toimittaja\/isokuva\/1076154594381)\");\nfunction bloatEditortoimittaja_1076154594381()\n{\n$(\"#tooltip_1076154594381\").fadeIn(\"fast\");\n}\nfunction shrinkEditortoimittaja_1076154594381()\n{\n$(\"#tooltip_1076154594381\").hide();\n}\n$(\"#toimittaja_1076154594381\").hoverIntent(config);\n$(\"#toimittaja_1076154594381 span.journalist\").css(\"padding-right\", \"18px\");\n$(\"#toimittaja_1076154594381 span.journalist\").css(\"background\", \"transparent url(\/static\/hs3\/images\/toimittaja_arrow.gif) no-repeat scroll right top\");\n\/\/ ]]><\/script><\/p>\n<div id=\"toimittaja_1076152720909\">\n<div>\n<div id=\"tooltip_1076152720909\">\n<div>\n<p><span style=\"font-size: small;\">Tiina Rajam\u00e4ki<\/span><\/p>\n<p><span style=\"font-size: small;\"><br \/>\n<\/span><\/p>\n<\/div>\n<p><span style=\"font-size: small;\"> <\/span><\/div>\n<\/div>\n<\/div>\n<\/div>\n<div>\n<p><span style=\"font-size: small;\"><img decoding=\"async\" src=\"http:\/\/www.hs.fi\/kuvat\/iso_webkuva\/1135257258331.jpeg\" alt=\"Kirjailija Henning Mankell kertoi kokemuksistaan  saavuttuaan    Landvetterin lentokent\u00e4lle G\u00f6teborgiin.\" \/><\/span><\/p>\n<p><span style=\"font-size: small;\"> Kirjailija Henning Mankell kertoi kokemuksistaan  saavuttuaan    Landvetterin lentokent\u00e4lle G\u00f6teborgiin. <\/span><\/p>\n<\/div>\n<p><script type=\"text\/javascript\">\/\/ <![CDATA[\n$(document).ready(function(){\nadditional_imgLoader = new Image();\nadditional_imgLoader.src = tb_additional_pathToImage;\n});\n\/\/ ]]><\/script><\/p>\n<div><span style=\"font-size: small;\"><br \/>\n<\/span><\/div>\n<p><script type=\"text\/javascript\">\/\/ <![CDATA[\n$(\"div.additionalContent a\").click(function () { \nif (this.href.indexOf(\"kartta\") == -1)\n{\nif(this.href.indexOf(\"grafiikka\") != -1)\n{\n\nvar newWindow = window.open(this.getAttribute('href'), '_blank');\nif (newWindow) \n{\nif (newWindow.focus) \n{\nnewWindow.focus();\n}\n}\n}\nelse\n{\nvar t = this.title || this.name || null;\nvar a = this.href || this.alt;\nvar g = this.rel || false;\nadditional_tb_show(t,a,g);\n}\nreturn false;\n}\n});\n\n$(document).ready(function(){\nadditional_imgLoader = new Image();\nadditional_imgLoader.src = tb_additional_pathToImage;\n});\n\/\/ ]]><\/script><span style=\"font-size: small;\">Tukholma. Gazan    avustussaattueeseen  osallistunut ruotsalaisdekkaristi <a href=\"http:\/\/www.hs.fi\/haku\/?haku=Henning+Mankell\">Henning Mankell<\/a>,    62, lensi my\u00f6h\u00e4\u00e4n tiistai-iltana Tel Avivista G\u00f6teborgiin. <\/span><\/p>\n<p><span style=\"font-size: small;\"> &#8221;Meit\u00e4 vastaan hy\u00f6k\u00e4ttiin helikoptereilla,   pikaveneill\u00e4 ja suurella  joukolla erikoisjoukkojen sotilaita, jotka   valtasivat laivan toisensa  j\u00e4lkeen&#8221;, Mankell sanoi Aftonbladetin   mukaan. <\/span><\/p>\n<p><span style=\"font-size: small;\"> Mankellin mukaan sotilaat my\u00f6s   ampuivat laivalla nukkuvia ihmisi\u00e4. <\/span><\/p>\n<p><span style=\"font-size: small;\">Mankell kiitti  Expressen-lehden  haastattelussa Ruotsin   suurl\u00e4hetyst\u00f6n toimintaa Israelissa  esimerkilliseksi. Expressenin   mukaan Mankell ei miss\u00e4\u00e4n nimess\u00e4 kadu  mukana oloaan. <\/span><\/p>\n<p><span style=\"font-size: small;\"> Mankell tunnetaan muun muassa Wallander-rikosromaaneistaan.<\/span><\/p>\n<p><span style=\"font-size: small;\"><br \/>\n<\/span><\/p>\n<p><span style=\"font-size: small;\"> My\u00f6h\u00e4\u00e4n tiistai-iltana  Tukholmaan palasivat my\u00f6s  kansanedustaja <a href=\"http:\/\/www.hs.fi\/haku\/?haku=Mehmet+Kaplan\">Mehmet  Kaplan<\/a> ja l\u00e4\u00e4k\u00e4ri <a href=\"http:\/\/www.hs.fi\/haku\/?haku=Viktoria+Strand\">Viktoria Strand<\/a>.    He olivat olleet pid\u00e4tettyin\u00e4 Israelissa. <\/span><\/p>\n<p><span style=\"font-size: small;\"> Kaikkiaan ruotsalaisia oli saattueessa 11. Heist\u00e4 osa   kielt\u00e4tyi  tiistaina allekirjoittamasta Israelin karkoitusvaatimusta ja   heit\u00e4  pidettiin yh\u00e4 kiinniotettuina. Mik\u00e4li he eiv\u00e4t suostu   karkotukseen,  heit\u00e4 uhkaa oikeudenk\u00e4ynti Israelissa. <\/span><\/p>\n<p><span style=\"font-size: small;\"> Aftonbladetin mukaan muun muassa Uppsalan yliopiston   uskontohistorian  professori <a href=\"http:\/\/www.hs.fi\/haku\/?haku=Mattias+Gardell\">Mattias Gardell<\/a> oli keskiviikkona suostunut karkotukseen ja oli matkalla kotiin    aatehistorioitsijavaimonsa <a href=\"http:\/\/www.hs.fi\/haku\/?haku=Edda+Mangan\">Edda Mangan<\/a> kanssa. <\/span><\/p>\n<p><span style=\"font-size: small;\">Gazaan matkanneen    avustuslaivasaattueen  julkisuudenhallinnalle on ollut t\u00e4rke\u00e4\u00e4, ett\u00e4   matkaan saatiin my\u00f6s  poliitikkoja ja kulttuurivaikuttajia. <\/span><\/p>\n<p><span style=\"font-size: small;\"> Mukana oli Nobelin rauhanpalkinnon vuonna 1976 saanut    pohjoisirlantilainen rauhanaktivisti <a href=\"http:\/\/www.hs.fi\/haku\/?haku=Mairead+Corrigan-Maguire\">Mairead    Corrigan-Maguire<\/a> sek\u00e4 saksalaisia, israelilaisia ja kuwaitilaisia    kansanedustajia ja vaikuttajia. <\/span><\/p>\n<p><span style=\"font-size: small;\"><br \/>\n<\/span><\/p>\n<p><span style=\"font-size: small;\">Israel   on karkoittanut  osan  kiinniottamistaan  aktivisteista Jordaniaan. Noin  120 muslimimaista  l\u00e4ht\u00f6isin olevaa  aktivistia saapui keskiviikkona  Israelista Jordaniaan. <\/span><\/p>\n<\/div>\n","protected":false},"excerpt":{"rendered":"<p>Henning Mankell: &#8221;He ampuivat nukkuvia ihmisi\u00e4&#8221; (HS, 2.6.)<\/p>","protected":false},"author":9,"featured_media":0,"comment_status":"closed","ping_status":"closed","sticky":false,"template":"","format":"standard","meta":{"zakra_page_container_layout":"customizer","zakra_page_sidebar_layout":"customizer","zakra_remove_content_margin":false,"zakra_sidebar":"customizer","zakra_transparent_header":"customizer","zakra_logo":0,"zakra_main_header_style":"default","zakra_menu_item_color":"","zakra_menu_item_hover_color":"","zakra_menu_item_active_color":"","zakra_menu_active_style":"","zakra_page_header":true,"footnotes":""},"categories":[29],"tags":[],"class_list":["post-1259","post","type-post","status-publish","format-standard","hentry","category-uutiset"],"yoast_head":"<!-- This site is optimized with the Yoast SEO plugin v27.5 - https:\/\/yoast.com\/product\/yoast-seo-wordpress\/ -->\n<title>:: Gazan avustuslaivasaattueeseen kuulunut tunnettu ruotsalainen kirjailija ja teatterivaikuttaja Henning Mankell: &quot;Meit\u00e4 vastaan hy\u00f6k\u00e4ttiin helikoptereilla, pikaveneill\u00e4 ja suurella joukolla erikoisjoukkojen sotilaita, jotka valtasivat laivan toisensa j\u00e4lkeen&quot; - ICAHD Finland<\/title>\n<meta name=\"robots\" content=\"index, follow, max-snippet:-1, max-image-preview:large, max-video-preview:-1\" \/>\n<link rel=\"canonical\" href=\"https:\/\/www.icahd.fi\/en\/gazan-avustuslaivasaattueeseen-kuulunut-tunnettu-ruotsalainen-kirjailija-ja-teatterivaikuttaja-henning-mankell-meita-vastaan-hyokattiin-helikoptereilla-pikaveneilla-ja-suurella-joukolla-erikois\/\" \/>\n<meta property=\"og:locale\" content=\"en_GB\" \/>\n<meta property=\"og:type\" content=\"article\" \/>\n<meta property=\"og:title\" content=\":: Gazan avustuslaivasaattueeseen kuulunut tunnettu ruotsalainen kirjailija ja teatterivaikuttaja Henning Mankell: &quot;Meit\u00e4 vastaan hy\u00f6k\u00e4ttiin helikoptereilla, pikaveneill\u00e4 ja suurella joukolla erikoisjoukkojen sotilaita, jotka valtasivat laivan toisensa j\u00e4lkeen&quot; - ICAHD Finland\" \/>\n<meta property=\"og:description\" content=\"Henning Mankell: &#8221;He ampuivat nukkuvia ihmisi\u00e4&#8221; (HS, 2.6.)\" \/>\n<meta property=\"og:url\" content=\"https:\/\/www.icahd.fi\/en\/gazan-avustuslaivasaattueeseen-kuulunut-tunnettu-ruotsalainen-kirjailija-ja-teatterivaikuttaja-henning-mankell-meita-vastaan-hyokattiin-helikoptereilla-pikaveneilla-ja-suurella-joukolla-erikois\/\" \/>\n<meta property=\"og:site_name\" content=\"ICAHD Finland\" \/>\n<meta property=\"article:publisher\" content=\"https:\/\/www.facebook.com\/icahdfinland\" \/>\n<meta property=\"article:published_time\" content=\"2010-06-02T14:51:07+00:00\" \/>\n<meta property=\"og:image\" content=\"http:\/\/www.hs.fi\/kuvat\/iso_webkuva\/1135257258331.jpeg\" \/>\n<meta name=\"author\" content=\"Syksy\" \/>\n<meta name=\"twitter:card\" content=\"summary_large_image\" \/>\n<meta name=\"twitter:creator\" content=\"@icahdfinland\" \/>\n<meta name=\"twitter:site\" content=\"@icahdfinland\" \/>\n<meta name=\"twitter:label1\" content=\"Written by\" \/>\n\t<meta name=\"twitter:data1\" content=\"Syksy\" \/>\n\t<meta name=\"twitter:label2\" content=\"Estimated reading time\" \/>\n\t<meta name=\"twitter:data2\" content=\"1 minute\" \/>\n<script type=\"application\/ld+json\" class=\"yoast-schema-graph\">{\"@context\":\"https:\\\/\\\/schema.org\",\"@graph\":[{\"@type\":\"Article\",\"@id\":\"https:\\\/\\\/www.icahd.fi\\\/en\\\/gazan-avustuslaivasaattueeseen-kuulunut-tunnettu-ruotsalainen-kirjailija-ja-teatterivaikuttaja-henning-mankell-meita-vastaan-hyokattiin-helikoptereilla-pikaveneilla-ja-suurella-joukolla-erikois\\\/#article\",\"isPartOf\":{\"@id\":\"https:\\\/\\\/www.icahd.fi\\\/en\\\/gazan-avustuslaivasaattueeseen-kuulunut-tunnettu-ruotsalainen-kirjailija-ja-teatterivaikuttaja-henning-mankell-meita-vastaan-hyokattiin-helikoptereilla-pikaveneilla-ja-suurella-joukolla-erikois\\\/\"},\"author\":{\"name\":\"Syksy\",\"@id\":\"https:\\\/\\\/www.icahd.fi\\\/#\\\/schema\\\/person\\\/1c69d30d135114d7a3a5d5454cf901f8\"},\"headline\":\":: Gazan avustuslaivasaattueeseen kuulunut tunnettu ruotsalainen kirjailija ja teatterivaikuttaja Henning Mankell: &#8221;Meit\u00e4 vastaan hy\u00f6k\u00e4ttiin helikoptereilla, pikaveneill\u00e4 ja suurella joukolla erikoisjoukkojen sotilaita, jotka valtasivat laivan toisensa j\u00e4lkeen&#8221;\",\"datePublished\":\"2010-06-02T14:51:07+00:00\",\"mainEntityOfPage\":{\"@id\":\"https:\\\/\\\/www.icahd.fi\\\/en\\\/gazan-avustuslaivasaattueeseen-kuulunut-tunnettu-ruotsalainen-kirjailija-ja-teatterivaikuttaja-henning-mankell-meita-vastaan-hyokattiin-helikoptereilla-pikaveneilla-ja-suurella-joukolla-erikois\\\/\"},\"wordCount\":250,\"publisher\":{\"@id\":\"https:\\\/\\\/www.icahd.fi\\\/#organization\"},\"image\":{\"@id\":\"https:\\\/\\\/www.icahd.fi\\\/en\\\/gazan-avustuslaivasaattueeseen-kuulunut-tunnettu-ruotsalainen-kirjailija-ja-teatterivaikuttaja-henning-mankell-meita-vastaan-hyokattiin-helikoptereilla-pikaveneilla-ja-suurella-joukolla-erikois\\\/#primaryimage\"},\"thumbnailUrl\":\"http:\\\/\\\/www.hs.fi\\\/kuvat\\\/iso_webkuva\\\/1135257258331.jpeg\",\"articleSection\":[\"Uutiset\"],\"inLanguage\":\"en-GB\"},{\"@type\":\"WebPage\",\"@id\":\"https:\\\/\\\/www.icahd.fi\\\/en\\\/gazan-avustuslaivasaattueeseen-kuulunut-tunnettu-ruotsalainen-kirjailija-ja-teatterivaikuttaja-henning-mankell-meita-vastaan-hyokattiin-helikoptereilla-pikaveneilla-ja-suurella-joukolla-erikois\\\/\",\"url\":\"https:\\\/\\\/www.icahd.fi\\\/en\\\/gazan-avustuslaivasaattueeseen-kuulunut-tunnettu-ruotsalainen-kirjailija-ja-teatterivaikuttaja-henning-mankell-meita-vastaan-hyokattiin-helikoptereilla-pikaveneilla-ja-suurella-joukolla-erikois\\\/\",\"name\":\":: Gazan avustuslaivasaattueeseen kuulunut tunnettu ruotsalainen kirjailija ja teatterivaikuttaja Henning Mankell: \\\"Meit\u00e4 vastaan hy\u00f6k\u00e4ttiin helikoptereilla, pikaveneill\u00e4 ja suurella joukolla erikoisjoukkojen sotilaita, jotka valtasivat laivan toisensa j\u00e4lkeen\\\" - ICAHD Finland\",\"isPartOf\":{\"@id\":\"https:\\\/\\\/www.icahd.fi\\\/#website\"},\"primaryImageOfPage\":{\"@id\":\"https:\\\/\\\/www.icahd.fi\\\/en\\\/gazan-avustuslaivasaattueeseen-kuulunut-tunnettu-ruotsalainen-kirjailija-ja-teatterivaikuttaja-henning-mankell-meita-vastaan-hyokattiin-helikoptereilla-pikaveneilla-ja-suurella-joukolla-erikois\\\/#primaryimage\"},\"image\":{\"@id\":\"https:\\\/\\\/www.icahd.fi\\\/en\\\/gazan-avustuslaivasaattueeseen-kuulunut-tunnettu-ruotsalainen-kirjailija-ja-teatterivaikuttaja-henning-mankell-meita-vastaan-hyokattiin-helikoptereilla-pikaveneilla-ja-suurella-joukolla-erikois\\\/#primaryimage\"},\"thumbnailUrl\":\"http:\\\/\\\/www.hs.fi\\\/kuvat\\\/iso_webkuva\\\/1135257258331.jpeg\",\"datePublished\":\"2010-06-02T14:51:07+00:00\",\"breadcrumb\":{\"@id\":\"https:\\\/\\\/www.icahd.fi\\\/en\\\/gazan-avustuslaivasaattueeseen-kuulunut-tunnettu-ruotsalainen-kirjailija-ja-teatterivaikuttaja-henning-mankell-meita-vastaan-hyokattiin-helikoptereilla-pikaveneilla-ja-suurella-joukolla-erikois\\\/#breadcrumb\"},\"inLanguage\":\"en-GB\",\"potentialAction\":[{\"@type\":\"ReadAction\",\"target\":[\"https:\\\/\\\/www.icahd.fi\\\/en\\\/gazan-avustuslaivasaattueeseen-kuulunut-tunnettu-ruotsalainen-kirjailija-ja-teatterivaikuttaja-henning-mankell-meita-vastaan-hyokattiin-helikoptereilla-pikaveneilla-ja-suurella-joukolla-erikois\\\/\"]}]},{\"@type\":\"ImageObject\",\"inLanguage\":\"en-GB\",\"@id\":\"https:\\\/\\\/www.icahd.fi\\\/en\\\/gazan-avustuslaivasaattueeseen-kuulunut-tunnettu-ruotsalainen-kirjailija-ja-teatterivaikuttaja-henning-mankell-meita-vastaan-hyokattiin-helikoptereilla-pikaveneilla-ja-suurella-joukolla-erikois\\\/#primaryimage\",\"url\":\"http:\\\/\\\/www.hs.fi\\\/kuvat\\\/iso_webkuva\\\/1135257258331.jpeg\",\"contentUrl\":\"http:\\\/\\\/www.hs.fi\\\/kuvat\\\/iso_webkuva\\\/1135257258331.jpeg\"},{\"@type\":\"BreadcrumbList\",\"@id\":\"https:\\\/\\\/www.icahd.fi\\\/en\\\/gazan-avustuslaivasaattueeseen-kuulunut-tunnettu-ruotsalainen-kirjailija-ja-teatterivaikuttaja-henning-mankell-meita-vastaan-hyokattiin-helikoptereilla-pikaveneilla-ja-suurella-joukolla-erikois\\\/#breadcrumb\",\"itemListElement\":[{\"@type\":\"ListItem\",\"position\":1,\"name\":\"Home\",\"item\":\"https:\\\/\\\/www.icahd.fi\\\/\"},{\"@type\":\"ListItem\",\"position\":2,\"name\":\":: Gazan avustuslaivasaattueeseen kuulunut tunnettu ruotsalainen kirjailija ja teatterivaikuttaja Henning Mankell: &#8220;Meit\u00e4 vastaan hy\u00f6k\u00e4ttiin helikoptereilla, pikaveneill\u00e4 ja suurella joukolla erikoisjoukkojen sotilaita, jotka valtasivat laivan toisensa j\u00e4lkeen&#8221;\"}]},{\"@type\":\"WebSite\",\"@id\":\"https:\\\/\\\/www.icahd.fi\\\/#website\",\"url\":\"https:\\\/\\\/www.icahd.fi\\\/\",\"name\":\"ICAHD Finland\",\"description\":\"Yht&auml;l&auml;isten oikeuksien puolesta, Israelin apartheidia vastaan\",\"publisher\":{\"@id\":\"https:\\\/\\\/www.icahd.fi\\\/#organization\"},\"potentialAction\":[{\"@type\":\"SearchAction\",\"target\":{\"@type\":\"EntryPoint\",\"urlTemplate\":\"https:\\\/\\\/www.icahd.fi\\\/?s={search_term_string}\"},\"query-input\":{\"@type\":\"PropertyValueSpecification\",\"valueRequired\":true,\"valueName\":\"search_term_string\"}}],\"inLanguage\":\"en-GB\"},{\"@type\":\"Organization\",\"@id\":\"https:\\\/\\\/www.icahd.fi\\\/#organization\",\"name\":\"ICAHD Finland\",\"url\":\"https:\\\/\\\/www.icahd.fi\\\/\",\"logo\":{\"@type\":\"ImageObject\",\"inLanguage\":\"en-GB\",\"@id\":\"https:\\\/\\\/www.icahd.fi\\\/#\\\/schema\\\/logo\\\/image\\\/\",\"url\":\"https:\\\/\\\/www.icahd.fi\\\/wp-content\\\/uploads\\\/2020\\\/01\\\/logo-teksti.png\",\"contentUrl\":\"https:\\\/\\\/www.icahd.fi\\\/wp-content\\\/uploads\\\/2020\\\/01\\\/logo-teksti.png\",\"width\":300,\"height\":109,\"caption\":\"ICAHD Finland\"},\"image\":{\"@id\":\"https:\\\/\\\/www.icahd.fi\\\/#\\\/schema\\\/logo\\\/image\\\/\"},\"sameAs\":[\"https:\\\/\\\/www.facebook.com\\\/icahdfinland\",\"https:\\\/\\\/x.com\\\/icahdfinland\"]},{\"@type\":\"Person\",\"@id\":\"https:\\\/\\\/www.icahd.fi\\\/#\\\/schema\\\/person\\\/1c69d30d135114d7a3a5d5454cf901f8\",\"name\":\"Syksy\",\"image\":{\"@type\":\"ImageObject\",\"inLanguage\":\"en-GB\",\"@id\":\"https:\\\/\\\/secure.gravatar.com\\\/avatar\\\/c8d8a8636968d9ebbc65828564da9c07ccf771e59b4ee6c4c57fde52c70ab3dc?s=96&d=mm&r=g\",\"url\":\"https:\\\/\\\/secure.gravatar.com\\\/avatar\\\/c8d8a8636968d9ebbc65828564da9c07ccf771e59b4ee6c4c57fde52c70ab3dc?s=96&d=mm&r=g\",\"contentUrl\":\"https:\\\/\\\/secure.gravatar.com\\\/avatar\\\/c8d8a8636968d9ebbc65828564da9c07ccf771e59b4ee6c4c57fde52c70ab3dc?s=96&d=mm&r=g\",\"caption\":\"Syksy\"}}]}<\/script>\n<!-- \/ Yoast SEO plugin. -->","yoast_head_json":{"title":":: Gazan avustuslaivasaattueeseen kuulunut tunnettu ruotsalainen kirjailija ja teatterivaikuttaja Henning Mankell: \"Meit\u00e4 vastaan hy\u00f6k\u00e4ttiin helikoptereilla, pikaveneill\u00e4 ja suurella joukolla erikoisjoukkojen sotilaita, jotka valtasivat laivan toisensa j\u00e4lkeen\" - ICAHD Finland","robots":{"index":"index","follow":"follow","max-snippet":"max-snippet:-1","max-image-preview":"max-image-preview:large","max-video-preview":"max-video-preview:-1"},"canonical":"https:\/\/www.icahd.fi\/en\/gazan-avustuslaivasaattueeseen-kuulunut-tunnettu-ruotsalainen-kirjailija-ja-teatterivaikuttaja-henning-mankell-meita-vastaan-hyokattiin-helikoptereilla-pikaveneilla-ja-suurella-joukolla-erikois\/","og_locale":"en_GB","og_type":"article","og_title":":: Gazan avustuslaivasaattueeseen kuulunut tunnettu ruotsalainen kirjailija ja teatterivaikuttaja Henning Mankell: \"Meit\u00e4 vastaan hy\u00f6k\u00e4ttiin helikoptereilla, pikaveneill\u00e4 ja suurella joukolla erikoisjoukkojen sotilaita, jotka valtasivat laivan toisensa j\u00e4lkeen\" - ICAHD Finland","og_description":"Henning Mankell: &#8221;He ampuivat nukkuvia ihmisi\u00e4&#8221; (HS, 2.6.)","og_url":"https:\/\/www.icahd.fi\/en\/gazan-avustuslaivasaattueeseen-kuulunut-tunnettu-ruotsalainen-kirjailija-ja-teatterivaikuttaja-henning-mankell-meita-vastaan-hyokattiin-helikoptereilla-pikaveneilla-ja-suurella-joukolla-erikois\/","og_site_name":"ICAHD Finland","article_publisher":"https:\/\/www.facebook.com\/icahdfinland","article_published_time":"2010-06-02T14:51:07+00:00","og_image":[{"url":"http:\/\/www.hs.fi\/kuvat\/iso_webkuva\/1135257258331.jpeg","type":"","width":"","height":""}],"author":"Syksy","twitter_card":"summary_large_image","twitter_creator":"@icahdfinland","twitter_site":"@icahdfinland","twitter_misc":{"Written by":"Syksy","Estimated reading time":"1 minute"},"schema":{"@context":"https:\/\/schema.org","@graph":[{"@type":"Article","@id":"https:\/\/www.icahd.fi\/en\/gazan-avustuslaivasaattueeseen-kuulunut-tunnettu-ruotsalainen-kirjailija-ja-teatterivaikuttaja-henning-mankell-meita-vastaan-hyokattiin-helikoptereilla-pikaveneilla-ja-suurella-joukolla-erikois\/#article","isPartOf":{"@id":"https:\/\/www.icahd.fi\/en\/gazan-avustuslaivasaattueeseen-kuulunut-tunnettu-ruotsalainen-kirjailija-ja-teatterivaikuttaja-henning-mankell-meita-vastaan-hyokattiin-helikoptereilla-pikaveneilla-ja-suurella-joukolla-erikois\/"},"author":{"name":"Syksy","@id":"https:\/\/www.icahd.fi\/#\/schema\/person\/1c69d30d135114d7a3a5d5454cf901f8"},"headline":":: Gazan avustuslaivasaattueeseen kuulunut tunnettu ruotsalainen kirjailija ja teatterivaikuttaja Henning Mankell: &#8221;Meit\u00e4 vastaan hy\u00f6k\u00e4ttiin helikoptereilla, pikaveneill\u00e4 ja suurella joukolla erikoisjoukkojen sotilaita, jotka valtasivat laivan toisensa j\u00e4lkeen&#8221;","datePublished":"2010-06-02T14:51:07+00:00","mainEntityOfPage":{"@id":"https:\/\/www.icahd.fi\/en\/gazan-avustuslaivasaattueeseen-kuulunut-tunnettu-ruotsalainen-kirjailija-ja-teatterivaikuttaja-henning-mankell-meita-vastaan-hyokattiin-helikoptereilla-pikaveneilla-ja-suurella-joukolla-erikois\/"},"wordCount":250,"publisher":{"@id":"https:\/\/www.icahd.fi\/#organization"},"image":{"@id":"https:\/\/www.icahd.fi\/en\/gazan-avustuslaivasaattueeseen-kuulunut-tunnettu-ruotsalainen-kirjailija-ja-teatterivaikuttaja-henning-mankell-meita-vastaan-hyokattiin-helikoptereilla-pikaveneilla-ja-suurella-joukolla-erikois\/#primaryimage"},"thumbnailUrl":"http:\/\/www.hs.fi\/kuvat\/iso_webkuva\/1135257258331.jpeg","articleSection":["Uutiset"],"inLanguage":"en-GB"},{"@type":"WebPage","@id":"https:\/\/www.icahd.fi\/en\/gazan-avustuslaivasaattueeseen-kuulunut-tunnettu-ruotsalainen-kirjailija-ja-teatterivaikuttaja-henning-mankell-meita-vastaan-hyokattiin-helikoptereilla-pikaveneilla-ja-suurella-joukolla-erikois\/","url":"https:\/\/www.icahd.fi\/en\/gazan-avustuslaivasaattueeseen-kuulunut-tunnettu-ruotsalainen-kirjailija-ja-teatterivaikuttaja-henning-mankell-meita-vastaan-hyokattiin-helikoptereilla-pikaveneilla-ja-suurella-joukolla-erikois\/","name":":: Gazan avustuslaivasaattueeseen kuulunut tunnettu ruotsalainen kirjailija ja teatterivaikuttaja Henning Mankell: \"Meit\u00e4 vastaan hy\u00f6k\u00e4ttiin helikoptereilla, pikaveneill\u00e4 ja suurella joukolla erikoisjoukkojen sotilaita, jotka valtasivat laivan toisensa j\u00e4lkeen\" - ICAHD Finland","isPartOf":{"@id":"https:\/\/www.icahd.fi\/#website"},"primaryImageOfPage":{"@id":"https:\/\/www.icahd.fi\/en\/gazan-avustuslaivasaattueeseen-kuulunut-tunnettu-ruotsalainen-kirjailija-ja-teatterivaikuttaja-henning-mankell-meita-vastaan-hyokattiin-helikoptereilla-pikaveneilla-ja-suurella-joukolla-erikois\/#primaryimage"},"image":{"@id":"https:\/\/www.icahd.fi\/en\/gazan-avustuslaivasaattueeseen-kuulunut-tunnettu-ruotsalainen-kirjailija-ja-teatterivaikuttaja-henning-mankell-meita-vastaan-hyokattiin-helikoptereilla-pikaveneilla-ja-suurella-joukolla-erikois\/#primaryimage"},"thumbnailUrl":"http:\/\/www.hs.fi\/kuvat\/iso_webkuva\/1135257258331.jpeg","datePublished":"2010-06-02T14:51:07+00:00","breadcrumb":{"@id":"https:\/\/www.icahd.fi\/en\/gazan-avustuslaivasaattueeseen-kuulunut-tunnettu-ruotsalainen-kirjailija-ja-teatterivaikuttaja-henning-mankell-meita-vastaan-hyokattiin-helikoptereilla-pikaveneilla-ja-suurella-joukolla-erikois\/#breadcrumb"},"inLanguage":"en-GB","potentialAction":[{"@type":"ReadAction","target":["https:\/\/www.icahd.fi\/en\/gazan-avustuslaivasaattueeseen-kuulunut-tunnettu-ruotsalainen-kirjailija-ja-teatterivaikuttaja-henning-mankell-meita-vastaan-hyokattiin-helikoptereilla-pikaveneilla-ja-suurella-joukolla-erikois\/"]}]},{"@type":"ImageObject","inLanguage":"en-GB","@id":"https:\/\/www.icahd.fi\/en\/gazan-avustuslaivasaattueeseen-kuulunut-tunnettu-ruotsalainen-kirjailija-ja-teatterivaikuttaja-henning-mankell-meita-vastaan-hyokattiin-helikoptereilla-pikaveneilla-ja-suurella-joukolla-erikois\/#primaryimage","url":"http:\/\/www.hs.fi\/kuvat\/iso_webkuva\/1135257258331.jpeg","contentUrl":"http:\/\/www.hs.fi\/kuvat\/iso_webkuva\/1135257258331.jpeg"},{"@type":"BreadcrumbList","@id":"https:\/\/www.icahd.fi\/en\/gazan-avustuslaivasaattueeseen-kuulunut-tunnettu-ruotsalainen-kirjailija-ja-teatterivaikuttaja-henning-mankell-meita-vastaan-hyokattiin-helikoptereilla-pikaveneilla-ja-suurella-joukolla-erikois\/#breadcrumb","itemListElement":[{"@type":"ListItem","position":1,"name":"Home","item":"https:\/\/www.icahd.fi\/"},{"@type":"ListItem","position":2,"name":":: Gazan avustuslaivasaattueeseen kuulunut tunnettu ruotsalainen kirjailija ja teatterivaikuttaja Henning Mankell: &#8220;Meit\u00e4 vastaan hy\u00f6k\u00e4ttiin helikoptereilla, pikaveneill\u00e4 ja suurella joukolla erikoisjoukkojen sotilaita, jotka valtasivat laivan toisensa j\u00e4lkeen&#8221;"}]},{"@type":"WebSite","@id":"https:\/\/www.icahd.fi\/#website","url":"https:\/\/www.icahd.fi\/","name":"In 2012, ICAHD Finland","description":"Yht&auml;l&auml;isten oikeuksien puolesta, Israelin apartheidia vastaan","publisher":{"@id":"https:\/\/www.icahd.fi\/#organization"},"potentialAction":[{"@type":"SearchAction","target":{"@type":"EntryPoint","urlTemplate":"https:\/\/www.icahd.fi\/?s={search_term_string}"},"query-input":{"@type":"PropertyValueSpecification","valueRequired":true,"valueName":"search_term_string"}}],"inLanguage":"en-GB"},{"@type":"Organization","@id":"https:\/\/www.icahd.fi\/#organization","name":"In 2012, ICAHD Finland","url":"https:\/\/www.icahd.fi\/","logo":{"@type":"ImageObject","inLanguage":"en-GB","@id":"https:\/\/www.icahd.fi\/#\/schema\/logo\/image\/","url":"https:\/\/www.icahd.fi\/wp-content\/uploads\/2020\/01\/logo-teksti.png","contentUrl":"https:\/\/www.icahd.fi\/wp-content\/uploads\/2020\/01\/logo-teksti.png","width":300,"height":109,"caption":"ICAHD Finland"},"image":{"@id":"https:\/\/www.icahd.fi\/#\/schema\/logo\/image\/"},"sameAs":["https:\/\/www.facebook.com\/icahdfinland","https:\/\/x.com\/icahdfinland"]},{"@type":"Person","@id":"https:\/\/www.icahd.fi\/#\/schema\/person\/1c69d30d135114d7a3a5d5454cf901f8","name":"Syksy","image":{"@type":"ImageObject","inLanguage":"en-GB","@id":"https:\/\/secure.gravatar.com\/avatar\/c8d8a8636968d9ebbc65828564da9c07ccf771e59b4ee6c4c57fde52c70ab3dc?s=96&d=mm&r=g","url":"https:\/\/secure.gravatar.com\/avatar\/c8d8a8636968d9ebbc65828564da9c07ccf771e59b4ee6c4c57fde52c70ab3dc?s=96&d=mm&r=g","contentUrl":"https:\/\/secure.gravatar.com\/avatar\/c8d8a8636968d9ebbc65828564da9c07ccf771e59b4ee6c4c57fde52c70ab3dc?s=96&d=mm&r=g","caption":"Syksy"}}]}},"acf":[],"_links":{"self":[{"href":"https:\/\/www.icahd.fi\/en\/wp-json\/wp\/v2\/posts\/1259","targetHints":{"allow":["GET"]}}],"collection":[{"href":"https:\/\/www.icahd.fi\/en\/wp-json\/wp\/v2\/posts"}],"about":[{"href":"https:\/\/www.icahd.fi\/en\/wp-json\/wp\/v2\/types\/post"}],"author":[{"embeddable":true,"href":"https:\/\/www.icahd.fi\/en\/wp-json\/wp\/v2\/users\/9"}],"replies":[{"embeddable":true,"href":"https:\/\/www.icahd.fi\/en\/wp-json\/wp\/v2\/comments?post=1259"}],"version-history":[{"count":0,"href":"https:\/\/www.icahd.fi\/en\/wp-json\/wp\/v2\/posts\/1259\/revisions"}],"wp:attachment":[{"href":"https:\/\/www.icahd.fi\/en\/wp-json\/wp\/v2\/media?parent=1259"}],"wp:term":[{"taxonomy":"category","embeddable":true,"href":"https:\/\/www.icahd.fi\/en\/wp-json\/wp\/v2\/categories?post=1259"},{"taxonomy":"post_tag","embeddable":true,"href":"https:\/\/www.icahd.fi\/en\/wp-json\/wp\/v2\/tags?post=1259"}],"curies":[{"name":"wp","href":"https:\/\/api.w.org\/{rel}","templated":true}]}}