{"id":11226,"date":"2019-12-07T15:58:10","date_gmt":"2019-12-07T13:58:10","guid":{"rendered":"http:\/\/www.icahd.fi\/?p=11226"},"modified":"2019-12-07T15:58:12","modified_gmt":"2019-12-07T13:58:12","slug":"keskustelu-asekaupasta-pitaisi-nostaa-moraaliselle-tasolle-eu-maiden-asevienti-herattaa-huolta-asiantuntijoissa","status":"publish","type":"post","link":"https:\/\/www.icahd.fi\/en\/keskustelu-asekaupasta-pitaisi-nostaa-moraaliselle-tasolle-eu-maiden-asevienti-herattaa-huolta-asiantuntijoissa\/","title":{"rendered":"\u201dKeskustelu asekaupasta pit\u00e4isi nostaa moraaliselle tasolle\u201d \u2013 EU-maiden asevienti her\u00e4tt\u00e4\u00e4 huolta asiantuntijoissa"},"content":{"rendered":"<p><strong>Rauhanj\u00e4rjest\u00f6jen seminaarissa keskusteltiin EU:n aseviennist\u00e4 ja uudesta puolustusrahastosta. Vaikka EU:n yhteinen kanta kielt\u00e4\u00e4 aseviennin konfliktimaihin, k\u00e4yt\u00e4nn\u00f6ss\u00e4 se ei ole est\u00e4nyt kauppaa muun muassa Saudi-Arabian kanssa. Todellisuudessa kansainv\u00e4lisiss\u00e4 s\u00e4\u00e4nn\u00f6iss\u00e4 ei pit\u00e4isi olla tulkinnanvaraa, totesi ICAHD Finlandin puheenjohtaja Syksy R\u00e4s\u00e4nen.<\/strong><\/p>\n\n\n\n<p><a href=\"https:\/\/www.maailma.net\/ihmiset\/teija-laakso\">Teija Laakso<\/a>&nbsp;&nbsp;<a href=\"https:\/\/www.maailma.net\/organisaatiot\/maailma-net\">Maailma.net<\/a>&nbsp;&nbsp;29.8.2019<\/p>\n\n\n\n<p>Suomen ja EU:n asevientipolitiikka her\u00e4tti keskustelua tiistaina Helsingiss\u00e4 j\u00e4rjestetyss\u00e4 seminaarissa. Kysymys on ajankohtainen, sill\u00e4 viime vuosina Suomessa ja muuallakin Euroopassa&nbsp;<a href=\"https:\/\/www.maailma.net\/uutiset\/amnesty-arabiemiirikunnat-ohjaa-lansimailta-ostamiaan-aseita-jemeniin-sotarikoksiin\">on k\u00e4yty kiivasta keskustelua<\/a>&nbsp;aseviennin oikeutuksesta esimerkiksi Saudi-Arabiaan ja Arabiemiirikuntiin. Lis\u00e4ksi EU:n puolustus- ja ulkoministerit kokoontuvat parhaillaan Helsingiss\u00e4.<\/p>\n\n\n\n<p>Kes\u00e4kuussa hyv\u00e4ksytyn&nbsp;<strong>Antti Rinteen<\/strong>&nbsp;(sd) hallituksen uuden&nbsp;<a href=\"http:\/\/julkaisut.valtioneuvosto.fi\/handle\/10024\/161662\">hallitusohjelman<\/a>&nbsp;mukaan Suomi ei vie puolustusmateriaalia sotaa k\u00e4yvin tai ihmisoikeuksiin polkeviin maihin. Viel\u00e4 ei kuitenkaan tiedet\u00e4, mit\u00e4 lupaus k\u00e4yt\u00e4nn\u00f6ss\u00e4 tulee tarkoittamaan, seminaarissa todettiin.<\/p>\n\n\n\n<p>\u201dKirjaus on kiinnostava, sill\u00e4 edellisess\u00e4 hallitusohjelmassa sit\u00e4 ei ollut. Se kertoo siit\u00e4, ett\u00e4 asekauppa on poliittista ja ett\u00e4 se tunnustetaan nyt paremmin\u201d, totesi asekauppaa tutkivan ajatushautomo Safer Globen vt. toiminnanjohtaja&nbsp;<strong>Kari Paasonen<\/strong>.<\/p>\n\n\n\n<p>Toisaalta Suomi on jo sitoutunut EU:n yhteiseen kantaan aseviennist\u00e4 sek\u00e4 kansainv\u00e4liseen asekauppasopimukseen, Paasonen huomautti. Molemmat kielt\u00e4v\u00e4t asekaupan sellaisiin maihin, joissa aseita voitaisiin k\u00e4ytt\u00e4\u00e4 ihmisoikeusloukkauksiin.<\/p>\n\n\n\n<p>K\u00e4yt\u00e4nn\u00f6ss\u00e4 EU-maat kuitenkin myyv\u00e4t tai ovat myyneet aseita L\u00e4hi-id\u00e4n konfliktimaille. Syyn\u00e4 on toisaalta se, ett\u00e4 maat tulkitsevat kansainv\u00e4lisi\u00e4 s\u00e4\u00e4nt\u00f6j\u00e4 eri tavoin, toisaalta se, ettei niiden rikkomisesta tule sanktioita.<\/p>\n\n\n\n<p>Todellisuudessa kansainv\u00e4lisiss\u00e4 s\u00e4\u00e4nn\u00f6iss\u00e4 ei ole tulkinnanvaraa, totesi ICAHD Finlandin puheenjohtaja&nbsp;<strong>Syksy R\u00e4s\u00e4nen<\/strong>.<\/p>\n\n\n\n<p>\u201dEU:n yhteinen kanta sanoo, ett\u00e4 vientilupa pit\u00e4\u00e4 ev\u00e4t\u00e4, jos on selv\u00e4 riski, ett\u00e4 aseita k\u00e4ytett\u00e4isiin ihmisoikeusloukkauksiin. Jemeniss\u00e4 on kuollut kymmeni\u00e4 tuhansia ihmisi\u00e4. Keskustelu asekaupasta pit\u00e4isi nostaa moraaliselle tasolle. N\u00e4m\u00e4 ovat vakavia tapauksia\u201d, h\u00e4n totesi.<\/p>\n\n\n\n<p>ICAHD on israelilainen j\u00e4rjest\u00f6, joka vastustaa Israelin armeijan harjoittamaa palestiinalaisten kotien purkamista.<\/p>\n\n\n\n<p>Osa EU-maista on viime aikoina j\u00e4\u00e4dytt\u00e4nyt asekaupan Saudi-Arabian ja Arabiemiirikuntien kanssa, sill\u00e4 kumpikin kuuluu liittoumaan, joka tekee iskuja Jemenin huthikapinallisia vastaan. Sis\u00e4llissota on aiheuttanut vaikean&nbsp;<a href=\"https:\/\/www.maailma.net\/uutiset\/jemenissa-on-havaittu-koleratartuntoja-tana-vuonna-enemman-kuin-koko-viime-vuonna-yhteensa\">humanitaarisen kriisin<\/a>.<\/p>\n\n\n\n<p>Suomi\u00a0<a href=\"https:\/\/www.maailma.net\/uutiset\/jarjestoissa-iloitaan-suomen-paatoksesta-lopettaa-asevienti-saudi-arabiaan-ja\">j\u00e4\u00e4dytti<\/a>\u00a0asekaupan Saudi-Arabian ja Arabiemiirikuntien kanssa viime marraskuussa Jemenin tilanteen takia. Aiemmin samana vuonna Patrian Arabiemiraateille myymi\u00e4 panssariajoneuvoja\u00a0<a href=\"https:\/\/www.maailma.net\/uutiset\/suomen-panssarivaunujen-paatyminen-jemeniin-ei-yllattanyt-tutkijaa-ei-niita-osteta-vain\">oli n\u00e4hty<\/a>\u00a0Jemenin sodassa.<\/p>\n\n\n\n<figure class=\"wp-block-image\"><img fetchpriority=\"high\" decoding=\"async\" width=\"1024\" height=\"663\" src=\"https:\/\/www.icahd.fi\/wp-content\/uploads\/2019\/12\/Eur_asekauppa-1024x663.jpeg\" alt=\"\" class=\"wp-image-11227\" srcset=\"https:\/\/www.icahd.fi\/wp-content\/uploads\/2019\/12\/Eur_asekauppa-1024x663.jpeg 1024w, https:\/\/www.icahd.fi\/wp-content\/uploads\/2019\/12\/Eur_asekauppa-300x194.jpeg 300w, https:\/\/www.icahd.fi\/wp-content\/uploads\/2019\/12\/Eur_asekauppa-768x497.jpeg 768w, https:\/\/www.icahd.fi\/wp-content\/uploads\/2019\/12\/Eur_asekauppa-600x389.jpeg 600w\" sizes=\"(max-width: 1024px) 100vw, 1024px\" \/><figcaption>Euroopan asekaupan vastaisen verkoston koordinaattori La\u00ebtitia Sedou varoitti rauhanj\u00e4rjest\u00f6jen seminaarissa Euroopan puolustusrahaston vaikutuksista.\u00a0(Kuva: Teija Laakso)<\/figcaption><\/figure>\n\n\n\n<h3 class=\"wp-block-heading\">Euroopan puolustusrahasto etenee Suomen puheenjohtajakaudella<\/h3>\n\n\n\n<p>Seminaarin puhujat olivat huolissaan my\u00f6s EU:n uudesta puolustusrahastosta (European Defence Fund). Rahasto kanavoi rahaa j\u00e4senmaiden yhteisiin puolustusteollisuuden hankkeisiin.<\/p>\n\n\n\n<p>Tarkoituksena on paitsi parantaa Euroopan puolustusta my\u00f6s tarjota puolustusteollisuudelle kasvun mahdollisuuksia ja luoda ty\u00f6paikkoja.<\/p>\n\n\n\n<p>K\u00e4ynniss\u00e4 on aloitusvaihe, johon on varattu 590 miljoonaa euroa. Vuosina 2021\u20132017 rahastoon saatetaan upottaa jopa 13 miljardia euroa, mik\u00e4 on enemm\u00e4n kuin unionin my\u00f6nt\u00e4m\u00e4 humanitaarinen apu, kertoi Euroopan asekaupan vastaisen verkoston Enaatin koordinaattori&nbsp;<strong>L\u00e4etitia Sedou<\/strong>.<\/p>\n\n\n\n<p>Lis\u00e4ksi j\u00e4senmailta odotetaan hankkeisiin omaa rahoitusta.<\/p>\n\n\n\n<p>Tarkoituksena on kehitt\u00e4\u00e4 erityisesti miehitt\u00e4m\u00e4tt\u00f6mi\u00e4 ja autonomisia j\u00e4rjestelmi\u00e4 sek\u00e4 esimerkiksi teko\u00e4lyn sotilaallisia sovelluksia. Kansalaisyhteiskunnan ja europarlamentaarikkojen painostuksen ansiosta suoranaiset tappajarobotit saatiin lobattua tulevista suunnitelmista pois, Sedou kertoi.<\/p>\n\n\n\n<p>H\u00e4n pelk\u00e4\u00e4, ett\u00e4 EU:sta tulee suunnitelmien my\u00f6t\u00e4 sotilaallinen projekti, joka pikemminkin kannustaa maita voimank\u00e4ytt\u00f6\u00f6n kuin vuoropuheluun.<\/p>\n\n\n\n<p>\u201dSe tarkoittaa, ett\u00e4 konfliktialueille p\u00e4\u00e4tyy enemm\u00e4n eurooppalaisia aseita. Aseiden ei voi sanoa olevan sodan syy, mutta ne pahentavat konflikteja\u201d, h\u00e4n totesi.<\/p>\n\n\n\n<p>Euroopan puolustusrahastoon suunnattava summa riippuu vuosien 2021\u20132027 monivuotisesta rahoituskehyksest\u00e4 eli EU:n pitk\u00e4n aikav\u00e4lin budjetista. Siit\u00e4 p\u00e4\u00e4tet\u00e4\u00e4n parhaillaan k\u00e4ynniss\u00e4 olevalla Suomen EU-puheenjohtajuuskaudella.<\/p>\n\n\n\n<p><\/p>\n\n\n\n<p class=\"has-small-font-size\">Kansikuva: asekauppa on poliittinen kysymys, ja se tunnustetaan my\u00f6s hallitusohjelmassa, sanoi Safer Globel Finlandin vt. toiminnanjohtaja Kari Paasonen (oik.) rauhanj\u00e4rjest\u00f6jen seminaarissa. Kuvassa my\u00f6s antropologi, ICAHD-j\u00e4rjest\u00f6n perustaja Jeff Halper (vas.) ja ICAHD Finlandin puheenjohtaja Syksy R\u00e4s\u00e4nen.\u00a0(Kuva: Teija Laakso)<\/p>","protected":false},"excerpt":{"rendered":"<p>Rauhanj\u00e4rjest\u00f6jen seminaarissa keskusteltiin EU:n aseviennist\u00e4 ja uudesta puolustusrahastosta. Vaikka EU:n yhteinen kanta kielt\u00e4\u00e4 aseviennin konfliktimaihin, k\u00e4yt\u00e4nn\u00f6ss\u00e4 se ei ole est\u00e4nyt kauppaa muun muassa Saudi-Arabian kanssa. Todellisuudessa kansainv\u00e4lisiss\u00e4 s\u00e4\u00e4nn\u00f6iss\u00e4 ei pit\u00e4isi olla tulkinnanvaraa, totesi ICAHD Finlandin puheenjohtaja Syksy R\u00e4s\u00e4nen. Teija Laakso&nbsp;&nbsp;Maailma.net&nbsp;&nbsp;29.8.2019 Suomen ja EU:n asevientipolitiikka her\u00e4tti keskustelua tiistaina Helsingiss\u00e4 j\u00e4rjestetyss\u00e4 seminaarissa. Kysymys on ajankohtainen, sill\u00e4 viime [&hellip;]<\/p>\n","protected":false},"author":9,"featured_media":11228,"comment_status":"closed","ping_status":"closed","sticky":false,"template":"","format":"standard","meta":{"zakra_page_container_layout":"customizer","zakra_page_sidebar_layout":"customizer","zakra_remove_content_margin":false,"zakra_sidebar":"customizer","zakra_transparent_header":"0","zakra_logo":0,"zakra_main_header_style":"default","zakra_menu_item_color":"","zakra_menu_item_hover_color":"","zakra_menu_item_active_color":"","zakra_menu_active_style":"","zakra_page_header":true,"footnotes":""},"categories":[29],"tags":[],"class_list":["post-11226","post","type-post","status-publish","format-standard","has-post-thumbnail","hentry","category-uutiset"],"yoast_head":"<!-- This site is optimized with the Yoast SEO plugin v27.5 - https:\/\/yoast.com\/product\/yoast-seo-wordpress\/ -->\n<title>\u201dKeskustelu asekaupasta pit\u00e4isi nostaa moraaliselle tasolle\u201d \u2013 EU-maiden asevienti her\u00e4tt\u00e4\u00e4 huolta asiantuntijoissa - ICAHD Finland<\/title>\n<meta name=\"robots\" content=\"index, follow, max-snippet:-1, max-image-preview:large, max-video-preview:-1\" \/>\n<link rel=\"canonical\" href=\"https:\/\/www.icahd.fi\/en\/keskustelu-asekaupasta-pitaisi-nostaa-moraaliselle-tasolle-eu-maiden-asevienti-herattaa-huolta-asiantuntijoissa\/\" \/>\n<meta property=\"og:locale\" content=\"en_GB\" \/>\n<meta property=\"og:type\" content=\"article\" \/>\n<meta property=\"og:title\" content=\"\u201dKeskustelu asekaupasta pit\u00e4isi nostaa moraaliselle tasolle\u201d \u2013 EU-maiden asevienti her\u00e4tt\u00e4\u00e4 huolta asiantuntijoissa - ICAHD Finland\" \/>\n<meta property=\"og:description\" content=\"Rauhanj\u00e4rjest\u00f6jen seminaarissa keskusteltiin EU:n aseviennist\u00e4 ja uudesta puolustusrahastosta. Vaikka EU:n yhteinen kanta kielt\u00e4\u00e4 aseviennin konfliktimaihin, k\u00e4yt\u00e4nn\u00f6ss\u00e4 se ei ole est\u00e4nyt kauppaa muun muassa Saudi-Arabian kanssa. Todellisuudessa kansainv\u00e4lisiss\u00e4 s\u00e4\u00e4nn\u00f6iss\u00e4 ei pit\u00e4isi olla tulkinnanvaraa, totesi ICAHD Finlandin puheenjohtaja Syksy R\u00e4s\u00e4nen. Teija Laakso&nbsp;&nbsp;Maailma.net&nbsp;&nbsp;29.8.2019 Suomen ja EU:n asevientipolitiikka her\u00e4tti keskustelua tiistaina Helsingiss\u00e4 j\u00e4rjestetyss\u00e4 seminaarissa. Kysymys on ajankohtainen, sill\u00e4 viime [&hellip;]\" \/>\n<meta property=\"og:url\" content=\"https:\/\/www.icahd.fi\/en\/keskustelu-asekaupasta-pitaisi-nostaa-moraaliselle-tasolle-eu-maiden-asevienti-herattaa-huolta-asiantuntijoissa\/\" \/>\n<meta property=\"og:site_name\" content=\"ICAHD Finland\" \/>\n<meta property=\"article:publisher\" content=\"https:\/\/www.facebook.com\/icahdfinland\" \/>\n<meta property=\"article:published_time\" content=\"2019-12-07T13:58:10+00:00\" \/>\n<meta property=\"article:modified_time\" content=\"2019-12-07T13:58:12+00:00\" \/>\n<meta property=\"og:image\" content=\"https:\/\/www.icahd.fi\/wp-content\/uploads\/2019\/12\/asekauppa_halper_ra\u0308sa\u0308nen-paasonen.jpeg\" \/>\n\t<meta property=\"og:image:width\" content=\"2400\" \/>\n\t<meta property=\"og:image:height\" content=\"1600\" \/>\n\t<meta property=\"og:image:type\" content=\"image\/jpeg\" \/>\n<meta name=\"author\" content=\"Syksy\" \/>\n<meta name=\"twitter:card\" content=\"summary_large_image\" \/>\n<meta name=\"twitter:creator\" content=\"@icahdfinland\" \/>\n<meta name=\"twitter:site\" content=\"@icahdfinland\" \/>\n<meta name=\"twitter:label1\" content=\"Written by\" \/>\n\t<meta name=\"twitter:data1\" content=\"Syksy\" \/>\n\t<meta name=\"twitter:label2\" content=\"Estimated reading time\" \/>\n\t<meta name=\"twitter:data2\" content=\"3 minutes\" \/>\n<script type=\"application\/ld+json\" class=\"yoast-schema-graph\">{\"@context\":\"https:\\\/\\\/schema.org\",\"@graph\":[{\"@type\":\"Article\",\"@id\":\"https:\\\/\\\/www.icahd.fi\\\/keskustelu-asekaupasta-pitaisi-nostaa-moraaliselle-tasolle-eu-maiden-asevienti-herattaa-huolta-asiantuntijoissa\\\/#article\",\"isPartOf\":{\"@id\":\"https:\\\/\\\/www.icahd.fi\\\/keskustelu-asekaupasta-pitaisi-nostaa-moraaliselle-tasolle-eu-maiden-asevienti-herattaa-huolta-asiantuntijoissa\\\/\"},\"author\":{\"name\":\"Syksy\",\"@id\":\"https:\\\/\\\/www.icahd.fi\\\/#\\\/schema\\\/person\\\/1c69d30d135114d7a3a5d5454cf901f8\"},\"headline\":\"\u201dKeskustelu asekaupasta pit\u00e4isi nostaa moraaliselle tasolle\u201d \u2013 EU-maiden asevienti her\u00e4tt\u00e4\u00e4 huolta asiantuntijoissa\",\"datePublished\":\"2019-12-07T13:58:10+00:00\",\"dateModified\":\"2019-12-07T13:58:12+00:00\",\"mainEntityOfPage\":{\"@id\":\"https:\\\/\\\/www.icahd.fi\\\/keskustelu-asekaupasta-pitaisi-nostaa-moraaliselle-tasolle-eu-maiden-asevienti-herattaa-huolta-asiantuntijoissa\\\/\"},\"wordCount\":642,\"publisher\":{\"@id\":\"https:\\\/\\\/www.icahd.fi\\\/#organization\"},\"image\":{\"@id\":\"https:\\\/\\\/www.icahd.fi\\\/keskustelu-asekaupasta-pitaisi-nostaa-moraaliselle-tasolle-eu-maiden-asevienti-herattaa-huolta-asiantuntijoissa\\\/#primaryimage\"},\"thumbnailUrl\":\"https:\\\/\\\/www.icahd.fi\\\/wp-content\\\/uploads\\\/2019\\\/12\\\/asekauppa_halper_ra\u0308sa\u0308nen-paasonen.jpeg\",\"articleSection\":[\"Uutiset\"],\"inLanguage\":\"en-GB\"},{\"@type\":\"WebPage\",\"@id\":\"https:\\\/\\\/www.icahd.fi\\\/keskustelu-asekaupasta-pitaisi-nostaa-moraaliselle-tasolle-eu-maiden-asevienti-herattaa-huolta-asiantuntijoissa\\\/\",\"url\":\"https:\\\/\\\/www.icahd.fi\\\/keskustelu-asekaupasta-pitaisi-nostaa-moraaliselle-tasolle-eu-maiden-asevienti-herattaa-huolta-asiantuntijoissa\\\/\",\"name\":\"\u201dKeskustelu asekaupasta pit\u00e4isi nostaa moraaliselle tasolle\u201d \u2013 EU-maiden asevienti her\u00e4tt\u00e4\u00e4 huolta asiantuntijoissa - ICAHD Finland\",\"isPartOf\":{\"@id\":\"https:\\\/\\\/www.icahd.fi\\\/#website\"},\"primaryImageOfPage\":{\"@id\":\"https:\\\/\\\/www.icahd.fi\\\/keskustelu-asekaupasta-pitaisi-nostaa-moraaliselle-tasolle-eu-maiden-asevienti-herattaa-huolta-asiantuntijoissa\\\/#primaryimage\"},\"image\":{\"@id\":\"https:\\\/\\\/www.icahd.fi\\\/keskustelu-asekaupasta-pitaisi-nostaa-moraaliselle-tasolle-eu-maiden-asevienti-herattaa-huolta-asiantuntijoissa\\\/#primaryimage\"},\"thumbnailUrl\":\"https:\\\/\\\/www.icahd.fi\\\/wp-content\\\/uploads\\\/2019\\\/12\\\/asekauppa_halper_ra\u0308sa\u0308nen-paasonen.jpeg\",\"datePublished\":\"2019-12-07T13:58:10+00:00\",\"dateModified\":\"2019-12-07T13:58:12+00:00\",\"breadcrumb\":{\"@id\":\"https:\\\/\\\/www.icahd.fi\\\/keskustelu-asekaupasta-pitaisi-nostaa-moraaliselle-tasolle-eu-maiden-asevienti-herattaa-huolta-asiantuntijoissa\\\/#breadcrumb\"},\"inLanguage\":\"en-GB\",\"potentialAction\":[{\"@type\":\"ReadAction\",\"target\":[\"https:\\\/\\\/www.icahd.fi\\\/keskustelu-asekaupasta-pitaisi-nostaa-moraaliselle-tasolle-eu-maiden-asevienti-herattaa-huolta-asiantuntijoissa\\\/\"]}]},{\"@type\":\"ImageObject\",\"inLanguage\":\"en-GB\",\"@id\":\"https:\\\/\\\/www.icahd.fi\\\/keskustelu-asekaupasta-pitaisi-nostaa-moraaliselle-tasolle-eu-maiden-asevienti-herattaa-huolta-asiantuntijoissa\\\/#primaryimage\",\"url\":\"https:\\\/\\\/www.icahd.fi\\\/wp-content\\\/uploads\\\/2019\\\/12\\\/asekauppa_halper_ra\u0308sa\u0308nen-paasonen.jpeg\",\"contentUrl\":\"https:\\\/\\\/www.icahd.fi\\\/wp-content\\\/uploads\\\/2019\\\/12\\\/asekauppa_halper_ra\u0308sa\u0308nen-paasonen.jpeg\",\"width\":2400,\"height\":1600,\"caption\":\"Asekauppa on poliittinen kysymys, ja se tunnustetaan my\u00f6s hallitusohjelmassa, sanoi Safer Globel Finlandin vt. toiminnanjohtaja Kari Paasonen (oik.) rauhanj\u00e4rjest\u00f6jen seminaarissa. Kuvassa my\u00f6s antropologi, ICAHD-j\u00e4rjest\u00f6n perustaja Jeff Halper (vas.) ja ICAHD Finlandin puheenjohtaja Syksy R\u00e4s\u00e4nen. (Kuva: Teija Laakso)\"},{\"@type\":\"BreadcrumbList\",\"@id\":\"https:\\\/\\\/www.icahd.fi\\\/keskustelu-asekaupasta-pitaisi-nostaa-moraaliselle-tasolle-eu-maiden-asevienti-herattaa-huolta-asiantuntijoissa\\\/#breadcrumb\",\"itemListElement\":[{\"@type\":\"ListItem\",\"position\":1,\"name\":\"Home\",\"item\":\"https:\\\/\\\/www.icahd.fi\\\/\"},{\"@type\":\"ListItem\",\"position\":2,\"name\":\"\u201dKeskustelu asekaupasta pit\u00e4isi nostaa moraaliselle tasolle\u201d \u2013 EU-maiden asevienti her\u00e4tt\u00e4\u00e4 huolta asiantuntijoissa\"}]},{\"@type\":\"WebSite\",\"@id\":\"https:\\\/\\\/www.icahd.fi\\\/#website\",\"url\":\"https:\\\/\\\/www.icahd.fi\\\/\",\"name\":\"ICAHD Finland\",\"description\":\"Yht&auml;l&auml;isten oikeuksien puolesta, Israelin apartheidia vastaan\",\"publisher\":{\"@id\":\"https:\\\/\\\/www.icahd.fi\\\/#organization\"},\"potentialAction\":[{\"@type\":\"SearchAction\",\"target\":{\"@type\":\"EntryPoint\",\"urlTemplate\":\"https:\\\/\\\/www.icahd.fi\\\/?s={search_term_string}\"},\"query-input\":{\"@type\":\"PropertyValueSpecification\",\"valueRequired\":true,\"valueName\":\"search_term_string\"}}],\"inLanguage\":\"en-GB\"},{\"@type\":\"Organization\",\"@id\":\"https:\\\/\\\/www.icahd.fi\\\/#organization\",\"name\":\"ICAHD Finland\",\"url\":\"https:\\\/\\\/www.icahd.fi\\\/\",\"logo\":{\"@type\":\"ImageObject\",\"inLanguage\":\"en-GB\",\"@id\":\"https:\\\/\\\/www.icahd.fi\\\/#\\\/schema\\\/logo\\\/image\\\/\",\"url\":\"https:\\\/\\\/www.icahd.fi\\\/wp-content\\\/uploads\\\/2020\\\/01\\\/logo-teksti.png\",\"contentUrl\":\"https:\\\/\\\/www.icahd.fi\\\/wp-content\\\/uploads\\\/2020\\\/01\\\/logo-teksti.png\",\"width\":300,\"height\":109,\"caption\":\"ICAHD Finland\"},\"image\":{\"@id\":\"https:\\\/\\\/www.icahd.fi\\\/#\\\/schema\\\/logo\\\/image\\\/\"},\"sameAs\":[\"https:\\\/\\\/www.facebook.com\\\/icahdfinland\",\"https:\\\/\\\/x.com\\\/icahdfinland\"]},{\"@type\":\"Person\",\"@id\":\"https:\\\/\\\/www.icahd.fi\\\/#\\\/schema\\\/person\\\/1c69d30d135114d7a3a5d5454cf901f8\",\"name\":\"Syksy\",\"image\":{\"@type\":\"ImageObject\",\"inLanguage\":\"en-GB\",\"@id\":\"https:\\\/\\\/secure.gravatar.com\\\/avatar\\\/c8d8a8636968d9ebbc65828564da9c07ccf771e59b4ee6c4c57fde52c70ab3dc?s=96&d=mm&r=g\",\"url\":\"https:\\\/\\\/secure.gravatar.com\\\/avatar\\\/c8d8a8636968d9ebbc65828564da9c07ccf771e59b4ee6c4c57fde52c70ab3dc?s=96&d=mm&r=g\",\"contentUrl\":\"https:\\\/\\\/secure.gravatar.com\\\/avatar\\\/c8d8a8636968d9ebbc65828564da9c07ccf771e59b4ee6c4c57fde52c70ab3dc?s=96&d=mm&r=g\",\"caption\":\"Syksy\"}}]}<\/script>\n<!-- \/ Yoast SEO plugin. -->","yoast_head_json":{"title":"\u201dKeskustelu asekaupasta pit\u00e4isi nostaa moraaliselle tasolle\u201d \u2013 EU-maiden asevienti her\u00e4tt\u00e4\u00e4 huolta asiantuntijoissa - ICAHD Finland","robots":{"index":"index","follow":"follow","max-snippet":"max-snippet:-1","max-image-preview":"max-image-preview:large","max-video-preview":"max-video-preview:-1"},"canonical":"https:\/\/www.icahd.fi\/en\/keskustelu-asekaupasta-pitaisi-nostaa-moraaliselle-tasolle-eu-maiden-asevienti-herattaa-huolta-asiantuntijoissa\/","og_locale":"en_GB","og_type":"article","og_title":"\u201dKeskustelu asekaupasta pit\u00e4isi nostaa moraaliselle tasolle\u201d \u2013 EU-maiden asevienti her\u00e4tt\u00e4\u00e4 huolta asiantuntijoissa - ICAHD Finland","og_description":"Rauhanj\u00e4rjest\u00f6jen seminaarissa keskusteltiin EU:n aseviennist\u00e4 ja uudesta puolustusrahastosta. Vaikka EU:n yhteinen kanta kielt\u00e4\u00e4 aseviennin konfliktimaihin, k\u00e4yt\u00e4nn\u00f6ss\u00e4 se ei ole est\u00e4nyt kauppaa muun muassa Saudi-Arabian kanssa. Todellisuudessa kansainv\u00e4lisiss\u00e4 s\u00e4\u00e4nn\u00f6iss\u00e4 ei pit\u00e4isi olla tulkinnanvaraa, totesi ICAHD Finlandin puheenjohtaja Syksy R\u00e4s\u00e4nen. Teija Laakso&nbsp;&nbsp;Maailma.net&nbsp;&nbsp;29.8.2019 Suomen ja EU:n asevientipolitiikka her\u00e4tti keskustelua tiistaina Helsingiss\u00e4 j\u00e4rjestetyss\u00e4 seminaarissa. Kysymys on ajankohtainen, sill\u00e4 viime [&hellip;]","og_url":"https:\/\/www.icahd.fi\/en\/keskustelu-asekaupasta-pitaisi-nostaa-moraaliselle-tasolle-eu-maiden-asevienti-herattaa-huolta-asiantuntijoissa\/","og_site_name":"ICAHD Finland","article_publisher":"https:\/\/www.facebook.com\/icahdfinland","article_published_time":"2019-12-07T13:58:10+00:00","article_modified_time":"2019-12-07T13:58:12+00:00","og_image":[{"width":2400,"height":1600,"url":"https:\/\/www.icahd.fi\/wp-content\/uploads\/2019\/12\/asekauppa_halper_ra\u0308sa\u0308nen-paasonen.jpeg","type":"image\/jpeg"}],"author":"Syksy","twitter_card":"summary_large_image","twitter_creator":"@icahdfinland","twitter_site":"@icahdfinland","twitter_misc":{"Written by":"Syksy","Estimated reading time":"3 minutes"},"schema":{"@context":"https:\/\/schema.org","@graph":[{"@type":"Article","@id":"https:\/\/www.icahd.fi\/keskustelu-asekaupasta-pitaisi-nostaa-moraaliselle-tasolle-eu-maiden-asevienti-herattaa-huolta-asiantuntijoissa\/#article","isPartOf":{"@id":"https:\/\/www.icahd.fi\/keskustelu-asekaupasta-pitaisi-nostaa-moraaliselle-tasolle-eu-maiden-asevienti-herattaa-huolta-asiantuntijoissa\/"},"author":{"name":"Syksy","@id":"https:\/\/www.icahd.fi\/#\/schema\/person\/1c69d30d135114d7a3a5d5454cf901f8"},"headline":"\u201dKeskustelu asekaupasta pit\u00e4isi nostaa moraaliselle tasolle\u201d \u2013 EU-maiden asevienti her\u00e4tt\u00e4\u00e4 huolta asiantuntijoissa","datePublished":"2019-12-07T13:58:10+00:00","dateModified":"2019-12-07T13:58:12+00:00","mainEntityOfPage":{"@id":"https:\/\/www.icahd.fi\/keskustelu-asekaupasta-pitaisi-nostaa-moraaliselle-tasolle-eu-maiden-asevienti-herattaa-huolta-asiantuntijoissa\/"},"wordCount":642,"publisher":{"@id":"https:\/\/www.icahd.fi\/#organization"},"image":{"@id":"https:\/\/www.icahd.fi\/keskustelu-asekaupasta-pitaisi-nostaa-moraaliselle-tasolle-eu-maiden-asevienti-herattaa-huolta-asiantuntijoissa\/#primaryimage"},"thumbnailUrl":"https:\/\/www.icahd.fi\/wp-content\/uploads\/2019\/12\/asekauppa_halper_ra\u0308sa\u0308nen-paasonen.jpeg","articleSection":["Uutiset"],"inLanguage":"en-GB"},{"@type":"WebPage","@id":"https:\/\/www.icahd.fi\/keskustelu-asekaupasta-pitaisi-nostaa-moraaliselle-tasolle-eu-maiden-asevienti-herattaa-huolta-asiantuntijoissa\/","url":"https:\/\/www.icahd.fi\/keskustelu-asekaupasta-pitaisi-nostaa-moraaliselle-tasolle-eu-maiden-asevienti-herattaa-huolta-asiantuntijoissa\/","name":"\u201dKeskustelu asekaupasta pit\u00e4isi nostaa moraaliselle tasolle\u201d \u2013 EU-maiden asevienti her\u00e4tt\u00e4\u00e4 huolta asiantuntijoissa - ICAHD Finland","isPartOf":{"@id":"https:\/\/www.icahd.fi\/#website"},"primaryImageOfPage":{"@id":"https:\/\/www.icahd.fi\/keskustelu-asekaupasta-pitaisi-nostaa-moraaliselle-tasolle-eu-maiden-asevienti-herattaa-huolta-asiantuntijoissa\/#primaryimage"},"image":{"@id":"https:\/\/www.icahd.fi\/keskustelu-asekaupasta-pitaisi-nostaa-moraaliselle-tasolle-eu-maiden-asevienti-herattaa-huolta-asiantuntijoissa\/#primaryimage"},"thumbnailUrl":"https:\/\/www.icahd.fi\/wp-content\/uploads\/2019\/12\/asekauppa_halper_ra\u0308sa\u0308nen-paasonen.jpeg","datePublished":"2019-12-07T13:58:10+00:00","dateModified":"2019-12-07T13:58:12+00:00","breadcrumb":{"@id":"https:\/\/www.icahd.fi\/keskustelu-asekaupasta-pitaisi-nostaa-moraaliselle-tasolle-eu-maiden-asevienti-herattaa-huolta-asiantuntijoissa\/#breadcrumb"},"inLanguage":"en-GB","potentialAction":[{"@type":"ReadAction","target":["https:\/\/www.icahd.fi\/keskustelu-asekaupasta-pitaisi-nostaa-moraaliselle-tasolle-eu-maiden-asevienti-herattaa-huolta-asiantuntijoissa\/"]}]},{"@type":"ImageObject","inLanguage":"en-GB","@id":"https:\/\/www.icahd.fi\/keskustelu-asekaupasta-pitaisi-nostaa-moraaliselle-tasolle-eu-maiden-asevienti-herattaa-huolta-asiantuntijoissa\/#primaryimage","url":"https:\/\/www.icahd.fi\/wp-content\/uploads\/2019\/12\/asekauppa_halper_ra\u0308sa\u0308nen-paasonen.jpeg","contentUrl":"https:\/\/www.icahd.fi\/wp-content\/uploads\/2019\/12\/asekauppa_halper_ra\u0308sa\u0308nen-paasonen.jpeg","width":2400,"height":1600,"caption":"Asekauppa on poliittinen kysymys, ja se tunnustetaan my\u00f6s hallitusohjelmassa, sanoi Safer Globel Finlandin vt. toiminnanjohtaja Kari Paasonen (oik.) rauhanj\u00e4rjest\u00f6jen seminaarissa. Kuvassa my\u00f6s antropologi, ICAHD-j\u00e4rjest\u00f6n perustaja Jeff Halper (vas.) ja ICAHD Finlandin puheenjohtaja Syksy R\u00e4s\u00e4nen. (Kuva: Teija Laakso)"},{"@type":"BreadcrumbList","@id":"https:\/\/www.icahd.fi\/keskustelu-asekaupasta-pitaisi-nostaa-moraaliselle-tasolle-eu-maiden-asevienti-herattaa-huolta-asiantuntijoissa\/#breadcrumb","itemListElement":[{"@type":"ListItem","position":1,"name":"Home","item":"https:\/\/www.icahd.fi\/"},{"@type":"ListItem","position":2,"name":"\u201dKeskustelu asekaupasta pit\u00e4isi nostaa moraaliselle tasolle\u201d \u2013 EU-maiden asevienti her\u00e4tt\u00e4\u00e4 huolta asiantuntijoissa"}]},{"@type":"WebSite","@id":"https:\/\/www.icahd.fi\/#website","url":"https:\/\/www.icahd.fi\/","name":"In 2012, ICAHD Finland","description":"Yht&auml;l&auml;isten oikeuksien puolesta, Israelin apartheidia vastaan","publisher":{"@id":"https:\/\/www.icahd.fi\/#organization"},"potentialAction":[{"@type":"SearchAction","target":{"@type":"EntryPoint","urlTemplate":"https:\/\/www.icahd.fi\/?s={search_term_string}"},"query-input":{"@type":"PropertyValueSpecification","valueRequired":true,"valueName":"search_term_string"}}],"inLanguage":"en-GB"},{"@type":"Organization","@id":"https:\/\/www.icahd.fi\/#organization","name":"In 2012, ICAHD Finland","url":"https:\/\/www.icahd.fi\/","logo":{"@type":"ImageObject","inLanguage":"en-GB","@id":"https:\/\/www.icahd.fi\/#\/schema\/logo\/image\/","url":"https:\/\/www.icahd.fi\/wp-content\/uploads\/2020\/01\/logo-teksti.png","contentUrl":"https:\/\/www.icahd.fi\/wp-content\/uploads\/2020\/01\/logo-teksti.png","width":300,"height":109,"caption":"ICAHD Finland"},"image":{"@id":"https:\/\/www.icahd.fi\/#\/schema\/logo\/image\/"},"sameAs":["https:\/\/www.facebook.com\/icahdfinland","https:\/\/x.com\/icahdfinland"]},{"@type":"Person","@id":"https:\/\/www.icahd.fi\/#\/schema\/person\/1c69d30d135114d7a3a5d5454cf901f8","name":"Syksy","image":{"@type":"ImageObject","inLanguage":"en-GB","@id":"https:\/\/secure.gravatar.com\/avatar\/c8d8a8636968d9ebbc65828564da9c07ccf771e59b4ee6c4c57fde52c70ab3dc?s=96&d=mm&r=g","url":"https:\/\/secure.gravatar.com\/avatar\/c8d8a8636968d9ebbc65828564da9c07ccf771e59b4ee6c4c57fde52c70ab3dc?s=96&d=mm&r=g","contentUrl":"https:\/\/secure.gravatar.com\/avatar\/c8d8a8636968d9ebbc65828564da9c07ccf771e59b4ee6c4c57fde52c70ab3dc?s=96&d=mm&r=g","caption":"Syksy"}}]}},"acf":[],"_links":{"self":[{"href":"https:\/\/www.icahd.fi\/en\/wp-json\/wp\/v2\/posts\/11226","targetHints":{"allow":["GET"]}}],"collection":[{"href":"https:\/\/www.icahd.fi\/en\/wp-json\/wp\/v2\/posts"}],"about":[{"href":"https:\/\/www.icahd.fi\/en\/wp-json\/wp\/v2\/types\/post"}],"author":[{"embeddable":true,"href":"https:\/\/www.icahd.fi\/en\/wp-json\/wp\/v2\/users\/9"}],"replies":[{"embeddable":true,"href":"https:\/\/www.icahd.fi\/en\/wp-json\/wp\/v2\/comments?post=11226"}],"version-history":[{"count":1,"href":"https:\/\/www.icahd.fi\/en\/wp-json\/wp\/v2\/posts\/11226\/revisions"}],"predecessor-version":[{"id":11229,"href":"https:\/\/www.icahd.fi\/en\/wp-json\/wp\/v2\/posts\/11226\/revisions\/11229"}],"wp:featuredmedia":[{"embeddable":true,"href":"https:\/\/www.icahd.fi\/en\/wp-json\/wp\/v2\/media\/11228"}],"wp:attachment":[{"href":"https:\/\/www.icahd.fi\/en\/wp-json\/wp\/v2\/media?parent=11226"}],"wp:term":[{"taxonomy":"category","embeddable":true,"href":"https:\/\/www.icahd.fi\/en\/wp-json\/wp\/v2\/categories?post=11226"},{"taxonomy":"post_tag","embeddable":true,"href":"https:\/\/www.icahd.fi\/en\/wp-json\/wp\/v2\/tags?post=11226"}],"curies":[{"name":"wp","href":"https:\/\/api.w.org\/{rel}","templated":true}]}}