{"id":1047,"date":"2010-04-19T17:36:28","date_gmt":"2010-04-19T14:36:28","guid":{"rendered":"http:\/\/icahd.fi\/?p=1047"},"modified":"2010-04-19T17:36:28","modified_gmt":"2010-04-19T14:36:28","slug":"kahden-valtion-ratkaisu-maaritellaan-israelin-retoriikassa-vain-ani-harvoin-kansainvalisesti-ymmaretylla-tavalla-israelin-vetaytymisena-vuoden-1967-rajoille-ja-molemminpuolisten-hyokaamattomyystak","status":"publish","type":"post","link":"https:\/\/www.icahd.fi\/en\/kahden-valtion-ratkaisu-maaritellaan-israelin-retoriikassa-vain-ani-harvoin-kansainvalisesti-ymmaretylla-tavalla-israelin-vetaytymisena-vuoden-1967-rajoille-ja-molemminpuolisten-hyokaamattomyystak\/","title":{"rendered":":: Kahden valtion ratkaisu m\u00e4\u00e4ritell\u00e4\u00e4n Israelin retoriikassa vain ani harvoin kansainv\u00e4lisesti ymm\u00e4rretyll\u00e4 tavalla: Israelin vet\u00e4ytymisen\u00e4 vuoden 1967 rajoille ja molemminpuolisiin hy\u00f6k\u00e4\u00e4m\u00e4tt\u00f6myystakuisiin sitoutumisena. Barak ei n\u00e4in ollen tarkenna, millaisesta kahden valtion ratkaisusta h\u00e4n puhuu. Vet\u00e4ytymisest\u00e4 kansainv\u00e4lisesti tunnustetuille rajoille vai osittaisesta, Israelin itsens\u00e4 m\u00e4\u00e4ritt\u00e4m\u00e4st\u00e4 n\u00e4enn\u00e4isvet\u00e4ytymisest\u00e4?"},"content":{"rendered":"<p><em>Barak: Israelin miehityksen p\u00e4\u00e4tytt\u00e4v\u00e4<\/em> (YLE: 19.4.2010)<\/p>\n<p><!--more--><\/p>\n<div><img decoding=\"async\" src=\"http:\/\/yle.fi\/ecepic\/archive\/00301\/ehud_barak_israel_p_301514b.jpg\" alt=\"Ehud Barak istuu h\u00e4vitt\u00e4j\u00e4koneen ohjaamossa\" \/><\/div>\n<div>\n<p>Kenraalimajuri Ido Nehoshtan esittelee   puolustusministeri Ehud Barakille F-16-h\u00e4vitt\u00e4j\u00e4\u00e4 Ramat Davidin  lentotukikohdassa<\/p>\n<p>Kuva: Ariel Hermoni \/ Israelin puolustusvoimat \/  EPA<\/p>\n<\/div>\n<div>\n<p>Israelin puolustusministeri Ehud Barak sanoo, ett\u00e4 L\u00e4hi-id\u00e4n konfliktin  voi    ratkaista vain antamalla palestiinalaisten hallita itse\u00e4\u00e4n. Barakin  mukaan    Israelin on my\u00f6nnett\u00e4v\u00e4, ettei maailma tule siet\u00e4m\u00e4\u00e4n sen  vuosikymmeni\u00e4    jatkuvaa hallintoa palestiinalaisalueilla.<\/p>\n<\/div>\n<div>\n<p>Barak sanoi kaatuneiden muistop\u00e4iv\u00e4n haastattelussa Israelin radiossa,  ett\u00e4    Israel on riitt\u00e4v\u00e4n voimakas voidakseen sallia kahden valtion  ratkaisun. Jos    ratkaisu ei onnistu, maailma tiet\u00e4\u00e4, ettei se ole Israelin syy, Barak  sanoi.<\/p>\n<p>Barak piti my\u00f6s Israelin ja Yhdysvaltain suhteiden viilenemist\u00e4  vahingollisena    maalleen. Puolustusministerin mukaan Israel voi kohentaa tilannetta    ryhtym\u00e4ll\u00e4 ajamaan rauhanaloitetta, jossa otetaan huomioon kaikki  Israelin    ja palestiinalaisten suurimmat kiistakysymykset.<\/p>\n<p>Yritykset k\u00e4ynnist\u00e4\u00e4 uudelleen rauhanneuvottelut Israelin ja  palestiinalaisten    v\u00e4lille ovat kilpistyneet Israelin p\u00e4\u00e4t\u00f6kseen laajentaa    juutalaissiirtokuntia It\u00e4-Jerusalemissa. My\u00f6s Israelin ja Yhdysvaltain     suhteet ovat olleet sen takia alamaissa.<\/p>\n<p>Helmikuussa Barak her\u00e4tti huomiota sanomalla, ett\u00e4 Israelista on  vaarassa    tulla apartheid-valtio, jos rauhansopimusta palestiinalaisten kanssa  ei    saada aikaan. Vertausta pidettiin ep\u00e4tavallisena kielenk\u00e4ytt\u00f6n\u00e4  Israelin    johdolta.<\/p>\n<p>Maanantain haastattelussa puolustusministeri sanoi my\u00f6s, ettei Iran ole    v\u00e4lit\u00f6n uhka Israelin olemassaololle. H\u00e4n totesi kuitenkin Iranin  mahdollisen    ydinaseen olevan uhka koko alueelle ja varoitti varustelukierteest\u00e4    L\u00e4hi-id\u00e4ss\u00e4. My\u00f6s Israelin presidentti Shimon Peres    varoitti muistop\u00e4iv\u00e4n puheessaan maailmaa aliarvioimasta Iranin  ydinohjelman    uhkaa.<\/p>\n<div>\n<p>AP, YLE Uutiset<\/p>\n<\/div>\n<\/div>","protected":false},"excerpt":{"rendered":"<p>Barak: Israelin miehityksen p\u00e4\u00e4tytt\u00e4v\u00e4 (YLE: 19.4.2010)<\/p>","protected":false},"author":9,"featured_media":0,"comment_status":"closed","ping_status":"closed","sticky":false,"template":"","format":"standard","meta":{"zakra_page_container_layout":"customizer","zakra_page_sidebar_layout":"customizer","zakra_remove_content_margin":false,"zakra_sidebar":"customizer","zakra_transparent_header":"customizer","zakra_logo":0,"zakra_main_header_style":"default","zakra_menu_item_color":"","zakra_menu_item_hover_color":"","zakra_menu_item_active_color":"","zakra_menu_active_style":"","zakra_page_header":true,"footnotes":""},"categories":[29],"tags":[],"class_list":["post-1047","post","type-post","status-publish","format-standard","hentry","category-uutiset"],"yoast_head":"<!-- This site is optimized with the Yoast SEO plugin v27.5 - https:\/\/yoast.com\/product\/yoast-seo-wordpress\/ -->\n<title>:: Kahden valtion ratkaisu m\u00e4\u00e4ritell\u00e4\u00e4n Israelin retoriikassa vain ani harvoin kansainv\u00e4lisesti ymm\u00e4rretyll\u00e4 tavalla: Israelin vet\u00e4ytymisen\u00e4 vuoden 1967 rajoille ja molemminpuolisiin hy\u00f6k\u00e4\u00e4m\u00e4tt\u00f6myystakuisiin sitoutumisena. Barak ei n\u00e4in ollen tarkenna, millaisesta kahden valtion ratkaisusta h\u00e4n puhuu. Vet\u00e4ytymisest\u00e4 kansainv\u00e4lisesti tunnustetuille rajoille vai osittaisesta, Israelin itsens\u00e4 m\u00e4\u00e4ritt\u00e4m\u00e4st\u00e4 n\u00e4enn\u00e4isvet\u00e4ytymisest\u00e4? - ICAHD Finland<\/title>\n<meta name=\"robots\" content=\"index, follow, max-snippet:-1, max-image-preview:large, max-video-preview:-1\" \/>\n<link rel=\"canonical\" href=\"https:\/\/www.icahd.fi\/en\/kahden-valtion-ratkaisu-maaritellaan-israelin-retoriikassa-vain-ani-harvoin-kansainvalisesti-ymmaretylla-tavalla-israelin-vetaytymisena-vuoden-1967-rajoille-ja-molemminpuolisten-hyokaamattomyystak\/\" \/>\n<meta property=\"og:locale\" content=\"en_GB\" \/>\n<meta property=\"og:type\" content=\"article\" \/>\n<meta property=\"og:title\" content=\":: Kahden valtion ratkaisu m\u00e4\u00e4ritell\u00e4\u00e4n Israelin retoriikassa vain ani harvoin kansainv\u00e4lisesti ymm\u00e4rretyll\u00e4 tavalla: Israelin vet\u00e4ytymisen\u00e4 vuoden 1967 rajoille ja molemminpuolisiin hy\u00f6k\u00e4\u00e4m\u00e4tt\u00f6myystakuisiin sitoutumisena. Barak ei n\u00e4in ollen tarkenna, millaisesta kahden valtion ratkaisusta h\u00e4n puhuu. Vet\u00e4ytymisest\u00e4 kansainv\u00e4lisesti tunnustetuille rajoille vai osittaisesta, Israelin itsens\u00e4 m\u00e4\u00e4ritt\u00e4m\u00e4st\u00e4 n\u00e4enn\u00e4isvet\u00e4ytymisest\u00e4? - ICAHD Finland\" \/>\n<meta property=\"og:description\" content=\"Barak: Israelin miehityksen p\u00e4\u00e4tytt\u00e4v\u00e4 (YLE: 19.4.2010)\" \/>\n<meta property=\"og:url\" content=\"https:\/\/www.icahd.fi\/en\/kahden-valtion-ratkaisu-maaritellaan-israelin-retoriikassa-vain-ani-harvoin-kansainvalisesti-ymmaretylla-tavalla-israelin-vetaytymisena-vuoden-1967-rajoille-ja-molemminpuolisten-hyokaamattomyystak\/\" \/>\n<meta property=\"og:site_name\" content=\"ICAHD Finland\" \/>\n<meta property=\"article:publisher\" content=\"https:\/\/www.facebook.com\/icahdfinland\" \/>\n<meta property=\"article:published_time\" content=\"2010-04-19T14:36:28+00:00\" \/>\n<meta property=\"og:image\" content=\"http:\/\/yle.fi\/ecepic\/archive\/00301\/ehud_barak_israel_p_301514b.jpg\" \/>\n<meta name=\"author\" content=\"Syksy\" \/>\n<meta name=\"twitter:card\" content=\"summary_large_image\" \/>\n<meta name=\"twitter:creator\" content=\"@icahdfinland\" \/>\n<meta name=\"twitter:site\" content=\"@icahdfinland\" \/>\n<meta name=\"twitter:label1\" content=\"Written by\" \/>\n\t<meta name=\"twitter:data1\" content=\"Syksy\" \/>\n\t<meta name=\"twitter:label2\" content=\"Estimated reading time\" \/>\n\t<meta name=\"twitter:data2\" content=\"1 minute\" \/>\n<script type=\"application\/ld+json\" class=\"yoast-schema-graph\">{\"@context\":\"https:\\\/\\\/schema.org\",\"@graph\":[{\"@type\":\"Article\",\"@id\":\"https:\\\/\\\/www.icahd.fi\\\/kahden-valtion-ratkaisu-maaritellaan-israelin-retoriikassa-vain-ani-harvoin-kansainvalisesti-ymmaretylla-tavalla-israelin-vetaytymisena-vuoden-1967-rajoille-ja-molemminpuolisten-hyokaamattomyystak\\\/#article\",\"isPartOf\":{\"@id\":\"https:\\\/\\\/www.icahd.fi\\\/kahden-valtion-ratkaisu-maaritellaan-israelin-retoriikassa-vain-ani-harvoin-kansainvalisesti-ymmaretylla-tavalla-israelin-vetaytymisena-vuoden-1967-rajoille-ja-molemminpuolisten-hyokaamattomyystak\\\/\"},\"author\":{\"name\":\"Syksy\",\"@id\":\"https:\\\/\\\/www.icahd.fi\\\/#\\\/schema\\\/person\\\/1c69d30d135114d7a3a5d5454cf901f8\"},\"headline\":\":: Kahden valtion ratkaisu m\u00e4\u00e4ritell\u00e4\u00e4n Israelin retoriikassa vain ani harvoin kansainv\u00e4lisesti ymm\u00e4rretyll\u00e4 tavalla: Israelin vet\u00e4ytymisen\u00e4 vuoden 1967 rajoille ja molemminpuolisiin hy\u00f6k\u00e4\u00e4m\u00e4tt\u00f6myystakuisiin sitoutumisena. Barak ei n\u00e4in ollen tarkenna, millaisesta kahden valtion ratkaisusta h\u00e4n puhuu. Vet\u00e4ytymisest\u00e4 kansainv\u00e4lisesti tunnustetuille rajoille vai osittaisesta, Israelin itsens\u00e4 m\u00e4\u00e4ritt\u00e4m\u00e4st\u00e4 n\u00e4enn\u00e4isvet\u00e4ytymisest\u00e4?\",\"datePublished\":\"2010-04-19T14:36:28+00:00\",\"mainEntityOfPage\":{\"@id\":\"https:\\\/\\\/www.icahd.fi\\\/kahden-valtion-ratkaisu-maaritellaan-israelin-retoriikassa-vain-ani-harvoin-kansainvalisesti-ymmaretylla-tavalla-israelin-vetaytymisena-vuoden-1967-rajoille-ja-molemminpuolisten-hyokaamattomyystak\\\/\"},\"wordCount\":297,\"publisher\":{\"@id\":\"https:\\\/\\\/www.icahd.fi\\\/#organization\"},\"image\":{\"@id\":\"https:\\\/\\\/www.icahd.fi\\\/kahden-valtion-ratkaisu-maaritellaan-israelin-retoriikassa-vain-ani-harvoin-kansainvalisesti-ymmaretylla-tavalla-israelin-vetaytymisena-vuoden-1967-rajoille-ja-molemminpuolisten-hyokaamattomyystak\\\/#primaryimage\"},\"thumbnailUrl\":\"http:\\\/\\\/yle.fi\\\/ecepic\\\/archive\\\/00301\\\/ehud_barak_israel_p_301514b.jpg\",\"articleSection\":[\"Uutiset\"],\"inLanguage\":\"en-GB\"},{\"@type\":\"WebPage\",\"@id\":\"https:\\\/\\\/www.icahd.fi\\\/kahden-valtion-ratkaisu-maaritellaan-israelin-retoriikassa-vain-ani-harvoin-kansainvalisesti-ymmaretylla-tavalla-israelin-vetaytymisena-vuoden-1967-rajoille-ja-molemminpuolisten-hyokaamattomyystak\\\/\",\"url\":\"https:\\\/\\\/www.icahd.fi\\\/kahden-valtion-ratkaisu-maaritellaan-israelin-retoriikassa-vain-ani-harvoin-kansainvalisesti-ymmaretylla-tavalla-israelin-vetaytymisena-vuoden-1967-rajoille-ja-molemminpuolisten-hyokaamattomyystak\\\/\",\"name\":\":: Kahden valtion ratkaisu m\u00e4\u00e4ritell\u00e4\u00e4n Israelin retoriikassa vain ani harvoin kansainv\u00e4lisesti ymm\u00e4rretyll\u00e4 tavalla: Israelin vet\u00e4ytymisen\u00e4 vuoden 1967 rajoille ja molemminpuolisiin hy\u00f6k\u00e4\u00e4m\u00e4tt\u00f6myystakuisiin sitoutumisena. Barak ei n\u00e4in ollen tarkenna, millaisesta kahden valtion ratkaisusta h\u00e4n puhuu. Vet\u00e4ytymisest\u00e4 kansainv\u00e4lisesti tunnustetuille rajoille vai osittaisesta, Israelin itsens\u00e4 m\u00e4\u00e4ritt\u00e4m\u00e4st\u00e4 n\u00e4enn\u00e4isvet\u00e4ytymisest\u00e4? - ICAHD Finland\",\"isPartOf\":{\"@id\":\"https:\\\/\\\/www.icahd.fi\\\/#website\"},\"primaryImageOfPage\":{\"@id\":\"https:\\\/\\\/www.icahd.fi\\\/kahden-valtion-ratkaisu-maaritellaan-israelin-retoriikassa-vain-ani-harvoin-kansainvalisesti-ymmaretylla-tavalla-israelin-vetaytymisena-vuoden-1967-rajoille-ja-molemminpuolisten-hyokaamattomyystak\\\/#primaryimage\"},\"image\":{\"@id\":\"https:\\\/\\\/www.icahd.fi\\\/kahden-valtion-ratkaisu-maaritellaan-israelin-retoriikassa-vain-ani-harvoin-kansainvalisesti-ymmaretylla-tavalla-israelin-vetaytymisena-vuoden-1967-rajoille-ja-molemminpuolisten-hyokaamattomyystak\\\/#primaryimage\"},\"thumbnailUrl\":\"http:\\\/\\\/yle.fi\\\/ecepic\\\/archive\\\/00301\\\/ehud_barak_israel_p_301514b.jpg\",\"datePublished\":\"2010-04-19T14:36:28+00:00\",\"breadcrumb\":{\"@id\":\"https:\\\/\\\/www.icahd.fi\\\/kahden-valtion-ratkaisu-maaritellaan-israelin-retoriikassa-vain-ani-harvoin-kansainvalisesti-ymmaretylla-tavalla-israelin-vetaytymisena-vuoden-1967-rajoille-ja-molemminpuolisten-hyokaamattomyystak\\\/#breadcrumb\"},\"inLanguage\":\"en-GB\",\"potentialAction\":[{\"@type\":\"ReadAction\",\"target\":[\"https:\\\/\\\/www.icahd.fi\\\/kahden-valtion-ratkaisu-maaritellaan-israelin-retoriikassa-vain-ani-harvoin-kansainvalisesti-ymmaretylla-tavalla-israelin-vetaytymisena-vuoden-1967-rajoille-ja-molemminpuolisten-hyokaamattomyystak\\\/\"]}]},{\"@type\":\"ImageObject\",\"inLanguage\":\"en-GB\",\"@id\":\"https:\\\/\\\/www.icahd.fi\\\/kahden-valtion-ratkaisu-maaritellaan-israelin-retoriikassa-vain-ani-harvoin-kansainvalisesti-ymmaretylla-tavalla-israelin-vetaytymisena-vuoden-1967-rajoille-ja-molemminpuolisten-hyokaamattomyystak\\\/#primaryimage\",\"url\":\"http:\\\/\\\/yle.fi\\\/ecepic\\\/archive\\\/00301\\\/ehud_barak_israel_p_301514b.jpg\",\"contentUrl\":\"http:\\\/\\\/yle.fi\\\/ecepic\\\/archive\\\/00301\\\/ehud_barak_israel_p_301514b.jpg\"},{\"@type\":\"BreadcrumbList\",\"@id\":\"https:\\\/\\\/www.icahd.fi\\\/kahden-valtion-ratkaisu-maaritellaan-israelin-retoriikassa-vain-ani-harvoin-kansainvalisesti-ymmaretylla-tavalla-israelin-vetaytymisena-vuoden-1967-rajoille-ja-molemminpuolisten-hyokaamattomyystak\\\/#breadcrumb\",\"itemListElement\":[{\"@type\":\"ListItem\",\"position\":1,\"name\":\"Home\",\"item\":\"https:\\\/\\\/www.icahd.fi\\\/\"},{\"@type\":\"ListItem\",\"position\":2,\"name\":\":: Kahden valtion ratkaisu m\u00e4\u00e4ritell\u00e4\u00e4n Israelin retoriikassa vain ani harvoin kansainv\u00e4lisesti ymm\u00e4rretyll\u00e4 tavalla: Israelin vet\u00e4ytymisen\u00e4 vuoden 1967 rajoille ja molemminpuolisiin hy\u00f6k\u00e4\u00e4m\u00e4tt\u00f6myystakuisiin sitoutumisena. Barak ei n\u00e4in ollen tarkenna, millaisesta kahden valtion ratkaisusta h\u00e4n puhuu. Vet\u00e4ytymisest\u00e4 kansainv\u00e4lisesti tunnustetuille rajoille vai osittaisesta, Israelin itsens\u00e4 m\u00e4\u00e4ritt\u00e4m\u00e4st\u00e4 n\u00e4enn\u00e4isvet\u00e4ytymisest\u00e4?\"}]},{\"@type\":\"WebSite\",\"@id\":\"https:\\\/\\\/www.icahd.fi\\\/#website\",\"url\":\"https:\\\/\\\/www.icahd.fi\\\/\",\"name\":\"ICAHD Finland\",\"description\":\"Yht&auml;l&auml;isten oikeuksien puolesta, Israelin apartheidia vastaan\",\"publisher\":{\"@id\":\"https:\\\/\\\/www.icahd.fi\\\/#organization\"},\"potentialAction\":[{\"@type\":\"SearchAction\",\"target\":{\"@type\":\"EntryPoint\",\"urlTemplate\":\"https:\\\/\\\/www.icahd.fi\\\/?s={search_term_string}\"},\"query-input\":{\"@type\":\"PropertyValueSpecification\",\"valueRequired\":true,\"valueName\":\"search_term_string\"}}],\"inLanguage\":\"en-GB\"},{\"@type\":\"Organization\",\"@id\":\"https:\\\/\\\/www.icahd.fi\\\/#organization\",\"name\":\"ICAHD Finland\",\"url\":\"https:\\\/\\\/www.icahd.fi\\\/\",\"logo\":{\"@type\":\"ImageObject\",\"inLanguage\":\"en-GB\",\"@id\":\"https:\\\/\\\/www.icahd.fi\\\/#\\\/schema\\\/logo\\\/image\\\/\",\"url\":\"https:\\\/\\\/www.icahd.fi\\\/wp-content\\\/uploads\\\/2020\\\/01\\\/logo-teksti.png\",\"contentUrl\":\"https:\\\/\\\/www.icahd.fi\\\/wp-content\\\/uploads\\\/2020\\\/01\\\/logo-teksti.png\",\"width\":300,\"height\":109,\"caption\":\"ICAHD Finland\"},\"image\":{\"@id\":\"https:\\\/\\\/www.icahd.fi\\\/#\\\/schema\\\/logo\\\/image\\\/\"},\"sameAs\":[\"https:\\\/\\\/www.facebook.com\\\/icahdfinland\",\"https:\\\/\\\/x.com\\\/icahdfinland\"]},{\"@type\":\"Person\",\"@id\":\"https:\\\/\\\/www.icahd.fi\\\/#\\\/schema\\\/person\\\/1c69d30d135114d7a3a5d5454cf901f8\",\"name\":\"Syksy\",\"image\":{\"@type\":\"ImageObject\",\"inLanguage\":\"en-GB\",\"@id\":\"https:\\\/\\\/secure.gravatar.com\\\/avatar\\\/c8d8a8636968d9ebbc65828564da9c07ccf771e59b4ee6c4c57fde52c70ab3dc?s=96&d=mm&r=g\",\"url\":\"https:\\\/\\\/secure.gravatar.com\\\/avatar\\\/c8d8a8636968d9ebbc65828564da9c07ccf771e59b4ee6c4c57fde52c70ab3dc?s=96&d=mm&r=g\",\"contentUrl\":\"https:\\\/\\\/secure.gravatar.com\\\/avatar\\\/c8d8a8636968d9ebbc65828564da9c07ccf771e59b4ee6c4c57fde52c70ab3dc?s=96&d=mm&r=g\",\"caption\":\"Syksy\"}}]}<\/script>\n<!-- \/ Yoast SEO plugin. -->","yoast_head_json":{"title":":: Kahden valtion ratkaisu m\u00e4\u00e4ritell\u00e4\u00e4n Israelin retoriikassa vain ani harvoin kansainv\u00e4lisesti ymm\u00e4rretyll\u00e4 tavalla: Israelin vet\u00e4ytymisen\u00e4 vuoden 1967 rajoille ja molemminpuolisiin hy\u00f6k\u00e4\u00e4m\u00e4tt\u00f6myystakuisiin sitoutumisena. Barak ei n\u00e4in ollen tarkenna, millaisesta kahden valtion ratkaisusta h\u00e4n puhuu. Vet\u00e4ytymisest\u00e4 kansainv\u00e4lisesti tunnustetuille rajoille vai osittaisesta, Israelin itsens\u00e4 m\u00e4\u00e4ritt\u00e4m\u00e4st\u00e4 n\u00e4enn\u00e4isvet\u00e4ytymisest\u00e4? - ICAHD Finland","robots":{"index":"index","follow":"follow","max-snippet":"max-snippet:-1","max-image-preview":"max-image-preview:large","max-video-preview":"max-video-preview:-1"},"canonical":"https:\/\/www.icahd.fi\/en\/kahden-valtion-ratkaisu-maaritellaan-israelin-retoriikassa-vain-ani-harvoin-kansainvalisesti-ymmaretylla-tavalla-israelin-vetaytymisena-vuoden-1967-rajoille-ja-molemminpuolisten-hyokaamattomyystak\/","og_locale":"en_GB","og_type":"article","og_title":":: Kahden valtion ratkaisu m\u00e4\u00e4ritell\u00e4\u00e4n Israelin retoriikassa vain ani harvoin kansainv\u00e4lisesti ymm\u00e4rretyll\u00e4 tavalla: Israelin vet\u00e4ytymisen\u00e4 vuoden 1967 rajoille ja molemminpuolisiin hy\u00f6k\u00e4\u00e4m\u00e4tt\u00f6myystakuisiin sitoutumisena. Barak ei n\u00e4in ollen tarkenna, millaisesta kahden valtion ratkaisusta h\u00e4n puhuu. Vet\u00e4ytymisest\u00e4 kansainv\u00e4lisesti tunnustetuille rajoille vai osittaisesta, Israelin itsens\u00e4 m\u00e4\u00e4ritt\u00e4m\u00e4st\u00e4 n\u00e4enn\u00e4isvet\u00e4ytymisest\u00e4? - ICAHD Finland","og_description":"Barak: Israelin miehityksen p\u00e4\u00e4tytt\u00e4v\u00e4 (YLE: 19.4.2010)","og_url":"https:\/\/www.icahd.fi\/en\/kahden-valtion-ratkaisu-maaritellaan-israelin-retoriikassa-vain-ani-harvoin-kansainvalisesti-ymmaretylla-tavalla-israelin-vetaytymisena-vuoden-1967-rajoille-ja-molemminpuolisten-hyokaamattomyystak\/","og_site_name":"ICAHD Finland","article_publisher":"https:\/\/www.facebook.com\/icahdfinland","article_published_time":"2010-04-19T14:36:28+00:00","og_image":[{"url":"http:\/\/yle.fi\/ecepic\/archive\/00301\/ehud_barak_israel_p_301514b.jpg","type":"","width":"","height":""}],"author":"Syksy","twitter_card":"summary_large_image","twitter_creator":"@icahdfinland","twitter_site":"@icahdfinland","twitter_misc":{"Written by":"Syksy","Estimated reading time":"1 minute"},"schema":{"@context":"https:\/\/schema.org","@graph":[{"@type":"Article","@id":"https:\/\/www.icahd.fi\/kahden-valtion-ratkaisu-maaritellaan-israelin-retoriikassa-vain-ani-harvoin-kansainvalisesti-ymmaretylla-tavalla-israelin-vetaytymisena-vuoden-1967-rajoille-ja-molemminpuolisten-hyokaamattomyystak\/#article","isPartOf":{"@id":"https:\/\/www.icahd.fi\/kahden-valtion-ratkaisu-maaritellaan-israelin-retoriikassa-vain-ani-harvoin-kansainvalisesti-ymmaretylla-tavalla-israelin-vetaytymisena-vuoden-1967-rajoille-ja-molemminpuolisten-hyokaamattomyystak\/"},"author":{"name":"Syksy","@id":"https:\/\/www.icahd.fi\/#\/schema\/person\/1c69d30d135114d7a3a5d5454cf901f8"},"headline":":: Kahden valtion ratkaisu m\u00e4\u00e4ritell\u00e4\u00e4n Israelin retoriikassa vain ani harvoin kansainv\u00e4lisesti ymm\u00e4rretyll\u00e4 tavalla: Israelin vet\u00e4ytymisen\u00e4 vuoden 1967 rajoille ja molemminpuolisiin hy\u00f6k\u00e4\u00e4m\u00e4tt\u00f6myystakuisiin sitoutumisena. Barak ei n\u00e4in ollen tarkenna, millaisesta kahden valtion ratkaisusta h\u00e4n puhuu. Vet\u00e4ytymisest\u00e4 kansainv\u00e4lisesti tunnustetuille rajoille vai osittaisesta, Israelin itsens\u00e4 m\u00e4\u00e4ritt\u00e4m\u00e4st\u00e4 n\u00e4enn\u00e4isvet\u00e4ytymisest\u00e4?","datePublished":"2010-04-19T14:36:28+00:00","mainEntityOfPage":{"@id":"https:\/\/www.icahd.fi\/kahden-valtion-ratkaisu-maaritellaan-israelin-retoriikassa-vain-ani-harvoin-kansainvalisesti-ymmaretylla-tavalla-israelin-vetaytymisena-vuoden-1967-rajoille-ja-molemminpuolisten-hyokaamattomyystak\/"},"wordCount":297,"publisher":{"@id":"https:\/\/www.icahd.fi\/#organization"},"image":{"@id":"https:\/\/www.icahd.fi\/kahden-valtion-ratkaisu-maaritellaan-israelin-retoriikassa-vain-ani-harvoin-kansainvalisesti-ymmaretylla-tavalla-israelin-vetaytymisena-vuoden-1967-rajoille-ja-molemminpuolisten-hyokaamattomyystak\/#primaryimage"},"thumbnailUrl":"http:\/\/yle.fi\/ecepic\/archive\/00301\/ehud_barak_israel_p_301514b.jpg","articleSection":["Uutiset"],"inLanguage":"en-GB"},{"@type":"WebPage","@id":"https:\/\/www.icahd.fi\/kahden-valtion-ratkaisu-maaritellaan-israelin-retoriikassa-vain-ani-harvoin-kansainvalisesti-ymmaretylla-tavalla-israelin-vetaytymisena-vuoden-1967-rajoille-ja-molemminpuolisten-hyokaamattomyystak\/","url":"https:\/\/www.icahd.fi\/kahden-valtion-ratkaisu-maaritellaan-israelin-retoriikassa-vain-ani-harvoin-kansainvalisesti-ymmaretylla-tavalla-israelin-vetaytymisena-vuoden-1967-rajoille-ja-molemminpuolisten-hyokaamattomyystak\/","name":":: Kahden valtion ratkaisu m\u00e4\u00e4ritell\u00e4\u00e4n Israelin retoriikassa vain ani harvoin kansainv\u00e4lisesti ymm\u00e4rretyll\u00e4 tavalla: Israelin vet\u00e4ytymisen\u00e4 vuoden 1967 rajoille ja molemminpuolisiin hy\u00f6k\u00e4\u00e4m\u00e4tt\u00f6myystakuisiin sitoutumisena. Barak ei n\u00e4in ollen tarkenna, millaisesta kahden valtion ratkaisusta h\u00e4n puhuu. Vet\u00e4ytymisest\u00e4 kansainv\u00e4lisesti tunnustetuille rajoille vai osittaisesta, Israelin itsens\u00e4 m\u00e4\u00e4ritt\u00e4m\u00e4st\u00e4 n\u00e4enn\u00e4isvet\u00e4ytymisest\u00e4? - ICAHD Finland","isPartOf":{"@id":"https:\/\/www.icahd.fi\/#website"},"primaryImageOfPage":{"@id":"https:\/\/www.icahd.fi\/kahden-valtion-ratkaisu-maaritellaan-israelin-retoriikassa-vain-ani-harvoin-kansainvalisesti-ymmaretylla-tavalla-israelin-vetaytymisena-vuoden-1967-rajoille-ja-molemminpuolisten-hyokaamattomyystak\/#primaryimage"},"image":{"@id":"https:\/\/www.icahd.fi\/kahden-valtion-ratkaisu-maaritellaan-israelin-retoriikassa-vain-ani-harvoin-kansainvalisesti-ymmaretylla-tavalla-israelin-vetaytymisena-vuoden-1967-rajoille-ja-molemminpuolisten-hyokaamattomyystak\/#primaryimage"},"thumbnailUrl":"http:\/\/yle.fi\/ecepic\/archive\/00301\/ehud_barak_israel_p_301514b.jpg","datePublished":"2010-04-19T14:36:28+00:00","breadcrumb":{"@id":"https:\/\/www.icahd.fi\/kahden-valtion-ratkaisu-maaritellaan-israelin-retoriikassa-vain-ani-harvoin-kansainvalisesti-ymmaretylla-tavalla-israelin-vetaytymisena-vuoden-1967-rajoille-ja-molemminpuolisten-hyokaamattomyystak\/#breadcrumb"},"inLanguage":"en-GB","potentialAction":[{"@type":"ReadAction","target":["https:\/\/www.icahd.fi\/kahden-valtion-ratkaisu-maaritellaan-israelin-retoriikassa-vain-ani-harvoin-kansainvalisesti-ymmaretylla-tavalla-israelin-vetaytymisena-vuoden-1967-rajoille-ja-molemminpuolisten-hyokaamattomyystak\/"]}]},{"@type":"ImageObject","inLanguage":"en-GB","@id":"https:\/\/www.icahd.fi\/kahden-valtion-ratkaisu-maaritellaan-israelin-retoriikassa-vain-ani-harvoin-kansainvalisesti-ymmaretylla-tavalla-israelin-vetaytymisena-vuoden-1967-rajoille-ja-molemminpuolisten-hyokaamattomyystak\/#primaryimage","url":"http:\/\/yle.fi\/ecepic\/archive\/00301\/ehud_barak_israel_p_301514b.jpg","contentUrl":"http:\/\/yle.fi\/ecepic\/archive\/00301\/ehud_barak_israel_p_301514b.jpg"},{"@type":"BreadcrumbList","@id":"https:\/\/www.icahd.fi\/kahden-valtion-ratkaisu-maaritellaan-israelin-retoriikassa-vain-ani-harvoin-kansainvalisesti-ymmaretylla-tavalla-israelin-vetaytymisena-vuoden-1967-rajoille-ja-molemminpuolisten-hyokaamattomyystak\/#breadcrumb","itemListElement":[{"@type":"ListItem","position":1,"name":"Home","item":"https:\/\/www.icahd.fi\/"},{"@type":"ListItem","position":2,"name":":: Kahden valtion ratkaisu m\u00e4\u00e4ritell\u00e4\u00e4n Israelin retoriikassa vain ani harvoin kansainv\u00e4lisesti ymm\u00e4rretyll\u00e4 tavalla: Israelin vet\u00e4ytymisen\u00e4 vuoden 1967 rajoille ja molemminpuolisiin hy\u00f6k\u00e4\u00e4m\u00e4tt\u00f6myystakuisiin sitoutumisena. Barak ei n\u00e4in ollen tarkenna, millaisesta kahden valtion ratkaisusta h\u00e4n puhuu. Vet\u00e4ytymisest\u00e4 kansainv\u00e4lisesti tunnustetuille rajoille vai osittaisesta, Israelin itsens\u00e4 m\u00e4\u00e4ritt\u00e4m\u00e4st\u00e4 n\u00e4enn\u00e4isvet\u00e4ytymisest\u00e4?"}]},{"@type":"WebSite","@id":"https:\/\/www.icahd.fi\/#website","url":"https:\/\/www.icahd.fi\/","name":"In 2012, ICAHD Finland","description":"Yht&auml;l&auml;isten oikeuksien puolesta, Israelin apartheidia vastaan","publisher":{"@id":"https:\/\/www.icahd.fi\/#organization"},"potentialAction":[{"@type":"SearchAction","target":{"@type":"EntryPoint","urlTemplate":"https:\/\/www.icahd.fi\/?s={search_term_string}"},"query-input":{"@type":"PropertyValueSpecification","valueRequired":true,"valueName":"search_term_string"}}],"inLanguage":"en-GB"},{"@type":"Organization","@id":"https:\/\/www.icahd.fi\/#organization","name":"In 2012, ICAHD Finland","url":"https:\/\/www.icahd.fi\/","logo":{"@type":"ImageObject","inLanguage":"en-GB","@id":"https:\/\/www.icahd.fi\/#\/schema\/logo\/image\/","url":"https:\/\/www.icahd.fi\/wp-content\/uploads\/2020\/01\/logo-teksti.png","contentUrl":"https:\/\/www.icahd.fi\/wp-content\/uploads\/2020\/01\/logo-teksti.png","width":300,"height":109,"caption":"ICAHD Finland"},"image":{"@id":"https:\/\/www.icahd.fi\/#\/schema\/logo\/image\/"},"sameAs":["https:\/\/www.facebook.com\/icahdfinland","https:\/\/x.com\/icahdfinland"]},{"@type":"Person","@id":"https:\/\/www.icahd.fi\/#\/schema\/person\/1c69d30d135114d7a3a5d5454cf901f8","name":"Syksy","image":{"@type":"ImageObject","inLanguage":"en-GB","@id":"https:\/\/secure.gravatar.com\/avatar\/c8d8a8636968d9ebbc65828564da9c07ccf771e59b4ee6c4c57fde52c70ab3dc?s=96&d=mm&r=g","url":"https:\/\/secure.gravatar.com\/avatar\/c8d8a8636968d9ebbc65828564da9c07ccf771e59b4ee6c4c57fde52c70ab3dc?s=96&d=mm&r=g","contentUrl":"https:\/\/secure.gravatar.com\/avatar\/c8d8a8636968d9ebbc65828564da9c07ccf771e59b4ee6c4c57fde52c70ab3dc?s=96&d=mm&r=g","caption":"Syksy"}}]}},"acf":[],"_links":{"self":[{"href":"https:\/\/www.icahd.fi\/en\/wp-json\/wp\/v2\/posts\/1047","targetHints":{"allow":["GET"]}}],"collection":[{"href":"https:\/\/www.icahd.fi\/en\/wp-json\/wp\/v2\/posts"}],"about":[{"href":"https:\/\/www.icahd.fi\/en\/wp-json\/wp\/v2\/types\/post"}],"author":[{"embeddable":true,"href":"https:\/\/www.icahd.fi\/en\/wp-json\/wp\/v2\/users\/9"}],"replies":[{"embeddable":true,"href":"https:\/\/www.icahd.fi\/en\/wp-json\/wp\/v2\/comments?post=1047"}],"version-history":[{"count":0,"href":"https:\/\/www.icahd.fi\/en\/wp-json\/wp\/v2\/posts\/1047\/revisions"}],"wp:attachment":[{"href":"https:\/\/www.icahd.fi\/en\/wp-json\/wp\/v2\/media?parent=1047"}],"wp:term":[{"taxonomy":"category","embeddable":true,"href":"https:\/\/www.icahd.fi\/en\/wp-json\/wp\/v2\/categories?post=1047"},{"taxonomy":"post_tag","embeddable":true,"href":"https:\/\/www.icahd.fi\/en\/wp-json\/wp\/v2\/tags?post=1047"}],"curies":[{"name":"wp","href":"https:\/\/api.w.org\/{rel}","templated":true}]}}