{"id":1046,"date":"2010-04-19T17:16:18","date_gmt":"2010-04-19T14:16:18","guid":{"rendered":"http:\/\/icahd.fi\/?p=1046"},"modified":"2010-04-19T17:16:18","modified_gmt":"2010-04-19T14:16:18","slug":"esimerkki-israelin-jo-tutuksi-kayneesta-tavasta-nitoa-yhteen-eurooppalaisuuden-ytimesta-kumpuava-barbaarimainen-juutalaisviha-ja-tyytymattomyys-maan-kansainvalista-lakia-ja-humanitaarisia-oik","status":"publish","type":"post","link":"https:\/\/www.icahd.fi\/en\/esimerkki-israelin-jo-tutuksi-kayneesta-tavasta-nitoa-yhteen-eurooppalaisuuden-ytimesta-kumpuava-barbaarimainen-juutalaisviha-ja-tyytymattomyys-maan-kansainvalista-lakia-ja-humanitaarisia-oik\/","title":{"rendered":""},"content":{"rendered":"<p>Aiheesta on tehty my\u00f6s israelilainen, katsomisen arvoinen\u00a0dokumentti: Yoav Shamirin <em>Defamation<\/em>. (<a href=\"http:\/\/www.defamation-thefilm.com\/html\/trailer1.html\">http:\/\/www.defamation-thefilm.com\/html\/trailer1.html<\/a>)<\/p>\n<p><em>Tutkimus: Juutalaisiin kohdistuneet viharikokset kaksinkertaistuivat<\/em> (HS 13.4.2010)<\/p>\n<p><!--more--><\/p>\n<p><!-- var config = {     sensitivity: 3,     interval: 200,     over: bloatEditortoimittaja_1135234742715,     timeout: 500,     out: shrinkEditortoimittaja_1135234742715 }; $(\"#bigpicture_toimittaja_1135234742715\").css(\"background-image\", \"url(http:\/\/www.hs.fi\/toimittaja\/isokuva\/1135234742715)\"); $(\"#smallpicture_toimittaja_1135234742715\").css(\"background-image\", \"url(http:\/\/www.hs.fi\/toimittaja\/kuva\/1135234742715)\"); function bloatEditortoimittaja_1135234742715() { $(\"#tooltip_1135234742715\").fadeIn(\"fast\"); } function shrinkEditortoimittaja_1135234742715() { $(\"#tooltip_1135234742715\").hide(); } $(\"#toimittaja_1135234742715\").hoverIntent(config); \/\/ --><\/p>\n<p><script type=\"text\/javascript\">\/\/ <![CDATA[\n$(\"div.additionalContent a\").click(function () { \nif (this.href.indexOf(\"kartta\") == -1)\n{\nif(this.href.indexOf(\"grafiikka\") != -1)\n{\n\nvar newWindow = window.open(this.getAttribute('href'), '_blank');\nif (newWindow) \n{\nif (newWindow.focus) \n{\nnewWindow.focus();\n}\n}\n}\nelse\n{\nvar t = this.title || this.name || null;\nvar a = this.href || this.alt;\nvar g = this.rel || false;\nadditional_tb_show(t,a,g);\n}\nreturn false;\n}\n});\n\n$(document).ready(function(){\nadditional_imgLoader = new Image();\nadditional_imgLoader.src = tb_additional_pathToImage;\n});\n\/\/ ]]><\/script>Juutalaisiin kohdistuneiden viharikosten m\u00e4\u00e4r\u00e4 kaksinkertaistui vuonna 2009 edellisvuoteen verrattuna, k\u00e4y ilmi israelilaisessa Tel Avivin yliopistossa tehdyst\u00e4 tutkimuksesta.<\/p>\n<p>Eniten rikokset lis\u00e4\u00e4ntyiv\u00e4t Britanniassa, Ranskassa ja Kanadassa, mutta niit\u00e4 tilastoitiin tavanomaista enemm\u00e4n my\u00f6s maissa, joissa ne ovat olleet aiemmin suhteellisen harvinaisia.<\/p>\n<p>Tutkimuksen mukaan juutalaiset tai heid\u00e4n yhteis\u00f6ns\u00e4 joutui viime vuonna 1\u00a0129 t\u00f6rke\u00e4ksi luokiteltavan viharikoksen kohteeksi. Muutos aiempaan oli selv\u00e4, sill\u00e4 vuonna 2008 rikoksia tilastoitiin 559.<\/p>\n<p>Britanniassa rikoksia tilastoitiin 374, Ranskassa 195, Kanadassa 138 ja Yhdysvalloissa 116. Tilastoissa oli selv\u00e4 piikki yl\u00f6sp\u00e4in my\u00f6s It\u00e4vallassa (22) ja Norjassa (6), joissa antisemitistiset rikokset ovat aiemmin olleet varsin harvinaisia.<\/p>\n<p>Stephen Roth -instituutin yll\u00e4pit\u00e4m\u00e4ss\u00e4 tilastossa huomioidaan t\u00f6rke\u00e4t henkil\u00f6\u00f6n ja omaisuuteen kohdistuvat rikokset, joissa on selv\u00e4sti n\u00e4ht\u00e4viss\u00e4 juutalaisvastainen motiivi. Tilastoihin ei oteta lievempi\u00e4 tapauksia, kuten esimerkiksi kunnianloukkauksia tai omaisuuden t\u00f6hrimist\u00e4.<\/p>\n<p>Tutkijat arvioivat, ett\u00e4 merkitt\u00e4vin syy rikosten lis\u00e4\u00e4ntyminen oli Israelin palestiinalaisia vastaan Gazassa tammikuussa 2009 k\u00e4ym\u00e4 sota.<\/p>\n<p>Paljon kansainv\u00e4list\u00e4 arvostelua saanut hy\u00f6kk\u00e4ys ei kuitenkaan yksin selit\u00e4 muutosta, joka on tutkijoiden mukaan ollut havaittavissa loivana trendin\u00e4 1990-luvulta l\u00e4htien.<\/p>\n<p>Tutkijat n\u00e4kev\u00e4t ilmi\u00f6n taustalla lis\u00e4\u00e4ntyv\u00e4n antisemitismin. Sit\u00e4 ruokkii tutkijoiden mukaan niin nuorten historiallinen tiet\u00e4m\u00e4tt\u00f6myys, muslimimaiden lietsoma propaganda kuin juutalaisten joukkotuhon \u2013 holokaustin \u2013 politisoiminen juutalaisyhteis\u00f6\u00e4 vastaan.<\/p>\n<p>J\u00e4nnitteit\u00e4 juutalaisyhteis\u00f6j\u00e4 kohtaan on tutkimuksen mukaan lis\u00e4nnyt my\u00f6s radikaalimuslimien aktivoituminen Euroopassa. Kun rikoksiin ovat aiemmin syyllistyneet etenkin \u00e4\u00e4rioikeiston kannattajat, paljastuu suurin osa Euroopassa selvitetyist\u00e4 rikoksista nyt \u00e4\u00e4rivasemmiston ja musliminuorten tekemiksi.<\/p>\n<p>Pohjoismaissa juutalaisten kokema viha on puhuttanut viime ja t\u00e4n\u00e4 vuonna Ruotsin Malm\u00f6ss\u00e4, miss\u00e4 osa paikallisen juutalaisyhteis\u00f6n j\u00e4senist\u00e4 on joutunut muuttamaan kaupungista.<\/p>\n<p>Poliisin mukaan juutalaisiin kohdistuneiden rikosten m\u00e4\u00e4r\u00e4 kaksinkertaistui Sk\u00e5nessa viime vuonna.<\/p>\n","protected":false},"excerpt":{"rendered":"<p>Aiheesta on tehty my\u00f6s israelilainen, katsomisen arvoinen\u00a0dokumentti: Yoav Shamirin Defamation. (http:\/\/www.defamation-thefilm.com\/html\/trailer1.html) Tutkimus: Juutalaisiin kohdistuneet viharikokset kaksinkertaistuivat (HS 13.4.2010)<\/p>","protected":false},"author":9,"featured_media":0,"comment_status":"closed","ping_status":"closed","sticky":false,"template":"","format":"standard","meta":{"zakra_page_container_layout":"customizer","zakra_page_sidebar_layout":"customizer","zakra_remove_content_margin":false,"zakra_sidebar":"customizer","zakra_transparent_header":"customizer","zakra_logo":0,"zakra_main_header_style":"default","zakra_menu_item_color":"","zakra_menu_item_hover_color":"","zakra_menu_item_active_color":"","zakra_menu_active_style":"","zakra_page_header":true,"footnotes":""},"categories":[29],"tags":[],"class_list":["post-1046","post","type-post","status-publish","format-standard","hentry","category-uutiset"],"yoast_head":"<!-- This site is optimized with the Yoast SEO plugin v27.5 - https:\/\/yoast.com\/product\/yoast-seo-wordpress\/ -->\n<title>- ICAHD Finland<\/title>\n<meta name=\"robots\" content=\"index, follow, max-snippet:-1, max-image-preview:large, max-video-preview:-1\" \/>\n<link rel=\"canonical\" href=\"https:\/\/www.icahd.fi\/en\/esimerkki-israelin-jo-tutuksi-kayneesta-tavasta-nitoa-yhteen-eurooppalaisuuden-ytimesta-kumpuava-barbaarimainen-juutalaisviha-ja-tyytymattomyys-maan-kansainvalista-lakia-ja-humanitaarisia-oik\/\" \/>\n<meta property=\"og:locale\" content=\"en_GB\" \/>\n<meta property=\"og:type\" content=\"article\" \/>\n<meta property=\"og:title\" content=\"- ICAHD Finland\" \/>\n<meta property=\"og:description\" content=\"Aiheesta on tehty my\u00f6s israelilainen, katsomisen arvoinen\u00a0dokumentti: Yoav Shamirin Defamation. (http:\/\/www.defamation-thefilm.com\/html\/trailer1.html) Tutkimus: Juutalaisiin kohdistuneet viharikokset kaksinkertaistuivat (HS 13.4.2010)\" \/>\n<meta property=\"og:url\" content=\"https:\/\/www.icahd.fi\/en\/esimerkki-israelin-jo-tutuksi-kayneesta-tavasta-nitoa-yhteen-eurooppalaisuuden-ytimesta-kumpuava-barbaarimainen-juutalaisviha-ja-tyytymattomyys-maan-kansainvalista-lakia-ja-humanitaarisia-oik\/\" \/>\n<meta property=\"og:site_name\" content=\"ICAHD Finland\" \/>\n<meta property=\"article:publisher\" content=\"https:\/\/www.facebook.com\/icahdfinland\" \/>\n<meta property=\"article:published_time\" content=\"2010-04-19T14:16:18+00:00\" \/>\n<meta property=\"og:image\" content=\"https:\/\/www.icahd.fi\/wp-content\/uploads\/2020\/01\/logo-teksti.png\" \/>\n\t<meta property=\"og:image:width\" content=\"300\" \/>\n\t<meta property=\"og:image:height\" content=\"109\" \/>\n\t<meta property=\"og:image:type\" content=\"image\/png\" \/>\n<meta name=\"author\" content=\"Syksy\" \/>\n<meta name=\"twitter:card\" content=\"summary_large_image\" \/>\n<meta name=\"twitter:creator\" content=\"@icahdfinland\" \/>\n<meta name=\"twitter:site\" content=\"@icahdfinland\" \/>\n<meta name=\"twitter:label1\" content=\"Written by\" \/>\n\t<meta name=\"twitter:data1\" content=\"Syksy\" \/>\n\t<meta name=\"twitter:label2\" content=\"Estimated reading time\" \/>\n\t<meta name=\"twitter:data2\" content=\"2 minutes\" \/>\n<script type=\"application\/ld+json\" class=\"yoast-schema-graph\">{\"@context\":\"https:\\\/\\\/schema.org\",\"@graph\":[{\"@type\":\"Article\",\"@id\":\"https:\\\/\\\/www.icahd.fi\\\/esimerkki-israelin-jo-tutuksi-kayneesta-tavasta-nitoa-yhteen-eurooppalaisuuden-ytimesta-kumpuava-barbaarimainen-juutalaisviha-ja-tyytymattomyys-maan-kansainvalista-lakia-ja-humanitaarisia-oik\\\/#article\",\"isPartOf\":{\"@id\":\"https:\\\/\\\/www.icahd.fi\\\/esimerkki-israelin-jo-tutuksi-kayneesta-tavasta-nitoa-yhteen-eurooppalaisuuden-ytimesta-kumpuava-barbaarimainen-juutalaisviha-ja-tyytymattomyys-maan-kansainvalista-lakia-ja-humanitaarisia-oik\\\/\"},\"author\":{\"name\":\"Syksy\",\"@id\":\"https:\\\/\\\/www.icahd.fi\\\/#\\\/schema\\\/person\\\/1c69d30d135114d7a3a5d5454cf901f8\"},\"headline\":\"No title\",\"datePublished\":\"2010-04-19T14:16:18+00:00\",\"mainEntityOfPage\":{\"@id\":\"https:\\\/\\\/www.icahd.fi\\\/esimerkki-israelin-jo-tutuksi-kayneesta-tavasta-nitoa-yhteen-eurooppalaisuuden-ytimesta-kumpuava-barbaarimainen-juutalaisviha-ja-tyytymattomyys-maan-kansainvalista-lakia-ja-humanitaarisia-oik\\\/\"},\"wordCount\":305,\"publisher\":{\"@id\":\"https:\\\/\\\/www.icahd.fi\\\/#organization\"},\"articleSection\":[\"Uutiset\"],\"inLanguage\":\"en-GB\"},{\"@type\":\"WebPage\",\"@id\":\"https:\\\/\\\/www.icahd.fi\\\/esimerkki-israelin-jo-tutuksi-kayneesta-tavasta-nitoa-yhteen-eurooppalaisuuden-ytimesta-kumpuava-barbaarimainen-juutalaisviha-ja-tyytymattomyys-maan-kansainvalista-lakia-ja-humanitaarisia-oik\\\/\",\"url\":\"https:\\\/\\\/www.icahd.fi\\\/esimerkki-israelin-jo-tutuksi-kayneesta-tavasta-nitoa-yhteen-eurooppalaisuuden-ytimesta-kumpuava-barbaarimainen-juutalaisviha-ja-tyytymattomyys-maan-kansainvalista-lakia-ja-humanitaarisia-oik\\\/\",\"name\":\"- ICAHD Finland\",\"isPartOf\":{\"@id\":\"https:\\\/\\\/www.icahd.fi\\\/#website\"},\"datePublished\":\"2010-04-19T14:16:18+00:00\",\"inLanguage\":\"en-GB\",\"potentialAction\":[{\"@type\":\"ReadAction\",\"target\":[\"https:\\\/\\\/www.icahd.fi\\\/esimerkki-israelin-jo-tutuksi-kayneesta-tavasta-nitoa-yhteen-eurooppalaisuuden-ytimesta-kumpuava-barbaarimainen-juutalaisviha-ja-tyytymattomyys-maan-kansainvalista-lakia-ja-humanitaarisia-oik\\\/\"]}]},{\"@type\":\"WebSite\",\"@id\":\"https:\\\/\\\/www.icahd.fi\\\/#website\",\"url\":\"https:\\\/\\\/www.icahd.fi\\\/\",\"name\":\"ICAHD Finland\",\"description\":\"Yht&auml;l&auml;isten oikeuksien puolesta, Israelin apartheidia vastaan\",\"publisher\":{\"@id\":\"https:\\\/\\\/www.icahd.fi\\\/#organization\"},\"potentialAction\":[{\"@type\":\"SearchAction\",\"target\":{\"@type\":\"EntryPoint\",\"urlTemplate\":\"https:\\\/\\\/www.icahd.fi\\\/?s={search_term_string}\"},\"query-input\":{\"@type\":\"PropertyValueSpecification\",\"valueRequired\":true,\"valueName\":\"search_term_string\"}}],\"inLanguage\":\"en-GB\"},{\"@type\":\"Organization\",\"@id\":\"https:\\\/\\\/www.icahd.fi\\\/#organization\",\"name\":\"ICAHD Finland\",\"url\":\"https:\\\/\\\/www.icahd.fi\\\/\",\"logo\":{\"@type\":\"ImageObject\",\"inLanguage\":\"en-GB\",\"@id\":\"https:\\\/\\\/www.icahd.fi\\\/#\\\/schema\\\/logo\\\/image\\\/\",\"url\":\"https:\\\/\\\/www.icahd.fi\\\/wp-content\\\/uploads\\\/2020\\\/01\\\/logo-teksti.png\",\"contentUrl\":\"https:\\\/\\\/www.icahd.fi\\\/wp-content\\\/uploads\\\/2020\\\/01\\\/logo-teksti.png\",\"width\":300,\"height\":109,\"caption\":\"ICAHD Finland\"},\"image\":{\"@id\":\"https:\\\/\\\/www.icahd.fi\\\/#\\\/schema\\\/logo\\\/image\\\/\"},\"sameAs\":[\"https:\\\/\\\/www.facebook.com\\\/icahdfinland\",\"https:\\\/\\\/x.com\\\/icahdfinland\"]},{\"@type\":\"Person\",\"@id\":\"https:\\\/\\\/www.icahd.fi\\\/#\\\/schema\\\/person\\\/1c69d30d135114d7a3a5d5454cf901f8\",\"name\":\"Syksy\",\"image\":{\"@type\":\"ImageObject\",\"inLanguage\":\"en-GB\",\"@id\":\"https:\\\/\\\/secure.gravatar.com\\\/avatar\\\/c8d8a8636968d9ebbc65828564da9c07ccf771e59b4ee6c4c57fde52c70ab3dc?s=96&d=mm&r=g\",\"url\":\"https:\\\/\\\/secure.gravatar.com\\\/avatar\\\/c8d8a8636968d9ebbc65828564da9c07ccf771e59b4ee6c4c57fde52c70ab3dc?s=96&d=mm&r=g\",\"contentUrl\":\"https:\\\/\\\/secure.gravatar.com\\\/avatar\\\/c8d8a8636968d9ebbc65828564da9c07ccf771e59b4ee6c4c57fde52c70ab3dc?s=96&d=mm&r=g\",\"caption\":\"Syksy\"}}]}<\/script>\n<!-- \/ Yoast SEO plugin. -->","yoast_head_json":{"title":"- ICAHD Finland","robots":{"index":"index","follow":"follow","max-snippet":"max-snippet:-1","max-image-preview":"max-image-preview:large","max-video-preview":"max-video-preview:-1"},"canonical":"https:\/\/www.icahd.fi\/en\/esimerkki-israelin-jo-tutuksi-kayneesta-tavasta-nitoa-yhteen-eurooppalaisuuden-ytimesta-kumpuava-barbaarimainen-juutalaisviha-ja-tyytymattomyys-maan-kansainvalista-lakia-ja-humanitaarisia-oik\/","og_locale":"en_GB","og_type":"article","og_title":"- ICAHD Finland","og_description":"Aiheesta on tehty my\u00f6s israelilainen, katsomisen arvoinen\u00a0dokumentti: Yoav Shamirin Defamation. (http:\/\/www.defamation-thefilm.com\/html\/trailer1.html) Tutkimus: Juutalaisiin kohdistuneet viharikokset kaksinkertaistuivat (HS 13.4.2010)","og_url":"https:\/\/www.icahd.fi\/en\/esimerkki-israelin-jo-tutuksi-kayneesta-tavasta-nitoa-yhteen-eurooppalaisuuden-ytimesta-kumpuava-barbaarimainen-juutalaisviha-ja-tyytymattomyys-maan-kansainvalista-lakia-ja-humanitaarisia-oik\/","og_site_name":"ICAHD Finland","article_publisher":"https:\/\/www.facebook.com\/icahdfinland","article_published_time":"2010-04-19T14:16:18+00:00","og_image":[{"width":300,"height":109,"url":"https:\/\/www.icahd.fi\/wp-content\/uploads\/2020\/01\/logo-teksti.png","type":"image\/png"}],"author":"Syksy","twitter_card":"summary_large_image","twitter_creator":"@icahdfinland","twitter_site":"@icahdfinland","twitter_misc":{"Written by":"Syksy","Estimated reading time":"2 minutes"},"schema":{"@context":"https:\/\/schema.org","@graph":[{"@type":"Article","@id":"https:\/\/www.icahd.fi\/esimerkki-israelin-jo-tutuksi-kayneesta-tavasta-nitoa-yhteen-eurooppalaisuuden-ytimesta-kumpuava-barbaarimainen-juutalaisviha-ja-tyytymattomyys-maan-kansainvalista-lakia-ja-humanitaarisia-oik\/#article","isPartOf":{"@id":"https:\/\/www.icahd.fi\/esimerkki-israelin-jo-tutuksi-kayneesta-tavasta-nitoa-yhteen-eurooppalaisuuden-ytimesta-kumpuava-barbaarimainen-juutalaisviha-ja-tyytymattomyys-maan-kansainvalista-lakia-ja-humanitaarisia-oik\/"},"author":{"name":"Syksy","@id":"https:\/\/www.icahd.fi\/#\/schema\/person\/1c69d30d135114d7a3a5d5454cf901f8"},"headline":"No title","datePublished":"2010-04-19T14:16:18+00:00","mainEntityOfPage":{"@id":"https:\/\/www.icahd.fi\/esimerkki-israelin-jo-tutuksi-kayneesta-tavasta-nitoa-yhteen-eurooppalaisuuden-ytimesta-kumpuava-barbaarimainen-juutalaisviha-ja-tyytymattomyys-maan-kansainvalista-lakia-ja-humanitaarisia-oik\/"},"wordCount":305,"publisher":{"@id":"https:\/\/www.icahd.fi\/#organization"},"articleSection":["Uutiset"],"inLanguage":"en-GB"},{"@type":"WebPage","@id":"https:\/\/www.icahd.fi\/esimerkki-israelin-jo-tutuksi-kayneesta-tavasta-nitoa-yhteen-eurooppalaisuuden-ytimesta-kumpuava-barbaarimainen-juutalaisviha-ja-tyytymattomyys-maan-kansainvalista-lakia-ja-humanitaarisia-oik\/","url":"https:\/\/www.icahd.fi\/esimerkki-israelin-jo-tutuksi-kayneesta-tavasta-nitoa-yhteen-eurooppalaisuuden-ytimesta-kumpuava-barbaarimainen-juutalaisviha-ja-tyytymattomyys-maan-kansainvalista-lakia-ja-humanitaarisia-oik\/","name":"- ICAHD Finland","isPartOf":{"@id":"https:\/\/www.icahd.fi\/#website"},"datePublished":"2010-04-19T14:16:18+00:00","inLanguage":"en-GB","potentialAction":[{"@type":"ReadAction","target":["https:\/\/www.icahd.fi\/esimerkki-israelin-jo-tutuksi-kayneesta-tavasta-nitoa-yhteen-eurooppalaisuuden-ytimesta-kumpuava-barbaarimainen-juutalaisviha-ja-tyytymattomyys-maan-kansainvalista-lakia-ja-humanitaarisia-oik\/"]}]},{"@type":"WebSite","@id":"https:\/\/www.icahd.fi\/#website","url":"https:\/\/www.icahd.fi\/","name":"In 2012, ICAHD Finland","description":"Yht&auml;l&auml;isten oikeuksien puolesta, Israelin apartheidia vastaan","publisher":{"@id":"https:\/\/www.icahd.fi\/#organization"},"potentialAction":[{"@type":"SearchAction","target":{"@type":"EntryPoint","urlTemplate":"https:\/\/www.icahd.fi\/?s={search_term_string}"},"query-input":{"@type":"PropertyValueSpecification","valueRequired":true,"valueName":"search_term_string"}}],"inLanguage":"en-GB"},{"@type":"Organization","@id":"https:\/\/www.icahd.fi\/#organization","name":"In 2012, ICAHD Finland","url":"https:\/\/www.icahd.fi\/","logo":{"@type":"ImageObject","inLanguage":"en-GB","@id":"https:\/\/www.icahd.fi\/#\/schema\/logo\/image\/","url":"https:\/\/www.icahd.fi\/wp-content\/uploads\/2020\/01\/logo-teksti.png","contentUrl":"https:\/\/www.icahd.fi\/wp-content\/uploads\/2020\/01\/logo-teksti.png","width":300,"height":109,"caption":"ICAHD Finland"},"image":{"@id":"https:\/\/www.icahd.fi\/#\/schema\/logo\/image\/"},"sameAs":["https:\/\/www.facebook.com\/icahdfinland","https:\/\/x.com\/icahdfinland"]},{"@type":"Person","@id":"https:\/\/www.icahd.fi\/#\/schema\/person\/1c69d30d135114d7a3a5d5454cf901f8","name":"Syksy","image":{"@type":"ImageObject","inLanguage":"en-GB","@id":"https:\/\/secure.gravatar.com\/avatar\/c8d8a8636968d9ebbc65828564da9c07ccf771e59b4ee6c4c57fde52c70ab3dc?s=96&d=mm&r=g","url":"https:\/\/secure.gravatar.com\/avatar\/c8d8a8636968d9ebbc65828564da9c07ccf771e59b4ee6c4c57fde52c70ab3dc?s=96&d=mm&r=g","contentUrl":"https:\/\/secure.gravatar.com\/avatar\/c8d8a8636968d9ebbc65828564da9c07ccf771e59b4ee6c4c57fde52c70ab3dc?s=96&d=mm&r=g","caption":"Syksy"}}]}},"acf":[],"_links":{"self":[{"href":"https:\/\/www.icahd.fi\/en\/wp-json\/wp\/v2\/posts\/1046","targetHints":{"allow":["GET"]}}],"collection":[{"href":"https:\/\/www.icahd.fi\/en\/wp-json\/wp\/v2\/posts"}],"about":[{"href":"https:\/\/www.icahd.fi\/en\/wp-json\/wp\/v2\/types\/post"}],"author":[{"embeddable":true,"href":"https:\/\/www.icahd.fi\/en\/wp-json\/wp\/v2\/users\/9"}],"replies":[{"embeddable":true,"href":"https:\/\/www.icahd.fi\/en\/wp-json\/wp\/v2\/comments?post=1046"}],"version-history":[{"count":0,"href":"https:\/\/www.icahd.fi\/en\/wp-json\/wp\/v2\/posts\/1046\/revisions"}],"wp:attachment":[{"href":"https:\/\/www.icahd.fi\/en\/wp-json\/wp\/v2\/media?parent=1046"}],"wp:term":[{"taxonomy":"category","embeddable":true,"href":"https:\/\/www.icahd.fi\/en\/wp-json\/wp\/v2\/categories?post=1046"},{"taxonomy":"post_tag","embeddable":true,"href":"https:\/\/www.icahd.fi\/en\/wp-json\/wp\/v2\/tags?post=1046"}],"curies":[{"name":"wp","href":"https:\/\/api.w.org\/{rel}","templated":true}]}}